
{"id":4897,"date":"2009-08-27T08:04:59","date_gmt":"2009-08-27T11:04:59","guid":{"rendered":"http:\/\/www.oarcanjo.net\/site\/?p=4897"},"modified":"2009-08-27T08:04:59","modified_gmt":"2009-08-27T11:04:59","slug":"morte-e-centenario-de-nascimento-de-dom-helder-e-lembrado-em-cidades-do-nordeste","status":"publish","type":"post","link":"https:\/\/www.oarcanjo.net\/site\/morte-e-centenario-de-nascimento-de-dom-helder-e-lembrado-em-cidades-do-nordeste\/","title":{"rendered":"Morte e centen\u00e1rio de nascimento de Dom Helder \u00e9 lembrado em cidades do Nordeste"},"content":{"rendered":"<p>No dia em que completa dez anos da morte de Dom Helder C\u00e2mara, e no ano em que \u00e9 comemorado o centen\u00e1rio de seu nascimento, a Catedral da S\u00e9 de Olinda, em Pernambuco, realiza celebra\u00e7\u00e3o amanh\u00e3 (27) em homenagem ao bispo cat\u00f3lico. Na ocasi\u00e3o tamb\u00e9m haver\u00e1 o lan\u00e7amento da &#8220;C\u00e1tedra dom Helder de Direitos Humanos&#8221; na Universidade Cat\u00f3lica de Pernambuco. O presidente do Conselho Episcopal Latino Americano (CELAM) e arcebispo de Aparecida (SP), dom Raimundo Damasceno preside a celebra\u00e7\u00e3o.<\/p>\n<p>Al\u00e9m do arcebispo, estar\u00e3o presentes na homenagem, o novo arcebispo de Olinda e Recife, dom Fernando Saburido, representantes da Confer\u00eancia Nacional dos Bispos do Brasil (CNBB) Nordeste 2, da Universidade Cat\u00f3lica de Pernambuco, do Instituto dom Helder C\u00e2mara, entre outros.  A celebra\u00e7\u00e3o ser\u00e1 \u00e0s 19h, na Igreja da S\u00e9 de Olinda, local onde dom Helder foi sepultado.<\/p>\n<p>J\u00e1 na Para\u00edba, a diocese de Campina Grande e o Centro de A\u00e7\u00e3o Cultural (Centrac) realizam programa\u00e7\u00e3o especial para celebrar o centen\u00e1rio de nascimento do bispo cat\u00f3lico que foi considerado o dom da paz e s\u00edmbolo da luta pelos direitos humanos. O semin\u00e1rio &#8220;O Peregrino da Paz &#8211; os 100 anos de Dom Helder C\u00e2mara&#8221; abre as homenagens no dia 31 deste m\u00eas. A exibi\u00e7\u00e3o de um document\u00e1rio intitulado &#8220;Mensageiro da Liberdade&#8221; que retrata a vida e os ensinamentos do bispo tamb\u00e9m est\u00e1 inclu\u00eddo na programa\u00e7\u00e3o.<\/p>\n<p>Al\u00e9m do semin\u00e1rio tamb\u00e9m haver\u00e1 a exposi\u00e7\u00e3o &#8220;Dom Helder: Mem\u00f3ria e profecia no seu centen\u00e1rio 1909 &#8211; 2009&#8221;. O trabalho art\u00edstico foi criado na Fran\u00e7a e cedido ao Brasil, por seu curador Jos\u00e9 Broucker. S\u00e3o 26 pain\u00e9is com textos e fotografias que resgatam a trajet\u00f3ria do religioso. Os eventos s\u00e3o gratuitos e abertos ao p\u00fablico.<\/p>\n<p><strong>Dom da Paz<\/strong><\/p>\n<p>Cearense nascido em Fortaleza, no dia 7 de fevereiro de 1909, Dom Helder Camara foi um dos fundadores da Confer\u00eancia Nacional dos Bispos do Brasil (CNBB) e tamb\u00e9m o \u00fanico brasileiro indicado quatro vezes ao Pr\u00eamio Nobel da Paz, recebeu 33 t\u00edtulos de doutor honoris causa em universidades ao redor do mundo. Iniciou na vida religiosa aos 22 anos de idade.<\/p>\n<p>Al\u00e9m da vida religiosa, Dom Helder lutou contra o autoritarismo resistindo ao regime militar. Trabalhou em prol dos menos favorecidos  e buscou o respeito aos direitos humanos.<\/p>\n<div id=\"themify_builder_content-4897\" data-postid=\"4897\" class=\"themify_builder_content themify_builder_content-4897 themify_builder themify_builder_front\">\n\t<\/div>\n<!-- \/themify_builder_content -->","protected":false},"excerpt":{"rendered":"<p>No dia em que completa dez anos da morte de Dom Helder C\u00e2mara, e no ano em que \u00e9 comemorado o centen\u00e1rio de seu nascimento, a Catedral da S\u00e9 de Olinda, em Pernambuco, realiza celebra\u00e7\u00e3o amanh\u00e3 (27) em homenagem ao bispo cat\u00f3lico. Na ocasi\u00e3o tamb\u00e9m haver\u00e1 o lan\u00e7amento da &#8220;C\u00e1tedra dom Helder de Direitos Humanos&#8221; [&hellip;]<\/p>\n","protected":false},"author":5,"featured_media":0,"comment_status":"open","ping_status":"open","sticky":false,"template":"","format":"standard","meta":{"ngg_post_thumbnail":0,"footnotes":""},"categories":[192,8],"tags":[210,147],"yoast_head":"<!-- This site is optimized with the Yoast SEO plugin v23.5 - https:\/\/yoast.com\/wordpress\/plugins\/seo\/ -->\n<title>Morte e centen\u00e1rio de nascimento de Dom Helder \u00e9 lembrado em cidades do Nordeste - O Arcanjo no ar<\/title>\n<meta name=\"robots\" content=\"index, follow, max-snippet:-1, max-image-preview:large, max-video-preview:-1\" \/>\n<link rel=\"canonical\" href=\"https:\/\/www.oarcanjo.net\/site\/morte-e-centenario-de-nascimento-de-dom-helder-e-lembrado-em-cidades-do-nordeste\/\" \/>\n<meta property=\"og:locale\" content=\"pt_BR\" \/>\n<meta property=\"og:type\" content=\"article\" \/>\n<meta property=\"og:title\" content=\"Morte e centen\u00e1rio de nascimento de Dom Helder \u00e9 lembrado em cidades do Nordeste - O Arcanjo no ar\" \/>\n<meta property=\"og:description\" content=\"No dia em que completa dez anos da morte de Dom Helder C\u00e2mara, e no ano em que \u00e9 comemorado o centen\u00e1rio de seu nascimento, a Catedral da S\u00e9 de Olinda, em Pernambuco, realiza celebra\u00e7\u00e3o amanh\u00e3 (27) em homenagem ao bispo cat\u00f3lico. Na ocasi\u00e3o tamb\u00e9m haver\u00e1 o lan\u00e7amento da &#8220;C\u00e1tedra dom Helder de Direitos Humanos&#8221; [&hellip;]\" \/>\n<meta property=\"og:url\" content=\"https:\/\/www.oarcanjo.net\/site\/morte-e-centenario-de-nascimento-de-dom-helder-e-lembrado-em-cidades-do-nordeste\/\" \/>\n<meta property=\"og:site_name\" content=\"O Arcanjo no ar\" \/>\n<meta property=\"article:publisher\" content=\"https:\/\/www.facebook.com\/OArcanjoNoAr\/\" \/>\n<meta property=\"article:published_time\" content=\"2009-08-27T11:04:59+00:00\" \/>\n<meta property=\"og:image\" content=\"https:\/\/www.oarcanjo.net\/site\/wp-content\/uploads\/logo-o-arcanjo-no-ar-facebook.png\" \/>\n\t<meta property=\"og:image:width\" content=\"300\" \/>\n\t<meta property=\"og:image:height\" content=\"300\" \/>\n\t<meta property=\"og:image:type\" content=\"image\/png\" \/>\n<meta name=\"author\" content=\"editor\" \/>\n<meta name=\"twitter:card\" content=\"summary_large_image\" \/>\n<meta name=\"twitter:label1\" content=\"Escrito por\" \/>\n\t<meta name=\"twitter:data1\" content=\"editor\" \/>\n\t<meta name=\"twitter:label2\" content=\"Est. tempo de leitura\" \/>\n\t<meta name=\"twitter:data2\" content=\"2 minutos\" \/>\n<script type=\"application\/ld+json\" class=\"yoast-schema-graph\">{\"@context\":\"https:\/\/schema.org\",\"@graph\":[{\"@type\":\"Article\",\"@id\":\"https:\/\/www.oarcanjo.net\/site\/morte-e-centenario-de-nascimento-de-dom-helder-e-lembrado-em-cidades-do-nordeste\/#article\",\"isPartOf\":{\"@id\":\"https:\/\/www.oarcanjo.net\/site\/morte-e-centenario-de-nascimento-de-dom-helder-e-lembrado-em-cidades-do-nordeste\/\"},\"author\":{\"name\":\"editor\",\"@id\":\"https:\/\/www.oarcanjo.net\/site\/#\/schema\/person\/f7024d007863202483a31326673a0838\"},\"headline\":\"Morte e centen\u00e1rio de nascimento de Dom Helder \u00e9 lembrado em cidades do Nordeste\",\"datePublished\":\"2009-08-27T11:04:59+00:00\",\"dateModified\":\"2009-08-27T11:04:59+00:00\",\"mainEntityOfPage\":{\"@id\":\"https:\/\/www.oarcanjo.net\/site\/morte-e-centenario-de-nascimento-de-dom-helder-e-lembrado-em-cidades-do-nordeste\/\"},\"wordCount\":418,\"commentCount\":0,\"publisher\":{\"@id\":\"https:\/\/www.oarcanjo.net\/site\/#organization\"},\"keywords\":[\"Dom Helder Camara\",\"Mem\u00f3ria\"],\"articleSection\":[\"D. Helder C\u00e2mara\",\"Not\u00edcias\"],\"inLanguage\":\"pt-BR\",\"potentialAction\":[{\"@type\":\"CommentAction\",\"name\":\"Comment\",\"target\":[\"https:\/\/www.oarcanjo.net\/site\/morte-e-centenario-de-nascimento-de-dom-helder-e-lembrado-em-cidades-do-nordeste\/#respond\"]}]},{\"@type\":\"WebPage\",\"@id\":\"https:\/\/www.oarcanjo.net\/site\/morte-e-centenario-de-nascimento-de-dom-helder-e-lembrado-em-cidades-do-nordeste\/\",\"url\":\"https:\/\/www.oarcanjo.net\/site\/morte-e-centenario-de-nascimento-de-dom-helder-e-lembrado-em-cidades-do-nordeste\/\",\"name\":\"Morte e centen\u00e1rio de nascimento de Dom Helder \u00e9 lembrado em cidades do Nordeste - O Arcanjo no ar\",\"isPartOf\":{\"@id\":\"https:\/\/www.oarcanjo.net\/site\/#website\"},\"datePublished\":\"2009-08-27T11:04:59+00:00\",\"dateModified\":\"2009-08-27T11:04:59+00:00\",\"breadcrumb\":{\"@id\":\"https:\/\/www.oarcanjo.net\/site\/morte-e-centenario-de-nascimento-de-dom-helder-e-lembrado-em-cidades-do-nordeste\/#breadcrumb\"},\"inLanguage\":\"pt-BR\",\"potentialAction\":[{\"@type\":\"ReadAction\",\"target\":[\"https:\/\/www.oarcanjo.net\/site\/morte-e-centenario-de-nascimento-de-dom-helder-e-lembrado-em-cidades-do-nordeste\/\"]}]},{\"@type\":\"BreadcrumbList\",\"@id\":\"https:\/\/www.oarcanjo.net\/site\/morte-e-centenario-de-nascimento-de-dom-helder-e-lembrado-em-cidades-do-nordeste\/#breadcrumb\",\"itemListElement\":[{\"@type\":\"ListItem\",\"position\":1,\"name\":\"In\u00edcio\",\"item\":\"https:\/\/www.oarcanjo.net\/site\/\"},{\"@type\":\"ListItem\",\"position\":2,\"name\":\"Morte e centen\u00e1rio de nascimento de Dom Helder \u00e9 lembrado em cidades do Nordeste\"}]},{\"@type\":\"WebSite\",\"@id\":\"https:\/\/www.oarcanjo.net\/site\/#website\",\"url\":\"https:\/\/www.oarcanjo.net\/site\/\",\"name\":\"O Arcanjo no ar\",\"description\":\"Site da Par\u00f3quia S\u00e3o Miguel Arcanjo (Arquidiocese de SP)\",\"publisher\":{\"@id\":\"https:\/\/www.oarcanjo.net\/site\/#organization\"},\"potentialAction\":[{\"@type\":\"SearchAction\",\"target\":{\"@type\":\"EntryPoint\",\"urlTemplate\":\"https:\/\/www.oarcanjo.net\/site\/?s={search_term_string}\"},\"query-input\":{\"@type\":\"PropertyValueSpecification\",\"valueRequired\":true,\"valueName\":\"search_term_string\"}}],\"inLanguage\":\"pt-BR\"},{\"@type\":\"Organization\",\"@id\":\"https:\/\/www.oarcanjo.net\/site\/#organization\",\"name\":\"Par\u00f3quia S\u00e3o Miguel Arcanjo\",\"url\":\"https:\/\/www.oarcanjo.net\/site\/\",\"logo\":{\"@type\":\"ImageObject\",\"inLanguage\":\"pt-BR\",\"@id\":\"https:\/\/www.oarcanjo.net\/site\/#\/schema\/logo\/image\/\",\"url\":\"https:\/\/www.oarcanjo.net\/site\/wp-content\/uploads\/LogoOArcanjo.png\",\"contentUrl\":\"https:\/\/www.oarcanjo.net\/site\/wp-content\/uploads\/LogoOArcanjo.png\",\"width\":319,\"height\":99,\"caption\":\"Par\u00f3quia S\u00e3o Miguel Arcanjo\"},\"image\":{\"@id\":\"https:\/\/www.oarcanjo.net\/site\/#\/schema\/logo\/image\/\"},\"sameAs\":[\"https:\/\/www.facebook.com\/OArcanjoNoAr\/\"]},{\"@type\":\"Person\",\"@id\":\"https:\/\/www.oarcanjo.net\/site\/#\/schema\/person\/f7024d007863202483a31326673a0838\",\"name\":\"editor\",\"sameAs\":[\"http:\/\/www.oarcanjo.net\"]}]}<\/script>\n<!-- \/ Yoast SEO plugin. -->","yoast_head_json":{"title":"Morte e centen\u00e1rio de nascimento de Dom Helder \u00e9 lembrado em cidades do Nordeste - O Arcanjo no ar","robots":{"index":"index","follow":"follow","max-snippet":"max-snippet:-1","max-image-preview":"max-image-preview:large","max-video-preview":"max-video-preview:-1"},"canonical":"https:\/\/www.oarcanjo.net\/site\/morte-e-centenario-de-nascimento-de-dom-helder-e-lembrado-em-cidades-do-nordeste\/","og_locale":"pt_BR","og_type":"article","og_title":"Morte e centen\u00e1rio de nascimento de Dom Helder \u00e9 lembrado em cidades do Nordeste - O Arcanjo no ar","og_description":"No dia em que completa dez anos da morte de Dom Helder C\u00e2mara, e no ano em que \u00e9 comemorado o centen\u00e1rio de seu nascimento, a Catedral da S\u00e9 de Olinda, em Pernambuco, realiza celebra\u00e7\u00e3o amanh\u00e3 (27) em homenagem ao bispo cat\u00f3lico. Na ocasi\u00e3o tamb\u00e9m haver\u00e1 o lan\u00e7amento da &#8220;C\u00e1tedra dom Helder de Direitos Humanos&#8221; [&hellip;]","og_url":"https:\/\/www.oarcanjo.net\/site\/morte-e-centenario-de-nascimento-de-dom-helder-e-lembrado-em-cidades-do-nordeste\/","og_site_name":"O Arcanjo no ar","article_publisher":"https:\/\/www.facebook.com\/OArcanjoNoAr\/","article_published_time":"2009-08-27T11:04:59+00:00","og_image":[{"width":300,"height":300,"url":"https:\/\/www.oarcanjo.net\/site\/wp-content\/uploads\/logo-o-arcanjo-no-ar-facebook.png","type":"image\/png"}],"author":"editor","twitter_card":"summary_large_image","twitter_misc":{"Escrito por":"editor","Est. tempo de leitura":"2 minutos"},"schema":{"@context":"https:\/\/schema.org","@graph":[{"@type":"Article","@id":"https:\/\/www.oarcanjo.net\/site\/morte-e-centenario-de-nascimento-de-dom-helder-e-lembrado-em-cidades-do-nordeste\/#article","isPartOf":{"@id":"https:\/\/www.oarcanjo.net\/site\/morte-e-centenario-de-nascimento-de-dom-helder-e-lembrado-em-cidades-do-nordeste\/"},"author":{"name":"editor","@id":"https:\/\/www.oarcanjo.net\/site\/#\/schema\/person\/f7024d007863202483a31326673a0838"},"headline":"Morte e centen\u00e1rio de nascimento de Dom Helder \u00e9 lembrado em cidades do Nordeste","datePublished":"2009-08-27T11:04:59+00:00","dateModified":"2009-08-27T11:04:59+00:00","mainEntityOfPage":{"@id":"https:\/\/www.oarcanjo.net\/site\/morte-e-centenario-de-nascimento-de-dom-helder-e-lembrado-em-cidades-do-nordeste\/"},"wordCount":418,"commentCount":0,"publisher":{"@id":"https:\/\/www.oarcanjo.net\/site\/#organization"},"keywords":["Dom Helder Camara","Mem\u00f3ria"],"articleSection":["D. Helder C\u00e2mara","Not\u00edcias"],"inLanguage":"pt-BR","potentialAction":[{"@type":"CommentAction","name":"Comment","target":["https:\/\/www.oarcanjo.net\/site\/morte-e-centenario-de-nascimento-de-dom-helder-e-lembrado-em-cidades-do-nordeste\/#respond"]}]},{"@type":"WebPage","@id":"https:\/\/www.oarcanjo.net\/site\/morte-e-centenario-de-nascimento-de-dom-helder-e-lembrado-em-cidades-do-nordeste\/","url":"https:\/\/www.oarcanjo.net\/site\/morte-e-centenario-de-nascimento-de-dom-helder-e-lembrado-em-cidades-do-nordeste\/","name":"Morte e centen\u00e1rio de nascimento de Dom Helder \u00e9 lembrado em cidades do Nordeste - O Arcanjo no ar","isPartOf":{"@id":"https:\/\/www.oarcanjo.net\/site\/#website"},"datePublished":"2009-08-27T11:04:59+00:00","dateModified":"2009-08-27T11:04:59+00:00","breadcrumb":{"@id":"https:\/\/www.oarcanjo.net\/site\/morte-e-centenario-de-nascimento-de-dom-helder-e-lembrado-em-cidades-do-nordeste\/#breadcrumb"},"inLanguage":"pt-BR","potentialAction":[{"@type":"ReadAction","target":["https:\/\/www.oarcanjo.net\/site\/morte-e-centenario-de-nascimento-de-dom-helder-e-lembrado-em-cidades-do-nordeste\/"]}]},{"@type":"BreadcrumbList","@id":"https:\/\/www.oarcanjo.net\/site\/morte-e-centenario-de-nascimento-de-dom-helder-e-lembrado-em-cidades-do-nordeste\/#breadcrumb","itemListElement":[{"@type":"ListItem","position":1,"name":"In\u00edcio","item":"https:\/\/www.oarcanjo.net\/site\/"},{"@type":"ListItem","position":2,"name":"Morte e centen\u00e1rio de nascimento de Dom Helder \u00e9 lembrado em cidades do Nordeste"}]},{"@type":"WebSite","@id":"https:\/\/www.oarcanjo.net\/site\/#website","url":"https:\/\/www.oarcanjo.net\/site\/","name":"O Arcanjo no ar","description":"Site da Par\u00f3quia S\u00e3o Miguel Arcanjo (Arquidiocese de SP)","publisher":{"@id":"https:\/\/www.oarcanjo.net\/site\/#organization"},"potentialAction":[{"@type":"SearchAction","target":{"@type":"EntryPoint","urlTemplate":"https:\/\/www.oarcanjo.net\/site\/?s={search_term_string}"},"query-input":{"@type":"PropertyValueSpecification","valueRequired":true,"valueName":"search_term_string"}}],"inLanguage":"pt-BR"},{"@type":"Organization","@id":"https:\/\/www.oarcanjo.net\/site\/#organization","name":"Par\u00f3quia S\u00e3o Miguel Arcanjo","url":"https:\/\/www.oarcanjo.net\/site\/","logo":{"@type":"ImageObject","inLanguage":"pt-BR","@id":"https:\/\/www.oarcanjo.net\/site\/#\/schema\/logo\/image\/","url":"https:\/\/www.oarcanjo.net\/site\/wp-content\/uploads\/LogoOArcanjo.png","contentUrl":"https:\/\/www.oarcanjo.net\/site\/wp-content\/uploads\/LogoOArcanjo.png","width":319,"height":99,"caption":"Par\u00f3quia S\u00e3o Miguel Arcanjo"},"image":{"@id":"https:\/\/www.oarcanjo.net\/site\/#\/schema\/logo\/image\/"},"sameAs":["https:\/\/www.facebook.com\/OArcanjoNoAr\/"]},{"@type":"Person","@id":"https:\/\/www.oarcanjo.net\/site\/#\/schema\/person\/f7024d007863202483a31326673a0838","name":"editor","sameAs":["http:\/\/www.oarcanjo.net"]}]}},"publishpress_future_action":{"enabled":false,"date":"2026-05-09 01:12:23","action":"category","newStatus":"draft","terms":[],"taxonomy":"category"},"publishpress_future_workflow_manual_trigger":{"enabledWorkflows":[]},"_links":{"self":[{"href":"https:\/\/www.oarcanjo.net\/site\/wp-json\/wp\/v2\/posts\/4897"}],"collection":[{"href":"https:\/\/www.oarcanjo.net\/site\/wp-json\/wp\/v2\/posts"}],"about":[{"href":"https:\/\/www.oarcanjo.net\/site\/wp-json\/wp\/v2\/types\/post"}],"author":[{"embeddable":true,"href":"https:\/\/www.oarcanjo.net\/site\/wp-json\/wp\/v2\/users\/5"}],"replies":[{"embeddable":true,"href":"https:\/\/www.oarcanjo.net\/site\/wp-json\/wp\/v2\/comments?post=4897"}],"version-history":[{"count":0,"href":"https:\/\/www.oarcanjo.net\/site\/wp-json\/wp\/v2\/posts\/4897\/revisions"}],"wp:attachment":[{"href":"https:\/\/www.oarcanjo.net\/site\/wp-json\/wp\/v2\/media?parent=4897"}],"wp:term":[{"taxonomy":"category","embeddable":true,"href":"https:\/\/www.oarcanjo.net\/site\/wp-json\/wp\/v2\/categories?post=4897"},{"taxonomy":"post_tag","embeddable":true,"href":"https:\/\/www.oarcanjo.net\/site\/wp-json\/wp\/v2\/tags?post=4897"}],"curies":[{"name":"wp","href":"https:\/\/api.w.org\/{rel}","templated":true}]}}