
{"id":4899,"date":"2009-08-27T08:08:17","date_gmt":"2009-08-27T11:08:17","guid":{"rendered":"http:\/\/www.oarcanjo.net\/site\/?p=4899"},"modified":"2009-08-27T08:08:17","modified_gmt":"2009-08-27T11:08:17","slug":"padre-e-egoismo-nunca","status":"publish","type":"post","link":"https:\/\/www.oarcanjo.net\/site\/padre-e-egoismo-nunca\/","title":{"rendered":"Padre e ego\u00edsmo: NUNCA!"},"content":{"rendered":"<p>Pe. Geovane Saraiva<\/p>\n<p>Dom Helder C\u00e2mara tem muito a nos ensinar, n\u00f3s que procuramos mergulhar na sua vida, neste ano do centen\u00e1rio de seu nascimento. Ele que desde a juventude mostrou-se determinado e comprometido com a realidade social, com os empobrecidos, nunca se esquecendo do conselho de seu pai: \u201cMeu filho, voc\u00ea sabe o que \u00e9 ser padre? Padre e ego\u00edsmo nunca podem andar juntos. Padre tem que gastar-se, deixar-se devorar\u201d.<\/p>\n<p>Ao deixar o Cear\u00e1 em 1936 para abra\u00e7ar, como padre novo, uma nova miss\u00e3o na cidade do Rio de Janeiro, como t\u00e9cnico em educa\u00e7\u00e3o do Distrito Federal, recebeu um conselho do seu bispo, que lhe disse: \u201cMeu filho, \u00e9 Deus, \u00e9 Deus que est\u00e1 lhe chamando para o Rio de Janeiro. Aceite! V\u00e1, meu filho, v\u00e1!\u201d.<\/p>\n<p>Foi para o Rio de Janeiro, trabalhou, trabalhou e ficou conhecido como o bispo das favelas. Mas seu superior, Dom Jaime de Barros C\u00e2mara, n\u00e3o gostava, n\u00e3o achava bom e reclamava do seu contato aberto, ao se dirigir as pessoas, dizendo: \u201cO senhor n\u00e3o pode fazer isso. Um bispo da Igreja \u00e9 um pr\u00edncipe e um pr\u00edncipe n\u00e3o pode se misturar\u201d. Mas Dom Helder adorava se misturar!  \u201cQuantas vezes eu celebro em \u00e1rea de mis\u00e9ria e o meu povo canta: O Senhor \u00e9 o meu pastor, e nada me pode faltar. Eu olho ao seu redor e vejo que est\u00e1 faltando tudo\u201d.<\/p>\n<p>Dom Helder confidenciou: \u201cUma de minhas maiores emo\u00e7\u00f5es, em toda minha vida, foi quando da abertura da primeira sess\u00e3o do Conc\u00edlio Vaticano II. Em sua aula inaugural, o Papa Jo\u00e3o XXIII disse com for\u00e7a: \u2018Aqui estamos para a nossa convers\u00e3o\u2019 e ele mesmo se inclu\u00eda. Isso significava que n\u00f3s, crist\u00e3os, padres e bispos e at\u00e9 o Papa, precis\u00e1vamos reaprender o Evangelho. A beber novamente da fonte d\u2019\u00e1gua da vida que \u00e9 o pr\u00f3prio Deus de Deus\u201d.<\/p>\n<p>Foi o bispo brasileiro mais influente em todo Conc\u00edlio Vaticano II, com grande m\u00e9rito abrir, para a Igreja, o caminho de renova\u00e7\u00e3o, da Igreja povo de Deus e que a mesma tinha que ir ao encontro dos sofredores e empobrecidos, dos \u201csem voz e sem vez\u201d. Dizia ele: \u201cSe eu n\u00e3o me engano, n\u00f3s, os homens da Igreja, dever\u00edamos realizar dentro da Igreja as mudan\u00e7as que exigimos da sociedade. N\u00e3o pense que Deus ajuda a mis\u00e9ria. Deus n\u00e3o aprova as injusti\u00e7as. As injusti\u00e7as sociais s\u00e3o problemas nossos\u201d.<\/p>\n<p>No s\u00e9culo passado, Dom Helder foi a pessoa, entre todos os brasileiros, mais conhecida no exterior. Depois de Edson Arantes do Nascimento (Pel\u00e9) e Juscelino Kubitschek foi ele, sem d\u00favida, o nome sobre o qual mais se perguntava fora do Brasil.<\/p>\n<p>Completando 10 anos da sua morte, neste 27 de agosto de 2009, dentro do seu centen\u00e1rio, somos convidados a acolher o amor como dom, como inspira\u00e7\u00e3o e proposta de vida. \u00c9 importante olhar para convic\u00e7\u00e3o vocacional de Dom Helder, para o brilho de sua sabedoria, com rar\u00edssimas qualidades: intelig\u00eancia, cultura e esp\u00edrito de lideran\u00e7a e, ao mesmo tempo, com um incontest\u00e1vel amor por todas as pessoas do planeta, marcadas pela dor e sofrimento de toda natureza.<\/p>\n<div id=\"themify_builder_content-4899\" data-postid=\"4899\" class=\"themify_builder_content themify_builder_content-4899 themify_builder themify_builder_front\">\n\t<\/div>\n<!-- \/themify_builder_content -->","protected":false},"excerpt":{"rendered":"<p>Pe. Geovane Saraiva Dom Helder C\u00e2mara tem muito a nos ensinar, n\u00f3s que procuramos mergulhar na sua vida, neste ano do centen\u00e1rio de seu nascimento. Ele que desde a juventude mostrou-se determinado e comprometido com a realidade social, com os empobrecidos, nunca se esquecendo do conselho de seu pai: \u201cMeu filho, voc\u00ea sabe o que [&hellip;]<\/p>\n","protected":false},"author":5,"featured_media":0,"comment_status":"open","ping_status":"open","sticky":false,"template":"","format":"standard","meta":{"ngg_post_thumbnail":0,"footnotes":""},"categories":[192],"tags":[210,473],"yoast_head":"<!-- This site is optimized with the Yoast SEO plugin v23.5 - https:\/\/yoast.com\/wordpress\/plugins\/seo\/ -->\n<title>Padre e ego\u00edsmo: NUNCA! - O Arcanjo no ar<\/title>\n<meta name=\"robots\" content=\"index, follow, max-snippet:-1, max-image-preview:large, max-video-preview:-1\" \/>\n<link rel=\"canonical\" href=\"https:\/\/www.oarcanjo.net\/site\/padre-e-egoismo-nunca\/\" \/>\n<meta property=\"og:locale\" content=\"pt_BR\" \/>\n<meta property=\"og:type\" content=\"article\" \/>\n<meta property=\"og:title\" content=\"Padre e ego\u00edsmo: NUNCA! - O Arcanjo no ar\" \/>\n<meta property=\"og:description\" content=\"Pe. Geovane Saraiva Dom Helder C\u00e2mara tem muito a nos ensinar, n\u00f3s que procuramos mergulhar na sua vida, neste ano do centen\u00e1rio de seu nascimento. Ele que desde a juventude mostrou-se determinado e comprometido com a realidade social, com os empobrecidos, nunca se esquecendo do conselho de seu pai: \u201cMeu filho, voc\u00ea sabe o que [&hellip;]\" \/>\n<meta property=\"og:url\" content=\"https:\/\/www.oarcanjo.net\/site\/padre-e-egoismo-nunca\/\" \/>\n<meta property=\"og:site_name\" content=\"O Arcanjo no ar\" \/>\n<meta property=\"article:publisher\" content=\"https:\/\/www.facebook.com\/OArcanjoNoAr\/\" \/>\n<meta property=\"article:published_time\" content=\"2009-08-27T11:08:17+00:00\" \/>\n<meta property=\"og:image\" content=\"https:\/\/www.oarcanjo.net\/site\/wp-content\/uploads\/logo-o-arcanjo-no-ar-facebook.png\" \/>\n\t<meta property=\"og:image:width\" content=\"300\" \/>\n\t<meta property=\"og:image:height\" content=\"300\" \/>\n\t<meta property=\"og:image:type\" content=\"image\/png\" \/>\n<meta name=\"author\" content=\"editor\" \/>\n<meta name=\"twitter:card\" content=\"summary_large_image\" \/>\n<meta name=\"twitter:label1\" content=\"Escrito por\" \/>\n\t<meta name=\"twitter:data1\" content=\"editor\" \/>\n\t<meta name=\"twitter:label2\" content=\"Est. tempo de leitura\" \/>\n\t<meta name=\"twitter:data2\" content=\"3 minutos\" \/>\n<script type=\"application\/ld+json\" class=\"yoast-schema-graph\">{\"@context\":\"https:\/\/schema.org\",\"@graph\":[{\"@type\":\"Article\",\"@id\":\"https:\/\/www.oarcanjo.net\/site\/padre-e-egoismo-nunca\/#article\",\"isPartOf\":{\"@id\":\"https:\/\/www.oarcanjo.net\/site\/padre-e-egoismo-nunca\/\"},\"author\":{\"name\":\"editor\",\"@id\":\"https:\/\/www.oarcanjo.net\/site\/#\/schema\/person\/f7024d007863202483a31326673a0838\"},\"headline\":\"Padre e ego\u00edsmo: NUNCA!\",\"datePublished\":\"2009-08-27T11:08:17+00:00\",\"dateModified\":\"2009-08-27T11:08:17+00:00\",\"mainEntityOfPage\":{\"@id\":\"https:\/\/www.oarcanjo.net\/site\/padre-e-egoismo-nunca\/\"},\"wordCount\":554,\"commentCount\":0,\"publisher\":{\"@id\":\"https:\/\/www.oarcanjo.net\/site\/#organization\"},\"keywords\":[\"Dom Helder Camara\",\"testemunho\"],\"articleSection\":[\"D. Helder C\u00e2mara\"],\"inLanguage\":\"pt-BR\",\"potentialAction\":[{\"@type\":\"CommentAction\",\"name\":\"Comment\",\"target\":[\"https:\/\/www.oarcanjo.net\/site\/padre-e-egoismo-nunca\/#respond\"]}]},{\"@type\":\"WebPage\",\"@id\":\"https:\/\/www.oarcanjo.net\/site\/padre-e-egoismo-nunca\/\",\"url\":\"https:\/\/www.oarcanjo.net\/site\/padre-e-egoismo-nunca\/\",\"name\":\"Padre e ego\u00edsmo: NUNCA! - O Arcanjo no ar\",\"isPartOf\":{\"@id\":\"https:\/\/www.oarcanjo.net\/site\/#website\"},\"datePublished\":\"2009-08-27T11:08:17+00:00\",\"dateModified\":\"2009-08-27T11:08:17+00:00\",\"breadcrumb\":{\"@id\":\"https:\/\/www.oarcanjo.net\/site\/padre-e-egoismo-nunca\/#breadcrumb\"},\"inLanguage\":\"pt-BR\",\"potentialAction\":[{\"@type\":\"ReadAction\",\"target\":[\"https:\/\/www.oarcanjo.net\/site\/padre-e-egoismo-nunca\/\"]}]},{\"@type\":\"BreadcrumbList\",\"@id\":\"https:\/\/www.oarcanjo.net\/site\/padre-e-egoismo-nunca\/#breadcrumb\",\"itemListElement\":[{\"@type\":\"ListItem\",\"position\":1,\"name\":\"In\u00edcio\",\"item\":\"https:\/\/www.oarcanjo.net\/site\/\"},{\"@type\":\"ListItem\",\"position\":2,\"name\":\"Padre e ego\u00edsmo: NUNCA!\"}]},{\"@type\":\"WebSite\",\"@id\":\"https:\/\/www.oarcanjo.net\/site\/#website\",\"url\":\"https:\/\/www.oarcanjo.net\/site\/\",\"name\":\"O Arcanjo no ar\",\"description\":\"Site da Par\u00f3quia S\u00e3o Miguel Arcanjo (Arquidiocese de SP)\",\"publisher\":{\"@id\":\"https:\/\/www.oarcanjo.net\/site\/#organization\"},\"potentialAction\":[{\"@type\":\"SearchAction\",\"target\":{\"@type\":\"EntryPoint\",\"urlTemplate\":\"https:\/\/www.oarcanjo.net\/site\/?s={search_term_string}\"},\"query-input\":{\"@type\":\"PropertyValueSpecification\",\"valueRequired\":true,\"valueName\":\"search_term_string\"}}],\"inLanguage\":\"pt-BR\"},{\"@type\":\"Organization\",\"@id\":\"https:\/\/www.oarcanjo.net\/site\/#organization\",\"name\":\"Par\u00f3quia S\u00e3o Miguel Arcanjo\",\"url\":\"https:\/\/www.oarcanjo.net\/site\/\",\"logo\":{\"@type\":\"ImageObject\",\"inLanguage\":\"pt-BR\",\"@id\":\"https:\/\/www.oarcanjo.net\/site\/#\/schema\/logo\/image\/\",\"url\":\"https:\/\/www.oarcanjo.net\/site\/wp-content\/uploads\/LogoOArcanjo.png\",\"contentUrl\":\"https:\/\/www.oarcanjo.net\/site\/wp-content\/uploads\/LogoOArcanjo.png\",\"width\":319,\"height\":99,\"caption\":\"Par\u00f3quia S\u00e3o Miguel Arcanjo\"},\"image\":{\"@id\":\"https:\/\/www.oarcanjo.net\/site\/#\/schema\/logo\/image\/\"},\"sameAs\":[\"https:\/\/www.facebook.com\/OArcanjoNoAr\/\"]},{\"@type\":\"Person\",\"@id\":\"https:\/\/www.oarcanjo.net\/site\/#\/schema\/person\/f7024d007863202483a31326673a0838\",\"name\":\"editor\",\"sameAs\":[\"http:\/\/www.oarcanjo.net\"]}]}<\/script>\n<!-- \/ Yoast SEO plugin. -->","yoast_head_json":{"title":"Padre e ego\u00edsmo: NUNCA! - O Arcanjo no ar","robots":{"index":"index","follow":"follow","max-snippet":"max-snippet:-1","max-image-preview":"max-image-preview:large","max-video-preview":"max-video-preview:-1"},"canonical":"https:\/\/www.oarcanjo.net\/site\/padre-e-egoismo-nunca\/","og_locale":"pt_BR","og_type":"article","og_title":"Padre e ego\u00edsmo: NUNCA! - O Arcanjo no ar","og_description":"Pe. Geovane Saraiva Dom Helder C\u00e2mara tem muito a nos ensinar, n\u00f3s que procuramos mergulhar na sua vida, neste ano do centen\u00e1rio de seu nascimento. Ele que desde a juventude mostrou-se determinado e comprometido com a realidade social, com os empobrecidos, nunca se esquecendo do conselho de seu pai: \u201cMeu filho, voc\u00ea sabe o que [&hellip;]","og_url":"https:\/\/www.oarcanjo.net\/site\/padre-e-egoismo-nunca\/","og_site_name":"O Arcanjo no ar","article_publisher":"https:\/\/www.facebook.com\/OArcanjoNoAr\/","article_published_time":"2009-08-27T11:08:17+00:00","og_image":[{"width":300,"height":300,"url":"https:\/\/www.oarcanjo.net\/site\/wp-content\/uploads\/logo-o-arcanjo-no-ar-facebook.png","type":"image\/png"}],"author":"editor","twitter_card":"summary_large_image","twitter_misc":{"Escrito por":"editor","Est. tempo de leitura":"3 minutos"},"schema":{"@context":"https:\/\/schema.org","@graph":[{"@type":"Article","@id":"https:\/\/www.oarcanjo.net\/site\/padre-e-egoismo-nunca\/#article","isPartOf":{"@id":"https:\/\/www.oarcanjo.net\/site\/padre-e-egoismo-nunca\/"},"author":{"name":"editor","@id":"https:\/\/www.oarcanjo.net\/site\/#\/schema\/person\/f7024d007863202483a31326673a0838"},"headline":"Padre e ego\u00edsmo: NUNCA!","datePublished":"2009-08-27T11:08:17+00:00","dateModified":"2009-08-27T11:08:17+00:00","mainEntityOfPage":{"@id":"https:\/\/www.oarcanjo.net\/site\/padre-e-egoismo-nunca\/"},"wordCount":554,"commentCount":0,"publisher":{"@id":"https:\/\/www.oarcanjo.net\/site\/#organization"},"keywords":["Dom Helder Camara","testemunho"],"articleSection":["D. Helder C\u00e2mara"],"inLanguage":"pt-BR","potentialAction":[{"@type":"CommentAction","name":"Comment","target":["https:\/\/www.oarcanjo.net\/site\/padre-e-egoismo-nunca\/#respond"]}]},{"@type":"WebPage","@id":"https:\/\/www.oarcanjo.net\/site\/padre-e-egoismo-nunca\/","url":"https:\/\/www.oarcanjo.net\/site\/padre-e-egoismo-nunca\/","name":"Padre e ego\u00edsmo: NUNCA! - O Arcanjo no ar","isPartOf":{"@id":"https:\/\/www.oarcanjo.net\/site\/#website"},"datePublished":"2009-08-27T11:08:17+00:00","dateModified":"2009-08-27T11:08:17+00:00","breadcrumb":{"@id":"https:\/\/www.oarcanjo.net\/site\/padre-e-egoismo-nunca\/#breadcrumb"},"inLanguage":"pt-BR","potentialAction":[{"@type":"ReadAction","target":["https:\/\/www.oarcanjo.net\/site\/padre-e-egoismo-nunca\/"]}]},{"@type":"BreadcrumbList","@id":"https:\/\/www.oarcanjo.net\/site\/padre-e-egoismo-nunca\/#breadcrumb","itemListElement":[{"@type":"ListItem","position":1,"name":"In\u00edcio","item":"https:\/\/www.oarcanjo.net\/site\/"},{"@type":"ListItem","position":2,"name":"Padre e ego\u00edsmo: NUNCA!"}]},{"@type":"WebSite","@id":"https:\/\/www.oarcanjo.net\/site\/#website","url":"https:\/\/www.oarcanjo.net\/site\/","name":"O Arcanjo no ar","description":"Site da Par\u00f3quia S\u00e3o Miguel Arcanjo (Arquidiocese de SP)","publisher":{"@id":"https:\/\/www.oarcanjo.net\/site\/#organization"},"potentialAction":[{"@type":"SearchAction","target":{"@type":"EntryPoint","urlTemplate":"https:\/\/www.oarcanjo.net\/site\/?s={search_term_string}"},"query-input":{"@type":"PropertyValueSpecification","valueRequired":true,"valueName":"search_term_string"}}],"inLanguage":"pt-BR"},{"@type":"Organization","@id":"https:\/\/www.oarcanjo.net\/site\/#organization","name":"Par\u00f3quia S\u00e3o Miguel Arcanjo","url":"https:\/\/www.oarcanjo.net\/site\/","logo":{"@type":"ImageObject","inLanguage":"pt-BR","@id":"https:\/\/www.oarcanjo.net\/site\/#\/schema\/logo\/image\/","url":"https:\/\/www.oarcanjo.net\/site\/wp-content\/uploads\/LogoOArcanjo.png","contentUrl":"https:\/\/www.oarcanjo.net\/site\/wp-content\/uploads\/LogoOArcanjo.png","width":319,"height":99,"caption":"Par\u00f3quia S\u00e3o Miguel Arcanjo"},"image":{"@id":"https:\/\/www.oarcanjo.net\/site\/#\/schema\/logo\/image\/"},"sameAs":["https:\/\/www.facebook.com\/OArcanjoNoAr\/"]},{"@type":"Person","@id":"https:\/\/www.oarcanjo.net\/site\/#\/schema\/person\/f7024d007863202483a31326673a0838","name":"editor","sameAs":["http:\/\/www.oarcanjo.net"]}]}},"publishpress_future_action":{"enabled":false,"date":"2026-05-09 01:04:11","action":"category","newStatus":"draft","terms":[],"taxonomy":"category"},"publishpress_future_workflow_manual_trigger":{"enabledWorkflows":[]},"_links":{"self":[{"href":"https:\/\/www.oarcanjo.net\/site\/wp-json\/wp\/v2\/posts\/4899"}],"collection":[{"href":"https:\/\/www.oarcanjo.net\/site\/wp-json\/wp\/v2\/posts"}],"about":[{"href":"https:\/\/www.oarcanjo.net\/site\/wp-json\/wp\/v2\/types\/post"}],"author":[{"embeddable":true,"href":"https:\/\/www.oarcanjo.net\/site\/wp-json\/wp\/v2\/users\/5"}],"replies":[{"embeddable":true,"href":"https:\/\/www.oarcanjo.net\/site\/wp-json\/wp\/v2\/comments?post=4899"}],"version-history":[{"count":0,"href":"https:\/\/www.oarcanjo.net\/site\/wp-json\/wp\/v2\/posts\/4899\/revisions"}],"wp:attachment":[{"href":"https:\/\/www.oarcanjo.net\/site\/wp-json\/wp\/v2\/media?parent=4899"}],"wp:term":[{"taxonomy":"category","embeddable":true,"href":"https:\/\/www.oarcanjo.net\/site\/wp-json\/wp\/v2\/categories?post=4899"},{"taxonomy":"post_tag","embeddable":true,"href":"https:\/\/www.oarcanjo.net\/site\/wp-json\/wp\/v2\/tags?post=4899"}],"curies":[{"name":"wp","href":"https:\/\/api.w.org\/{rel}","templated":true}]}}