
{"id":4908,"date":"2009-08-28T23:01:23","date_gmt":"2009-08-29T02:01:23","guid":{"rendered":"http:\/\/www.oarcanjo.net\/site\/?p=4908"},"modified":"2009-08-28T23:01:23","modified_gmt":"2009-08-29T02:01:23","slug":"d-helder-camara-morreu-ha-10-anos","status":"publish","type":"post","link":"https:\/\/www.oarcanjo.net\/site\/d-helder-camara-morreu-ha-10-anos\/","title":{"rendered":"D. H\u00e9lder C\u00e2mara morreu h\u00e1 10 anos"},"content":{"rendered":"<p>Fonte: Ag\u00eancia Ecclesia<\/p>\n<p>Bispo brasileiro fica na hist\u00f3ria pelo seu pioneirismo dentro e fora da Igreja<\/p>\n<p>Numa das suas passagens por Portugal, D. H\u00e9lder C\u00e2mara afirmou que &#8220;ningu\u00e9m nasce para ser escravo ou mendigo&#8221;. No entanto, ao observar a realidade que o circundava, o antigo bispo de Olinda e Recife (Brasil) via que eles existiam e estavam bem perto do pastor. A cidade de Fortaleza (Brasil) viu nascer, a 7 de Fevereiro de 1909, D. H\u00e9lder C\u00e2mara. Filho de uma fam\u00edlia pobre e numerosa (dos treze irm\u00e3os apenas oito conseguiram sobreviver), os pais deram-lhe o nome de um pequeno porto holand\u00eas: H\u00e9lder.<\/p>\n<p>Aos 14 anos ingressa no Semin\u00e1rio diocesano da cidade natal (Prainha de S\u00e3o Jos\u00e9), sendo metade das despesas pagas pela Obra das Voca\u00e7\u00f5es Sacerdotais. Recebeu a ordena\u00e7\u00e3o sacerdotal em 1931 e, cinco anos depois, foi enviado para o Rio de Janeiro, onde se tornou animador da Ac\u00e7\u00e3o Cat\u00f3lica Brasileira e, posteriormente, seu assistente nacional. Nos ouvidos ressoam-lhe palavras antigas do pai: &#8220;Meu filho, voc\u00ea sabe o que \u00e9 ser padre? Padre e ego\u00edsmo nunca podem andar juntos.&#8221;<\/p>\n<p>Apesar de ter ficado conhecido como \u00edcone da paz e irm\u00e3o dos pobres, nos primeiros tempos de padre esteve ligado ao movimento A\u00e7\u00e3o Integralista Brasileiro, pr\u00f3ximo das teses de Mussolini e do corporativismo portugu\u00eas. Aos olhos de alguns era uma persona non grata. Mais tarde, D. H\u00e9lder C\u00e2mara explica esse epis\u00f3dio: &#8220;Participei num movimento de que estava convencido. O grande combate era entre o Este e o Oeste, os Estados Unidos e a Uni\u00e3o Sovi\u00e9tica&#8221;. E acrescenta: &#8220;Mas depressa me apercebi que mais grave do que essa luta era a que se travava entre o Norte e o Sul&#8221;.<\/p>\n<p>A Segunda Guerra Mundial e o agravamento da situa\u00e7\u00e3o social no Brasil reconduziram D. H\u00e9lderC\u00e2mara ao lugar de l\u00edder da contesta\u00e7\u00e3o social e religiosa no Brasil. Em 1952 \u00e9 nomeado bispo auxiliar do Rio de Janeiro pelo papa Pio XII.<\/p>\n<p>Poucos anos antes da sua nomea\u00e7\u00e3o trabalhou na Nunciatura Apost\u00f3lica do Rio e, atrav\u00e9s de contatos diretos com Monsenhor Montini (futuro Papa Paulo VI), conseguiu que a Secretaria de Estado do Vaticano aprovasse a constitui\u00e7\u00e3o da Confer\u00eancia Nacional dos Bispos do Brasil (CNBB). Esta foi a precursora das Confer\u00eancias Episcopais criadas, mais tarde, pelo II Conc\u00edlio do Vaticano. Depois da aprova\u00e7\u00e3o da CNBB, D. H\u00e9lder prop\u00f5e ao Vaticano a funda\u00e7\u00e3o do Conselho Episcopal Latino-Americano (CELAM). A autoriza\u00e7\u00e3o chegou em 1955, acumulando D. H\u00e9lder C\u00e2mara o cargo de Secret\u00e1rio-Geral da CNBB e Vice-presidente da CELAM.<\/p>\n<p>Paralelamente \u00e0 dinamiza\u00e7\u00e3o destes dois organismos, o prelado brasileiro empenhou-se tamb\u00e9m no campo social. Em 1956 funda a Cruzada S. Sebasti\u00e3o (destinada \u00e0 solu\u00e7\u00e3o dos problemas habitacionais nas favelas) e, tr\u00eas anos mais tarde (1959) criou o Banco da Provid\u00eancia (entidade de assist\u00eancia social para os casos de mis\u00e9ria absoluta).<\/p>\n<p>Em 1964 foi nomeado arcebispo de S. Luis do Maranh\u00e3o e meses depois \u00e9 enviado para Olinda e Recife, onde permanecer\u00e1, como bispo residencial, durante vinte anos. &#8220;Aqui eu sonhei com uma obra em que pudesse trabalhar n\u00e3o para o povo mas com o povo&#8221; \u2013 sublinhou na altura. Preocupa-se com o problema do desenvolvimento e da pobreza em todo o nordeste brasileiro.<\/p>\n<p>A sua voz prof\u00e9tica ecoava, apesar das persegui\u00e7\u00f5es que lhe moveram. Em 1968, o pastor daquele territ\u00f3rio eclesial publica o livro &#8220;Revolu\u00e7\u00e3o dentro da Paz&#8221;. Dois anos depois, uma campanha difamat\u00f3ria impede-o de receber o Pr\u00e9mio Nobel da Paz. Foi acusado de demagogo, exibicionista e &#8220;emiss\u00e1rio camuflado de Fidel Castro e Mao&#8221;.<\/p>\n<p>Nunca recebeu galard\u00e3o da Paz, no entanto o munic\u00edpio de Oslo (Noruega) concedeu-lhe (em 1974) um pr\u00e9mio de valor equivalente. O seu prest\u00edgio internacional era intoc\u00e1vel e recebeu o doutoramento Honoris Causa de v\u00e1rias universidades. O Jap\u00e3o atribuiu-lhe (1983) o pr\u00e9mio Niwano para a Paz, enquanto a It\u00e1lia o distinguiu com o Pr\u00e9mio Balzan.<\/p>\n<p>Trabalhar com os pobres era a sua paix\u00e3o. No entanto, da sua pena sa\u00edram v\u00e1rias obras liter\u00e1rias: &#8220;O deserto \u00e9 f\u00e9rtil&#8221; (1971); &#8220;Cristianismo, Socialismo, Capitalismo&#8221; (1973); &#8220;Nossa senhora no meu caminho&#8221; (1981) e &#8220;Utopias peregrinas&#8221; (1993). Dois poemas seus inspiraram uma orat\u00f3ria e um ballet: &#8220;Sinfonia dos dois mundos&#8221; (musicada pelo Pe. Pierre Kaelin) e &#8220;Missa para um tempo futuro&#8221; (com coreografia de Maurice B\u00e9jart).<\/p>\n<p>A 7 de Julho de 1980, durante a viagem de Jo\u00e3o Paulo II ao Brasil, o papa polon\u00eas reabilita publicamente a sua imagem ao abra\u00e7\u00e1-lo efusivamente e dando-lhe o maior t\u00edtulo de sempre: &#8220;Irm\u00e3o dos pobres e meu irm\u00e3o&#8221;. Um gesto ovacionado por uma multid\u00e3o perplexa.<\/p>\n<p>No m\u00eas de Abril de 1984, o &#8220;bispo vermelho e dos pobres&#8221; despede-se da sua diocese, depois de Roma ter aceite a sua resigna\u00e7\u00e3o por limite de idade. &#8220;Pouco importa que um bispo se jubile; a Igreja continua&#8221; \u2013 disse D. H\u00e9lder C\u00e2mara na Eucaristia celebrada no Est\u00e1dio do Recife perante 30 mil pessoas.<\/p>\n<p>A 27 de Agosto de 1999, o homem que tinha como lema &#8220;In Manus Tuas&#8221; (Nas Tuas M\u00e3os) despediu-se da vida terrena. Quando soube da sua morte, D. Manuel Martins, bispo em\u00e9rito de Set\u00fabal disse: &#8220;um gigante da hist\u00f3ria da Igreja que impressionava pela sua fragilidade humana, mas albergava uma coragem do tamanho do mundo&#8221;.<\/p>\n<div id=\"themify_builder_content-4908\" data-postid=\"4908\" class=\"themify_builder_content themify_builder_content-4908 themify_builder themify_builder_front\">\n\t<\/div>\n<!-- \/themify_builder_content -->","protected":false},"excerpt":{"rendered":"<p>Fonte: Ag\u00eancia Ecclesia Bispo brasileiro fica na hist\u00f3ria pelo seu pioneirismo dentro e fora da Igreja Numa das suas passagens por Portugal, D. H\u00e9lder C\u00e2mara afirmou que &#8220;ningu\u00e9m nasce para ser escravo ou mendigo&#8221;. No entanto, ao observar a realidade que o circundava, o antigo bispo de Olinda e Recife (Brasil) via que eles existiam [&hellip;]<\/p>\n","protected":false},"author":5,"featured_media":0,"comment_status":"open","ping_status":"open","sticky":false,"template":"","format":"standard","meta":{"ngg_post_thumbnail":0,"footnotes":""},"categories":[192],"tags":[210,1007,1008],"yoast_head":"<!-- This site is optimized with the Yoast SEO plugin v23.5 - https:\/\/yoast.com\/wordpress\/plugins\/seo\/ -->\n<title>D. H\u00e9lder C\u00e2mara morreu h\u00e1 10 anos - O Arcanjo no ar<\/title>\n<meta name=\"robots\" content=\"index, follow, max-snippet:-1, max-image-preview:large, max-video-preview:-1\" \/>\n<link rel=\"canonical\" href=\"https:\/\/www.oarcanjo.net\/site\/d-helder-camara-morreu-ha-10-anos\/\" \/>\n<meta property=\"og:locale\" content=\"pt_BR\" \/>\n<meta property=\"og:type\" content=\"article\" \/>\n<meta property=\"og:title\" content=\"D. H\u00e9lder C\u00e2mara morreu h\u00e1 10 anos - O Arcanjo no ar\" \/>\n<meta property=\"og:description\" content=\"Fonte: Ag\u00eancia Ecclesia Bispo brasileiro fica na hist\u00f3ria pelo seu pioneirismo dentro e fora da Igreja Numa das suas passagens por Portugal, D. H\u00e9lder C\u00e2mara afirmou que &#8220;ningu\u00e9m nasce para ser escravo ou mendigo&#8221;. No entanto, ao observar a realidade que o circundava, o antigo bispo de Olinda e Recife (Brasil) via que eles existiam [&hellip;]\" \/>\n<meta property=\"og:url\" content=\"https:\/\/www.oarcanjo.net\/site\/d-helder-camara-morreu-ha-10-anos\/\" \/>\n<meta property=\"og:site_name\" content=\"O Arcanjo no ar\" \/>\n<meta property=\"article:publisher\" content=\"https:\/\/www.facebook.com\/OArcanjoNoAr\/\" \/>\n<meta property=\"article:published_time\" content=\"2009-08-29T02:01:23+00:00\" \/>\n<meta property=\"og:image\" content=\"https:\/\/www.oarcanjo.net\/site\/wp-content\/uploads\/logo-o-arcanjo-no-ar-facebook.png\" \/>\n\t<meta property=\"og:image:width\" content=\"300\" \/>\n\t<meta property=\"og:image:height\" content=\"300\" \/>\n\t<meta property=\"og:image:type\" content=\"image\/png\" \/>\n<meta name=\"author\" content=\"editor\" \/>\n<meta name=\"twitter:card\" content=\"summary_large_image\" \/>\n<meta name=\"twitter:label1\" content=\"Escrito por\" \/>\n\t<meta name=\"twitter:data1\" content=\"editor\" \/>\n\t<meta name=\"twitter:label2\" content=\"Est. tempo de leitura\" \/>\n\t<meta name=\"twitter:data2\" content=\"5 minutos\" \/>\n<script type=\"application\/ld+json\" class=\"yoast-schema-graph\">{\"@context\":\"https:\/\/schema.org\",\"@graph\":[{\"@type\":\"Article\",\"@id\":\"https:\/\/www.oarcanjo.net\/site\/d-helder-camara-morreu-ha-10-anos\/#article\",\"isPartOf\":{\"@id\":\"https:\/\/www.oarcanjo.net\/site\/d-helder-camara-morreu-ha-10-anos\/\"},\"author\":{\"name\":\"editor\",\"@id\":\"https:\/\/www.oarcanjo.net\/site\/#\/schema\/person\/f7024d007863202483a31326673a0838\"},\"headline\":\"D. H\u00e9lder C\u00e2mara morreu h\u00e1 10 anos\",\"datePublished\":\"2009-08-29T02:01:23+00:00\",\"dateModified\":\"2009-08-29T02:01:23+00:00\",\"mainEntityOfPage\":{\"@id\":\"https:\/\/www.oarcanjo.net\/site\/d-helder-camara-morreu-ha-10-anos\/\"},\"wordCount\":926,\"commentCount\":0,\"publisher\":{\"@id\":\"https:\/\/www.oarcanjo.net\/site\/#organization\"},\"keywords\":[\"Dom Helder Camara\",\"hist\u00f3ria do bispo vermelho\",\"irm\u00e3o dos pobres\"],\"articleSection\":[\"D. Helder C\u00e2mara\"],\"inLanguage\":\"pt-BR\",\"potentialAction\":[{\"@type\":\"CommentAction\",\"name\":\"Comment\",\"target\":[\"https:\/\/www.oarcanjo.net\/site\/d-helder-camara-morreu-ha-10-anos\/#respond\"]}]},{\"@type\":\"WebPage\",\"@id\":\"https:\/\/www.oarcanjo.net\/site\/d-helder-camara-morreu-ha-10-anos\/\",\"url\":\"https:\/\/www.oarcanjo.net\/site\/d-helder-camara-morreu-ha-10-anos\/\",\"name\":\"D. H\u00e9lder C\u00e2mara morreu h\u00e1 10 anos - O Arcanjo no ar\",\"isPartOf\":{\"@id\":\"https:\/\/www.oarcanjo.net\/site\/#website\"},\"datePublished\":\"2009-08-29T02:01:23+00:00\",\"dateModified\":\"2009-08-29T02:01:23+00:00\",\"breadcrumb\":{\"@id\":\"https:\/\/www.oarcanjo.net\/site\/d-helder-camara-morreu-ha-10-anos\/#breadcrumb\"},\"inLanguage\":\"pt-BR\",\"potentialAction\":[{\"@type\":\"ReadAction\",\"target\":[\"https:\/\/www.oarcanjo.net\/site\/d-helder-camara-morreu-ha-10-anos\/\"]}]},{\"@type\":\"BreadcrumbList\",\"@id\":\"https:\/\/www.oarcanjo.net\/site\/d-helder-camara-morreu-ha-10-anos\/#breadcrumb\",\"itemListElement\":[{\"@type\":\"ListItem\",\"position\":1,\"name\":\"In\u00edcio\",\"item\":\"https:\/\/www.oarcanjo.net\/site\/\"},{\"@type\":\"ListItem\",\"position\":2,\"name\":\"D. H\u00e9lder C\u00e2mara morreu h\u00e1 10 anos\"}]},{\"@type\":\"WebSite\",\"@id\":\"https:\/\/www.oarcanjo.net\/site\/#website\",\"url\":\"https:\/\/www.oarcanjo.net\/site\/\",\"name\":\"O Arcanjo no ar\",\"description\":\"Site da Par\u00f3quia S\u00e3o Miguel Arcanjo (Arquidiocese de SP)\",\"publisher\":{\"@id\":\"https:\/\/www.oarcanjo.net\/site\/#organization\"},\"potentialAction\":[{\"@type\":\"SearchAction\",\"target\":{\"@type\":\"EntryPoint\",\"urlTemplate\":\"https:\/\/www.oarcanjo.net\/site\/?s={search_term_string}\"},\"query-input\":{\"@type\":\"PropertyValueSpecification\",\"valueRequired\":true,\"valueName\":\"search_term_string\"}}],\"inLanguage\":\"pt-BR\"},{\"@type\":\"Organization\",\"@id\":\"https:\/\/www.oarcanjo.net\/site\/#organization\",\"name\":\"Par\u00f3quia S\u00e3o Miguel Arcanjo\",\"url\":\"https:\/\/www.oarcanjo.net\/site\/\",\"logo\":{\"@type\":\"ImageObject\",\"inLanguage\":\"pt-BR\",\"@id\":\"https:\/\/www.oarcanjo.net\/site\/#\/schema\/logo\/image\/\",\"url\":\"https:\/\/www.oarcanjo.net\/site\/wp-content\/uploads\/LogoOArcanjo.png\",\"contentUrl\":\"https:\/\/www.oarcanjo.net\/site\/wp-content\/uploads\/LogoOArcanjo.png\",\"width\":319,\"height\":99,\"caption\":\"Par\u00f3quia S\u00e3o Miguel Arcanjo\"},\"image\":{\"@id\":\"https:\/\/www.oarcanjo.net\/site\/#\/schema\/logo\/image\/\"},\"sameAs\":[\"https:\/\/www.facebook.com\/OArcanjoNoAr\/\"]},{\"@type\":\"Person\",\"@id\":\"https:\/\/www.oarcanjo.net\/site\/#\/schema\/person\/f7024d007863202483a31326673a0838\",\"name\":\"editor\",\"sameAs\":[\"http:\/\/www.oarcanjo.net\"]}]}<\/script>\n<!-- \/ Yoast SEO plugin. -->","yoast_head_json":{"title":"D. H\u00e9lder C\u00e2mara morreu h\u00e1 10 anos - O Arcanjo no ar","robots":{"index":"index","follow":"follow","max-snippet":"max-snippet:-1","max-image-preview":"max-image-preview:large","max-video-preview":"max-video-preview:-1"},"canonical":"https:\/\/www.oarcanjo.net\/site\/d-helder-camara-morreu-ha-10-anos\/","og_locale":"pt_BR","og_type":"article","og_title":"D. H\u00e9lder C\u00e2mara morreu h\u00e1 10 anos - O Arcanjo no ar","og_description":"Fonte: Ag\u00eancia Ecclesia Bispo brasileiro fica na hist\u00f3ria pelo seu pioneirismo dentro e fora da Igreja Numa das suas passagens por Portugal, D. H\u00e9lder C\u00e2mara afirmou que &#8220;ningu\u00e9m nasce para ser escravo ou mendigo&#8221;. No entanto, ao observar a realidade que o circundava, o antigo bispo de Olinda e Recife (Brasil) via que eles existiam [&hellip;]","og_url":"https:\/\/www.oarcanjo.net\/site\/d-helder-camara-morreu-ha-10-anos\/","og_site_name":"O Arcanjo no ar","article_publisher":"https:\/\/www.facebook.com\/OArcanjoNoAr\/","article_published_time":"2009-08-29T02:01:23+00:00","og_image":[{"width":300,"height":300,"url":"https:\/\/www.oarcanjo.net\/site\/wp-content\/uploads\/logo-o-arcanjo-no-ar-facebook.png","type":"image\/png"}],"author":"editor","twitter_card":"summary_large_image","twitter_misc":{"Escrito por":"editor","Est. tempo de leitura":"5 minutos"},"schema":{"@context":"https:\/\/schema.org","@graph":[{"@type":"Article","@id":"https:\/\/www.oarcanjo.net\/site\/d-helder-camara-morreu-ha-10-anos\/#article","isPartOf":{"@id":"https:\/\/www.oarcanjo.net\/site\/d-helder-camara-morreu-ha-10-anos\/"},"author":{"name":"editor","@id":"https:\/\/www.oarcanjo.net\/site\/#\/schema\/person\/f7024d007863202483a31326673a0838"},"headline":"D. H\u00e9lder C\u00e2mara morreu h\u00e1 10 anos","datePublished":"2009-08-29T02:01:23+00:00","dateModified":"2009-08-29T02:01:23+00:00","mainEntityOfPage":{"@id":"https:\/\/www.oarcanjo.net\/site\/d-helder-camara-morreu-ha-10-anos\/"},"wordCount":926,"commentCount":0,"publisher":{"@id":"https:\/\/www.oarcanjo.net\/site\/#organization"},"keywords":["Dom Helder Camara","hist\u00f3ria do bispo vermelho","irm\u00e3o dos pobres"],"articleSection":["D. Helder C\u00e2mara"],"inLanguage":"pt-BR","potentialAction":[{"@type":"CommentAction","name":"Comment","target":["https:\/\/www.oarcanjo.net\/site\/d-helder-camara-morreu-ha-10-anos\/#respond"]}]},{"@type":"WebPage","@id":"https:\/\/www.oarcanjo.net\/site\/d-helder-camara-morreu-ha-10-anos\/","url":"https:\/\/www.oarcanjo.net\/site\/d-helder-camara-morreu-ha-10-anos\/","name":"D. H\u00e9lder C\u00e2mara morreu h\u00e1 10 anos - O Arcanjo no ar","isPartOf":{"@id":"https:\/\/www.oarcanjo.net\/site\/#website"},"datePublished":"2009-08-29T02:01:23+00:00","dateModified":"2009-08-29T02:01:23+00:00","breadcrumb":{"@id":"https:\/\/www.oarcanjo.net\/site\/d-helder-camara-morreu-ha-10-anos\/#breadcrumb"},"inLanguage":"pt-BR","potentialAction":[{"@type":"ReadAction","target":["https:\/\/www.oarcanjo.net\/site\/d-helder-camara-morreu-ha-10-anos\/"]}]},{"@type":"BreadcrumbList","@id":"https:\/\/www.oarcanjo.net\/site\/d-helder-camara-morreu-ha-10-anos\/#breadcrumb","itemListElement":[{"@type":"ListItem","position":1,"name":"In\u00edcio","item":"https:\/\/www.oarcanjo.net\/site\/"},{"@type":"ListItem","position":2,"name":"D. H\u00e9lder C\u00e2mara morreu h\u00e1 10 anos"}]},{"@type":"WebSite","@id":"https:\/\/www.oarcanjo.net\/site\/#website","url":"https:\/\/www.oarcanjo.net\/site\/","name":"O Arcanjo no ar","description":"Site da Par\u00f3quia S\u00e3o Miguel Arcanjo (Arquidiocese de SP)","publisher":{"@id":"https:\/\/www.oarcanjo.net\/site\/#organization"},"potentialAction":[{"@type":"SearchAction","target":{"@type":"EntryPoint","urlTemplate":"https:\/\/www.oarcanjo.net\/site\/?s={search_term_string}"},"query-input":{"@type":"PropertyValueSpecification","valueRequired":true,"valueName":"search_term_string"}}],"inLanguage":"pt-BR"},{"@type":"Organization","@id":"https:\/\/www.oarcanjo.net\/site\/#organization","name":"Par\u00f3quia S\u00e3o Miguel Arcanjo","url":"https:\/\/www.oarcanjo.net\/site\/","logo":{"@type":"ImageObject","inLanguage":"pt-BR","@id":"https:\/\/www.oarcanjo.net\/site\/#\/schema\/logo\/image\/","url":"https:\/\/www.oarcanjo.net\/site\/wp-content\/uploads\/LogoOArcanjo.png","contentUrl":"https:\/\/www.oarcanjo.net\/site\/wp-content\/uploads\/LogoOArcanjo.png","width":319,"height":99,"caption":"Par\u00f3quia S\u00e3o Miguel Arcanjo"},"image":{"@id":"https:\/\/www.oarcanjo.net\/site\/#\/schema\/logo\/image\/"},"sameAs":["https:\/\/www.facebook.com\/OArcanjoNoAr\/"]},{"@type":"Person","@id":"https:\/\/www.oarcanjo.net\/site\/#\/schema\/person\/f7024d007863202483a31326673a0838","name":"editor","sameAs":["http:\/\/www.oarcanjo.net"]}]}},"publishpress_future_action":{"enabled":false,"date":"2026-05-09 01:04:27","action":"category","newStatus":"draft","terms":[],"taxonomy":"category"},"publishpress_future_workflow_manual_trigger":{"enabledWorkflows":[]},"_links":{"self":[{"href":"https:\/\/www.oarcanjo.net\/site\/wp-json\/wp\/v2\/posts\/4908"}],"collection":[{"href":"https:\/\/www.oarcanjo.net\/site\/wp-json\/wp\/v2\/posts"}],"about":[{"href":"https:\/\/www.oarcanjo.net\/site\/wp-json\/wp\/v2\/types\/post"}],"author":[{"embeddable":true,"href":"https:\/\/www.oarcanjo.net\/site\/wp-json\/wp\/v2\/users\/5"}],"replies":[{"embeddable":true,"href":"https:\/\/www.oarcanjo.net\/site\/wp-json\/wp\/v2\/comments?post=4908"}],"version-history":[{"count":0,"href":"https:\/\/www.oarcanjo.net\/site\/wp-json\/wp\/v2\/posts\/4908\/revisions"}],"wp:attachment":[{"href":"https:\/\/www.oarcanjo.net\/site\/wp-json\/wp\/v2\/media?parent=4908"}],"wp:term":[{"taxonomy":"category","embeddable":true,"href":"https:\/\/www.oarcanjo.net\/site\/wp-json\/wp\/v2\/categories?post=4908"},{"taxonomy":"post_tag","embeddable":true,"href":"https:\/\/www.oarcanjo.net\/site\/wp-json\/wp\/v2\/tags?post=4908"}],"curies":[{"name":"wp","href":"https:\/\/api.w.org\/{rel}","templated":true}]}}