
{"id":49115,"date":"2014-08-24T10:47:19","date_gmt":"2014-08-24T13:47:19","guid":{"rendered":"http:\/\/www.oarcanjo.net\/site\/?p=49115"},"modified":"2014-08-24T10:47:19","modified_gmt":"2014-08-24T13:47:19","slug":"cristaos-leigos-e-leigas","status":"publish","type":"post","link":"https:\/\/www.oarcanjo.net\/site\/cristaos-leigos-e-leigas\/","title":{"rendered":"Crist\u00e3os Leigos e Leigas"},"content":{"rendered":"<p><em>Dom Dem\u00e9trio Valentini<\/em><\/p>\n<p>Este quarto domingo de agosto \u00e9 dedicado aos leigos. A data chega bem, para situar uma iniciativa importante que est\u00e1 em andamento, relativa \u00e0 identidade eclesial e \u00e0 miss\u00e3o dos leigos.<\/p>\n<p>Trata-se do documento que est\u00e1 sendo constru\u00eddo pela CNBB, no qual se procura aprofundar e atualizar a compreens\u00e3o da vida e da miss\u00e3o dos leigos, na Igreja e na Sociedade.\u00a0 Ainda estamos em tempo de colaborar com nossas pondera\u00e7\u00f5es e sugest\u00f5es, para que o documento receba a aprova\u00e7\u00e3o oficial da CNBB na pr\u00f3xima assembl\u00e9ia, em abril do ano que vem.<\/p>\n<p>Este trabalho est\u00e1 sendo conduzido pela Comiss\u00e3o especial, nomeada pela CNBB, que conta sobretudo com a participa\u00e7\u00e3o de leigos, que recolhem as colabora\u00e7\u00f5es atrav\u00e9s das diversas inst\u00e2ncias da organiza\u00e7\u00e3o dos leigos, entre as quais se destaca o Conselho Nacional do Laicato do Brasil, com os respectivos Conselhos Regionais, a Assembl\u00e9ia Nacional dos Organismos do Povo de Deus, e outros.<\/p>\n<p>Por estas refer\u00eancias, j\u00e1 percebemos um fato muito promissor: os leigos est\u00e3o encontrando caminhos para se articularem, e para atuarem, seja no contexto da Igreja como da Sociedade.<\/p>\n<p><strong>Em termos de processo hist\u00f3rico, tomando como ponto de partida o Conc\u00edlio Vaticano II, percebemos uma cad\u00eancia interessante. S\u00e3o 50 anos do Conc\u00edlio, s\u00e3o 25 anos da Exorta\u00e7\u00e3o Christifidelis Laici, e s\u00e3o 15 anos do documento da CNBB sobre a Miss\u00e3o e os Minist\u00e9rios dos crist\u00e3os Leigos e Leigas.<\/strong><\/p>\n<p>Tudo parece pedir uma retomada das reflex\u00f5es, para situar de novo esta quest\u00e3o, atualizando-a face \u00e0s muitas mudan\u00e7as ocorridas depois do Conc\u00edlio.<\/p>\n<p>Uma boa aquisi\u00e7\u00e3o, fruto desta caminhada de reflex\u00e3o e de inser\u00e7\u00e3o dos leigos na vida e na miss\u00e3o da Igreja, foi a mudan\u00e7a sem\u00e2ntica, consignada a partir da Christifidelis Laici, que consistiu na invers\u00e3o de fun\u00e7\u00f5es liter\u00e1rias das palavras. O que era substantivo passou a adjetivo, e inversamente, o que era adjetivo foi guindado a substantivo. N\u00e3o se fala mais os \u201cleigos crist\u00e3os\u201d, mas em \u201ccrist\u00e3os leigos e leigas\u201d.<\/p>\n<p>Isto sinaliza uma vis\u00e3o teol\u00f3gica bem mais abrangente, decorrente da vis\u00e3o conciliar de \u201cIgreja Povo de Deus\u201d, em que todos, em primeiro lugar, somos crist\u00e3os, a t\u00edtulo igual, com a mesma dignidade e a mesma perten\u00e7a \u00e0 Igreja.<\/p>\n<p>A partir desta vis\u00e3o teol\u00f3gica de Igreja Povo de Deus foi se firmando a mudan\u00e7a de enfoque. O que nos identifica a todos, \u00e9 o fato primordial de todos sermos membros do Povo de Deus.\u00a0Esta nova \u00eanfase, suscitada nos embates teol\u00f3gicos do pr\u00f3prio Conc\u00edlio, permanece como a afirma\u00e7\u00e3o de maior potencial teol\u00f3gico do Conc\u00edlio Vaticano II. <strong>A partir dela se produziu o que o Cardeal D\u00f6fner qualificou como a \u201crevolu\u00e7\u00e3o copernicana\u201d na compreens\u00e3o da Igreja. Como Cop\u00e9rnico descobriu que era a terra que girava ao redor do sol, e n\u00e3o o contr\u00e1rio, assim na Igreja, \u00e9 a hierarquia que est\u00e1 a servi\u00e7o do Povo de Deus, e n\u00e3o o Povo de Deus que est\u00e1 ao servi\u00e7o da hierarquia.<\/strong><\/p>\n<p>Isto tudo tem suas consequ\u00eancias, que demandam tempo para serem assimiladas, e mais tempo ainda para serem implementadas.<\/p>\n<p>Por isto tudo \u00e9 conveniente voltarmos a refletir sobre a identidade e a miss\u00e3o pr\u00f3pria dos crist\u00e3os leigos e leigas, sobre quem mais incidiu esta \u201crevolu\u00e7\u00e3o teol\u00f3gica\u201d causada pela eclesiologia conciliar.<\/p>\n<p>Mas para isto, a melhor maneira \u00e9 conferir de perto como est\u00e1 sendo preparado este novo texto, para o qual ainda podemos colaborar.<\/p>\n<p>O fundamento j\u00e1 est\u00e1 lan\u00e7ado: em primeiro lugar, somos todos crist\u00e3os. A partir da\u00ed, cada um veja como qualifica esta realidade substantiva.<\/p>\n<div id=\"themify_builder_content-49115\" data-postid=\"49115\" class=\"themify_builder_content themify_builder_content-49115 themify_builder themify_builder_front\">\n\t<\/div>\n<!-- \/themify_builder_content -->","protected":false},"excerpt":{"rendered":"<p>Dom Dem\u00e9trio Valentini Este quarto domingo de agosto \u00e9 dedicado aos leigos. A data chega bem, para situar uma iniciativa importante que est\u00e1 em andamento, relativa \u00e0 identidade eclesial e \u00e0 miss\u00e3o dos leigos. Trata-se do documento que est\u00e1 sendo constru\u00eddo pela CNBB, no qual se procura aprofundar e atualizar a compreens\u00e3o da vida e [&hellip;]<\/p>\n","protected":false},"author":5,"featured_media":0,"comment_status":"open","ping_status":"open","sticky":false,"template":"","format":"standard","meta":{"ngg_post_thumbnail":0,"footnotes":""},"categories":[9],"tags":[3113,2049],"yoast_head":"<!-- This site is optimized with the Yoast SEO plugin v23.5 - https:\/\/yoast.com\/wordpress\/plugins\/seo\/ -->\n<title>Crist\u00e3os Leigos e Leigas - O Arcanjo no ar<\/title>\n<meta name=\"robots\" content=\"index, follow, max-snippet:-1, max-image-preview:large, max-video-preview:-1\" \/>\n<link rel=\"canonical\" href=\"https:\/\/www.oarcanjo.net\/site\/cristaos-leigos-e-leigas\/\" \/>\n<meta property=\"og:locale\" content=\"pt_BR\" \/>\n<meta property=\"og:type\" content=\"article\" \/>\n<meta property=\"og:title\" content=\"Crist\u00e3os Leigos e Leigas - O Arcanjo no ar\" \/>\n<meta property=\"og:description\" content=\"Dom Dem\u00e9trio Valentini Este quarto domingo de agosto \u00e9 dedicado aos leigos. A data chega bem, para situar uma iniciativa importante que est\u00e1 em andamento, relativa \u00e0 identidade eclesial e \u00e0 miss\u00e3o dos leigos. Trata-se do documento que est\u00e1 sendo constru\u00eddo pela CNBB, no qual se procura aprofundar e atualizar a compreens\u00e3o da vida e [&hellip;]\" \/>\n<meta property=\"og:url\" content=\"https:\/\/www.oarcanjo.net\/site\/cristaos-leigos-e-leigas\/\" \/>\n<meta property=\"og:site_name\" content=\"O Arcanjo no ar\" \/>\n<meta property=\"article:publisher\" content=\"https:\/\/www.facebook.com\/OArcanjoNoAr\/\" \/>\n<meta property=\"article:published_time\" content=\"2014-08-24T13:47:19+00:00\" \/>\n<meta property=\"og:image\" content=\"https:\/\/www.oarcanjo.net\/site\/wp-content\/uploads\/logo-o-arcanjo-no-ar-facebook.png\" \/>\n\t<meta property=\"og:image:width\" content=\"300\" \/>\n\t<meta property=\"og:image:height\" content=\"300\" \/>\n\t<meta property=\"og:image:type\" content=\"image\/png\" \/>\n<meta name=\"author\" content=\"editor\" \/>\n<meta name=\"twitter:card\" content=\"summary_large_image\" \/>\n<meta name=\"twitter:label1\" content=\"Escrito por\" \/>\n\t<meta name=\"twitter:data1\" content=\"editor\" \/>\n\t<meta name=\"twitter:label2\" content=\"Est. tempo de leitura\" \/>\n\t<meta name=\"twitter:data2\" content=\"3 minutos\" \/>\n<script type=\"application\/ld+json\" class=\"yoast-schema-graph\">{\"@context\":\"https:\/\/schema.org\",\"@graph\":[{\"@type\":\"Article\",\"@id\":\"https:\/\/www.oarcanjo.net\/site\/cristaos-leigos-e-leigas\/#article\",\"isPartOf\":{\"@id\":\"https:\/\/www.oarcanjo.net\/site\/cristaos-leigos-e-leigas\/\"},\"author\":{\"name\":\"editor\",\"@id\":\"https:\/\/www.oarcanjo.net\/site\/#\/schema\/person\/f7024d007863202483a31326673a0838\"},\"headline\":\"Crist\u00e3os Leigos e Leigas\",\"datePublished\":\"2014-08-24T13:47:19+00:00\",\"dateModified\":\"2014-08-24T13:47:19+00:00\",\"mainEntityOfPage\":{\"@id\":\"https:\/\/www.oarcanjo.net\/site\/cristaos-leigos-e-leigas\/\"},\"wordCount\":644,\"commentCount\":0,\"publisher\":{\"@id\":\"https:\/\/www.oarcanjo.net\/site\/#organization\"},\"keywords\":[\"Leigas\",\"Leigos\"],\"articleSection\":[\"Reflex\u00f5es\"],\"inLanguage\":\"pt-BR\",\"potentialAction\":[{\"@type\":\"CommentAction\",\"name\":\"Comment\",\"target\":[\"https:\/\/www.oarcanjo.net\/site\/cristaos-leigos-e-leigas\/#respond\"]}]},{\"@type\":\"WebPage\",\"@id\":\"https:\/\/www.oarcanjo.net\/site\/cristaos-leigos-e-leigas\/\",\"url\":\"https:\/\/www.oarcanjo.net\/site\/cristaos-leigos-e-leigas\/\",\"name\":\"Crist\u00e3os Leigos e Leigas - O Arcanjo no ar\",\"isPartOf\":{\"@id\":\"https:\/\/www.oarcanjo.net\/site\/#website\"},\"datePublished\":\"2014-08-24T13:47:19+00:00\",\"dateModified\":\"2014-08-24T13:47:19+00:00\",\"breadcrumb\":{\"@id\":\"https:\/\/www.oarcanjo.net\/site\/cristaos-leigos-e-leigas\/#breadcrumb\"},\"inLanguage\":\"pt-BR\",\"potentialAction\":[{\"@type\":\"ReadAction\",\"target\":[\"https:\/\/www.oarcanjo.net\/site\/cristaos-leigos-e-leigas\/\"]}]},{\"@type\":\"BreadcrumbList\",\"@id\":\"https:\/\/www.oarcanjo.net\/site\/cristaos-leigos-e-leigas\/#breadcrumb\",\"itemListElement\":[{\"@type\":\"ListItem\",\"position\":1,\"name\":\"In\u00edcio\",\"item\":\"https:\/\/www.oarcanjo.net\/site\/\"},{\"@type\":\"ListItem\",\"position\":2,\"name\":\"Crist\u00e3os Leigos e Leigas\"}]},{\"@type\":\"WebSite\",\"@id\":\"https:\/\/www.oarcanjo.net\/site\/#website\",\"url\":\"https:\/\/www.oarcanjo.net\/site\/\",\"name\":\"O Arcanjo no ar\",\"description\":\"Site da Par\u00f3quia S\u00e3o Miguel Arcanjo (Arquidiocese de SP)\",\"publisher\":{\"@id\":\"https:\/\/www.oarcanjo.net\/site\/#organization\"},\"potentialAction\":[{\"@type\":\"SearchAction\",\"target\":{\"@type\":\"EntryPoint\",\"urlTemplate\":\"https:\/\/www.oarcanjo.net\/site\/?s={search_term_string}\"},\"query-input\":{\"@type\":\"PropertyValueSpecification\",\"valueRequired\":true,\"valueName\":\"search_term_string\"}}],\"inLanguage\":\"pt-BR\"},{\"@type\":\"Organization\",\"@id\":\"https:\/\/www.oarcanjo.net\/site\/#organization\",\"name\":\"Par\u00f3quia S\u00e3o Miguel Arcanjo\",\"url\":\"https:\/\/www.oarcanjo.net\/site\/\",\"logo\":{\"@type\":\"ImageObject\",\"inLanguage\":\"pt-BR\",\"@id\":\"https:\/\/www.oarcanjo.net\/site\/#\/schema\/logo\/image\/\",\"url\":\"https:\/\/www.oarcanjo.net\/site\/wp-content\/uploads\/LogoOArcanjo.png\",\"contentUrl\":\"https:\/\/www.oarcanjo.net\/site\/wp-content\/uploads\/LogoOArcanjo.png\",\"width\":319,\"height\":99,\"caption\":\"Par\u00f3quia S\u00e3o Miguel Arcanjo\"},\"image\":{\"@id\":\"https:\/\/www.oarcanjo.net\/site\/#\/schema\/logo\/image\/\"},\"sameAs\":[\"https:\/\/www.facebook.com\/OArcanjoNoAr\/\"]},{\"@type\":\"Person\",\"@id\":\"https:\/\/www.oarcanjo.net\/site\/#\/schema\/person\/f7024d007863202483a31326673a0838\",\"name\":\"editor\",\"sameAs\":[\"http:\/\/www.oarcanjo.net\"]}]}<\/script>\n<!-- \/ Yoast SEO plugin. -->","yoast_head_json":{"title":"Crist\u00e3os Leigos e Leigas - O Arcanjo no ar","robots":{"index":"index","follow":"follow","max-snippet":"max-snippet:-1","max-image-preview":"max-image-preview:large","max-video-preview":"max-video-preview:-1"},"canonical":"https:\/\/www.oarcanjo.net\/site\/cristaos-leigos-e-leigas\/","og_locale":"pt_BR","og_type":"article","og_title":"Crist\u00e3os Leigos e Leigas - O Arcanjo no ar","og_description":"Dom Dem\u00e9trio Valentini Este quarto domingo de agosto \u00e9 dedicado aos leigos. A data chega bem, para situar uma iniciativa importante que est\u00e1 em andamento, relativa \u00e0 identidade eclesial e \u00e0 miss\u00e3o dos leigos. Trata-se do documento que est\u00e1 sendo constru\u00eddo pela CNBB, no qual se procura aprofundar e atualizar a compreens\u00e3o da vida e [&hellip;]","og_url":"https:\/\/www.oarcanjo.net\/site\/cristaos-leigos-e-leigas\/","og_site_name":"O Arcanjo no ar","article_publisher":"https:\/\/www.facebook.com\/OArcanjoNoAr\/","article_published_time":"2014-08-24T13:47:19+00:00","og_image":[{"width":300,"height":300,"url":"https:\/\/www.oarcanjo.net\/site\/wp-content\/uploads\/logo-o-arcanjo-no-ar-facebook.png","type":"image\/png"}],"author":"editor","twitter_card":"summary_large_image","twitter_misc":{"Escrito por":"editor","Est. tempo de leitura":"3 minutos"},"schema":{"@context":"https:\/\/schema.org","@graph":[{"@type":"Article","@id":"https:\/\/www.oarcanjo.net\/site\/cristaos-leigos-e-leigas\/#article","isPartOf":{"@id":"https:\/\/www.oarcanjo.net\/site\/cristaos-leigos-e-leigas\/"},"author":{"name":"editor","@id":"https:\/\/www.oarcanjo.net\/site\/#\/schema\/person\/f7024d007863202483a31326673a0838"},"headline":"Crist\u00e3os Leigos e Leigas","datePublished":"2014-08-24T13:47:19+00:00","dateModified":"2014-08-24T13:47:19+00:00","mainEntityOfPage":{"@id":"https:\/\/www.oarcanjo.net\/site\/cristaos-leigos-e-leigas\/"},"wordCount":644,"commentCount":0,"publisher":{"@id":"https:\/\/www.oarcanjo.net\/site\/#organization"},"keywords":["Leigas","Leigos"],"articleSection":["Reflex\u00f5es"],"inLanguage":"pt-BR","potentialAction":[{"@type":"CommentAction","name":"Comment","target":["https:\/\/www.oarcanjo.net\/site\/cristaos-leigos-e-leigas\/#respond"]}]},{"@type":"WebPage","@id":"https:\/\/www.oarcanjo.net\/site\/cristaos-leigos-e-leigas\/","url":"https:\/\/www.oarcanjo.net\/site\/cristaos-leigos-e-leigas\/","name":"Crist\u00e3os Leigos e Leigas - O Arcanjo no ar","isPartOf":{"@id":"https:\/\/www.oarcanjo.net\/site\/#website"},"datePublished":"2014-08-24T13:47:19+00:00","dateModified":"2014-08-24T13:47:19+00:00","breadcrumb":{"@id":"https:\/\/www.oarcanjo.net\/site\/cristaos-leigos-e-leigas\/#breadcrumb"},"inLanguage":"pt-BR","potentialAction":[{"@type":"ReadAction","target":["https:\/\/www.oarcanjo.net\/site\/cristaos-leigos-e-leigas\/"]}]},{"@type":"BreadcrumbList","@id":"https:\/\/www.oarcanjo.net\/site\/cristaos-leigos-e-leigas\/#breadcrumb","itemListElement":[{"@type":"ListItem","position":1,"name":"In\u00edcio","item":"https:\/\/www.oarcanjo.net\/site\/"},{"@type":"ListItem","position":2,"name":"Crist\u00e3os Leigos e Leigas"}]},{"@type":"WebSite","@id":"https:\/\/www.oarcanjo.net\/site\/#website","url":"https:\/\/www.oarcanjo.net\/site\/","name":"O Arcanjo no ar","description":"Site da Par\u00f3quia S\u00e3o Miguel Arcanjo (Arquidiocese de SP)","publisher":{"@id":"https:\/\/www.oarcanjo.net\/site\/#organization"},"potentialAction":[{"@type":"SearchAction","target":{"@type":"EntryPoint","urlTemplate":"https:\/\/www.oarcanjo.net\/site\/?s={search_term_string}"},"query-input":{"@type":"PropertyValueSpecification","valueRequired":true,"valueName":"search_term_string"}}],"inLanguage":"pt-BR"},{"@type":"Organization","@id":"https:\/\/www.oarcanjo.net\/site\/#organization","name":"Par\u00f3quia S\u00e3o Miguel Arcanjo","url":"https:\/\/www.oarcanjo.net\/site\/","logo":{"@type":"ImageObject","inLanguage":"pt-BR","@id":"https:\/\/www.oarcanjo.net\/site\/#\/schema\/logo\/image\/","url":"https:\/\/www.oarcanjo.net\/site\/wp-content\/uploads\/LogoOArcanjo.png","contentUrl":"https:\/\/www.oarcanjo.net\/site\/wp-content\/uploads\/LogoOArcanjo.png","width":319,"height":99,"caption":"Par\u00f3quia S\u00e3o Miguel Arcanjo"},"image":{"@id":"https:\/\/www.oarcanjo.net\/site\/#\/schema\/logo\/image\/"},"sameAs":["https:\/\/www.facebook.com\/OArcanjoNoAr\/"]},{"@type":"Person","@id":"https:\/\/www.oarcanjo.net\/site\/#\/schema\/person\/f7024d007863202483a31326673a0838","name":"editor","sameAs":["http:\/\/www.oarcanjo.net"]}]}},"publishpress_future_action":{"enabled":false,"date":"2026-05-08 20:07:45","action":"category","newStatus":"draft","terms":[],"taxonomy":"category"},"publishpress_future_workflow_manual_trigger":{"enabledWorkflows":[]},"_links":{"self":[{"href":"https:\/\/www.oarcanjo.net\/site\/wp-json\/wp\/v2\/posts\/49115"}],"collection":[{"href":"https:\/\/www.oarcanjo.net\/site\/wp-json\/wp\/v2\/posts"}],"about":[{"href":"https:\/\/www.oarcanjo.net\/site\/wp-json\/wp\/v2\/types\/post"}],"author":[{"embeddable":true,"href":"https:\/\/www.oarcanjo.net\/site\/wp-json\/wp\/v2\/users\/5"}],"replies":[{"embeddable":true,"href":"https:\/\/www.oarcanjo.net\/site\/wp-json\/wp\/v2\/comments?post=49115"}],"version-history":[{"count":0,"href":"https:\/\/www.oarcanjo.net\/site\/wp-json\/wp\/v2\/posts\/49115\/revisions"}],"wp:attachment":[{"href":"https:\/\/www.oarcanjo.net\/site\/wp-json\/wp\/v2\/media?parent=49115"}],"wp:term":[{"taxonomy":"category","embeddable":true,"href":"https:\/\/www.oarcanjo.net\/site\/wp-json\/wp\/v2\/categories?post=49115"},{"taxonomy":"post_tag","embeddable":true,"href":"https:\/\/www.oarcanjo.net\/site\/wp-json\/wp\/v2\/tags?post=49115"}],"curies":[{"name":"wp","href":"https:\/\/api.w.org\/{rel}","templated":true}]}}