
{"id":49340,"date":"2014-08-24T23:30:53","date_gmt":"2014-08-25T02:30:53","guid":{"rendered":"http:\/\/www.oarcanjo.net\/site\/?p=49340"},"modified":"2014-08-25T23:40:24","modified_gmt":"2014-08-26T02:40:24","slug":"sao-jose-de-anchieta","status":"publish","type":"post","link":"https:\/\/www.oarcanjo.net\/site\/sao-jose-de-anchieta\/","title":{"rendered":"S\u00e3o Jos\u00e9 de Anchieta"},"content":{"rendered":"<p style=\"text-align: justify;\">S\u00e3o Jos\u00e9 de Anchieta tem o carinho especial da Comunidade S\u00e3o Miguel Arcanjo. Neste domingo, 24\/08\/14, todos receberam cart\u00f5es disponibilizados pela Arquidiocese de S\u00e3o Paulo, com a ora\u00e7\u00e3o desse nosso querido e destacado santo. \u00e3o<\/p>\n<p style=\"text-align: justify;\">Na missa das 18hs na Par\u00f3quia S\u00e3o Miguel Arcanjo, o destaque para esse presente de Dom Odilo e mais explica\u00e7\u00f5es sobre o cart\u00e3o.<\/p>\n<p style=\"text-align: justify;\">\n<div class=\"post-embed\">\n<blockquote data-secret=\"DOwR2iygDS\" class=\"wp-embedded-content\"><p><a href=\"http:\/\/www.oarcanjo.net\/site\/index.php\/noticias\/pe-julio-fala-sobre-ameacas-que-recebeu-pela-internet\/\">Pe. Julio fala sobre amea\u00e7as que recebeu pela Internet<\/a><\/p><\/blockquote>\n<p><iframe class=\"wp-embedded-content\" sandbox=\"allow-scripts\" security=\"restricted\" style=\"position: absolute; clip: rect(1px, 1px, 1px, 1px);\" src=\"http:\/\/www.oarcanjo.net\/site\/index.php\/noticias\/pe-julio-fala-sobre-ameacas-que-recebeu-pela-internet\/embed\/#?secret=DOwR2iygDS\" data-secret=\"DOwR2iygDS\" width=\"500\" height=\"282\" title=\"&#8220;Pe. Julio fala sobre amea\u00e7as que recebeu pela Internet&#8221; &#8212; O Arcanjo no ar\" frameborder=\"0\" marginwidth=\"0\" marginheight=\"0\" scrolling=\"no\"><\/iframe><\/div>\n<\/p>\n<p style=\"text-align: justify;\">Vejam as fotos da Capela S\u00e3o Judas Tadeu<\/p>\n<p style=\"text-align: justify;\"><a href=\"http:\/\/www.oarcanjo.net\/site\/wp-content\/uploads\/IMG_0730.jpg\"><img loading=\"lazy\" decoding=\"async\" class=\"alignright size-medium wp-image-49342\" src=\"http:\/\/www.oarcanjo.net\/site\/wp-content\/uploads\/IMG_0730-300x200.jpg\" alt=\"IMG_0730\" width=\"300\" height=\"200\" srcset=\"https:\/\/www.oarcanjo.net\/site\/wp-content\/uploads\/IMG_0730-300x200.jpg 300w, https:\/\/www.oarcanjo.net\/site\/wp-content\/uploads\/IMG_0730.jpg 645w\" sizes=\"(max-width: 300px) 100vw, 300px\" \/><\/a> <a href=\"http:\/\/www.oarcanjo.net\/site\/wp-content\/uploads\/IMG_0732.jpg\"><img loading=\"lazy\" decoding=\"async\" class=\"alignright size-medium wp-image-49343\" src=\"http:\/\/www.oarcanjo.net\/site\/wp-content\/uploads\/IMG_0732-300x200.jpg\" alt=\"IMG_0732\" width=\"300\" height=\"200\" srcset=\"https:\/\/www.oarcanjo.net\/site\/wp-content\/uploads\/IMG_0732-300x200.jpg 300w, https:\/\/www.oarcanjo.net\/site\/wp-content\/uploads\/IMG_0732.jpg 645w\" sizes=\"(max-width: 300px) 100vw, 300px\" \/><\/a> <a href=\"http:\/\/www.oarcanjo.net\/site\/wp-content\/uploads\/IMG_0764.jpg\"><img loading=\"lazy\" decoding=\"async\" class=\"alignright size-medium wp-image-49344\" src=\"http:\/\/www.oarcanjo.net\/site\/wp-content\/uploads\/IMG_0764-300x200.jpg\" alt=\"IMG_0764\" width=\"300\" height=\"200\" srcset=\"https:\/\/www.oarcanjo.net\/site\/wp-content\/uploads\/IMG_0764-300x200.jpg 300w, https:\/\/www.oarcanjo.net\/site\/wp-content\/uploads\/IMG_0764.jpg 645w\" sizes=\"(max-width: 300px) 100vw, 300px\" \/><\/a> <a href=\"http:\/\/www.oarcanjo.net\/site\/wp-content\/uploads\/IMG_0765.jpg\"><img loading=\"lazy\" decoding=\"async\" class=\"alignright size-medium wp-image-49345\" src=\"http:\/\/www.oarcanjo.net\/site\/wp-content\/uploads\/IMG_0765-300x200.jpg\" alt=\"IMG_0765\" width=\"300\" height=\"200\" srcset=\"https:\/\/www.oarcanjo.net\/site\/wp-content\/uploads\/IMG_0765-300x200.jpg 300w, https:\/\/www.oarcanjo.net\/site\/wp-content\/uploads\/IMG_0765.jpg 645w\" sizes=\"(max-width: 300px) 100vw, 300px\" \/><\/a><a href=\"http:\/\/www.oarcanjo.net\/site\/wp-content\/uploads\/IMG_0724.jpg\"><img loading=\"lazy\" decoding=\"async\" class=\"alignleft size-medium wp-image-49341\" src=\"http:\/\/www.oarcanjo.net\/site\/wp-content\/uploads\/IMG_0724-300x200.jpg\" alt=\"IMG_0724\" width=\"300\" height=\"200\" srcset=\"https:\/\/www.oarcanjo.net\/site\/wp-content\/uploads\/IMG_0724-300x200.jpg 300w, https:\/\/www.oarcanjo.net\/site\/wp-content\/uploads\/IMG_0724.jpg 645w\" sizes=\"(max-width: 300px) 100vw, 300px\" \/><\/a><\/p>\n<div id=\"themify_builder_content-49340\" data-postid=\"49340\" class=\"themify_builder_content themify_builder_content-49340 themify_builder themify_builder_front\">\n\t<\/div>\n<!-- \/themify_builder_content -->","protected":false},"excerpt":{"rendered":"<p>S\u00e3o Jos\u00e9 de Anchieta tem o carinho especial da Comunidade S\u00e3o Miguel Arcanjo. Neste domingo, 24\/08\/14, todos receberam cart\u00f5es disponibilizados pela Arquidiocese de S\u00e3o Paulo, com a ora\u00e7\u00e3o desse nosso querido e destacado santo. \u00e3o Na missa das 18hs na Par\u00f3quia S\u00e3o Miguel Arcanjo, o destaque para esse presente de Dom Odilo e mais explica\u00e7\u00f5es [&hellip;]<\/p>\n","protected":false},"author":10,"featured_media":0,"comment_status":"open","ping_status":"open","sticky":false,"template":"","format":"standard","meta":{"ngg_post_thumbnail":0,"footnotes":""},"categories":[8],"tags":[],"yoast_head":"<!-- This site is optimized with the Yoast SEO plugin v23.5 - https:\/\/yoast.com\/wordpress\/plugins\/seo\/ -->\n<title>S\u00e3o Jos\u00e9 de Anchieta - O Arcanjo no ar<\/title>\n<meta name=\"robots\" content=\"index, follow, max-snippet:-1, max-image-preview:large, max-video-preview:-1\" \/>\n<link rel=\"canonical\" href=\"https:\/\/www.oarcanjo.net\/site\/sao-jose-de-anchieta\/\" \/>\n<meta property=\"og:locale\" content=\"pt_BR\" \/>\n<meta property=\"og:type\" content=\"article\" \/>\n<meta property=\"og:title\" content=\"S\u00e3o Jos\u00e9 de Anchieta - O Arcanjo no ar\" \/>\n<meta property=\"og:description\" content=\"S\u00e3o Jos\u00e9 de Anchieta tem o carinho especial da Comunidade S\u00e3o Miguel Arcanjo. Neste domingo, 24\/08\/14, todos receberam cart\u00f5es disponibilizados pela Arquidiocese de S\u00e3o Paulo, com a ora\u00e7\u00e3o desse nosso querido e destacado santo. \u00e3o Na missa das 18hs na Par\u00f3quia S\u00e3o Miguel Arcanjo, o destaque para esse presente de Dom Odilo e mais explica\u00e7\u00f5es [&hellip;]\" \/>\n<meta property=\"og:url\" content=\"https:\/\/www.oarcanjo.net\/site\/sao-jose-de-anchieta\/\" \/>\n<meta property=\"og:site_name\" content=\"O Arcanjo no ar\" \/>\n<meta property=\"article:publisher\" content=\"https:\/\/www.facebook.com\/OArcanjoNoAr\/\" \/>\n<meta property=\"article:published_time\" content=\"2014-08-25T02:30:53+00:00\" \/>\n<meta property=\"article:modified_time\" content=\"2014-08-26T02:40:24+00:00\" \/>\n<meta property=\"og:image\" content=\"http:\/\/www.oarcanjo.net\/site\/wp-content\/uploads\/IMG_0730-300x200.jpg\" \/>\n<meta name=\"author\" content=\"carlos\" \/>\n<meta name=\"twitter:card\" content=\"summary_large_image\" \/>\n<meta name=\"twitter:label1\" content=\"Escrito por\" \/>\n\t<meta name=\"twitter:data1\" content=\"carlos\" \/>\n<script type=\"application\/ld+json\" class=\"yoast-schema-graph\">{\"@context\":\"https:\/\/schema.org\",\"@graph\":[{\"@type\":\"Article\",\"@id\":\"https:\/\/www.oarcanjo.net\/site\/sao-jose-de-anchieta\/#article\",\"isPartOf\":{\"@id\":\"https:\/\/www.oarcanjo.net\/site\/sao-jose-de-anchieta\/\"},\"author\":{\"name\":\"carlos\",\"@id\":\"https:\/\/www.oarcanjo.net\/site\/#\/schema\/person\/f7870e710d8c8c30673de3a0ac2e451d\"},\"headline\":\"S\u00e3o Jos\u00e9 de Anchieta\",\"datePublished\":\"2014-08-25T02:30:53+00:00\",\"dateModified\":\"2014-08-26T02:40:24+00:00\",\"mainEntityOfPage\":{\"@id\":\"https:\/\/www.oarcanjo.net\/site\/sao-jose-de-anchieta\/\"},\"wordCount\":93,\"commentCount\":1,\"publisher\":{\"@id\":\"https:\/\/www.oarcanjo.net\/site\/#organization\"},\"image\":{\"@id\":\"https:\/\/www.oarcanjo.net\/site\/sao-jose-de-anchieta\/#primaryimage\"},\"thumbnailUrl\":\"http:\/\/www.oarcanjo.net\/site\/wp-content\/uploads\/IMG_0730-300x200.jpg\",\"articleSection\":[\"Not\u00edcias\"],\"inLanguage\":\"pt-BR\",\"potentialAction\":[{\"@type\":\"CommentAction\",\"name\":\"Comment\",\"target\":[\"https:\/\/www.oarcanjo.net\/site\/sao-jose-de-anchieta\/#respond\"]}]},{\"@type\":\"WebPage\",\"@id\":\"https:\/\/www.oarcanjo.net\/site\/sao-jose-de-anchieta\/\",\"url\":\"https:\/\/www.oarcanjo.net\/site\/sao-jose-de-anchieta\/\",\"name\":\"S\u00e3o Jos\u00e9 de Anchieta - O Arcanjo no ar\",\"isPartOf\":{\"@id\":\"https:\/\/www.oarcanjo.net\/site\/#website\"},\"primaryImageOfPage\":{\"@id\":\"https:\/\/www.oarcanjo.net\/site\/sao-jose-de-anchieta\/#primaryimage\"},\"image\":{\"@id\":\"https:\/\/www.oarcanjo.net\/site\/sao-jose-de-anchieta\/#primaryimage\"},\"thumbnailUrl\":\"http:\/\/www.oarcanjo.net\/site\/wp-content\/uploads\/IMG_0730-300x200.jpg\",\"datePublished\":\"2014-08-25T02:30:53+00:00\",\"dateModified\":\"2014-08-26T02:40:24+00:00\",\"breadcrumb\":{\"@id\":\"https:\/\/www.oarcanjo.net\/site\/sao-jose-de-anchieta\/#breadcrumb\"},\"inLanguage\":\"pt-BR\",\"potentialAction\":[{\"@type\":\"ReadAction\",\"target\":[\"https:\/\/www.oarcanjo.net\/site\/sao-jose-de-anchieta\/\"]}]},{\"@type\":\"ImageObject\",\"inLanguage\":\"pt-BR\",\"@id\":\"https:\/\/www.oarcanjo.net\/site\/sao-jose-de-anchieta\/#primaryimage\",\"url\":\"https:\/\/www.oarcanjo.net\/site\/wp-content\/uploads\/IMG_0730.jpg\",\"contentUrl\":\"https:\/\/www.oarcanjo.net\/site\/wp-content\/uploads\/IMG_0730.jpg\",\"width\":645,\"height\":431},{\"@type\":\"BreadcrumbList\",\"@id\":\"https:\/\/www.oarcanjo.net\/site\/sao-jose-de-anchieta\/#breadcrumb\",\"itemListElement\":[{\"@type\":\"ListItem\",\"position\":1,\"name\":\"In\u00edcio\",\"item\":\"https:\/\/www.oarcanjo.net\/site\/\"},{\"@type\":\"ListItem\",\"position\":2,\"name\":\"S\u00e3o Jos\u00e9 de Anchieta\"}]},{\"@type\":\"WebSite\",\"@id\":\"https:\/\/www.oarcanjo.net\/site\/#website\",\"url\":\"https:\/\/www.oarcanjo.net\/site\/\",\"name\":\"O Arcanjo no ar\",\"description\":\"Site da Par\u00f3quia S\u00e3o Miguel Arcanjo (Arquidiocese de SP)\",\"publisher\":{\"@id\":\"https:\/\/www.oarcanjo.net\/site\/#organization\"},\"potentialAction\":[{\"@type\":\"SearchAction\",\"target\":{\"@type\":\"EntryPoint\",\"urlTemplate\":\"https:\/\/www.oarcanjo.net\/site\/?s={search_term_string}\"},\"query-input\":{\"@type\":\"PropertyValueSpecification\",\"valueRequired\":true,\"valueName\":\"search_term_string\"}}],\"inLanguage\":\"pt-BR\"},{\"@type\":\"Organization\",\"@id\":\"https:\/\/www.oarcanjo.net\/site\/#organization\",\"name\":\"Par\u00f3quia S\u00e3o Miguel Arcanjo\",\"url\":\"https:\/\/www.oarcanjo.net\/site\/\",\"logo\":{\"@type\":\"ImageObject\",\"inLanguage\":\"pt-BR\",\"@id\":\"https:\/\/www.oarcanjo.net\/site\/#\/schema\/logo\/image\/\",\"url\":\"https:\/\/www.oarcanjo.net\/site\/wp-content\/uploads\/LogoOArcanjo.png\",\"contentUrl\":\"https:\/\/www.oarcanjo.net\/site\/wp-content\/uploads\/LogoOArcanjo.png\",\"width\":319,\"height\":99,\"caption\":\"Par\u00f3quia S\u00e3o Miguel Arcanjo\"},\"image\":{\"@id\":\"https:\/\/www.oarcanjo.net\/site\/#\/schema\/logo\/image\/\"},\"sameAs\":[\"https:\/\/www.facebook.com\/OArcanjoNoAr\/\"]},{\"@type\":\"Person\",\"@id\":\"https:\/\/www.oarcanjo.net\/site\/#\/schema\/person\/f7870e710d8c8c30673de3a0ac2e451d\",\"name\":\"carlos\"}]}<\/script>\n<!-- \/ Yoast SEO plugin. -->","yoast_head_json":{"title":"S\u00e3o Jos\u00e9 de Anchieta - O Arcanjo no ar","robots":{"index":"index","follow":"follow","max-snippet":"max-snippet:-1","max-image-preview":"max-image-preview:large","max-video-preview":"max-video-preview:-1"},"canonical":"https:\/\/www.oarcanjo.net\/site\/sao-jose-de-anchieta\/","og_locale":"pt_BR","og_type":"article","og_title":"S\u00e3o Jos\u00e9 de Anchieta - O Arcanjo no ar","og_description":"S\u00e3o Jos\u00e9 de Anchieta tem o carinho especial da Comunidade S\u00e3o Miguel Arcanjo. Neste domingo, 24\/08\/14, todos receberam cart\u00f5es disponibilizados pela Arquidiocese de S\u00e3o Paulo, com a ora\u00e7\u00e3o desse nosso querido e destacado santo. \u00e3o Na missa das 18hs na Par\u00f3quia S\u00e3o Miguel Arcanjo, o destaque para esse presente de Dom Odilo e mais explica\u00e7\u00f5es [&hellip;]","og_url":"https:\/\/www.oarcanjo.net\/site\/sao-jose-de-anchieta\/","og_site_name":"O Arcanjo no ar","article_publisher":"https:\/\/www.facebook.com\/OArcanjoNoAr\/","article_published_time":"2014-08-25T02:30:53+00:00","article_modified_time":"2014-08-26T02:40:24+00:00","og_image":[{"url":"http:\/\/www.oarcanjo.net\/site\/wp-content\/uploads\/IMG_0730-300x200.jpg"}],"author":"carlos","twitter_card":"summary_large_image","twitter_misc":{"Escrito por":"carlos"},"schema":{"@context":"https:\/\/schema.org","@graph":[{"@type":"Article","@id":"https:\/\/www.oarcanjo.net\/site\/sao-jose-de-anchieta\/#article","isPartOf":{"@id":"https:\/\/www.oarcanjo.net\/site\/sao-jose-de-anchieta\/"},"author":{"name":"carlos","@id":"https:\/\/www.oarcanjo.net\/site\/#\/schema\/person\/f7870e710d8c8c30673de3a0ac2e451d"},"headline":"S\u00e3o Jos\u00e9 de Anchieta","datePublished":"2014-08-25T02:30:53+00:00","dateModified":"2014-08-26T02:40:24+00:00","mainEntityOfPage":{"@id":"https:\/\/www.oarcanjo.net\/site\/sao-jose-de-anchieta\/"},"wordCount":93,"commentCount":1,"publisher":{"@id":"https:\/\/www.oarcanjo.net\/site\/#organization"},"image":{"@id":"https:\/\/www.oarcanjo.net\/site\/sao-jose-de-anchieta\/#primaryimage"},"thumbnailUrl":"http:\/\/www.oarcanjo.net\/site\/wp-content\/uploads\/IMG_0730-300x200.jpg","articleSection":["Not\u00edcias"],"inLanguage":"pt-BR","potentialAction":[{"@type":"CommentAction","name":"Comment","target":["https:\/\/www.oarcanjo.net\/site\/sao-jose-de-anchieta\/#respond"]}]},{"@type":"WebPage","@id":"https:\/\/www.oarcanjo.net\/site\/sao-jose-de-anchieta\/","url":"https:\/\/www.oarcanjo.net\/site\/sao-jose-de-anchieta\/","name":"S\u00e3o Jos\u00e9 de Anchieta - O Arcanjo no ar","isPartOf":{"@id":"https:\/\/www.oarcanjo.net\/site\/#website"},"primaryImageOfPage":{"@id":"https:\/\/www.oarcanjo.net\/site\/sao-jose-de-anchieta\/#primaryimage"},"image":{"@id":"https:\/\/www.oarcanjo.net\/site\/sao-jose-de-anchieta\/#primaryimage"},"thumbnailUrl":"http:\/\/www.oarcanjo.net\/site\/wp-content\/uploads\/IMG_0730-300x200.jpg","datePublished":"2014-08-25T02:30:53+00:00","dateModified":"2014-08-26T02:40:24+00:00","breadcrumb":{"@id":"https:\/\/www.oarcanjo.net\/site\/sao-jose-de-anchieta\/#breadcrumb"},"inLanguage":"pt-BR","potentialAction":[{"@type":"ReadAction","target":["https:\/\/www.oarcanjo.net\/site\/sao-jose-de-anchieta\/"]}]},{"@type":"ImageObject","inLanguage":"pt-BR","@id":"https:\/\/www.oarcanjo.net\/site\/sao-jose-de-anchieta\/#primaryimage","url":"https:\/\/www.oarcanjo.net\/site\/wp-content\/uploads\/IMG_0730.jpg","contentUrl":"https:\/\/www.oarcanjo.net\/site\/wp-content\/uploads\/IMG_0730.jpg","width":645,"height":431},{"@type":"BreadcrumbList","@id":"https:\/\/www.oarcanjo.net\/site\/sao-jose-de-anchieta\/#breadcrumb","itemListElement":[{"@type":"ListItem","position":1,"name":"In\u00edcio","item":"https:\/\/www.oarcanjo.net\/site\/"},{"@type":"ListItem","position":2,"name":"S\u00e3o Jos\u00e9 de Anchieta"}]},{"@type":"WebSite","@id":"https:\/\/www.oarcanjo.net\/site\/#website","url":"https:\/\/www.oarcanjo.net\/site\/","name":"O Arcanjo no ar","description":"Site da Par\u00f3quia S\u00e3o Miguel Arcanjo (Arquidiocese de SP)","publisher":{"@id":"https:\/\/www.oarcanjo.net\/site\/#organization"},"potentialAction":[{"@type":"SearchAction","target":{"@type":"EntryPoint","urlTemplate":"https:\/\/www.oarcanjo.net\/site\/?s={search_term_string}"},"query-input":{"@type":"PropertyValueSpecification","valueRequired":true,"valueName":"search_term_string"}}],"inLanguage":"pt-BR"},{"@type":"Organization","@id":"https:\/\/www.oarcanjo.net\/site\/#organization","name":"Par\u00f3quia S\u00e3o Miguel Arcanjo","url":"https:\/\/www.oarcanjo.net\/site\/","logo":{"@type":"ImageObject","inLanguage":"pt-BR","@id":"https:\/\/www.oarcanjo.net\/site\/#\/schema\/logo\/image\/","url":"https:\/\/www.oarcanjo.net\/site\/wp-content\/uploads\/LogoOArcanjo.png","contentUrl":"https:\/\/www.oarcanjo.net\/site\/wp-content\/uploads\/LogoOArcanjo.png","width":319,"height":99,"caption":"Par\u00f3quia S\u00e3o Miguel Arcanjo"},"image":{"@id":"https:\/\/www.oarcanjo.net\/site\/#\/schema\/logo\/image\/"},"sameAs":["https:\/\/www.facebook.com\/OArcanjoNoAr\/"]},{"@type":"Person","@id":"https:\/\/www.oarcanjo.net\/site\/#\/schema\/person\/f7870e710d8c8c30673de3a0ac2e451d","name":"carlos"}]}},"publishpress_future_action":{"enabled":false,"date":"2026-05-10 05:09:18","action":"category","newStatus":"draft","terms":[],"taxonomy":"category"},"publishpress_future_workflow_manual_trigger":{"enabledWorkflows":[]},"_links":{"self":[{"href":"https:\/\/www.oarcanjo.net\/site\/wp-json\/wp\/v2\/posts\/49340"}],"collection":[{"href":"https:\/\/www.oarcanjo.net\/site\/wp-json\/wp\/v2\/posts"}],"about":[{"href":"https:\/\/www.oarcanjo.net\/site\/wp-json\/wp\/v2\/types\/post"}],"author":[{"embeddable":true,"href":"https:\/\/www.oarcanjo.net\/site\/wp-json\/wp\/v2\/users\/10"}],"replies":[{"embeddable":true,"href":"https:\/\/www.oarcanjo.net\/site\/wp-json\/wp\/v2\/comments?post=49340"}],"version-history":[{"count":0,"href":"https:\/\/www.oarcanjo.net\/site\/wp-json\/wp\/v2\/posts\/49340\/revisions"}],"wp:attachment":[{"href":"https:\/\/www.oarcanjo.net\/site\/wp-json\/wp\/v2\/media?parent=49340"}],"wp:term":[{"taxonomy":"category","embeddable":true,"href":"https:\/\/www.oarcanjo.net\/site\/wp-json\/wp\/v2\/categories?post=49340"},{"taxonomy":"post_tag","embeddable":true,"href":"https:\/\/www.oarcanjo.net\/site\/wp-json\/wp\/v2\/tags?post=49340"}],"curies":[{"name":"wp","href":"https:\/\/api.w.org\/{rel}","templated":true}]}}