
{"id":49373,"date":"2014-09-02T15:31:41","date_gmt":"2014-09-02T18:31:41","guid":{"rendered":"http:\/\/www.oarcanjo.net\/site\/?p=49373"},"modified":"2014-09-01T21:24:14","modified_gmt":"2014-09-02T00:24:14","slug":"4-vigilia-de-leitura-continua-da-biblia","status":"publish","type":"post","link":"https:\/\/www.oarcanjo.net\/site\/4-vigilia-de-leitura-continua-da-biblia\/","title":{"rendered":"4\u00aa Vig\u00edlia de Leitura Cont\u00ednua da B\u00edblia"},"content":{"rendered":"<p>Pelo quarto ano consecutivo, a Fraternidade da Esperan\u00e7a realiza em setembro, M\u00eas da B\u00edblia, a Vig\u00edlia de leitura Cont\u00ednua da Palavra. No dia 5, a partir das 19h, at\u00e9 a manh\u00e3 do dia 6, leitores de diferentes realidades, idades, pastorais, grupos e movimentos se alternar\u00e3o na leitura de um trecho da Sagrada Escritura.<\/p>\n<p>Nas edi\u00e7\u00f5es anteriores, centenas de pessoas leram os Evangelhos, os Atos dos Ap\u00f3stolos, as cartas do Novo Testamento e os livros do Pentateuco. Neste ano ser\u00e3o feitas as leituras dos chamados livros hist\u00f3ricos, precedidos pela leitura de alguns trechos do Evangelho segundo Mateus, proposto para o M\u00eas da B\u00edblia deste ano.<\/p>\n<p>Como nos anos anteriores, a vig\u00edlia contar\u00e1 com a presen\u00e7a do arcebispo de S\u00e3o Paulo, Cardeal Odilo Pedro Scherer.<\/p>\n<p>Para ser um dos leitores na vig\u00edlia, basta enviar um e-mail para <a title=\"arsenaldobrasil@gmail.com\" href=\"mailto:arsenaldobrasil@gmail.com\">arsenaldobrasil@gmail.com<\/a> com as seguintes informa\u00e7\u00f5es: nome e data de nascimento de cada leitor; e hor\u00e1rio aproximado em que cada leitor pretende ler (entre as 20h do dia 5\/9 e as 6h do dia 6\/9).<\/p>\n<p><strong>Programa\u00e7\u00e3o<\/strong><br \/>\n<strong>19h &#8211; <\/strong>Acolhida<br \/>\n<strong>20h &#8211; <\/strong>In\u00edcio da leitura da Palavra<br \/>\n<strong>6h30 (dia 6\/9)<\/strong> &#8211; Missa de encerramento<\/p>\n<p><strong>Servi\u00e7o<\/strong><\/p>\n<p><strong>4\u00aa VIG\u00cdLIA DE LEITURA CONT\u00cdNUA DA PALAVRA<\/strong><br \/>\n<strong>Data: <\/strong>5\/9, a partir das 19h<br \/>\n<strong>Organiza\u00e7\u00e3o: <\/strong>SERMIG &#8211; Fraternidade da Esperan\u00e7a<br \/>\n<strong>Local: <\/strong>ARSENAL DA ESPERAN\u00c7A \u00a0(rua Dr. Almeida Lima, 900 \u2013 pr\u00f3ximo \u00e0 Esta\u00e7\u00e3o Bresser-Mooca do Metr\u00f4)<br \/>\n<strong>Informa\u00e7\u00f5es: <\/strong><a title=\"www.sermig.org\/arsenaldaesperanca\" href=\"http:\/\/www.sermig.org\/arsenaldaesperanca\" target=\"_blank\">www.sermig.org\/arsenaldaesperanca<\/a><\/p>\n<p><a title=\"4\u00aa Vig\u00edlia de Leitura Cont\u00ednua da B\u00edblia\" href=\"http:\/\/www.oarcanjo.net\/site\/wp-content\/uploads\/4-vigilia-de-leitura-da-Palavra-SERMIG-Arsenal-da-Esperanca-setembro-2014.jpg\" target=\"_blank\"><img loading=\"lazy\" decoding=\"async\" class=\"alignnone size-full wp-image-49375\" src=\"http:\/\/www.oarcanjo.net\/site\/wp-content\/uploads\/4-vigilia-de-leitura-da-Palavra-SERMIG-Arsenal-da-Esperanca-setembro-2014-thumb.jpg\" alt=\"4\u00aa Vig\u00edlia de Leitura Cont\u00ednua da B\u00edblia\" width=\"600\" height=\"429\" srcset=\"https:\/\/www.oarcanjo.net\/site\/wp-content\/uploads\/4-vigilia-de-leitura-da-Palavra-SERMIG-Arsenal-da-Esperanca-setembro-2014-thumb.jpg 600w, https:\/\/www.oarcanjo.net\/site\/wp-content\/uploads\/4-vigilia-de-leitura-da-Palavra-SERMIG-Arsenal-da-Esperanca-setembro-2014-thumb-300x214.jpg 300w\" sizes=\"(max-width: 600px) 100vw, 600px\" \/><\/a><\/p>\n<div id=\"themify_builder_content-49373\" data-postid=\"49373\" class=\"themify_builder_content themify_builder_content-49373 themify_builder themify_builder_front\">\n\t<\/div>\n<!-- \/themify_builder_content -->","protected":false},"excerpt":{"rendered":"<p>Pelo quarto ano consecutivo, a Fraternidade da Esperan\u00e7a realiza em setembro, M\u00eas da B\u00edblia, a Vig\u00edlia de leitura Cont\u00ednua da Palavra. No dia 5, a partir das 19h, at\u00e9 a manh\u00e3 do dia 6, leitores de diferentes realidades, idades, pastorais, grupos e movimentos se alternar\u00e3o na leitura de um trecho da Sagrada Escritura. Nas edi\u00e7\u00f5es [&hellip;]<\/p>\n","protected":false},"author":5,"featured_media":0,"comment_status":"open","ping_status":"open","sticky":false,"template":"","format":"standard","meta":{"ngg_post_thumbnail":0,"footnotes":""},"categories":[8],"tags":[93,2631,1845,3017,2633,160],"yoast_head":"<!-- This site is optimized with the Yoast SEO plugin v23.5 - https:\/\/yoast.com\/wordpress\/plugins\/seo\/ -->\n<title>4\u00aa Vig\u00edlia de Leitura Cont\u00ednua da B\u00edblia - O Arcanjo no ar<\/title>\n<meta name=\"robots\" content=\"index, follow, max-snippet:-1, max-image-preview:large, max-video-preview:-1\" \/>\n<link rel=\"canonical\" href=\"https:\/\/www.oarcanjo.net\/site\/4-vigilia-de-leitura-continua-da-biblia\/\" \/>\n<meta property=\"og:locale\" content=\"pt_BR\" \/>\n<meta property=\"og:type\" content=\"article\" \/>\n<meta property=\"og:title\" content=\"4\u00aa Vig\u00edlia de Leitura Cont\u00ednua da B\u00edblia - O Arcanjo no ar\" \/>\n<meta property=\"og:description\" content=\"Pelo quarto ano consecutivo, a Fraternidade da Esperan\u00e7a realiza em setembro, M\u00eas da B\u00edblia, a Vig\u00edlia de leitura Cont\u00ednua da Palavra. No dia 5, a partir das 19h, at\u00e9 a manh\u00e3 do dia 6, leitores de diferentes realidades, idades, pastorais, grupos e movimentos se alternar\u00e3o na leitura de um trecho da Sagrada Escritura. Nas edi\u00e7\u00f5es [&hellip;]\" \/>\n<meta property=\"og:url\" content=\"https:\/\/www.oarcanjo.net\/site\/4-vigilia-de-leitura-continua-da-biblia\/\" \/>\n<meta property=\"og:site_name\" content=\"O Arcanjo no ar\" \/>\n<meta property=\"article:publisher\" content=\"https:\/\/www.facebook.com\/OArcanjoNoAr\/\" \/>\n<meta property=\"article:published_time\" content=\"2014-09-02T18:31:41+00:00\" \/>\n<meta property=\"article:modified_time\" content=\"2014-09-02T00:24:14+00:00\" \/>\n<meta property=\"og:image\" content=\"http:\/\/www.oarcanjo.net\/site\/wp-content\/uploads\/4-vigilia-de-leitura-da-Palavra-SERMIG-Arsenal-da-Esperanca-setembro-2014-thumb.jpg\" \/>\n<meta name=\"author\" content=\"editor\" \/>\n<meta name=\"twitter:card\" content=\"summary_large_image\" \/>\n<meta name=\"twitter:label1\" content=\"Escrito por\" \/>\n\t<meta name=\"twitter:data1\" content=\"editor\" \/>\n\t<meta name=\"twitter:label2\" content=\"Est. tempo de leitura\" \/>\n\t<meta name=\"twitter:data2\" content=\"1 minuto\" \/>\n<script type=\"application\/ld+json\" class=\"yoast-schema-graph\">{\"@context\":\"https:\/\/schema.org\",\"@graph\":[{\"@type\":\"Article\",\"@id\":\"https:\/\/www.oarcanjo.net\/site\/4-vigilia-de-leitura-continua-da-biblia\/#article\",\"isPartOf\":{\"@id\":\"https:\/\/www.oarcanjo.net\/site\/4-vigilia-de-leitura-continua-da-biblia\/\"},\"author\":{\"name\":\"editor\",\"@id\":\"https:\/\/www.oarcanjo.net\/site\/#\/schema\/person\/f7024d007863202483a31326673a0838\"},\"headline\":\"4\u00aa Vig\u00edlia de Leitura Cont\u00ednua da B\u00edblia\",\"datePublished\":\"2014-09-02T18:31:41+00:00\",\"dateModified\":\"2014-09-02T00:24:14+00:00\",\"mainEntityOfPage\":{\"@id\":\"https:\/\/www.oarcanjo.net\/site\/4-vigilia-de-leitura-continua-da-biblia\/\"},\"wordCount\":258,\"commentCount\":1,\"publisher\":{\"@id\":\"https:\/\/www.oarcanjo.net\/site\/#organization\"},\"image\":{\"@id\":\"https:\/\/www.oarcanjo.net\/site\/4-vigilia-de-leitura-continua-da-biblia\/#primaryimage\"},\"thumbnailUrl\":\"http:\/\/www.oarcanjo.net\/site\/wp-content\/uploads\/4-vigilia-de-leitura-da-Palavra-SERMIG-Arsenal-da-Esperanca-setembro-2014-thumb.jpg\",\"keywords\":[\"B\u00edblia\",\"Fraternidade da Esperan\u00e7a\",\"Mateus\",\"Palavra\",\"SERMIG\",\"vig\u00edlia\"],\"articleSection\":[\"Not\u00edcias\"],\"inLanguage\":\"pt-BR\",\"potentialAction\":[{\"@type\":\"CommentAction\",\"name\":\"Comment\",\"target\":[\"https:\/\/www.oarcanjo.net\/site\/4-vigilia-de-leitura-continua-da-biblia\/#respond\"]}]},{\"@type\":\"WebPage\",\"@id\":\"https:\/\/www.oarcanjo.net\/site\/4-vigilia-de-leitura-continua-da-biblia\/\",\"url\":\"https:\/\/www.oarcanjo.net\/site\/4-vigilia-de-leitura-continua-da-biblia\/\",\"name\":\"4\u00aa Vig\u00edlia de Leitura Cont\u00ednua da B\u00edblia - O Arcanjo no ar\",\"isPartOf\":{\"@id\":\"https:\/\/www.oarcanjo.net\/site\/#website\"},\"primaryImageOfPage\":{\"@id\":\"https:\/\/www.oarcanjo.net\/site\/4-vigilia-de-leitura-continua-da-biblia\/#primaryimage\"},\"image\":{\"@id\":\"https:\/\/www.oarcanjo.net\/site\/4-vigilia-de-leitura-continua-da-biblia\/#primaryimage\"},\"thumbnailUrl\":\"http:\/\/www.oarcanjo.net\/site\/wp-content\/uploads\/4-vigilia-de-leitura-da-Palavra-SERMIG-Arsenal-da-Esperanca-setembro-2014-thumb.jpg\",\"datePublished\":\"2014-09-02T18:31:41+00:00\",\"dateModified\":\"2014-09-02T00:24:14+00:00\",\"breadcrumb\":{\"@id\":\"https:\/\/www.oarcanjo.net\/site\/4-vigilia-de-leitura-continua-da-biblia\/#breadcrumb\"},\"inLanguage\":\"pt-BR\",\"potentialAction\":[{\"@type\":\"ReadAction\",\"target\":[\"https:\/\/www.oarcanjo.net\/site\/4-vigilia-de-leitura-continua-da-biblia\/\"]}]},{\"@type\":\"ImageObject\",\"inLanguage\":\"pt-BR\",\"@id\":\"https:\/\/www.oarcanjo.net\/site\/4-vigilia-de-leitura-continua-da-biblia\/#primaryimage\",\"url\":\"https:\/\/www.oarcanjo.net\/site\/wp-content\/uploads\/4-vigilia-de-leitura-da-Palavra-SERMIG-Arsenal-da-Esperanca-setembro-2014-thumb.jpg\",\"contentUrl\":\"https:\/\/www.oarcanjo.net\/site\/wp-content\/uploads\/4-vigilia-de-leitura-da-Palavra-SERMIG-Arsenal-da-Esperanca-setembro-2014-thumb.jpg\",\"width\":600,\"height\":429,\"caption\":\"4\u00aa Vig\u00edlia de Leitura Cont\u00ednua da B\u00edblia\"},{\"@type\":\"BreadcrumbList\",\"@id\":\"https:\/\/www.oarcanjo.net\/site\/4-vigilia-de-leitura-continua-da-biblia\/#breadcrumb\",\"itemListElement\":[{\"@type\":\"ListItem\",\"position\":1,\"name\":\"In\u00edcio\",\"item\":\"https:\/\/www.oarcanjo.net\/site\/\"},{\"@type\":\"ListItem\",\"position\":2,\"name\":\"4\u00aa Vig\u00edlia de Leitura Cont\u00ednua da B\u00edblia\"}]},{\"@type\":\"WebSite\",\"@id\":\"https:\/\/www.oarcanjo.net\/site\/#website\",\"url\":\"https:\/\/www.oarcanjo.net\/site\/\",\"name\":\"O Arcanjo no ar\",\"description\":\"Site da Par\u00f3quia S\u00e3o Miguel Arcanjo (Arquidiocese de SP)\",\"publisher\":{\"@id\":\"https:\/\/www.oarcanjo.net\/site\/#organization\"},\"potentialAction\":[{\"@type\":\"SearchAction\",\"target\":{\"@type\":\"EntryPoint\",\"urlTemplate\":\"https:\/\/www.oarcanjo.net\/site\/?s={search_term_string}\"},\"query-input\":{\"@type\":\"PropertyValueSpecification\",\"valueRequired\":true,\"valueName\":\"search_term_string\"}}],\"inLanguage\":\"pt-BR\"},{\"@type\":\"Organization\",\"@id\":\"https:\/\/www.oarcanjo.net\/site\/#organization\",\"name\":\"Par\u00f3quia S\u00e3o Miguel Arcanjo\",\"url\":\"https:\/\/www.oarcanjo.net\/site\/\",\"logo\":{\"@type\":\"ImageObject\",\"inLanguage\":\"pt-BR\",\"@id\":\"https:\/\/www.oarcanjo.net\/site\/#\/schema\/logo\/image\/\",\"url\":\"https:\/\/www.oarcanjo.net\/site\/wp-content\/uploads\/LogoOArcanjo.png\",\"contentUrl\":\"https:\/\/www.oarcanjo.net\/site\/wp-content\/uploads\/LogoOArcanjo.png\",\"width\":319,\"height\":99,\"caption\":\"Par\u00f3quia S\u00e3o Miguel Arcanjo\"},\"image\":{\"@id\":\"https:\/\/www.oarcanjo.net\/site\/#\/schema\/logo\/image\/\"},\"sameAs\":[\"https:\/\/www.facebook.com\/OArcanjoNoAr\/\"]},{\"@type\":\"Person\",\"@id\":\"https:\/\/www.oarcanjo.net\/site\/#\/schema\/person\/f7024d007863202483a31326673a0838\",\"name\":\"editor\",\"sameAs\":[\"http:\/\/www.oarcanjo.net\"]}]}<\/script>\n<!-- \/ Yoast SEO plugin. -->","yoast_head_json":{"title":"4\u00aa Vig\u00edlia de Leitura Cont\u00ednua da B\u00edblia - O Arcanjo no ar","robots":{"index":"index","follow":"follow","max-snippet":"max-snippet:-1","max-image-preview":"max-image-preview:large","max-video-preview":"max-video-preview:-1"},"canonical":"https:\/\/www.oarcanjo.net\/site\/4-vigilia-de-leitura-continua-da-biblia\/","og_locale":"pt_BR","og_type":"article","og_title":"4\u00aa Vig\u00edlia de Leitura Cont\u00ednua da B\u00edblia - O Arcanjo no ar","og_description":"Pelo quarto ano consecutivo, a Fraternidade da Esperan\u00e7a realiza em setembro, M\u00eas da B\u00edblia, a Vig\u00edlia de leitura Cont\u00ednua da Palavra. No dia 5, a partir das 19h, at\u00e9 a manh\u00e3 do dia 6, leitores de diferentes realidades, idades, pastorais, grupos e movimentos se alternar\u00e3o na leitura de um trecho da Sagrada Escritura. Nas edi\u00e7\u00f5es [&hellip;]","og_url":"https:\/\/www.oarcanjo.net\/site\/4-vigilia-de-leitura-continua-da-biblia\/","og_site_name":"O Arcanjo no ar","article_publisher":"https:\/\/www.facebook.com\/OArcanjoNoAr\/","article_published_time":"2014-09-02T18:31:41+00:00","article_modified_time":"2014-09-02T00:24:14+00:00","og_image":[{"url":"http:\/\/www.oarcanjo.net\/site\/wp-content\/uploads\/4-vigilia-de-leitura-da-Palavra-SERMIG-Arsenal-da-Esperanca-setembro-2014-thumb.jpg"}],"author":"editor","twitter_card":"summary_large_image","twitter_misc":{"Escrito por":"editor","Est. tempo de leitura":"1 minuto"},"schema":{"@context":"https:\/\/schema.org","@graph":[{"@type":"Article","@id":"https:\/\/www.oarcanjo.net\/site\/4-vigilia-de-leitura-continua-da-biblia\/#article","isPartOf":{"@id":"https:\/\/www.oarcanjo.net\/site\/4-vigilia-de-leitura-continua-da-biblia\/"},"author":{"name":"editor","@id":"https:\/\/www.oarcanjo.net\/site\/#\/schema\/person\/f7024d007863202483a31326673a0838"},"headline":"4\u00aa Vig\u00edlia de Leitura Cont\u00ednua da B\u00edblia","datePublished":"2014-09-02T18:31:41+00:00","dateModified":"2014-09-02T00:24:14+00:00","mainEntityOfPage":{"@id":"https:\/\/www.oarcanjo.net\/site\/4-vigilia-de-leitura-continua-da-biblia\/"},"wordCount":258,"commentCount":1,"publisher":{"@id":"https:\/\/www.oarcanjo.net\/site\/#organization"},"image":{"@id":"https:\/\/www.oarcanjo.net\/site\/4-vigilia-de-leitura-continua-da-biblia\/#primaryimage"},"thumbnailUrl":"http:\/\/www.oarcanjo.net\/site\/wp-content\/uploads\/4-vigilia-de-leitura-da-Palavra-SERMIG-Arsenal-da-Esperanca-setembro-2014-thumb.jpg","keywords":["B\u00edblia","Fraternidade da Esperan\u00e7a","Mateus","Palavra","SERMIG","vig\u00edlia"],"articleSection":["Not\u00edcias"],"inLanguage":"pt-BR","potentialAction":[{"@type":"CommentAction","name":"Comment","target":["https:\/\/www.oarcanjo.net\/site\/4-vigilia-de-leitura-continua-da-biblia\/#respond"]}]},{"@type":"WebPage","@id":"https:\/\/www.oarcanjo.net\/site\/4-vigilia-de-leitura-continua-da-biblia\/","url":"https:\/\/www.oarcanjo.net\/site\/4-vigilia-de-leitura-continua-da-biblia\/","name":"4\u00aa Vig\u00edlia de Leitura Cont\u00ednua da B\u00edblia - O Arcanjo no ar","isPartOf":{"@id":"https:\/\/www.oarcanjo.net\/site\/#website"},"primaryImageOfPage":{"@id":"https:\/\/www.oarcanjo.net\/site\/4-vigilia-de-leitura-continua-da-biblia\/#primaryimage"},"image":{"@id":"https:\/\/www.oarcanjo.net\/site\/4-vigilia-de-leitura-continua-da-biblia\/#primaryimage"},"thumbnailUrl":"http:\/\/www.oarcanjo.net\/site\/wp-content\/uploads\/4-vigilia-de-leitura-da-Palavra-SERMIG-Arsenal-da-Esperanca-setembro-2014-thumb.jpg","datePublished":"2014-09-02T18:31:41+00:00","dateModified":"2014-09-02T00:24:14+00:00","breadcrumb":{"@id":"https:\/\/www.oarcanjo.net\/site\/4-vigilia-de-leitura-continua-da-biblia\/#breadcrumb"},"inLanguage":"pt-BR","potentialAction":[{"@type":"ReadAction","target":["https:\/\/www.oarcanjo.net\/site\/4-vigilia-de-leitura-continua-da-biblia\/"]}]},{"@type":"ImageObject","inLanguage":"pt-BR","@id":"https:\/\/www.oarcanjo.net\/site\/4-vigilia-de-leitura-continua-da-biblia\/#primaryimage","url":"https:\/\/www.oarcanjo.net\/site\/wp-content\/uploads\/4-vigilia-de-leitura-da-Palavra-SERMIG-Arsenal-da-Esperanca-setembro-2014-thumb.jpg","contentUrl":"https:\/\/www.oarcanjo.net\/site\/wp-content\/uploads\/4-vigilia-de-leitura-da-Palavra-SERMIG-Arsenal-da-Esperanca-setembro-2014-thumb.jpg","width":600,"height":429,"caption":"4\u00aa Vig\u00edlia de Leitura Cont\u00ednua da B\u00edblia"},{"@type":"BreadcrumbList","@id":"https:\/\/www.oarcanjo.net\/site\/4-vigilia-de-leitura-continua-da-biblia\/#breadcrumb","itemListElement":[{"@type":"ListItem","position":1,"name":"In\u00edcio","item":"https:\/\/www.oarcanjo.net\/site\/"},{"@type":"ListItem","position":2,"name":"4\u00aa Vig\u00edlia de Leitura Cont\u00ednua da B\u00edblia"}]},{"@type":"WebSite","@id":"https:\/\/www.oarcanjo.net\/site\/#website","url":"https:\/\/www.oarcanjo.net\/site\/","name":"O Arcanjo no ar","description":"Site da Par\u00f3quia S\u00e3o Miguel Arcanjo (Arquidiocese de SP)","publisher":{"@id":"https:\/\/www.oarcanjo.net\/site\/#organization"},"potentialAction":[{"@type":"SearchAction","target":{"@type":"EntryPoint","urlTemplate":"https:\/\/www.oarcanjo.net\/site\/?s={search_term_string}"},"query-input":{"@type":"PropertyValueSpecification","valueRequired":true,"valueName":"search_term_string"}}],"inLanguage":"pt-BR"},{"@type":"Organization","@id":"https:\/\/www.oarcanjo.net\/site\/#organization","name":"Par\u00f3quia S\u00e3o Miguel Arcanjo","url":"https:\/\/www.oarcanjo.net\/site\/","logo":{"@type":"ImageObject","inLanguage":"pt-BR","@id":"https:\/\/www.oarcanjo.net\/site\/#\/schema\/logo\/image\/","url":"https:\/\/www.oarcanjo.net\/site\/wp-content\/uploads\/LogoOArcanjo.png","contentUrl":"https:\/\/www.oarcanjo.net\/site\/wp-content\/uploads\/LogoOArcanjo.png","width":319,"height":99,"caption":"Par\u00f3quia S\u00e3o Miguel Arcanjo"},"image":{"@id":"https:\/\/www.oarcanjo.net\/site\/#\/schema\/logo\/image\/"},"sameAs":["https:\/\/www.facebook.com\/OArcanjoNoAr\/"]},{"@type":"Person","@id":"https:\/\/www.oarcanjo.net\/site\/#\/schema\/person\/f7024d007863202483a31326673a0838","name":"editor","sameAs":["http:\/\/www.oarcanjo.net"]}]}},"publishpress_future_action":{"enabled":false,"date":"2026-05-09 06:20:15","action":"category","newStatus":"draft","terms":[],"taxonomy":"category"},"publishpress_future_workflow_manual_trigger":{"enabledWorkflows":[]},"_links":{"self":[{"href":"https:\/\/www.oarcanjo.net\/site\/wp-json\/wp\/v2\/posts\/49373"}],"collection":[{"href":"https:\/\/www.oarcanjo.net\/site\/wp-json\/wp\/v2\/posts"}],"about":[{"href":"https:\/\/www.oarcanjo.net\/site\/wp-json\/wp\/v2\/types\/post"}],"author":[{"embeddable":true,"href":"https:\/\/www.oarcanjo.net\/site\/wp-json\/wp\/v2\/users\/5"}],"replies":[{"embeddable":true,"href":"https:\/\/www.oarcanjo.net\/site\/wp-json\/wp\/v2\/comments?post=49373"}],"version-history":[{"count":0,"href":"https:\/\/www.oarcanjo.net\/site\/wp-json\/wp\/v2\/posts\/49373\/revisions"}],"wp:attachment":[{"href":"https:\/\/www.oarcanjo.net\/site\/wp-json\/wp\/v2\/media?parent=49373"}],"wp:term":[{"taxonomy":"category","embeddable":true,"href":"https:\/\/www.oarcanjo.net\/site\/wp-json\/wp\/v2\/categories?post=49373"},{"taxonomy":"post_tag","embeddable":true,"href":"https:\/\/www.oarcanjo.net\/site\/wp-json\/wp\/v2\/tags?post=49373"}],"curies":[{"name":"wp","href":"https:\/\/api.w.org\/{rel}","templated":true}]}}