
{"id":49377,"date":"2014-09-01T18:33:59","date_gmt":"2014-09-01T21:33:59","guid":{"rendered":"http:\/\/www.oarcanjo.net\/site\/?p=49377"},"modified":"2014-09-01T18:33:59","modified_gmt":"2014-09-01T21:33:59","slug":"bispos-emitem-mensagem-sobre-reforma-politica-no-brasil","status":"publish","type":"post","link":"https:\/\/www.oarcanjo.net\/site\/bispos-emitem-mensagem-sobre-reforma-politica-no-brasil\/","title":{"rendered":"Bispos emitem mensagem sobre Reforma Pol\u00edtica no Brasil"},"content":{"rendered":"<p>Durante coletiva de imprensa, que marcou o encerramento da reuni\u00e3o do Conselho Episcopal de Pastoral (Consep), a presid\u00eancia da Confer\u00eancia Nacional dos Bispos do Brasil (CNBB) divulgou mensagem sobre a Reforma Pol\u00edtica.\u00a0Os bispos reconhecem que \u201cuma verdadeira reforma pol\u00edtica melhorar\u00e1 a realidade pol\u00edtica e possibilitar\u00e1 a realiza\u00e7\u00e3o de v\u00e1rias outras reformas necess\u00e1rias ao Brasil, por exemplo a reforma tribut\u00e1ria\u201d.<\/p>\n<p>A CNBB recorda que \u201cv\u00e1rias tentativas de reforma pol\u00edtica foram feitas no Congresso Nacional e todas foram infrut\u00edferas\u201d. Diante disso, une-se a outras entidades e ao povo brasileiro na mobiliza\u00e7\u00e3o Reforma Pol\u00edtica Democr\u00e1tica no pa\u00eds.<\/p>\n<p><strong>Abaixo, a \u00edntegra do texto:<\/strong><\/p>\n<p style=\"padding-left: 30px;\"><em>Bras\u00edlia, 29 de agosto de 2014<\/em><\/p>\n<p style=\"padding-left: 30px;\"><em><strong>Mensagem sobre a Reforma Pol\u00edtica<\/strong><\/em><\/p>\n<p style=\"padding-left: 30px;\">\n<p style=\"padding-left: 30px;\"><em>A Presid\u00eancia da Confer\u00eancia Nacional dos Bispos do Brasil &#8211; CNBB, atenta \u00e0 sua miss\u00e3o evangelizadora e \u00e0 realidade do Brasil, reafirma sua convic\u00e7\u00e3o, como muitos segmentos importantes da sociedade brasileira, de que urge uma s\u00e9ria e profunda Reforma Pol\u00edtica no Pa\u00eds. Uma verdadeira reforma pol\u00edtica melhorar\u00e1 a realidade pol\u00edtica e possibilitar\u00e1 a realiza\u00e7\u00e3o de v\u00e1rias outras reformas necess\u00e1rias ao Brasil, por exemplo a reforma tribut\u00e1ria.<\/em><\/p>\n<p style=\"padding-left: 30px;\"><em>Esclarecemos que este Projeto de Lei de Iniciativa Popular pela Reforma Pol\u00edtica n\u00e3o est\u00e1 vinculado a nenhum partido pol\u00edtico, t\u00e3o pouco a nenhum candidato a cargos pol\u00edticos eletivos, embora n\u00e3o haja restri\u00e7\u00e3o do apoio de bons pol\u00edticos do Brasil.<\/em><\/p>\n<p style=\"padding-left: 30px;\"><em>V\u00e1rias tentativas de reforma pol\u00edtica foram feitas no Congresso Nacional e todas foram infrut\u00edferas. Por isto, estamos empenhados numa grande campanha de conscientiza\u00e7\u00e3o e mobiliza\u00e7\u00e3o do povo brasileiro com vistas a subscrever o Projeto de Lei de Iniciativa Popular pela Reforma Pol\u00edtica Democr\u00e1tica, n\u00ba 6.316 de 2013, organizado por uma Coaliz\u00e3o que re\u00fane uma centena de Entidades organizadas da sociedade civil, como a Ordem dos Advogados do Brasil (OAB), o Movimento contra a Corrup\u00e7\u00e3o Eleitoral (MCCE) e a Plataforma dos Movimentos Sociais.<\/em><\/p>\n<p style=\"padding-left: 30px;\"><em>O Projeto de Lei de Iniciativa Popular pela Reforma Pol\u00edtica Democr\u00e1tica se resume em quatro pontos principais: 1) O financiamento de candidatos; 2) A elei\u00e7\u00e3o em dois turnos, um para votar num programa o outro para votar numa pessoa; 3) O aumento de candidatura de mulheres aos cargos eletivos; 4) Regulamenta\u00e7\u00e3o do Artigo 14 da Constitui\u00e7\u00e3o com o objetivo de melhorar a participa\u00e7\u00e3o do povo brasileiro nas decis\u00f5es mais importantes, atrav\u00e9s do Projeto de Lei de Iniciativa Popular, do Plebiscito e do Referendo, mesclando a democracia representativa com a democracia participativa.<\/em><\/p>\n<p style=\"padding-left: 30px;\"><em>Durante Semana da P\u00e1tria, refletiremos sobre nossa responsabilidade cidad\u00e3. Animamos a todas as pessoas de boa vontade a assinarem o Projeto de Lei que, indubitavelmente, mudar\u00e1 e qualificar\u00e1 a pol\u00edtica em nosso Pa\u00eds. A Coaliz\u00e3o pela Reforma Pol\u00edtica e a coordena\u00e7\u00e3o do Plebiscito Popular coletar\u00e3o assinaturas e votos, conjuntamente. Terminada a Semana da P\u00e1tria, cada iniciativa continuar\u00e1 o seu caminho.<\/em><\/p>\n<p style=\"padding-left: 30px;\"><em>Trabalharemos at\u00e9 conseguirmos ao menos 1,5 milh\u00f5es de assinaturas a favor desta Reforma Pol\u00edtica.<\/em><\/p>\n<p style=\"padding-left: 30px;\"><em>\u201cNo di\u00e1logo com o Estado e com a sociedade, a Igreja n\u00e3o tem solu\u00e7\u00f5es para todas as quest\u00f5es espec\u00edficas. Mas, juntamente com as v\u00e1rias for\u00e7as sociais, acompanha as propostas que melhor correspondam \u00e0 dignidade da pessoa humana e ao bem comum. Ao faz\u00ea-lo, prop\u00f5e sempre com clareza os valores fundamentais da exist\u00eancia humana, para transmitir convic\u00e7\u00f5es que possam depois traduzir-se em a\u00e7\u00f5es pol\u00edticas\u201d (Evangelii Gaudium, 241).<\/em><\/p>\n<p style=\"padding-left: 30px;\"><em>A Nossa Senhora Aparecida, M\u00e3e e Padroeira do Brasil, suplicamos que leve a Jesus as necessidades de todos os brasileiros. E Ele, com toda certeza, nos atender\u00e1. \u201cFazei tudo o que Ele vos disser\u201d (Jo 2, 5).<\/em><\/p>\n<p><em>Fonte: CNBB<\/em><\/p>\n<div id=\"themify_builder_content-49377\" data-postid=\"49377\" class=\"themify_builder_content themify_builder_content-49377 themify_builder themify_builder_front\">\n\t<\/div>\n<!-- \/themify_builder_content -->","protected":false},"excerpt":{"rendered":"<p>Durante coletiva de imprensa, que marcou o encerramento da reuni\u00e3o do Conselho Episcopal de Pastoral (Consep), a presid\u00eancia da Confer\u00eancia Nacional dos Bispos do Brasil (CNBB) divulgou mensagem sobre a Reforma Pol\u00edtica.\u00a0Os bispos reconhecem que \u201cuma verdadeira reforma pol\u00edtica melhorar\u00e1 a realidade pol\u00edtica e possibilitar\u00e1 a realiza\u00e7\u00e3o de v\u00e1rias outras reformas necess\u00e1rias ao Brasil, por [&hellip;]<\/p>\n","protected":false},"author":5,"featured_media":0,"comment_status":"open","ping_status":"open","sticky":false,"template":"","format":"standard","meta":{"ngg_post_thumbnail":0,"footnotes":""},"categories":[8],"tags":[877],"yoast_head":"<!-- This site is optimized with the Yoast SEO plugin v23.5 - https:\/\/yoast.com\/wordpress\/plugins\/seo\/ -->\n<title>Bispos emitem mensagem sobre Reforma Pol\u00edtica no Brasil - O Arcanjo no ar<\/title>\n<meta name=\"robots\" content=\"index, follow, max-snippet:-1, max-image-preview:large, max-video-preview:-1\" \/>\n<link rel=\"canonical\" href=\"https:\/\/www.oarcanjo.net\/site\/bispos-emitem-mensagem-sobre-reforma-politica-no-brasil\/\" \/>\n<meta property=\"og:locale\" content=\"pt_BR\" \/>\n<meta property=\"og:type\" content=\"article\" \/>\n<meta property=\"og:title\" content=\"Bispos emitem mensagem sobre Reforma Pol\u00edtica no Brasil - O Arcanjo no ar\" \/>\n<meta property=\"og:description\" content=\"Durante coletiva de imprensa, que marcou o encerramento da reuni\u00e3o do Conselho Episcopal de Pastoral (Consep), a presid\u00eancia da Confer\u00eancia Nacional dos Bispos do Brasil (CNBB) divulgou mensagem sobre a Reforma Pol\u00edtica.\u00a0Os bispos reconhecem que \u201cuma verdadeira reforma pol\u00edtica melhorar\u00e1 a realidade pol\u00edtica e possibilitar\u00e1 a realiza\u00e7\u00e3o de v\u00e1rias outras reformas necess\u00e1rias ao Brasil, por [&hellip;]\" \/>\n<meta property=\"og:url\" content=\"https:\/\/www.oarcanjo.net\/site\/bispos-emitem-mensagem-sobre-reforma-politica-no-brasil\/\" \/>\n<meta property=\"og:site_name\" content=\"O Arcanjo no ar\" \/>\n<meta property=\"article:publisher\" content=\"https:\/\/www.facebook.com\/OArcanjoNoAr\/\" \/>\n<meta property=\"article:published_time\" content=\"2014-09-01T21:33:59+00:00\" \/>\n<meta property=\"og:image\" content=\"https:\/\/www.oarcanjo.net\/site\/wp-content\/uploads\/logo-o-arcanjo-no-ar-facebook.png\" \/>\n\t<meta property=\"og:image:width\" content=\"300\" \/>\n\t<meta property=\"og:image:height\" content=\"300\" \/>\n\t<meta property=\"og:image:type\" content=\"image\/png\" \/>\n<meta name=\"author\" content=\"editor\" \/>\n<meta name=\"twitter:card\" content=\"summary_large_image\" \/>\n<meta name=\"twitter:label1\" content=\"Escrito por\" \/>\n\t<meta name=\"twitter:data1\" content=\"editor\" \/>\n\t<meta name=\"twitter:label2\" content=\"Est. tempo de leitura\" \/>\n\t<meta name=\"twitter:data2\" content=\"3 minutos\" \/>\n<script type=\"application\/ld+json\" class=\"yoast-schema-graph\">{\"@context\":\"https:\/\/schema.org\",\"@graph\":[{\"@type\":\"Article\",\"@id\":\"https:\/\/www.oarcanjo.net\/site\/bispos-emitem-mensagem-sobre-reforma-politica-no-brasil\/#article\",\"isPartOf\":{\"@id\":\"https:\/\/www.oarcanjo.net\/site\/bispos-emitem-mensagem-sobre-reforma-politica-no-brasil\/\"},\"author\":{\"name\":\"editor\",\"@id\":\"https:\/\/www.oarcanjo.net\/site\/#\/schema\/person\/f7024d007863202483a31326673a0838\"},\"headline\":\"Bispos emitem mensagem sobre Reforma Pol\u00edtica no Brasil\",\"datePublished\":\"2014-09-01T21:33:59+00:00\",\"dateModified\":\"2014-09-01T21:33:59+00:00\",\"mainEntityOfPage\":{\"@id\":\"https:\/\/www.oarcanjo.net\/site\/bispos-emitem-mensagem-sobre-reforma-politica-no-brasil\/\"},\"wordCount\":643,\"commentCount\":0,\"publisher\":{\"@id\":\"https:\/\/www.oarcanjo.net\/site\/#organization\"},\"keywords\":[\"reforma pol\u00edtica\"],\"articleSection\":[\"Not\u00edcias\"],\"inLanguage\":\"pt-BR\",\"potentialAction\":[{\"@type\":\"CommentAction\",\"name\":\"Comment\",\"target\":[\"https:\/\/www.oarcanjo.net\/site\/bispos-emitem-mensagem-sobre-reforma-politica-no-brasil\/#respond\"]}]},{\"@type\":\"WebPage\",\"@id\":\"https:\/\/www.oarcanjo.net\/site\/bispos-emitem-mensagem-sobre-reforma-politica-no-brasil\/\",\"url\":\"https:\/\/www.oarcanjo.net\/site\/bispos-emitem-mensagem-sobre-reforma-politica-no-brasil\/\",\"name\":\"Bispos emitem mensagem sobre Reforma Pol\u00edtica no Brasil - O Arcanjo no ar\",\"isPartOf\":{\"@id\":\"https:\/\/www.oarcanjo.net\/site\/#website\"},\"datePublished\":\"2014-09-01T21:33:59+00:00\",\"dateModified\":\"2014-09-01T21:33:59+00:00\",\"breadcrumb\":{\"@id\":\"https:\/\/www.oarcanjo.net\/site\/bispos-emitem-mensagem-sobre-reforma-politica-no-brasil\/#breadcrumb\"},\"inLanguage\":\"pt-BR\",\"potentialAction\":[{\"@type\":\"ReadAction\",\"target\":[\"https:\/\/www.oarcanjo.net\/site\/bispos-emitem-mensagem-sobre-reforma-politica-no-brasil\/\"]}]},{\"@type\":\"BreadcrumbList\",\"@id\":\"https:\/\/www.oarcanjo.net\/site\/bispos-emitem-mensagem-sobre-reforma-politica-no-brasil\/#breadcrumb\",\"itemListElement\":[{\"@type\":\"ListItem\",\"position\":1,\"name\":\"In\u00edcio\",\"item\":\"https:\/\/www.oarcanjo.net\/site\/\"},{\"@type\":\"ListItem\",\"position\":2,\"name\":\"Bispos emitem mensagem sobre Reforma Pol\u00edtica no Brasil\"}]},{\"@type\":\"WebSite\",\"@id\":\"https:\/\/www.oarcanjo.net\/site\/#website\",\"url\":\"https:\/\/www.oarcanjo.net\/site\/\",\"name\":\"O Arcanjo no ar\",\"description\":\"Site da Par\u00f3quia S\u00e3o Miguel Arcanjo (Arquidiocese de SP)\",\"publisher\":{\"@id\":\"https:\/\/www.oarcanjo.net\/site\/#organization\"},\"potentialAction\":[{\"@type\":\"SearchAction\",\"target\":{\"@type\":\"EntryPoint\",\"urlTemplate\":\"https:\/\/www.oarcanjo.net\/site\/?s={search_term_string}\"},\"query-input\":{\"@type\":\"PropertyValueSpecification\",\"valueRequired\":true,\"valueName\":\"search_term_string\"}}],\"inLanguage\":\"pt-BR\"},{\"@type\":\"Organization\",\"@id\":\"https:\/\/www.oarcanjo.net\/site\/#organization\",\"name\":\"Par\u00f3quia S\u00e3o Miguel Arcanjo\",\"url\":\"https:\/\/www.oarcanjo.net\/site\/\",\"logo\":{\"@type\":\"ImageObject\",\"inLanguage\":\"pt-BR\",\"@id\":\"https:\/\/www.oarcanjo.net\/site\/#\/schema\/logo\/image\/\",\"url\":\"https:\/\/www.oarcanjo.net\/site\/wp-content\/uploads\/LogoOArcanjo.png\",\"contentUrl\":\"https:\/\/www.oarcanjo.net\/site\/wp-content\/uploads\/LogoOArcanjo.png\",\"width\":319,\"height\":99,\"caption\":\"Par\u00f3quia S\u00e3o Miguel Arcanjo\"},\"image\":{\"@id\":\"https:\/\/www.oarcanjo.net\/site\/#\/schema\/logo\/image\/\"},\"sameAs\":[\"https:\/\/www.facebook.com\/OArcanjoNoAr\/\"]},{\"@type\":\"Person\",\"@id\":\"https:\/\/www.oarcanjo.net\/site\/#\/schema\/person\/f7024d007863202483a31326673a0838\",\"name\":\"editor\",\"sameAs\":[\"http:\/\/www.oarcanjo.net\"]}]}<\/script>\n<!-- \/ Yoast SEO plugin. -->","yoast_head_json":{"title":"Bispos emitem mensagem sobre Reforma Pol\u00edtica no Brasil - O Arcanjo no ar","robots":{"index":"index","follow":"follow","max-snippet":"max-snippet:-1","max-image-preview":"max-image-preview:large","max-video-preview":"max-video-preview:-1"},"canonical":"https:\/\/www.oarcanjo.net\/site\/bispos-emitem-mensagem-sobre-reforma-politica-no-brasil\/","og_locale":"pt_BR","og_type":"article","og_title":"Bispos emitem mensagem sobre Reforma Pol\u00edtica no Brasil - O Arcanjo no ar","og_description":"Durante coletiva de imprensa, que marcou o encerramento da reuni\u00e3o do Conselho Episcopal de Pastoral (Consep), a presid\u00eancia da Confer\u00eancia Nacional dos Bispos do Brasil (CNBB) divulgou mensagem sobre a Reforma Pol\u00edtica.\u00a0Os bispos reconhecem que \u201cuma verdadeira reforma pol\u00edtica melhorar\u00e1 a realidade pol\u00edtica e possibilitar\u00e1 a realiza\u00e7\u00e3o de v\u00e1rias outras reformas necess\u00e1rias ao Brasil, por [&hellip;]","og_url":"https:\/\/www.oarcanjo.net\/site\/bispos-emitem-mensagem-sobre-reforma-politica-no-brasil\/","og_site_name":"O Arcanjo no ar","article_publisher":"https:\/\/www.facebook.com\/OArcanjoNoAr\/","article_published_time":"2014-09-01T21:33:59+00:00","og_image":[{"width":300,"height":300,"url":"https:\/\/www.oarcanjo.net\/site\/wp-content\/uploads\/logo-o-arcanjo-no-ar-facebook.png","type":"image\/png"}],"author":"editor","twitter_card":"summary_large_image","twitter_misc":{"Escrito por":"editor","Est. tempo de leitura":"3 minutos"},"schema":{"@context":"https:\/\/schema.org","@graph":[{"@type":"Article","@id":"https:\/\/www.oarcanjo.net\/site\/bispos-emitem-mensagem-sobre-reforma-politica-no-brasil\/#article","isPartOf":{"@id":"https:\/\/www.oarcanjo.net\/site\/bispos-emitem-mensagem-sobre-reforma-politica-no-brasil\/"},"author":{"name":"editor","@id":"https:\/\/www.oarcanjo.net\/site\/#\/schema\/person\/f7024d007863202483a31326673a0838"},"headline":"Bispos emitem mensagem sobre Reforma Pol\u00edtica no Brasil","datePublished":"2014-09-01T21:33:59+00:00","dateModified":"2014-09-01T21:33:59+00:00","mainEntityOfPage":{"@id":"https:\/\/www.oarcanjo.net\/site\/bispos-emitem-mensagem-sobre-reforma-politica-no-brasil\/"},"wordCount":643,"commentCount":0,"publisher":{"@id":"https:\/\/www.oarcanjo.net\/site\/#organization"},"keywords":["reforma pol\u00edtica"],"articleSection":["Not\u00edcias"],"inLanguage":"pt-BR","potentialAction":[{"@type":"CommentAction","name":"Comment","target":["https:\/\/www.oarcanjo.net\/site\/bispos-emitem-mensagem-sobre-reforma-politica-no-brasil\/#respond"]}]},{"@type":"WebPage","@id":"https:\/\/www.oarcanjo.net\/site\/bispos-emitem-mensagem-sobre-reforma-politica-no-brasil\/","url":"https:\/\/www.oarcanjo.net\/site\/bispos-emitem-mensagem-sobre-reforma-politica-no-brasil\/","name":"Bispos emitem mensagem sobre Reforma Pol\u00edtica no Brasil - O Arcanjo no ar","isPartOf":{"@id":"https:\/\/www.oarcanjo.net\/site\/#website"},"datePublished":"2014-09-01T21:33:59+00:00","dateModified":"2014-09-01T21:33:59+00:00","breadcrumb":{"@id":"https:\/\/www.oarcanjo.net\/site\/bispos-emitem-mensagem-sobre-reforma-politica-no-brasil\/#breadcrumb"},"inLanguage":"pt-BR","potentialAction":[{"@type":"ReadAction","target":["https:\/\/www.oarcanjo.net\/site\/bispos-emitem-mensagem-sobre-reforma-politica-no-brasil\/"]}]},{"@type":"BreadcrumbList","@id":"https:\/\/www.oarcanjo.net\/site\/bispos-emitem-mensagem-sobre-reforma-politica-no-brasil\/#breadcrumb","itemListElement":[{"@type":"ListItem","position":1,"name":"In\u00edcio","item":"https:\/\/www.oarcanjo.net\/site\/"},{"@type":"ListItem","position":2,"name":"Bispos emitem mensagem sobre Reforma Pol\u00edtica no Brasil"}]},{"@type":"WebSite","@id":"https:\/\/www.oarcanjo.net\/site\/#website","url":"https:\/\/www.oarcanjo.net\/site\/","name":"O Arcanjo no ar","description":"Site da Par\u00f3quia S\u00e3o Miguel Arcanjo (Arquidiocese de SP)","publisher":{"@id":"https:\/\/www.oarcanjo.net\/site\/#organization"},"potentialAction":[{"@type":"SearchAction","target":{"@type":"EntryPoint","urlTemplate":"https:\/\/www.oarcanjo.net\/site\/?s={search_term_string}"},"query-input":{"@type":"PropertyValueSpecification","valueRequired":true,"valueName":"search_term_string"}}],"inLanguage":"pt-BR"},{"@type":"Organization","@id":"https:\/\/www.oarcanjo.net\/site\/#organization","name":"Par\u00f3quia S\u00e3o Miguel Arcanjo","url":"https:\/\/www.oarcanjo.net\/site\/","logo":{"@type":"ImageObject","inLanguage":"pt-BR","@id":"https:\/\/www.oarcanjo.net\/site\/#\/schema\/logo\/image\/","url":"https:\/\/www.oarcanjo.net\/site\/wp-content\/uploads\/LogoOArcanjo.png","contentUrl":"https:\/\/www.oarcanjo.net\/site\/wp-content\/uploads\/LogoOArcanjo.png","width":319,"height":99,"caption":"Par\u00f3quia S\u00e3o Miguel Arcanjo"},"image":{"@id":"https:\/\/www.oarcanjo.net\/site\/#\/schema\/logo\/image\/"},"sameAs":["https:\/\/www.facebook.com\/OArcanjoNoAr\/"]},{"@type":"Person","@id":"https:\/\/www.oarcanjo.net\/site\/#\/schema\/person\/f7024d007863202483a31326673a0838","name":"editor","sameAs":["http:\/\/www.oarcanjo.net"]}]}},"publishpress_future_action":{"enabled":false,"date":"2026-05-10 08:19:38","action":"category","newStatus":"draft","terms":[],"taxonomy":"category"},"publishpress_future_workflow_manual_trigger":{"enabledWorkflows":[]},"_links":{"self":[{"href":"https:\/\/www.oarcanjo.net\/site\/wp-json\/wp\/v2\/posts\/49377"}],"collection":[{"href":"https:\/\/www.oarcanjo.net\/site\/wp-json\/wp\/v2\/posts"}],"about":[{"href":"https:\/\/www.oarcanjo.net\/site\/wp-json\/wp\/v2\/types\/post"}],"author":[{"embeddable":true,"href":"https:\/\/www.oarcanjo.net\/site\/wp-json\/wp\/v2\/users\/5"}],"replies":[{"embeddable":true,"href":"https:\/\/www.oarcanjo.net\/site\/wp-json\/wp\/v2\/comments?post=49377"}],"version-history":[{"count":0,"href":"https:\/\/www.oarcanjo.net\/site\/wp-json\/wp\/v2\/posts\/49377\/revisions"}],"wp:attachment":[{"href":"https:\/\/www.oarcanjo.net\/site\/wp-json\/wp\/v2\/media?parent=49377"}],"wp:term":[{"taxonomy":"category","embeddable":true,"href":"https:\/\/www.oarcanjo.net\/site\/wp-json\/wp\/v2\/categories?post=49377"},{"taxonomy":"post_tag","embeddable":true,"href":"https:\/\/www.oarcanjo.net\/site\/wp-json\/wp\/v2\/tags?post=49377"}],"curies":[{"name":"wp","href":"https:\/\/api.w.org\/{rel}","templated":true}]}}