
{"id":49379,"date":"2014-09-01T18:36:09","date_gmt":"2014-09-01T21:36:09","guid":{"rendered":"http:\/\/www.oarcanjo.net\/site\/?p=49379"},"modified":"2014-09-01T18:36:09","modified_gmt":"2014-09-01T21:36:09","slug":"papa-abrir-o-coracao-para-acolher-palavra-de-deus","status":"publish","type":"post","link":"https:\/\/www.oarcanjo.net\/site\/papa-abrir-o-coracao-para-acolher-palavra-de-deus\/","title":{"rendered":"Papa: &#8220;Abrir o cora\u00e7\u00e3o para acolher Palavra de Deus&#8221;"},"content":{"rendered":"<p>\u201cN\u00e3o se anuncia o Evangelho para convencer com palavras s\u00e1bias, mas com humildade, porque a for\u00e7a da Palavra de Deus \u00e9 o pr\u00f3prio Jesus, e somente quem estiver com o cora\u00e7\u00e3o aberto pode acolh\u00ea-lo\u201d. Este foi o teor da homilia de Francisco na manh\u00e3 de 1\u00ba de setembro, retomando as missas matutinas na Casa Santa Marta depois da pausa do ver\u00e3o.<\/p>\n<p><span style=\"font-size: 13px;\">Comentando as leituras do dia, o Papa explicou o que \u00e9 a Palavra de Deus e como receb\u00ea-la. S\u00e3o Paulo recordou aos Cor\u00edntios ter anunciado o Evangelho sem utilizar palavras eruditas:<\/span><\/p>\n<p>\u201cPaulo disse: \u201cEu n\u00e3o fui at\u00e9 voc\u00eas para convenc\u00ea-los com argumentos, palavras, figuras bonitas&#8230; N\u00e3o, eu fui de outro modo, com outro estilo; fui na manifesta\u00e7\u00e3o do Esp\u00edrito e na sua for\u00e7a, para que sua f\u00e9 n\u00e3o se baseasse na sabedoria humana, mas no poder de Deus\u201d. Assim, a Palavra de Deus \u00e9 uma coisa diferente, que n\u00e3o \u00e9 igual \u00e0 palavra humana, s\u00e1bia, cient\u00edfica ou filos\u00f3fica&#8230; N\u00e3o! \u00c9 outra coisa: vem de outra forma\u201d.<br \/>\nFoi o que aconteceu com Jesus quando comentou as Escrituras na Sinagoga de Nazar\u00e9, onde cresceu. Seus conterr\u00e2neos inicialmente o admiraram por suas palavras, mas depois se enfureceram e tentaram mat\u00e1-lo: \u201cPassaram de uma parte para outra\u00a0\u2013 explicou o Papa \u2013porque a Palavra de Deus \u00e9 diferente da palavra humana\u201d.<\/p>\n<p>Com efeito, Deus nos falou no Filho, \u201cou seja, a Palavra de Deus \u00e9 Jesus, o pr\u00f3prio Jesus\u201d, e Jesus \u00e9 motivo de esc\u00e2ndalo. A Cruz de Cristo escandaliza, e ela \u00e9 a for\u00e7a da Palavra de Deus: Jesus Cristo, o Senhor. Mas como devemos receber a Palavra de Deus? Como se recebe Jesus Cristo. A Igreja nos diz que Jesus est\u00e1 presente na Escritura, em sua Palavra. &#8220;Por isso \u2013\u00a0afirmou o Papa\u00a0\u2013 \u00e9 t\u00e3o importante ler, durante o dia, um trecho do Evangelho\u201d.<\/p>\n<p>\u201cPara que, para aprender? N\u00e3o! Para encontrar Jesus, porque ele est\u00e1 em Sua Palavra. Cada vez que lemos o Evangelho, encontramos Jesus. E como receber esta Palavra? Como se recebe Jesus, isto \u00e9, com o cora\u00e7\u00e3o aberto, humilde, com o esp\u00edrito das Bem-aventuran\u00e7as, porque Jesus veio assim, em humildade; veio em pobreza, veio com a un\u00e7\u00e3o do Esp\u00edrito Santo\u201d.<\/p>\n<p>\u201cN\u00f3s tamb\u00e9m, se quisermos ouvir e receber a Palavra de Deus, devemos rezar ao Esp\u00edrito Santo e pedir a un\u00e7\u00e3o do cora\u00e7\u00e3o, que \u00e9 a un\u00e7\u00e3o das Bem-aventuran\u00e7as\u201d.<\/p>\n<p>O Papa concluiu a homilia convidando:<\/p>\n<p>\u201cHoje nos far\u00e1 bem questionarmo-nos sobre como recebemos a Palavra de Deus: como uma coisa interessante? Recebo a sua Palavra simplesmente porque \u00e9 Jesus vivo? Eu seria capaz de comprar um pequeno Evangelho (\u00e9 barato!), lev\u00e1-lo comigo no bolso e quando puder, durante o dia, ler uma passagem, para encontrar Jesus?\u201d.<\/p>\n<p><em>Fonte: News.Va<\/em><\/p>\n<div id=\"themify_builder_content-49379\" data-postid=\"49379\" class=\"themify_builder_content themify_builder_content-49379 themify_builder themify_builder_front\">\n\t<\/div>\n<!-- \/themify_builder_content -->","protected":false},"excerpt":{"rendered":"<p>\u201cN\u00e3o se anuncia o Evangelho para convencer com palavras s\u00e1bias, mas com humildade, porque a for\u00e7a da Palavra de Deus \u00e9 o pr\u00f3prio Jesus, e somente quem estiver com o cora\u00e7\u00e3o aberto pode acolh\u00ea-lo\u201d. Este foi o teor da homilia de Francisco na manh\u00e3 de 1\u00ba de setembro, retomando as missas matutinas na Casa Santa [&hellip;]<\/p>\n","protected":false},"author":5,"featured_media":0,"comment_status":"open","ping_status":"open","sticky":false,"template":"","format":"standard","meta":{"ngg_post_thumbnail":0,"footnotes":""},"categories":[9],"tags":[1206,1877,2433],"yoast_head":"<!-- This site is optimized with the Yoast SEO plugin v23.5 - https:\/\/yoast.com\/wordpress\/plugins\/seo\/ -->\n<title>Papa: &quot;Abrir o cora\u00e7\u00e3o para acolher Palavra de Deus&quot; - O Arcanjo no ar<\/title>\n<meta name=\"robots\" content=\"index, follow, max-snippet:-1, max-image-preview:large, max-video-preview:-1\" \/>\n<link rel=\"canonical\" href=\"https:\/\/www.oarcanjo.net\/site\/papa-abrir-o-coracao-para-acolher-palavra-de-deus\/\" \/>\n<meta property=\"og:locale\" content=\"pt_BR\" \/>\n<meta property=\"og:type\" content=\"article\" \/>\n<meta property=\"og:title\" content=\"Papa: &quot;Abrir o cora\u00e7\u00e3o para acolher Palavra de Deus&quot; - O Arcanjo no ar\" \/>\n<meta property=\"og:description\" content=\"\u201cN\u00e3o se anuncia o Evangelho para convencer com palavras s\u00e1bias, mas com humildade, porque a for\u00e7a da Palavra de Deus \u00e9 o pr\u00f3prio Jesus, e somente quem estiver com o cora\u00e7\u00e3o aberto pode acolh\u00ea-lo\u201d. Este foi o teor da homilia de Francisco na manh\u00e3 de 1\u00ba de setembro, retomando as missas matutinas na Casa Santa [&hellip;]\" \/>\n<meta property=\"og:url\" content=\"https:\/\/www.oarcanjo.net\/site\/papa-abrir-o-coracao-para-acolher-palavra-de-deus\/\" \/>\n<meta property=\"og:site_name\" content=\"O Arcanjo no ar\" \/>\n<meta property=\"article:publisher\" content=\"https:\/\/www.facebook.com\/OArcanjoNoAr\/\" \/>\n<meta property=\"article:published_time\" content=\"2014-09-01T21:36:09+00:00\" \/>\n<meta property=\"og:image\" content=\"https:\/\/www.oarcanjo.net\/site\/wp-content\/uploads\/logo-o-arcanjo-no-ar-facebook.png\" \/>\n\t<meta property=\"og:image:width\" content=\"300\" \/>\n\t<meta property=\"og:image:height\" content=\"300\" \/>\n\t<meta property=\"og:image:type\" content=\"image\/png\" \/>\n<meta name=\"author\" content=\"editor\" \/>\n<meta name=\"twitter:card\" content=\"summary_large_image\" \/>\n<meta name=\"twitter:label1\" content=\"Escrito por\" \/>\n\t<meta name=\"twitter:data1\" content=\"editor\" \/>\n\t<meta name=\"twitter:label2\" content=\"Est. tempo de leitura\" \/>\n\t<meta name=\"twitter:data2\" content=\"2 minutos\" \/>\n<script type=\"application\/ld+json\" class=\"yoast-schema-graph\">{\"@context\":\"https:\/\/schema.org\",\"@graph\":[{\"@type\":\"Article\",\"@id\":\"https:\/\/www.oarcanjo.net\/site\/papa-abrir-o-coracao-para-acolher-palavra-de-deus\/#article\",\"isPartOf\":{\"@id\":\"https:\/\/www.oarcanjo.net\/site\/papa-abrir-o-coracao-para-acolher-palavra-de-deus\/\"},\"author\":{\"name\":\"editor\",\"@id\":\"https:\/\/www.oarcanjo.net\/site\/#\/schema\/person\/f7024d007863202483a31326673a0838\"},\"headline\":\"Papa: &#8220;Abrir o cora\u00e7\u00e3o para acolher Palavra de Deus&#8221;\",\"datePublished\":\"2014-09-01T21:36:09+00:00\",\"dateModified\":\"2014-09-01T21:36:09+00:00\",\"mainEntityOfPage\":{\"@id\":\"https:\/\/www.oarcanjo.net\/site\/papa-abrir-o-coracao-para-acolher-palavra-de-deus\/\"},\"wordCount\":485,\"commentCount\":0,\"publisher\":{\"@id\":\"https:\/\/www.oarcanjo.net\/site\/#organization\"},\"keywords\":[\"bem aventuran\u00e7as\",\"humildade\",\"Papa Francisco\"],\"articleSection\":[\"Reflex\u00f5es\"],\"inLanguage\":\"pt-BR\",\"potentialAction\":[{\"@type\":\"CommentAction\",\"name\":\"Comment\",\"target\":[\"https:\/\/www.oarcanjo.net\/site\/papa-abrir-o-coracao-para-acolher-palavra-de-deus\/#respond\"]}]},{\"@type\":\"WebPage\",\"@id\":\"https:\/\/www.oarcanjo.net\/site\/papa-abrir-o-coracao-para-acolher-palavra-de-deus\/\",\"url\":\"https:\/\/www.oarcanjo.net\/site\/papa-abrir-o-coracao-para-acolher-palavra-de-deus\/\",\"name\":\"Papa: \\\"Abrir o cora\u00e7\u00e3o para acolher Palavra de Deus\\\" - O Arcanjo no ar\",\"isPartOf\":{\"@id\":\"https:\/\/www.oarcanjo.net\/site\/#website\"},\"datePublished\":\"2014-09-01T21:36:09+00:00\",\"dateModified\":\"2014-09-01T21:36:09+00:00\",\"breadcrumb\":{\"@id\":\"https:\/\/www.oarcanjo.net\/site\/papa-abrir-o-coracao-para-acolher-palavra-de-deus\/#breadcrumb\"},\"inLanguage\":\"pt-BR\",\"potentialAction\":[{\"@type\":\"ReadAction\",\"target\":[\"https:\/\/www.oarcanjo.net\/site\/papa-abrir-o-coracao-para-acolher-palavra-de-deus\/\"]}]},{\"@type\":\"BreadcrumbList\",\"@id\":\"https:\/\/www.oarcanjo.net\/site\/papa-abrir-o-coracao-para-acolher-palavra-de-deus\/#breadcrumb\",\"itemListElement\":[{\"@type\":\"ListItem\",\"position\":1,\"name\":\"In\u00edcio\",\"item\":\"https:\/\/www.oarcanjo.net\/site\/\"},{\"@type\":\"ListItem\",\"position\":2,\"name\":\"Papa: &#8220;Abrir o cora\u00e7\u00e3o para acolher Palavra de Deus&#8221;\"}]},{\"@type\":\"WebSite\",\"@id\":\"https:\/\/www.oarcanjo.net\/site\/#website\",\"url\":\"https:\/\/www.oarcanjo.net\/site\/\",\"name\":\"O Arcanjo no ar\",\"description\":\"Site da Par\u00f3quia S\u00e3o Miguel Arcanjo (Arquidiocese de SP)\",\"publisher\":{\"@id\":\"https:\/\/www.oarcanjo.net\/site\/#organization\"},\"potentialAction\":[{\"@type\":\"SearchAction\",\"target\":{\"@type\":\"EntryPoint\",\"urlTemplate\":\"https:\/\/www.oarcanjo.net\/site\/?s={search_term_string}\"},\"query-input\":{\"@type\":\"PropertyValueSpecification\",\"valueRequired\":true,\"valueName\":\"search_term_string\"}}],\"inLanguage\":\"pt-BR\"},{\"@type\":\"Organization\",\"@id\":\"https:\/\/www.oarcanjo.net\/site\/#organization\",\"name\":\"Par\u00f3quia S\u00e3o Miguel Arcanjo\",\"url\":\"https:\/\/www.oarcanjo.net\/site\/\",\"logo\":{\"@type\":\"ImageObject\",\"inLanguage\":\"pt-BR\",\"@id\":\"https:\/\/www.oarcanjo.net\/site\/#\/schema\/logo\/image\/\",\"url\":\"https:\/\/www.oarcanjo.net\/site\/wp-content\/uploads\/LogoOArcanjo.png\",\"contentUrl\":\"https:\/\/www.oarcanjo.net\/site\/wp-content\/uploads\/LogoOArcanjo.png\",\"width\":319,\"height\":99,\"caption\":\"Par\u00f3quia S\u00e3o Miguel Arcanjo\"},\"image\":{\"@id\":\"https:\/\/www.oarcanjo.net\/site\/#\/schema\/logo\/image\/\"},\"sameAs\":[\"https:\/\/www.facebook.com\/OArcanjoNoAr\/\"]},{\"@type\":\"Person\",\"@id\":\"https:\/\/www.oarcanjo.net\/site\/#\/schema\/person\/f7024d007863202483a31326673a0838\",\"name\":\"editor\",\"sameAs\":[\"http:\/\/www.oarcanjo.net\"]}]}<\/script>\n<!-- \/ Yoast SEO plugin. -->","yoast_head_json":{"title":"Papa: \"Abrir o cora\u00e7\u00e3o para acolher Palavra de Deus\" - O Arcanjo no ar","robots":{"index":"index","follow":"follow","max-snippet":"max-snippet:-1","max-image-preview":"max-image-preview:large","max-video-preview":"max-video-preview:-1"},"canonical":"https:\/\/www.oarcanjo.net\/site\/papa-abrir-o-coracao-para-acolher-palavra-de-deus\/","og_locale":"pt_BR","og_type":"article","og_title":"Papa: \"Abrir o cora\u00e7\u00e3o para acolher Palavra de Deus\" - O Arcanjo no ar","og_description":"\u201cN\u00e3o se anuncia o Evangelho para convencer com palavras s\u00e1bias, mas com humildade, porque a for\u00e7a da Palavra de Deus \u00e9 o pr\u00f3prio Jesus, e somente quem estiver com o cora\u00e7\u00e3o aberto pode acolh\u00ea-lo\u201d. Este foi o teor da homilia de Francisco na manh\u00e3 de 1\u00ba de setembro, retomando as missas matutinas na Casa Santa [&hellip;]","og_url":"https:\/\/www.oarcanjo.net\/site\/papa-abrir-o-coracao-para-acolher-palavra-de-deus\/","og_site_name":"O Arcanjo no ar","article_publisher":"https:\/\/www.facebook.com\/OArcanjoNoAr\/","article_published_time":"2014-09-01T21:36:09+00:00","og_image":[{"width":300,"height":300,"url":"https:\/\/www.oarcanjo.net\/site\/wp-content\/uploads\/logo-o-arcanjo-no-ar-facebook.png","type":"image\/png"}],"author":"editor","twitter_card":"summary_large_image","twitter_misc":{"Escrito por":"editor","Est. tempo de leitura":"2 minutos"},"schema":{"@context":"https:\/\/schema.org","@graph":[{"@type":"Article","@id":"https:\/\/www.oarcanjo.net\/site\/papa-abrir-o-coracao-para-acolher-palavra-de-deus\/#article","isPartOf":{"@id":"https:\/\/www.oarcanjo.net\/site\/papa-abrir-o-coracao-para-acolher-palavra-de-deus\/"},"author":{"name":"editor","@id":"https:\/\/www.oarcanjo.net\/site\/#\/schema\/person\/f7024d007863202483a31326673a0838"},"headline":"Papa: &#8220;Abrir o cora\u00e7\u00e3o para acolher Palavra de Deus&#8221;","datePublished":"2014-09-01T21:36:09+00:00","dateModified":"2014-09-01T21:36:09+00:00","mainEntityOfPage":{"@id":"https:\/\/www.oarcanjo.net\/site\/papa-abrir-o-coracao-para-acolher-palavra-de-deus\/"},"wordCount":485,"commentCount":0,"publisher":{"@id":"https:\/\/www.oarcanjo.net\/site\/#organization"},"keywords":["bem aventuran\u00e7as","humildade","Papa Francisco"],"articleSection":["Reflex\u00f5es"],"inLanguage":"pt-BR","potentialAction":[{"@type":"CommentAction","name":"Comment","target":["https:\/\/www.oarcanjo.net\/site\/papa-abrir-o-coracao-para-acolher-palavra-de-deus\/#respond"]}]},{"@type":"WebPage","@id":"https:\/\/www.oarcanjo.net\/site\/papa-abrir-o-coracao-para-acolher-palavra-de-deus\/","url":"https:\/\/www.oarcanjo.net\/site\/papa-abrir-o-coracao-para-acolher-palavra-de-deus\/","name":"Papa: \"Abrir o cora\u00e7\u00e3o para acolher Palavra de Deus\" - O Arcanjo no ar","isPartOf":{"@id":"https:\/\/www.oarcanjo.net\/site\/#website"},"datePublished":"2014-09-01T21:36:09+00:00","dateModified":"2014-09-01T21:36:09+00:00","breadcrumb":{"@id":"https:\/\/www.oarcanjo.net\/site\/papa-abrir-o-coracao-para-acolher-palavra-de-deus\/#breadcrumb"},"inLanguage":"pt-BR","potentialAction":[{"@type":"ReadAction","target":["https:\/\/www.oarcanjo.net\/site\/papa-abrir-o-coracao-para-acolher-palavra-de-deus\/"]}]},{"@type":"BreadcrumbList","@id":"https:\/\/www.oarcanjo.net\/site\/papa-abrir-o-coracao-para-acolher-palavra-de-deus\/#breadcrumb","itemListElement":[{"@type":"ListItem","position":1,"name":"In\u00edcio","item":"https:\/\/www.oarcanjo.net\/site\/"},{"@type":"ListItem","position":2,"name":"Papa: &#8220;Abrir o cora\u00e7\u00e3o para acolher Palavra de Deus&#8221;"}]},{"@type":"WebSite","@id":"https:\/\/www.oarcanjo.net\/site\/#website","url":"https:\/\/www.oarcanjo.net\/site\/","name":"O Arcanjo no ar","description":"Site da Par\u00f3quia S\u00e3o Miguel Arcanjo (Arquidiocese de SP)","publisher":{"@id":"https:\/\/www.oarcanjo.net\/site\/#organization"},"potentialAction":[{"@type":"SearchAction","target":{"@type":"EntryPoint","urlTemplate":"https:\/\/www.oarcanjo.net\/site\/?s={search_term_string}"},"query-input":{"@type":"PropertyValueSpecification","valueRequired":true,"valueName":"search_term_string"}}],"inLanguage":"pt-BR"},{"@type":"Organization","@id":"https:\/\/www.oarcanjo.net\/site\/#organization","name":"Par\u00f3quia S\u00e3o Miguel Arcanjo","url":"https:\/\/www.oarcanjo.net\/site\/","logo":{"@type":"ImageObject","inLanguage":"pt-BR","@id":"https:\/\/www.oarcanjo.net\/site\/#\/schema\/logo\/image\/","url":"https:\/\/www.oarcanjo.net\/site\/wp-content\/uploads\/LogoOArcanjo.png","contentUrl":"https:\/\/www.oarcanjo.net\/site\/wp-content\/uploads\/LogoOArcanjo.png","width":319,"height":99,"caption":"Par\u00f3quia S\u00e3o Miguel Arcanjo"},"image":{"@id":"https:\/\/www.oarcanjo.net\/site\/#\/schema\/logo\/image\/"},"sameAs":["https:\/\/www.facebook.com\/OArcanjoNoAr\/"]},{"@type":"Person","@id":"https:\/\/www.oarcanjo.net\/site\/#\/schema\/person\/f7024d007863202483a31326673a0838","name":"editor","sameAs":["http:\/\/www.oarcanjo.net"]}]}},"publishpress_future_action":{"enabled":false,"date":"2026-05-08 20:07:19","action":"category","newStatus":"draft","terms":[],"taxonomy":"category"},"publishpress_future_workflow_manual_trigger":{"enabledWorkflows":[]},"_links":{"self":[{"href":"https:\/\/www.oarcanjo.net\/site\/wp-json\/wp\/v2\/posts\/49379"}],"collection":[{"href":"https:\/\/www.oarcanjo.net\/site\/wp-json\/wp\/v2\/posts"}],"about":[{"href":"https:\/\/www.oarcanjo.net\/site\/wp-json\/wp\/v2\/types\/post"}],"author":[{"embeddable":true,"href":"https:\/\/www.oarcanjo.net\/site\/wp-json\/wp\/v2\/users\/5"}],"replies":[{"embeddable":true,"href":"https:\/\/www.oarcanjo.net\/site\/wp-json\/wp\/v2\/comments?post=49379"}],"version-history":[{"count":0,"href":"https:\/\/www.oarcanjo.net\/site\/wp-json\/wp\/v2\/posts\/49379\/revisions"}],"wp:attachment":[{"href":"https:\/\/www.oarcanjo.net\/site\/wp-json\/wp\/v2\/media?parent=49379"}],"wp:term":[{"taxonomy":"category","embeddable":true,"href":"https:\/\/www.oarcanjo.net\/site\/wp-json\/wp\/v2\/categories?post=49379"},{"taxonomy":"post_tag","embeddable":true,"href":"https:\/\/www.oarcanjo.net\/site\/wp-json\/wp\/v2\/tags?post=49379"}],"curies":[{"name":"wp","href":"https:\/\/api.w.org\/{rel}","templated":true}]}}