
{"id":49381,"date":"2014-09-01T18:42:00","date_gmt":"2014-09-01T21:42:00","guid":{"rendered":"http:\/\/www.oarcanjo.net\/site\/?p=49381"},"modified":"2014-09-01T18:42:00","modified_gmt":"2014-09-01T21:42:00","slug":"cnbb-divulga-nota-contra-a-revista-vexatoria-nos-presidios","status":"publish","type":"post","link":"https:\/\/www.oarcanjo.net\/site\/cnbb-divulga-nota-contra-a-revista-vexatoria-nos-presidios\/","title":{"rendered":"CNBB divulga nota contra a revista vexat\u00f3ria nos pres\u00eddios"},"content":{"rendered":"<p style=\"color: #000000;\">O Conselho Episcopal Pastoral (Consep) da Confer\u00eancia Nacional dos Bispos do Brasil (CNBB) aprovou nesta sexta-feira, 29, nota sobre a revista vexat\u00f3ria nos pres\u00eddios brasileiros. O texto foi divulgado durante entrevista coletiva \u00e0 imprensa.\u00a0Por meio da publica\u00e7\u00e3o, a CNBB manifesta rep\u00fadio \u00e0 pratica, aplicada na maioria dos pres\u00eddios do pa\u00eds, considerada pela entidade como \u201cvergonhosa e desumana\u201d. \u00a0Confira a nota na \u00edntegra:<\/p>\n<p style=\"color: #000000;\">\u00a0\u00a0<strong>NOTA CONTRA A REVISTA VEXAT\u00d3RIA NOS PRES\u00cdDIOS<\/strong><\/p>\n<p style=\"color: #000000;\" align=\"right\">\n<p style=\"color: #000000;\" align=\"right\"><em>\u201cN\u00e3o sabeis v\u00f3s que sois o templo de Deus e que o Esp\u00edrito de Deus habita em v\u00f3s?\u201d<\/em>\u00a0(1Cor 3,16)<\/p>\n<p style=\"color: #000000;\" align=\"right\">\n<p style=\"color: #000000;\">O Conselho Episcopal Pastoral da Confer\u00eancia Nacional dos Bispos do Brasil-CNBB, reunido em Bras\u00edlia nos dias 28 e 29 de agosto de 2014, vem manifestar seu rep\u00fadio \u00e0 inaceit\u00e1vel pr\u00e1tica da revista vexat\u00f3ria, aplicada na maioria dos pres\u00eddios brasileiros. Esse procedimento desumano submete as pessoas que visitam os encarcerados, especialmente as mulheres, \u00e0 humilha\u00e7\u00e3o do desnudamento, da manipula\u00e7\u00e3o de suas partes \u00edntimas por agentes do Estado e a outras pr\u00e1ticas degradantes. Viola a sacralidade do corpo humano, templo vivo de Deus, e fere sua dignidade.<\/p>\n<p style=\"color: #000000;\">A revista vexat\u00f3ria desrespeita a Constitui\u00e7\u00e3o Federal (cf art. 5\u00ba), que veda que a pena ultrapasse a pessoa do condenado, e constitui tratamento cruel, desumano e degradante e, em situa\u00e7\u00f5es extremas, crime de tortura. Tal pr\u00e1tica n\u00e3o respeita nem mesmo a idade, submetendo crian\u00e7as, adolescentes e idosos a humilha\u00e7\u00f5es e constrangimentos que afrontam a prote\u00e7\u00e3o integral a que t\u00eam direito conforme lhes garantem, respectivamente, os\u00a0<em>Estatutos da Crian\u00e7a e do Adolescente\u00a0<\/em>e do\u00a0<em>Idoso<\/em>.<\/p>\n<p style=\"color: #000000;\">Est\u00e1 comprovado que a maioria dos objetos il\u00edcitos encontrados com os presos n\u00e3o entra com quem os visita. Nos estados onde esta conden\u00e1vel pr\u00e1tica foi abolida, como Goi\u00e1s e Esp\u00edrito Santo, n\u00e3o houve altera\u00e7\u00e3o na quantidade de entorpecentes e objetos apreendidos com os presos. Prova de que esta revista pode e deve ser substitu\u00edda por outros procedimentos mais eficientes e compat\u00edveis com a dignidade humana, que garantem a seguran\u00e7a das unidades prisionais e a integridade dos visitantes tais como detectores de metais e\u00a0<em>scanners<\/em>\u00a0corporais.<\/p>\n<p style=\"color: #000000;\">Lamentavelmente in\u00fameros presos deixam de receber a visita de seus parentes por causa dessa viol\u00eancia desmedida e institucionalizada. Os apenados s\u00e3o privados, assim, de um direito garantido por lei que \u00e9 a conviv\u00eancia com sua fam\u00edlia, fundamental para ajud\u00e1-los em sua recupera\u00e7\u00e3o.<\/p>\n<p style=\"color: #000000;\">A CNBB faz, portanto, veemente apelo \u00e0 Uni\u00e3o e aos Estados onde \u00e9 mantida a revista vexat\u00f3ria que ponham fim a essa pr\u00e1tica inconstitucional, vergonhosa e desumana. Apela, igualmente, aos Senhores Deputados Federais que votem e aprovem, o quanto antes, o PLS 480\/2013, j\u00e1 aprovado no Senado, que elimina de vez esse abomin\u00e1vel procedimento nos pres\u00eddios do pa\u00eds.<\/p>\n<p style=\"color: #000000;\">Que Deus seja a for\u00e7a e a luz dos que, na luta em defesa da dignidade da pessoa humana, promovem a justi\u00e7a e a paz.<\/p>\n<p style=\"color: #000000;\" align=\"right\">Bras\u00edlia, 29 de agosto de 2014.<\/p>\n<p style=\"color: #000000;\" align=\"center\">\n<p style=\"color: #000000;\" align=\"center\"><strong>Dom Raymundo Damasceno Assis<br \/>\n<\/strong><em>Arcebispo de Aparecida<br \/>\n<\/em>Presidente da CNBB<\/p>\n<p style=\"color: #000000;\" align=\"center\"><strong>Dom Jos\u00e9 Belis\u00e1rio da Silva<br \/>\n<\/strong><em>Arcebispo de S\u00e3o Lu\u00eds<br \/>\n<\/em>Vice-presidente da CNBB<\/p>\n<p style=\"color: #000000;\" align=\"center\"><strong>Dom Leonardo Ulrich Steiner<br \/>\n<\/strong><em>Bispo Auxiliar de Bras\u00edlia<br \/>\n<\/em>Secret\u00e1rio Geral da CNBB<\/p>\n<div id=\"themify_builder_content-49381\" data-postid=\"49381\" class=\"themify_builder_content themify_builder_content-49381 themify_builder themify_builder_front\">\n\t<\/div>\n<!-- \/themify_builder_content -->","protected":false},"excerpt":{"rendered":"<p>O Conselho Episcopal Pastoral (Consep) da Confer\u00eancia Nacional dos Bispos do Brasil (CNBB) aprovou nesta sexta-feira, 29, nota sobre a revista vexat\u00f3ria nos pres\u00eddios brasileiros. O texto foi divulgado durante entrevista coletiva \u00e0 imprensa.\u00a0Por meio da publica\u00e7\u00e3o, a CNBB manifesta rep\u00fadio \u00e0 pratica, aplicada na maioria dos pres\u00eddios do pa\u00eds, considerada pela entidade como \u201cvergonhosa [&hellip;]<\/p>\n","protected":false},"author":5,"featured_media":0,"comment_status":"open","ping_status":"open","sticky":false,"template":"","format":"standard","meta":{"ngg_post_thumbnail":0,"footnotes":""},"categories":[8],"tags":[1006,3115],"yoast_head":"<!-- This site is optimized with the Yoast SEO plugin v23.5 - https:\/\/yoast.com\/wordpress\/plugins\/seo\/ -->\n<title>CNBB divulga nota contra a revista vexat\u00f3ria nos pres\u00eddios - O Arcanjo no ar<\/title>\n<meta name=\"robots\" content=\"index, follow, max-snippet:-1, max-image-preview:large, max-video-preview:-1\" \/>\n<link rel=\"canonical\" href=\"https:\/\/www.oarcanjo.net\/site\/cnbb-divulga-nota-contra-a-revista-vexatoria-nos-presidios\/\" \/>\n<meta property=\"og:locale\" content=\"pt_BR\" \/>\n<meta property=\"og:type\" content=\"article\" \/>\n<meta property=\"og:title\" content=\"CNBB divulga nota contra a revista vexat\u00f3ria nos pres\u00eddios - O Arcanjo no ar\" \/>\n<meta property=\"og:description\" content=\"O Conselho Episcopal Pastoral (Consep) da Confer\u00eancia Nacional dos Bispos do Brasil (CNBB) aprovou nesta sexta-feira, 29, nota sobre a revista vexat\u00f3ria nos pres\u00eddios brasileiros. O texto foi divulgado durante entrevista coletiva \u00e0 imprensa.\u00a0Por meio da publica\u00e7\u00e3o, a CNBB manifesta rep\u00fadio \u00e0 pratica, aplicada na maioria dos pres\u00eddios do pa\u00eds, considerada pela entidade como \u201cvergonhosa [&hellip;]\" \/>\n<meta property=\"og:url\" content=\"https:\/\/www.oarcanjo.net\/site\/cnbb-divulga-nota-contra-a-revista-vexatoria-nos-presidios\/\" \/>\n<meta property=\"og:site_name\" content=\"O Arcanjo no ar\" \/>\n<meta property=\"article:publisher\" content=\"https:\/\/www.facebook.com\/OArcanjoNoAr\/\" \/>\n<meta property=\"article:published_time\" content=\"2014-09-01T21:42:00+00:00\" \/>\n<meta property=\"og:image\" content=\"https:\/\/www.oarcanjo.net\/site\/wp-content\/uploads\/logo-o-arcanjo-no-ar-facebook.png\" \/>\n\t<meta property=\"og:image:width\" content=\"300\" \/>\n\t<meta property=\"og:image:height\" content=\"300\" \/>\n\t<meta property=\"og:image:type\" content=\"image\/png\" \/>\n<meta name=\"author\" content=\"editor\" \/>\n<meta name=\"twitter:card\" content=\"summary_large_image\" \/>\n<meta name=\"twitter:label1\" content=\"Escrito por\" \/>\n\t<meta name=\"twitter:data1\" content=\"editor\" \/>\n\t<meta name=\"twitter:label2\" content=\"Est. tempo de leitura\" \/>\n\t<meta name=\"twitter:data2\" content=\"3 minutos\" \/>\n<script type=\"application\/ld+json\" class=\"yoast-schema-graph\">{\"@context\":\"https:\/\/schema.org\",\"@graph\":[{\"@type\":\"Article\",\"@id\":\"https:\/\/www.oarcanjo.net\/site\/cnbb-divulga-nota-contra-a-revista-vexatoria-nos-presidios\/#article\",\"isPartOf\":{\"@id\":\"https:\/\/www.oarcanjo.net\/site\/cnbb-divulga-nota-contra-a-revista-vexatoria-nos-presidios\/\"},\"author\":{\"name\":\"editor\",\"@id\":\"https:\/\/www.oarcanjo.net\/site\/#\/schema\/person\/f7024d007863202483a31326673a0838\"},\"headline\":\"CNBB divulga nota contra a revista vexat\u00f3ria nos pres\u00eddios\",\"datePublished\":\"2014-09-01T21:42:00+00:00\",\"dateModified\":\"2014-09-01T21:42:00+00:00\",\"mainEntityOfPage\":{\"@id\":\"https:\/\/www.oarcanjo.net\/site\/cnbb-divulga-nota-contra-a-revista-vexatoria-nos-presidios\/\"},\"wordCount\":559,\"commentCount\":0,\"publisher\":{\"@id\":\"https:\/\/www.oarcanjo.net\/site\/#organization\"},\"keywords\":[\"pres\u00eddios\",\"Revista\"],\"articleSection\":[\"Not\u00edcias\"],\"inLanguage\":\"pt-BR\",\"potentialAction\":[{\"@type\":\"CommentAction\",\"name\":\"Comment\",\"target\":[\"https:\/\/www.oarcanjo.net\/site\/cnbb-divulga-nota-contra-a-revista-vexatoria-nos-presidios\/#respond\"]}]},{\"@type\":\"WebPage\",\"@id\":\"https:\/\/www.oarcanjo.net\/site\/cnbb-divulga-nota-contra-a-revista-vexatoria-nos-presidios\/\",\"url\":\"https:\/\/www.oarcanjo.net\/site\/cnbb-divulga-nota-contra-a-revista-vexatoria-nos-presidios\/\",\"name\":\"CNBB divulga nota contra a revista vexat\u00f3ria nos pres\u00eddios - O Arcanjo no ar\",\"isPartOf\":{\"@id\":\"https:\/\/www.oarcanjo.net\/site\/#website\"},\"datePublished\":\"2014-09-01T21:42:00+00:00\",\"dateModified\":\"2014-09-01T21:42:00+00:00\",\"breadcrumb\":{\"@id\":\"https:\/\/www.oarcanjo.net\/site\/cnbb-divulga-nota-contra-a-revista-vexatoria-nos-presidios\/#breadcrumb\"},\"inLanguage\":\"pt-BR\",\"potentialAction\":[{\"@type\":\"ReadAction\",\"target\":[\"https:\/\/www.oarcanjo.net\/site\/cnbb-divulga-nota-contra-a-revista-vexatoria-nos-presidios\/\"]}]},{\"@type\":\"BreadcrumbList\",\"@id\":\"https:\/\/www.oarcanjo.net\/site\/cnbb-divulga-nota-contra-a-revista-vexatoria-nos-presidios\/#breadcrumb\",\"itemListElement\":[{\"@type\":\"ListItem\",\"position\":1,\"name\":\"In\u00edcio\",\"item\":\"https:\/\/www.oarcanjo.net\/site\/\"},{\"@type\":\"ListItem\",\"position\":2,\"name\":\"CNBB divulga nota contra a revista vexat\u00f3ria nos pres\u00eddios\"}]},{\"@type\":\"WebSite\",\"@id\":\"https:\/\/www.oarcanjo.net\/site\/#website\",\"url\":\"https:\/\/www.oarcanjo.net\/site\/\",\"name\":\"O Arcanjo no ar\",\"description\":\"Site da Par\u00f3quia S\u00e3o Miguel Arcanjo (Arquidiocese de SP)\",\"publisher\":{\"@id\":\"https:\/\/www.oarcanjo.net\/site\/#organization\"},\"potentialAction\":[{\"@type\":\"SearchAction\",\"target\":{\"@type\":\"EntryPoint\",\"urlTemplate\":\"https:\/\/www.oarcanjo.net\/site\/?s={search_term_string}\"},\"query-input\":{\"@type\":\"PropertyValueSpecification\",\"valueRequired\":true,\"valueName\":\"search_term_string\"}}],\"inLanguage\":\"pt-BR\"},{\"@type\":\"Organization\",\"@id\":\"https:\/\/www.oarcanjo.net\/site\/#organization\",\"name\":\"Par\u00f3quia S\u00e3o Miguel Arcanjo\",\"url\":\"https:\/\/www.oarcanjo.net\/site\/\",\"logo\":{\"@type\":\"ImageObject\",\"inLanguage\":\"pt-BR\",\"@id\":\"https:\/\/www.oarcanjo.net\/site\/#\/schema\/logo\/image\/\",\"url\":\"https:\/\/www.oarcanjo.net\/site\/wp-content\/uploads\/LogoOArcanjo.png\",\"contentUrl\":\"https:\/\/www.oarcanjo.net\/site\/wp-content\/uploads\/LogoOArcanjo.png\",\"width\":319,\"height\":99,\"caption\":\"Par\u00f3quia S\u00e3o Miguel Arcanjo\"},\"image\":{\"@id\":\"https:\/\/www.oarcanjo.net\/site\/#\/schema\/logo\/image\/\"},\"sameAs\":[\"https:\/\/www.facebook.com\/OArcanjoNoAr\/\"]},{\"@type\":\"Person\",\"@id\":\"https:\/\/www.oarcanjo.net\/site\/#\/schema\/person\/f7024d007863202483a31326673a0838\",\"name\":\"editor\",\"sameAs\":[\"http:\/\/www.oarcanjo.net\"]}]}<\/script>\n<!-- \/ Yoast SEO plugin. -->","yoast_head_json":{"title":"CNBB divulga nota contra a revista vexat\u00f3ria nos pres\u00eddios - O Arcanjo no ar","robots":{"index":"index","follow":"follow","max-snippet":"max-snippet:-1","max-image-preview":"max-image-preview:large","max-video-preview":"max-video-preview:-1"},"canonical":"https:\/\/www.oarcanjo.net\/site\/cnbb-divulga-nota-contra-a-revista-vexatoria-nos-presidios\/","og_locale":"pt_BR","og_type":"article","og_title":"CNBB divulga nota contra a revista vexat\u00f3ria nos pres\u00eddios - O Arcanjo no ar","og_description":"O Conselho Episcopal Pastoral (Consep) da Confer\u00eancia Nacional dos Bispos do Brasil (CNBB) aprovou nesta sexta-feira, 29, nota sobre a revista vexat\u00f3ria nos pres\u00eddios brasileiros. O texto foi divulgado durante entrevista coletiva \u00e0 imprensa.\u00a0Por meio da publica\u00e7\u00e3o, a CNBB manifesta rep\u00fadio \u00e0 pratica, aplicada na maioria dos pres\u00eddios do pa\u00eds, considerada pela entidade como \u201cvergonhosa [&hellip;]","og_url":"https:\/\/www.oarcanjo.net\/site\/cnbb-divulga-nota-contra-a-revista-vexatoria-nos-presidios\/","og_site_name":"O Arcanjo no ar","article_publisher":"https:\/\/www.facebook.com\/OArcanjoNoAr\/","article_published_time":"2014-09-01T21:42:00+00:00","og_image":[{"width":300,"height":300,"url":"https:\/\/www.oarcanjo.net\/site\/wp-content\/uploads\/logo-o-arcanjo-no-ar-facebook.png","type":"image\/png"}],"author":"editor","twitter_card":"summary_large_image","twitter_misc":{"Escrito por":"editor","Est. tempo de leitura":"3 minutos"},"schema":{"@context":"https:\/\/schema.org","@graph":[{"@type":"Article","@id":"https:\/\/www.oarcanjo.net\/site\/cnbb-divulga-nota-contra-a-revista-vexatoria-nos-presidios\/#article","isPartOf":{"@id":"https:\/\/www.oarcanjo.net\/site\/cnbb-divulga-nota-contra-a-revista-vexatoria-nos-presidios\/"},"author":{"name":"editor","@id":"https:\/\/www.oarcanjo.net\/site\/#\/schema\/person\/f7024d007863202483a31326673a0838"},"headline":"CNBB divulga nota contra a revista vexat\u00f3ria nos pres\u00eddios","datePublished":"2014-09-01T21:42:00+00:00","dateModified":"2014-09-01T21:42:00+00:00","mainEntityOfPage":{"@id":"https:\/\/www.oarcanjo.net\/site\/cnbb-divulga-nota-contra-a-revista-vexatoria-nos-presidios\/"},"wordCount":559,"commentCount":0,"publisher":{"@id":"https:\/\/www.oarcanjo.net\/site\/#organization"},"keywords":["pres\u00eddios","Revista"],"articleSection":["Not\u00edcias"],"inLanguage":"pt-BR","potentialAction":[{"@type":"CommentAction","name":"Comment","target":["https:\/\/www.oarcanjo.net\/site\/cnbb-divulga-nota-contra-a-revista-vexatoria-nos-presidios\/#respond"]}]},{"@type":"WebPage","@id":"https:\/\/www.oarcanjo.net\/site\/cnbb-divulga-nota-contra-a-revista-vexatoria-nos-presidios\/","url":"https:\/\/www.oarcanjo.net\/site\/cnbb-divulga-nota-contra-a-revista-vexatoria-nos-presidios\/","name":"CNBB divulga nota contra a revista vexat\u00f3ria nos pres\u00eddios - O Arcanjo no ar","isPartOf":{"@id":"https:\/\/www.oarcanjo.net\/site\/#website"},"datePublished":"2014-09-01T21:42:00+00:00","dateModified":"2014-09-01T21:42:00+00:00","breadcrumb":{"@id":"https:\/\/www.oarcanjo.net\/site\/cnbb-divulga-nota-contra-a-revista-vexatoria-nos-presidios\/#breadcrumb"},"inLanguage":"pt-BR","potentialAction":[{"@type":"ReadAction","target":["https:\/\/www.oarcanjo.net\/site\/cnbb-divulga-nota-contra-a-revista-vexatoria-nos-presidios\/"]}]},{"@type":"BreadcrumbList","@id":"https:\/\/www.oarcanjo.net\/site\/cnbb-divulga-nota-contra-a-revista-vexatoria-nos-presidios\/#breadcrumb","itemListElement":[{"@type":"ListItem","position":1,"name":"In\u00edcio","item":"https:\/\/www.oarcanjo.net\/site\/"},{"@type":"ListItem","position":2,"name":"CNBB divulga nota contra a revista vexat\u00f3ria nos pres\u00eddios"}]},{"@type":"WebSite","@id":"https:\/\/www.oarcanjo.net\/site\/#website","url":"https:\/\/www.oarcanjo.net\/site\/","name":"O Arcanjo no ar","description":"Site da Par\u00f3quia S\u00e3o Miguel Arcanjo (Arquidiocese de SP)","publisher":{"@id":"https:\/\/www.oarcanjo.net\/site\/#organization"},"potentialAction":[{"@type":"SearchAction","target":{"@type":"EntryPoint","urlTemplate":"https:\/\/www.oarcanjo.net\/site\/?s={search_term_string}"},"query-input":{"@type":"PropertyValueSpecification","valueRequired":true,"valueName":"search_term_string"}}],"inLanguage":"pt-BR"},{"@type":"Organization","@id":"https:\/\/www.oarcanjo.net\/site\/#organization","name":"Par\u00f3quia S\u00e3o Miguel Arcanjo","url":"https:\/\/www.oarcanjo.net\/site\/","logo":{"@type":"ImageObject","inLanguage":"pt-BR","@id":"https:\/\/www.oarcanjo.net\/site\/#\/schema\/logo\/image\/","url":"https:\/\/www.oarcanjo.net\/site\/wp-content\/uploads\/LogoOArcanjo.png","contentUrl":"https:\/\/www.oarcanjo.net\/site\/wp-content\/uploads\/LogoOArcanjo.png","width":319,"height":99,"caption":"Par\u00f3quia S\u00e3o Miguel Arcanjo"},"image":{"@id":"https:\/\/www.oarcanjo.net\/site\/#\/schema\/logo\/image\/"},"sameAs":["https:\/\/www.facebook.com\/OArcanjoNoAr\/"]},{"@type":"Person","@id":"https:\/\/www.oarcanjo.net\/site\/#\/schema\/person\/f7024d007863202483a31326673a0838","name":"editor","sameAs":["http:\/\/www.oarcanjo.net"]}]}},"publishpress_future_action":{"enabled":false,"date":"2026-05-10 10:53:13","action":"category","newStatus":"draft","terms":[],"taxonomy":"category"},"publishpress_future_workflow_manual_trigger":{"enabledWorkflows":[]},"_links":{"self":[{"href":"https:\/\/www.oarcanjo.net\/site\/wp-json\/wp\/v2\/posts\/49381"}],"collection":[{"href":"https:\/\/www.oarcanjo.net\/site\/wp-json\/wp\/v2\/posts"}],"about":[{"href":"https:\/\/www.oarcanjo.net\/site\/wp-json\/wp\/v2\/types\/post"}],"author":[{"embeddable":true,"href":"https:\/\/www.oarcanjo.net\/site\/wp-json\/wp\/v2\/users\/5"}],"replies":[{"embeddable":true,"href":"https:\/\/www.oarcanjo.net\/site\/wp-json\/wp\/v2\/comments?post=49381"}],"version-history":[{"count":0,"href":"https:\/\/www.oarcanjo.net\/site\/wp-json\/wp\/v2\/posts\/49381\/revisions"}],"wp:attachment":[{"href":"https:\/\/www.oarcanjo.net\/site\/wp-json\/wp\/v2\/media?parent=49381"}],"wp:term":[{"taxonomy":"category","embeddable":true,"href":"https:\/\/www.oarcanjo.net\/site\/wp-json\/wp\/v2\/categories?post=49381"},{"taxonomy":"post_tag","embeddable":true,"href":"https:\/\/www.oarcanjo.net\/site\/wp-json\/wp\/v2\/tags?post=49381"}],"curies":[{"name":"wp","href":"https:\/\/api.w.org\/{rel}","templated":true}]}}