
{"id":49387,"date":"2014-09-01T20:21:23","date_gmt":"2014-09-01T23:21:23","guid":{"rendered":"http:\/\/www.oarcanjo.net\/site\/?p=49387"},"modified":"2014-09-01T21:24:39","modified_gmt":"2014-09-02T00:24:39","slug":"missa-em-memoria-de-dom-luciano-no-arsenal-da-esperanca","status":"publish","type":"post","link":"https:\/\/www.oarcanjo.net\/site\/missa-em-memoria-de-dom-luciano-no-arsenal-da-esperanca\/","title":{"rendered":"Missa em mem\u00f3ria de Dom Luciano no Arsenal da Esperan\u00e7a"},"content":{"rendered":"<p>Missa no s\u00e1bado, 30\/8, lembrou os 8 anos do falecimento de Dom Luciano Mendes de Almeida, ex-arcebispo de Mariana (MG) e ex-bispo auxiliar da Arquidiocese de S\u00e3o Paulo, respons\u00e1vel pela Regi\u00e3o Bel\u00e9m. A celebra\u00e7\u00e3o foi presidida por Dom Ang\u00e9lico Bernardino, arcebispo em\u00e9rito de Blumenau que conviveu com Dom Luciano quando esteve \u00e0 frente da Regi\u00e3o S\u00e3o Miguel. Assista \u00e0 homilia de Dom Ang\u00e9lico, no Arsenal da Esperan\u00e7a:<\/p>\n<p><iframe loading=\"lazy\" width=\"560\" height=\"315\" src=\"\/\/www.youtube.com\/embed\/eTb4ftOm8us?rel=0\" frameborder=\"0\" allowfullscreen><\/iframe><\/p>\n<p>No final, Dom Ang\u00e9lico refor\u00e7ou dois pensamentos de Dom Luciano:<\/p>\n<p><iframe loading=\"lazy\" width=\"560\" height=\"315\" src=\"\/\/www.youtube.com\/embed\/1N3JYWqjsG4?rel=0\" frameborder=\"0\" allowfullscreen><\/iframe><\/p>\n<div id=\"themify_builder_content-49387\" data-postid=\"49387\" class=\"themify_builder_content themify_builder_content-49387 themify_builder themify_builder_front\">\n\t<\/div>\n<!-- \/themify_builder_content -->","protected":false},"excerpt":{"rendered":"<p>Missa no s\u00e1bado, 30\/8, lembrou os 8 anos do falecimento de Dom Luciano Mendes de Almeida, ex-arcebispo de Mariana (MG) e ex-bispo auxiliar da Arquidiocese de S\u00e3o Paulo, respons\u00e1vel pela Regi\u00e3o Bel\u00e9m. A celebra\u00e7\u00e3o foi presidida por Dom Ang\u00e9lico Bernardino, arcebispo em\u00e9rito de Blumenau que conviveu com Dom Luciano quando esteve \u00e0 frente da Regi\u00e3o [&hellip;]<\/p>\n","protected":false},"author":5,"featured_media":0,"comment_status":"open","ping_status":"open","sticky":false,"template":"","format":"standard","meta":{"ngg_post_thumbnail":0,"footnotes":""},"categories":[1027,8,280],"tags":[1109,393,473],"yoast_head":"<!-- This site is optimized with the Yoast SEO plugin v23.5 - https:\/\/yoast.com\/wordpress\/plugins\/seo\/ -->\n<title>Missa em mem\u00f3ria de Dom Luciano no Arsenal da Esperan\u00e7a - O Arcanjo no ar<\/title>\n<meta name=\"robots\" content=\"index, follow, max-snippet:-1, max-image-preview:large, max-video-preview:-1\" \/>\n<link rel=\"canonical\" href=\"https:\/\/www.oarcanjo.net\/site\/missa-em-memoria-de-dom-luciano-no-arsenal-da-esperanca\/\" \/>\n<meta property=\"og:locale\" content=\"pt_BR\" \/>\n<meta property=\"og:type\" content=\"article\" \/>\n<meta property=\"og:title\" content=\"Missa em mem\u00f3ria de Dom Luciano no Arsenal da Esperan\u00e7a - O Arcanjo no ar\" \/>\n<meta property=\"og:description\" content=\"Missa no s\u00e1bado, 30\/8, lembrou os 8 anos do falecimento de Dom Luciano Mendes de Almeida, ex-arcebispo de Mariana (MG) e ex-bispo auxiliar da Arquidiocese de S\u00e3o Paulo, respons\u00e1vel pela Regi\u00e3o Bel\u00e9m. A celebra\u00e7\u00e3o foi presidida por Dom Ang\u00e9lico Bernardino, arcebispo em\u00e9rito de Blumenau que conviveu com Dom Luciano quando esteve \u00e0 frente da Regi\u00e3o [&hellip;]\" \/>\n<meta property=\"og:url\" content=\"https:\/\/www.oarcanjo.net\/site\/missa-em-memoria-de-dom-luciano-no-arsenal-da-esperanca\/\" \/>\n<meta property=\"og:site_name\" content=\"O Arcanjo no ar\" \/>\n<meta property=\"article:publisher\" content=\"https:\/\/www.facebook.com\/OArcanjoNoAr\/\" \/>\n<meta property=\"article:published_time\" content=\"2014-09-01T23:21:23+00:00\" \/>\n<meta property=\"article:modified_time\" content=\"2014-09-02T00:24:39+00:00\" \/>\n<meta property=\"og:image\" content=\"https:\/\/www.oarcanjo.net\/site\/wp-content\/uploads\/logo-o-arcanjo-no-ar-facebook.png\" \/>\n\t<meta property=\"og:image:width\" content=\"300\" \/>\n\t<meta property=\"og:image:height\" content=\"300\" \/>\n\t<meta property=\"og:image:type\" content=\"image\/png\" \/>\n<meta name=\"author\" content=\"editor\" \/>\n<meta name=\"twitter:card\" content=\"summary_large_image\" \/>\n<meta name=\"twitter:label1\" content=\"Escrito por\" \/>\n\t<meta name=\"twitter:data1\" content=\"editor\" \/>\n<script type=\"application\/ld+json\" class=\"yoast-schema-graph\">{\"@context\":\"https:\/\/schema.org\",\"@graph\":[{\"@type\":\"Article\",\"@id\":\"https:\/\/www.oarcanjo.net\/site\/missa-em-memoria-de-dom-luciano-no-arsenal-da-esperanca\/#article\",\"isPartOf\":{\"@id\":\"https:\/\/www.oarcanjo.net\/site\/missa-em-memoria-de-dom-luciano-no-arsenal-da-esperanca\/\"},\"author\":{\"name\":\"editor\",\"@id\":\"https:\/\/www.oarcanjo.net\/site\/#\/schema\/person\/f7024d007863202483a31326673a0838\"},\"headline\":\"Missa em mem\u00f3ria de Dom Luciano no Arsenal da Esperan\u00e7a\",\"datePublished\":\"2014-09-01T23:21:23+00:00\",\"dateModified\":\"2014-09-02T00:24:39+00:00\",\"mainEntityOfPage\":{\"@id\":\"https:\/\/www.oarcanjo.net\/site\/missa-em-memoria-de-dom-luciano-no-arsenal-da-esperanca\/\"},\"wordCount\":99,\"commentCount\":0,\"publisher\":{\"@id\":\"https:\/\/www.oarcanjo.net\/site\/#organization\"},\"keywords\":[\"Dom Ang\u00e9lico Bernardino\",\"Dom Luciano Mendes de Almeida\",\"testemunho\"],\"articleSection\":[\"D. Luciano Mendes de Almeida\",\"Not\u00edcias\",\"V\u00eddeos\"],\"inLanguage\":\"pt-BR\",\"potentialAction\":[{\"@type\":\"CommentAction\",\"name\":\"Comment\",\"target\":[\"https:\/\/www.oarcanjo.net\/site\/missa-em-memoria-de-dom-luciano-no-arsenal-da-esperanca\/#respond\"]}]},{\"@type\":\"WebPage\",\"@id\":\"https:\/\/www.oarcanjo.net\/site\/missa-em-memoria-de-dom-luciano-no-arsenal-da-esperanca\/\",\"url\":\"https:\/\/www.oarcanjo.net\/site\/missa-em-memoria-de-dom-luciano-no-arsenal-da-esperanca\/\",\"name\":\"Missa em mem\u00f3ria de Dom Luciano no Arsenal da Esperan\u00e7a - O Arcanjo no ar\",\"isPartOf\":{\"@id\":\"https:\/\/www.oarcanjo.net\/site\/#website\"},\"datePublished\":\"2014-09-01T23:21:23+00:00\",\"dateModified\":\"2014-09-02T00:24:39+00:00\",\"breadcrumb\":{\"@id\":\"https:\/\/www.oarcanjo.net\/site\/missa-em-memoria-de-dom-luciano-no-arsenal-da-esperanca\/#breadcrumb\"},\"inLanguage\":\"pt-BR\",\"potentialAction\":[{\"@type\":\"ReadAction\",\"target\":[\"https:\/\/www.oarcanjo.net\/site\/missa-em-memoria-de-dom-luciano-no-arsenal-da-esperanca\/\"]}]},{\"@type\":\"BreadcrumbList\",\"@id\":\"https:\/\/www.oarcanjo.net\/site\/missa-em-memoria-de-dom-luciano-no-arsenal-da-esperanca\/#breadcrumb\",\"itemListElement\":[{\"@type\":\"ListItem\",\"position\":1,\"name\":\"In\u00edcio\",\"item\":\"https:\/\/www.oarcanjo.net\/site\/\"},{\"@type\":\"ListItem\",\"position\":2,\"name\":\"Missa em mem\u00f3ria de Dom Luciano no Arsenal da Esperan\u00e7a\"}]},{\"@type\":\"WebSite\",\"@id\":\"https:\/\/www.oarcanjo.net\/site\/#website\",\"url\":\"https:\/\/www.oarcanjo.net\/site\/\",\"name\":\"O Arcanjo no ar\",\"description\":\"Site da Par\u00f3quia S\u00e3o Miguel Arcanjo (Arquidiocese de SP)\",\"publisher\":{\"@id\":\"https:\/\/www.oarcanjo.net\/site\/#organization\"},\"potentialAction\":[{\"@type\":\"SearchAction\",\"target\":{\"@type\":\"EntryPoint\",\"urlTemplate\":\"https:\/\/www.oarcanjo.net\/site\/?s={search_term_string}\"},\"query-input\":{\"@type\":\"PropertyValueSpecification\",\"valueRequired\":true,\"valueName\":\"search_term_string\"}}],\"inLanguage\":\"pt-BR\"},{\"@type\":\"Organization\",\"@id\":\"https:\/\/www.oarcanjo.net\/site\/#organization\",\"name\":\"Par\u00f3quia S\u00e3o Miguel Arcanjo\",\"url\":\"https:\/\/www.oarcanjo.net\/site\/\",\"logo\":{\"@type\":\"ImageObject\",\"inLanguage\":\"pt-BR\",\"@id\":\"https:\/\/www.oarcanjo.net\/site\/#\/schema\/logo\/image\/\",\"url\":\"https:\/\/www.oarcanjo.net\/site\/wp-content\/uploads\/LogoOArcanjo.png\",\"contentUrl\":\"https:\/\/www.oarcanjo.net\/site\/wp-content\/uploads\/LogoOArcanjo.png\",\"width\":319,\"height\":99,\"caption\":\"Par\u00f3quia S\u00e3o Miguel Arcanjo\"},\"image\":{\"@id\":\"https:\/\/www.oarcanjo.net\/site\/#\/schema\/logo\/image\/\"},\"sameAs\":[\"https:\/\/www.facebook.com\/OArcanjoNoAr\/\"]},{\"@type\":\"Person\",\"@id\":\"https:\/\/www.oarcanjo.net\/site\/#\/schema\/person\/f7024d007863202483a31326673a0838\",\"name\":\"editor\",\"sameAs\":[\"http:\/\/www.oarcanjo.net\"]}]}<\/script>\n<!-- \/ Yoast SEO plugin. -->","yoast_head_json":{"title":"Missa em mem\u00f3ria de Dom Luciano no Arsenal da Esperan\u00e7a - O Arcanjo no ar","robots":{"index":"index","follow":"follow","max-snippet":"max-snippet:-1","max-image-preview":"max-image-preview:large","max-video-preview":"max-video-preview:-1"},"canonical":"https:\/\/www.oarcanjo.net\/site\/missa-em-memoria-de-dom-luciano-no-arsenal-da-esperanca\/","og_locale":"pt_BR","og_type":"article","og_title":"Missa em mem\u00f3ria de Dom Luciano no Arsenal da Esperan\u00e7a - O Arcanjo no ar","og_description":"Missa no s\u00e1bado, 30\/8, lembrou os 8 anos do falecimento de Dom Luciano Mendes de Almeida, ex-arcebispo de Mariana (MG) e ex-bispo auxiliar da Arquidiocese de S\u00e3o Paulo, respons\u00e1vel pela Regi\u00e3o Bel\u00e9m. A celebra\u00e7\u00e3o foi presidida por Dom Ang\u00e9lico Bernardino, arcebispo em\u00e9rito de Blumenau que conviveu com Dom Luciano quando esteve \u00e0 frente da Regi\u00e3o [&hellip;]","og_url":"https:\/\/www.oarcanjo.net\/site\/missa-em-memoria-de-dom-luciano-no-arsenal-da-esperanca\/","og_site_name":"O Arcanjo no ar","article_publisher":"https:\/\/www.facebook.com\/OArcanjoNoAr\/","article_published_time":"2014-09-01T23:21:23+00:00","article_modified_time":"2014-09-02T00:24:39+00:00","og_image":[{"width":300,"height":300,"url":"https:\/\/www.oarcanjo.net\/site\/wp-content\/uploads\/logo-o-arcanjo-no-ar-facebook.png","type":"image\/png"}],"author":"editor","twitter_card":"summary_large_image","twitter_misc":{"Escrito por":"editor"},"schema":{"@context":"https:\/\/schema.org","@graph":[{"@type":"Article","@id":"https:\/\/www.oarcanjo.net\/site\/missa-em-memoria-de-dom-luciano-no-arsenal-da-esperanca\/#article","isPartOf":{"@id":"https:\/\/www.oarcanjo.net\/site\/missa-em-memoria-de-dom-luciano-no-arsenal-da-esperanca\/"},"author":{"name":"editor","@id":"https:\/\/www.oarcanjo.net\/site\/#\/schema\/person\/f7024d007863202483a31326673a0838"},"headline":"Missa em mem\u00f3ria de Dom Luciano no Arsenal da Esperan\u00e7a","datePublished":"2014-09-01T23:21:23+00:00","dateModified":"2014-09-02T00:24:39+00:00","mainEntityOfPage":{"@id":"https:\/\/www.oarcanjo.net\/site\/missa-em-memoria-de-dom-luciano-no-arsenal-da-esperanca\/"},"wordCount":99,"commentCount":0,"publisher":{"@id":"https:\/\/www.oarcanjo.net\/site\/#organization"},"keywords":["Dom Ang\u00e9lico Bernardino","Dom Luciano Mendes de Almeida","testemunho"],"articleSection":["D. Luciano Mendes de Almeida","Not\u00edcias","V\u00eddeos"],"inLanguage":"pt-BR","potentialAction":[{"@type":"CommentAction","name":"Comment","target":["https:\/\/www.oarcanjo.net\/site\/missa-em-memoria-de-dom-luciano-no-arsenal-da-esperanca\/#respond"]}]},{"@type":"WebPage","@id":"https:\/\/www.oarcanjo.net\/site\/missa-em-memoria-de-dom-luciano-no-arsenal-da-esperanca\/","url":"https:\/\/www.oarcanjo.net\/site\/missa-em-memoria-de-dom-luciano-no-arsenal-da-esperanca\/","name":"Missa em mem\u00f3ria de Dom Luciano no Arsenal da Esperan\u00e7a - O Arcanjo no ar","isPartOf":{"@id":"https:\/\/www.oarcanjo.net\/site\/#website"},"datePublished":"2014-09-01T23:21:23+00:00","dateModified":"2014-09-02T00:24:39+00:00","breadcrumb":{"@id":"https:\/\/www.oarcanjo.net\/site\/missa-em-memoria-de-dom-luciano-no-arsenal-da-esperanca\/#breadcrumb"},"inLanguage":"pt-BR","potentialAction":[{"@type":"ReadAction","target":["https:\/\/www.oarcanjo.net\/site\/missa-em-memoria-de-dom-luciano-no-arsenal-da-esperanca\/"]}]},{"@type":"BreadcrumbList","@id":"https:\/\/www.oarcanjo.net\/site\/missa-em-memoria-de-dom-luciano-no-arsenal-da-esperanca\/#breadcrumb","itemListElement":[{"@type":"ListItem","position":1,"name":"In\u00edcio","item":"https:\/\/www.oarcanjo.net\/site\/"},{"@type":"ListItem","position":2,"name":"Missa em mem\u00f3ria de Dom Luciano no Arsenal da Esperan\u00e7a"}]},{"@type":"WebSite","@id":"https:\/\/www.oarcanjo.net\/site\/#website","url":"https:\/\/www.oarcanjo.net\/site\/","name":"O Arcanjo no ar","description":"Site da Par\u00f3quia S\u00e3o Miguel Arcanjo (Arquidiocese de SP)","publisher":{"@id":"https:\/\/www.oarcanjo.net\/site\/#organization"},"potentialAction":[{"@type":"SearchAction","target":{"@type":"EntryPoint","urlTemplate":"https:\/\/www.oarcanjo.net\/site\/?s={search_term_string}"},"query-input":{"@type":"PropertyValueSpecification","valueRequired":true,"valueName":"search_term_string"}}],"inLanguage":"pt-BR"},{"@type":"Organization","@id":"https:\/\/www.oarcanjo.net\/site\/#organization","name":"Par\u00f3quia S\u00e3o Miguel Arcanjo","url":"https:\/\/www.oarcanjo.net\/site\/","logo":{"@type":"ImageObject","inLanguage":"pt-BR","@id":"https:\/\/www.oarcanjo.net\/site\/#\/schema\/logo\/image\/","url":"https:\/\/www.oarcanjo.net\/site\/wp-content\/uploads\/LogoOArcanjo.png","contentUrl":"https:\/\/www.oarcanjo.net\/site\/wp-content\/uploads\/LogoOArcanjo.png","width":319,"height":99,"caption":"Par\u00f3quia S\u00e3o Miguel Arcanjo"},"image":{"@id":"https:\/\/www.oarcanjo.net\/site\/#\/schema\/logo\/image\/"},"sameAs":["https:\/\/www.facebook.com\/OArcanjoNoAr\/"]},{"@type":"Person","@id":"https:\/\/www.oarcanjo.net\/site\/#\/schema\/person\/f7024d007863202483a31326673a0838","name":"editor","sameAs":["http:\/\/www.oarcanjo.net"]}]}},"publishpress_future_action":{"enabled":false,"date":"2026-05-06 04:30:36","action":"category","newStatus":"draft","terms":[],"taxonomy":"category"},"publishpress_future_workflow_manual_trigger":{"enabledWorkflows":[]},"_links":{"self":[{"href":"https:\/\/www.oarcanjo.net\/site\/wp-json\/wp\/v2\/posts\/49387"}],"collection":[{"href":"https:\/\/www.oarcanjo.net\/site\/wp-json\/wp\/v2\/posts"}],"about":[{"href":"https:\/\/www.oarcanjo.net\/site\/wp-json\/wp\/v2\/types\/post"}],"author":[{"embeddable":true,"href":"https:\/\/www.oarcanjo.net\/site\/wp-json\/wp\/v2\/users\/5"}],"replies":[{"embeddable":true,"href":"https:\/\/www.oarcanjo.net\/site\/wp-json\/wp\/v2\/comments?post=49387"}],"version-history":[{"count":0,"href":"https:\/\/www.oarcanjo.net\/site\/wp-json\/wp\/v2\/posts\/49387\/revisions"}],"wp:attachment":[{"href":"https:\/\/www.oarcanjo.net\/site\/wp-json\/wp\/v2\/media?parent=49387"}],"wp:term":[{"taxonomy":"category","embeddable":true,"href":"https:\/\/www.oarcanjo.net\/site\/wp-json\/wp\/v2\/categories?post=49387"},{"taxonomy":"post_tag","embeddable":true,"href":"https:\/\/www.oarcanjo.net\/site\/wp-json\/wp\/v2\/tags?post=49387"}],"curies":[{"name":"wp","href":"https:\/\/api.w.org\/{rel}","templated":true}]}}