
{"id":49390,"date":"2014-09-01T21:32:12","date_gmt":"2014-09-02T00:32:12","guid":{"rendered":"http:\/\/www.oarcanjo.net\/site\/?p=49390"},"modified":"2014-09-01T21:32:12","modified_gmt":"2014-09-02T00:32:12","slug":"o-pendulo-da-vida-e-da-fe","status":"publish","type":"post","link":"https:\/\/www.oarcanjo.net\/site\/o-pendulo-da-vida-e-da-fe\/","title":{"rendered":"O p\u00eandulo da vida e da f\u00e9"},"content":{"rendered":"<p style=\"text-align: justify;\"><em>Pe. Alfredo J. Gon\u00e7alves, CS<\/em><\/p>\n<p style=\"text-align: justify;\">Toda f\u00e9 ou cren\u00e7a oscila dentro de um espectro em forma de semic\u00edrculo, que vai do extremo da confian\u00e7a ao outro extremo da d\u00favida. Duas caracter\u00edsticas, por\u00e9m, possuem o p\u00eandulo: jamais se det\u00eam num dos extremos, por um lado, e , por outro, tampouco se det\u00eam no meio de sua linha curva, que seria seu ponto de equil\u00edbrio. Pelo contr\u00e1rio, perigosa e paradoxalmente busca sempre o limite do espectro, quase chegando a romper a trajet\u00f3ria do arco e, ao mesmo tempo, evita descansar no ponto central, como que fugindo da in\u00e9rcia.<\/p>\n<p style=\"text-align: justify;\">Movimento id\u00eantico verifica-se na exist\u00eancia humana. Nossa travessia pela face da terra costuma ser intrinsecamente irrequieta. De forma continua e n\u00e3o raro contradit\u00f3ria, nos aventuramos na descoberta das zonas fronteiri\u00e7as e, simultaneamente, tendemos a fugir da quietude, com o receio consciente ou inconsciente de que ela se transforme em t\u00e9dio. Explica-se, assim, o \u201ccor inquietum\u201d de que fala Santo Agostinho em suas<em> Confiss\u00f5es<\/em>. N\u00e3o \u00e9 dif\u00edcil concluir com o poeta e escritor brasileiro Guimar\u00e3es Rosa que, de fato, \u201cviver \u00e9 perigoso\u201d.<\/p>\n<p style=\"text-align: justify;\">Mas h\u00e1 algo mais perturbador. Se \u00e9 verdade que pulamos de aventura em aventura, com o risco de ultrapassar os limites e oscilar \u00e0 beira do abismo, tamb\u00e9m \u00e9 certo que, no fundo, a alma humana tem sede de repouso. Anseia pela paz e pelo sossego, ainda que seja em frac\u00e7\u00e3o de segundos, um raio fugaz, mas nem por isso menos intenso e imperioso. E aqui, com relativa frequ\u00eancia, ocorre um curto-circuito: n\u00e3o obstante desejar ardentemente o repouso e a paz, a alma teme o encontro consigo mesma, fugindo \u00e0 verdade do espelho e refugiando-se numa regi\u00e3o obscura e selvagem que, de forma imprecisa, tudo oculta \u00a0em nebulosidade indistinta e indefinida.<\/p>\n<p style=\"text-align: justify;\">Igual movimento pendular pode ser verificado nas intui\u00e7\u00f5es, sentimentos e emo\u00e7\u00f5es. De maneira particular em momentos de sofrimento e fragilidade, oscilamos frequentemente entre a alegria e a tristeza. Mais ainda, entre uma euforia repentina e inexplic\u00e1vel e uma repentina e inexplic\u00e1vel depress\u00e3o. Num momento olhamos atrav\u00e9s da janela e contemplamos um c\u00e9u azul, l\u00edmpido, transparente e embriagado de luminosidade; instantes depois, a mesma janela descortina para n\u00f3s nuvens escuras e sombrias, prestes a desencadear a tempestade. N\u00e3o foi o horizonte que mudou, e sim o olhar de quem est\u00e1 \u00e0 janela.<\/p>\n<p style=\"text-align: justify;\">Em determinados dias, o campon\u00eas ou o oper\u00e1rio saem para o trabalho assobiando e cantarolando; outras vezes, v\u00e3o praguejando e maldizendo a vida. Por vezes somos surpreendidos pelo sol inclemente, outras, pela chuva inesperada. H\u00e1 momentos em que temos vontade de gritar um \u201cbom dia\u201d a todos os transeuntes, conhecidos ou n\u00e3o; logo depois, procuramos evitar e xingar qualquer pessoa que cruze o caminho. Luzes e sombras, canto e pranto, dor e esperan\u00e7a, risos e l\u00e1grimas \u2013 eis os opostos que, ao mesmo tempo, se atraem e se mesclam, se confundem e se alternam. \u00c0s vezes choramos de tanto rir; em seguida, rimos de tanto chorar.<\/p>\n<p style=\"text-align: justify;\">D\u00favidas, interroga\u00e7\u00f5es e inquietudes constituem o terreno de onde a f\u00e9 extrai os nutrientes para se manter viva e ativa. Por mais que seja sustentada por qualquer cren\u00e7a, n\u00e3o existe vida humana que n\u00e3o seja acompanhada por mil perguntas. O segredo est\u00e1 em dar-se conta que noventa e nove por cento delas n\u00e3o t\u00eam resposta. O que significa que j\u00e1 est\u00e3o solucionadas!<\/p>\n<p style=\"text-align: justify;\">\n<div id=\"themify_builder_content-49390\" data-postid=\"49390\" class=\"themify_builder_content themify_builder_content-49390 themify_builder themify_builder_front\">\n\t<\/div>\n<!-- \/themify_builder_content -->","protected":false},"excerpt":{"rendered":"<p>Pe. Alfredo J. Gon\u00e7alves, CS Toda f\u00e9 ou cren\u00e7a oscila dentro de um espectro em forma de semic\u00edrculo, que vai do extremo da confian\u00e7a ao outro extremo da d\u00favida. Duas caracter\u00edsticas, por\u00e9m, possuem o p\u00eandulo: jamais se det\u00eam num dos extremos, por um lado, e , por outro, tampouco se det\u00eam no meio de sua [&hellip;]<\/p>\n","protected":false},"author":15,"featured_media":0,"comment_status":"open","ping_status":"open","sticky":false,"template":"","format":"standard","meta":{"ngg_post_thumbnail":0,"footnotes":""},"categories":[9],"tags":[],"yoast_head":"<!-- This site is optimized with the Yoast SEO plugin v23.5 - https:\/\/yoast.com\/wordpress\/plugins\/seo\/ -->\n<title>O p\u00eandulo da vida e da f\u00e9 - O Arcanjo no ar<\/title>\n<meta name=\"robots\" content=\"index, follow, max-snippet:-1, max-image-preview:large, max-video-preview:-1\" \/>\n<link rel=\"canonical\" href=\"https:\/\/www.oarcanjo.net\/site\/o-pendulo-da-vida-e-da-fe\/\" \/>\n<meta property=\"og:locale\" content=\"pt_BR\" \/>\n<meta property=\"og:type\" content=\"article\" \/>\n<meta property=\"og:title\" content=\"O p\u00eandulo da vida e da f\u00e9 - O Arcanjo no ar\" \/>\n<meta property=\"og:description\" content=\"Pe. Alfredo J. Gon\u00e7alves, CS Toda f\u00e9 ou cren\u00e7a oscila dentro de um espectro em forma de semic\u00edrculo, que vai do extremo da confian\u00e7a ao outro extremo da d\u00favida. Duas caracter\u00edsticas, por\u00e9m, possuem o p\u00eandulo: jamais se det\u00eam num dos extremos, por um lado, e , por outro, tampouco se det\u00eam no meio de sua [&hellip;]\" \/>\n<meta property=\"og:url\" content=\"https:\/\/www.oarcanjo.net\/site\/o-pendulo-da-vida-e-da-fe\/\" \/>\n<meta property=\"og:site_name\" content=\"O Arcanjo no ar\" \/>\n<meta property=\"article:publisher\" content=\"https:\/\/www.facebook.com\/OArcanjoNoAr\/\" \/>\n<meta property=\"article:published_time\" content=\"2014-09-02T00:32:12+00:00\" \/>\n<meta property=\"og:image\" content=\"https:\/\/www.oarcanjo.net\/site\/wp-content\/uploads\/logo-o-arcanjo-no-ar-facebook.png\" \/>\n\t<meta property=\"og:image:width\" content=\"300\" \/>\n\t<meta property=\"og:image:height\" content=\"300\" \/>\n\t<meta property=\"og:image:type\" content=\"image\/png\" \/>\n<meta name=\"author\" content=\"Alexandre Nunes\" \/>\n<meta name=\"twitter:card\" content=\"summary_large_image\" \/>\n<meta name=\"twitter:label1\" content=\"Escrito por\" \/>\n\t<meta name=\"twitter:data1\" content=\"Alexandre Nunes\" \/>\n\t<meta name=\"twitter:label2\" content=\"Est. tempo de leitura\" \/>\n\t<meta name=\"twitter:data2\" content=\"3 minutos\" \/>\n<script type=\"application\/ld+json\" class=\"yoast-schema-graph\">{\"@context\":\"https:\/\/schema.org\",\"@graph\":[{\"@type\":\"Article\",\"@id\":\"https:\/\/www.oarcanjo.net\/site\/o-pendulo-da-vida-e-da-fe\/#article\",\"isPartOf\":{\"@id\":\"https:\/\/www.oarcanjo.net\/site\/o-pendulo-da-vida-e-da-fe\/\"},\"author\":{\"name\":\"Alexandre Nunes\",\"@id\":\"https:\/\/www.oarcanjo.net\/site\/#\/schema\/person\/0a2ae077c1a09b69d29928e3b9f1c0d1\"},\"headline\":\"O p\u00eandulo da vida e da f\u00e9\",\"datePublished\":\"2014-09-02T00:32:12+00:00\",\"dateModified\":\"2014-09-02T00:32:12+00:00\",\"mainEntityOfPage\":{\"@id\":\"https:\/\/www.oarcanjo.net\/site\/o-pendulo-da-vida-e-da-fe\/\"},\"wordCount\":599,\"commentCount\":0,\"publisher\":{\"@id\":\"https:\/\/www.oarcanjo.net\/site\/#organization\"},\"articleSection\":[\"Reflex\u00f5es\"],\"inLanguage\":\"pt-BR\",\"potentialAction\":[{\"@type\":\"CommentAction\",\"name\":\"Comment\",\"target\":[\"https:\/\/www.oarcanjo.net\/site\/o-pendulo-da-vida-e-da-fe\/#respond\"]}]},{\"@type\":\"WebPage\",\"@id\":\"https:\/\/www.oarcanjo.net\/site\/o-pendulo-da-vida-e-da-fe\/\",\"url\":\"https:\/\/www.oarcanjo.net\/site\/o-pendulo-da-vida-e-da-fe\/\",\"name\":\"O p\u00eandulo da vida e da f\u00e9 - O Arcanjo no ar\",\"isPartOf\":{\"@id\":\"https:\/\/www.oarcanjo.net\/site\/#website\"},\"datePublished\":\"2014-09-02T00:32:12+00:00\",\"dateModified\":\"2014-09-02T00:32:12+00:00\",\"breadcrumb\":{\"@id\":\"https:\/\/www.oarcanjo.net\/site\/o-pendulo-da-vida-e-da-fe\/#breadcrumb\"},\"inLanguage\":\"pt-BR\",\"potentialAction\":[{\"@type\":\"ReadAction\",\"target\":[\"https:\/\/www.oarcanjo.net\/site\/o-pendulo-da-vida-e-da-fe\/\"]}]},{\"@type\":\"BreadcrumbList\",\"@id\":\"https:\/\/www.oarcanjo.net\/site\/o-pendulo-da-vida-e-da-fe\/#breadcrumb\",\"itemListElement\":[{\"@type\":\"ListItem\",\"position\":1,\"name\":\"In\u00edcio\",\"item\":\"https:\/\/www.oarcanjo.net\/site\/\"},{\"@type\":\"ListItem\",\"position\":2,\"name\":\"O p\u00eandulo da vida e da f\u00e9\"}]},{\"@type\":\"WebSite\",\"@id\":\"https:\/\/www.oarcanjo.net\/site\/#website\",\"url\":\"https:\/\/www.oarcanjo.net\/site\/\",\"name\":\"O Arcanjo no ar\",\"description\":\"Site da Par\u00f3quia S\u00e3o Miguel Arcanjo (Arquidiocese de SP)\",\"publisher\":{\"@id\":\"https:\/\/www.oarcanjo.net\/site\/#organization\"},\"potentialAction\":[{\"@type\":\"SearchAction\",\"target\":{\"@type\":\"EntryPoint\",\"urlTemplate\":\"https:\/\/www.oarcanjo.net\/site\/?s={search_term_string}\"},\"query-input\":{\"@type\":\"PropertyValueSpecification\",\"valueRequired\":true,\"valueName\":\"search_term_string\"}}],\"inLanguage\":\"pt-BR\"},{\"@type\":\"Organization\",\"@id\":\"https:\/\/www.oarcanjo.net\/site\/#organization\",\"name\":\"Par\u00f3quia S\u00e3o Miguel Arcanjo\",\"url\":\"https:\/\/www.oarcanjo.net\/site\/\",\"logo\":{\"@type\":\"ImageObject\",\"inLanguage\":\"pt-BR\",\"@id\":\"https:\/\/www.oarcanjo.net\/site\/#\/schema\/logo\/image\/\",\"url\":\"https:\/\/www.oarcanjo.net\/site\/wp-content\/uploads\/LogoOArcanjo.png\",\"contentUrl\":\"https:\/\/www.oarcanjo.net\/site\/wp-content\/uploads\/LogoOArcanjo.png\",\"width\":319,\"height\":99,\"caption\":\"Par\u00f3quia S\u00e3o Miguel Arcanjo\"},\"image\":{\"@id\":\"https:\/\/www.oarcanjo.net\/site\/#\/schema\/logo\/image\/\"},\"sameAs\":[\"https:\/\/www.facebook.com\/OArcanjoNoAr\/\"]},{\"@type\":\"Person\",\"@id\":\"https:\/\/www.oarcanjo.net\/site\/#\/schema\/person\/0a2ae077c1a09b69d29928e3b9f1c0d1\",\"name\":\"Alexandre Nunes\",\"sameAs\":[\"http:\/\/alexandrenu.com\"]}]}<\/script>\n<!-- \/ Yoast SEO plugin. -->","yoast_head_json":{"title":"O p\u00eandulo da vida e da f\u00e9 - O Arcanjo no ar","robots":{"index":"index","follow":"follow","max-snippet":"max-snippet:-1","max-image-preview":"max-image-preview:large","max-video-preview":"max-video-preview:-1"},"canonical":"https:\/\/www.oarcanjo.net\/site\/o-pendulo-da-vida-e-da-fe\/","og_locale":"pt_BR","og_type":"article","og_title":"O p\u00eandulo da vida e da f\u00e9 - O Arcanjo no ar","og_description":"Pe. Alfredo J. Gon\u00e7alves, CS Toda f\u00e9 ou cren\u00e7a oscila dentro de um espectro em forma de semic\u00edrculo, que vai do extremo da confian\u00e7a ao outro extremo da d\u00favida. Duas caracter\u00edsticas, por\u00e9m, possuem o p\u00eandulo: jamais se det\u00eam num dos extremos, por um lado, e , por outro, tampouco se det\u00eam no meio de sua [&hellip;]","og_url":"https:\/\/www.oarcanjo.net\/site\/o-pendulo-da-vida-e-da-fe\/","og_site_name":"O Arcanjo no ar","article_publisher":"https:\/\/www.facebook.com\/OArcanjoNoAr\/","article_published_time":"2014-09-02T00:32:12+00:00","og_image":[{"width":300,"height":300,"url":"https:\/\/www.oarcanjo.net\/site\/wp-content\/uploads\/logo-o-arcanjo-no-ar-facebook.png","type":"image\/png"}],"author":"Alexandre Nunes","twitter_card":"summary_large_image","twitter_misc":{"Escrito por":"Alexandre Nunes","Est. tempo de leitura":"3 minutos"},"schema":{"@context":"https:\/\/schema.org","@graph":[{"@type":"Article","@id":"https:\/\/www.oarcanjo.net\/site\/o-pendulo-da-vida-e-da-fe\/#article","isPartOf":{"@id":"https:\/\/www.oarcanjo.net\/site\/o-pendulo-da-vida-e-da-fe\/"},"author":{"name":"Alexandre Nunes","@id":"https:\/\/www.oarcanjo.net\/site\/#\/schema\/person\/0a2ae077c1a09b69d29928e3b9f1c0d1"},"headline":"O p\u00eandulo da vida e da f\u00e9","datePublished":"2014-09-02T00:32:12+00:00","dateModified":"2014-09-02T00:32:12+00:00","mainEntityOfPage":{"@id":"https:\/\/www.oarcanjo.net\/site\/o-pendulo-da-vida-e-da-fe\/"},"wordCount":599,"commentCount":0,"publisher":{"@id":"https:\/\/www.oarcanjo.net\/site\/#organization"},"articleSection":["Reflex\u00f5es"],"inLanguage":"pt-BR","potentialAction":[{"@type":"CommentAction","name":"Comment","target":["https:\/\/www.oarcanjo.net\/site\/o-pendulo-da-vida-e-da-fe\/#respond"]}]},{"@type":"WebPage","@id":"https:\/\/www.oarcanjo.net\/site\/o-pendulo-da-vida-e-da-fe\/","url":"https:\/\/www.oarcanjo.net\/site\/o-pendulo-da-vida-e-da-fe\/","name":"O p\u00eandulo da vida e da f\u00e9 - O Arcanjo no ar","isPartOf":{"@id":"https:\/\/www.oarcanjo.net\/site\/#website"},"datePublished":"2014-09-02T00:32:12+00:00","dateModified":"2014-09-02T00:32:12+00:00","breadcrumb":{"@id":"https:\/\/www.oarcanjo.net\/site\/o-pendulo-da-vida-e-da-fe\/#breadcrumb"},"inLanguage":"pt-BR","potentialAction":[{"@type":"ReadAction","target":["https:\/\/www.oarcanjo.net\/site\/o-pendulo-da-vida-e-da-fe\/"]}]},{"@type":"BreadcrumbList","@id":"https:\/\/www.oarcanjo.net\/site\/o-pendulo-da-vida-e-da-fe\/#breadcrumb","itemListElement":[{"@type":"ListItem","position":1,"name":"In\u00edcio","item":"https:\/\/www.oarcanjo.net\/site\/"},{"@type":"ListItem","position":2,"name":"O p\u00eandulo da vida e da f\u00e9"}]},{"@type":"WebSite","@id":"https:\/\/www.oarcanjo.net\/site\/#website","url":"https:\/\/www.oarcanjo.net\/site\/","name":"O Arcanjo no ar","description":"Site da Par\u00f3quia S\u00e3o Miguel Arcanjo (Arquidiocese de SP)","publisher":{"@id":"https:\/\/www.oarcanjo.net\/site\/#organization"},"potentialAction":[{"@type":"SearchAction","target":{"@type":"EntryPoint","urlTemplate":"https:\/\/www.oarcanjo.net\/site\/?s={search_term_string}"},"query-input":{"@type":"PropertyValueSpecification","valueRequired":true,"valueName":"search_term_string"}}],"inLanguage":"pt-BR"},{"@type":"Organization","@id":"https:\/\/www.oarcanjo.net\/site\/#organization","name":"Par\u00f3quia S\u00e3o Miguel Arcanjo","url":"https:\/\/www.oarcanjo.net\/site\/","logo":{"@type":"ImageObject","inLanguage":"pt-BR","@id":"https:\/\/www.oarcanjo.net\/site\/#\/schema\/logo\/image\/","url":"https:\/\/www.oarcanjo.net\/site\/wp-content\/uploads\/LogoOArcanjo.png","contentUrl":"https:\/\/www.oarcanjo.net\/site\/wp-content\/uploads\/LogoOArcanjo.png","width":319,"height":99,"caption":"Par\u00f3quia S\u00e3o Miguel Arcanjo"},"image":{"@id":"https:\/\/www.oarcanjo.net\/site\/#\/schema\/logo\/image\/"},"sameAs":["https:\/\/www.facebook.com\/OArcanjoNoAr\/"]},{"@type":"Person","@id":"https:\/\/www.oarcanjo.net\/site\/#\/schema\/person\/0a2ae077c1a09b69d29928e3b9f1c0d1","name":"Alexandre Nunes","sameAs":["http:\/\/alexandrenu.com"]}]}},"publishpress_future_action":{"enabled":false,"date":"2026-05-08 19:58:31","action":"category","newStatus":"draft","terms":[],"taxonomy":"category"},"publishpress_future_workflow_manual_trigger":{"enabledWorkflows":[]},"_links":{"self":[{"href":"https:\/\/www.oarcanjo.net\/site\/wp-json\/wp\/v2\/posts\/49390"}],"collection":[{"href":"https:\/\/www.oarcanjo.net\/site\/wp-json\/wp\/v2\/posts"}],"about":[{"href":"https:\/\/www.oarcanjo.net\/site\/wp-json\/wp\/v2\/types\/post"}],"author":[{"embeddable":true,"href":"https:\/\/www.oarcanjo.net\/site\/wp-json\/wp\/v2\/users\/15"}],"replies":[{"embeddable":true,"href":"https:\/\/www.oarcanjo.net\/site\/wp-json\/wp\/v2\/comments?post=49390"}],"version-history":[{"count":0,"href":"https:\/\/www.oarcanjo.net\/site\/wp-json\/wp\/v2\/posts\/49390\/revisions"}],"wp:attachment":[{"href":"https:\/\/www.oarcanjo.net\/site\/wp-json\/wp\/v2\/media?parent=49390"}],"wp:term":[{"taxonomy":"category","embeddable":true,"href":"https:\/\/www.oarcanjo.net\/site\/wp-json\/wp\/v2\/categories?post=49390"},{"taxonomy":"post_tag","embeddable":true,"href":"https:\/\/www.oarcanjo.net\/site\/wp-json\/wp\/v2\/tags?post=49390"}],"curies":[{"name":"wp","href":"https:\/\/api.w.org\/{rel}","templated":true}]}}