
{"id":49394,"date":"2014-09-04T07:45:33","date_gmt":"2014-09-04T10:45:33","guid":{"rendered":"http:\/\/www.oarcanjo.net\/site\/?p=49394"},"modified":"2014-09-04T07:45:33","modified_gmt":"2014-09-04T10:45:33","slug":"ocupar-ruas-e-pracas-por-liberdade-e-direitos","status":"publish","type":"post","link":"https:\/\/www.oarcanjo.net\/site\/ocupar-ruas-e-pracas-por-liberdade-e-direitos\/","title":{"rendered":"Ocupar ruas e pra\u00e7as por liberdade e direitos"},"content":{"rendered":"<p style=\"text-align: justify;\"><em>Pe. Alfredo J. Gon\u00e7alves, CS<\/em><\/p>\n<p style=\"text-align: justify;\">N\u00e3o \u00e9 necess\u00e1rio muito esfor\u00e7o para dar-se conta que somente \u201cocupando ruas e pra\u00e7as\u201d podemos avan\u00e7ar em \u201cliberdade e direitos\u201d, como nos lembra o lema do Grito dos Exclu\u00eddos deste ano, em sua 20\u00aa edi\u00e7\u00e3o. As m\u00faltiplas manifesta\u00e7\u00f5es da juventude em 1968, a luta das mulheres ao longo dos s\u00e9culos, a mobiliza\u00e7\u00e3o do sindicalismo combativo nos anos de 1970, a irrever\u00eancia dos \u201ccara-pintadas\u201d no processo de impeachment do ex-presidente Fernando Collor \u2013 s\u00e3o alguns exemplos dessa combina\u00e7\u00e3o fecunda entre a presen\u00e7a consciente, organizada e ativa nos espa\u00e7os p\u00fablicos, por um lado, e as transforma\u00e7\u00f5es sociopol\u00edticas, por outro.<\/p>\n<p style=\"text-align: justify;\">Trata-se, no fundo, de trazer \u00e0s \u201cruas e pra\u00e7as\u201d os gritos inarticulados, silenciosos e ocultos nos s\u00f3rdidos e invis\u00edveis por\u00f5es da sociedade, nas periferias remotas das grandes cidades e metr\u00f3poles e nos long\u00ednquos grot\u00f5es da zona rural e do sert\u00e3o brasileiro. Traz\u00ea-los \u00e0 luz do sol, faz\u00ea-los desfilar em sua realidade nua e crua, amplificar sua voz emudecida pelo sofrimento, a indiferen\u00e7a ou o abandono&#8230; Tudo isso na tentativa de despertar a consci\u00eancia individual e coletiva dos cidad\u00e3os para as mudan\u00e7as urgentes e necess\u00e1rias na administra\u00e7\u00e3o socioecon\u00f4mica e pol\u00edtico-cultural. Com isso, a Semana da P\u00e1tria ganha um tom n\u00e3o apenas comemorativo, celebrativo e festivo, mas tamb\u00e9m de um patriotismo vivo e ativo na luta por uma cidadania de justi\u00e7a, liberdade e direitos.<\/p>\n<p style=\"text-align: justify;\">Disso resulta a import\u00e2ncia do Plebiscito Popular pela Constituinte Soberana. Est\u00e1 em jogo, a Reforma Pol\u00edtica em suas mais variadas inst\u00e2ncias, poderes e pr\u00e1tica di\u00e1ria. De fato, a pol\u00edtica no Brasil n\u00e3o pode continuar ref\u00e9m (para n\u00e3o dizer c\u00famplice ou capataz) da especula\u00e7\u00e3o abusiva, vol\u00e1til e pendular do mercado financeiro, nacional e internacional; dos privil\u00e9gios de uma minoria que goza da associa\u00e7\u00e3o entre riqueza e poder, como dois p\u00f3los que se atraem mutuamente; dos mecanismos mais refinados de corrup\u00e7\u00e3o e uso indevido dos bens p\u00fablicos, em favor do continu\u00edsmo em termos de injusti\u00e7a e desiquil\u00edbrio social; do tr\u00e1fico de influ\u00eancia, promovido pelas oligarquias hist\u00f3rico-estruturais; e do \u201cbalc\u00e3o de neg\u00f3cios\u201d dos tr\u00eas poderes, onde o jogo de compra e venda chega aos n\u00edveis mais inaceit\u00e1veis.<\/p>\n<p style=\"text-align: justify;\">Semelhante quadro negativo evidencia a necessidade de um \u201cSIM\u201d contundente \u00e0 Constituinte Soberana. E evidencia tamb\u00e9m a import\u00e2ncia de que cada cidad\u00e3o e cidad\u00e3 possa \u201cocupar ruas e pra\u00e7as\u201d, manifestar sua ades\u00e3o a uma pr\u00e1tica democr\u00e1tica real e efetiva. Mas evidencia, sobretudo, a for\u00e7a do Plebiscito Popular, onde permanece aberta a participa\u00e7\u00e3o de todos e todas nas decis\u00f5es pol\u00edticas de ordem concreta e imediata, urgente e necess\u00e1ria. Conv\u00e9m ter presente que o Plebiscito Popular n\u00e3o \u00e9 algo novo e in\u00e9dito. No final da d\u00e9cada de 1990 e in\u00edcio da d\u00e9cada de 2010, levou \u00e0s urnas mlh\u00f5es de pessoas contr\u00e1rias ao endividamento p\u00fablico e \u00e0 Alca, Tampouco se trata de algo ilegal: est\u00e1 contemplado pela Constitui\u00e7\u00e3o Brasileira de 1988. Plebiscito constitui uma consulta popular, um instrumento pol\u00edtico em que a popula\u00e7\u00e3o \u00e9 chamada a participar nos destinos do pa\u00eds, especialmente naquilo que afeta mais de perto sua exist\u00eancia e seu bem estar.<\/p>\n<p style=\"text-align: justify;\">Tal participa\u00e7\u00e3o, se e quando expressiva em n\u00famero e qualidade, jamais ser\u00e1 energia desperdi\u00e7ada. Pressiona as mudan\u00e7as a partir da base da pir\u00e2mide social, da mesma forma que o vapor de um recipiente em ebuli\u00e7\u00e3o se revela verdadeira for\u00e7a motriz. Sim, Grito dos Exclu\u00eddos, Romaria dos trabalhadores\/as e Plebiscito Popular, juntamente com outras iniciativas igualmente populares, constituem uma for\u00e7a motriz, um vulc\u00e3o que, de baixo para cima e de dentro para forma, rompe a crostra empedernida da pol\u00edtica econ\u00f4mica, promovendo mudan\u00e7as em vista do maior bem estar para o maior n\u00famero de pessoas.<\/p>\n<p style=\"text-align: justify;\">\n<div id=\"themify_builder_content-49394\" data-postid=\"49394\" class=\"themify_builder_content themify_builder_content-49394 themify_builder themify_builder_front\">\n\t<\/div>\n<!-- \/themify_builder_content -->","protected":false},"excerpt":{"rendered":"<p>Pe. Alfredo J. Gon\u00e7alves, CS N\u00e3o \u00e9 necess\u00e1rio muito esfor\u00e7o para dar-se conta que somente \u201cocupando ruas e pra\u00e7as\u201d podemos avan\u00e7ar em \u201cliberdade e direitos\u201d, como nos lembra o lema do Grito dos Exclu\u00eddos deste ano, em sua 20\u00aa edi\u00e7\u00e3o. As m\u00faltiplas manifesta\u00e7\u00f5es da juventude em 1968, a luta das mulheres ao longo dos s\u00e9culos, [&hellip;]<\/p>\n","protected":false},"author":15,"featured_media":0,"comment_status":"open","ping_status":"open","sticky":false,"template":"","format":"standard","meta":{"ngg_post_thumbnail":0,"footnotes":""},"categories":[9],"tags":[],"yoast_head":"<!-- This site is optimized with the Yoast SEO plugin v23.5 - https:\/\/yoast.com\/wordpress\/plugins\/seo\/ -->\n<title>Ocupar ruas e pra\u00e7as por liberdade e direitos - O Arcanjo no ar<\/title>\n<meta name=\"robots\" content=\"index, follow, max-snippet:-1, max-image-preview:large, max-video-preview:-1\" \/>\n<link rel=\"canonical\" href=\"https:\/\/www.oarcanjo.net\/site\/ocupar-ruas-e-pracas-por-liberdade-e-direitos\/\" \/>\n<meta property=\"og:locale\" content=\"pt_BR\" \/>\n<meta property=\"og:type\" content=\"article\" \/>\n<meta property=\"og:title\" content=\"Ocupar ruas e pra\u00e7as por liberdade e direitos - O Arcanjo no ar\" \/>\n<meta property=\"og:description\" content=\"Pe. Alfredo J. Gon\u00e7alves, CS N\u00e3o \u00e9 necess\u00e1rio muito esfor\u00e7o para dar-se conta que somente \u201cocupando ruas e pra\u00e7as\u201d podemos avan\u00e7ar em \u201cliberdade e direitos\u201d, como nos lembra o lema do Grito dos Exclu\u00eddos deste ano, em sua 20\u00aa edi\u00e7\u00e3o. As m\u00faltiplas manifesta\u00e7\u00f5es da juventude em 1968, a luta das mulheres ao longo dos s\u00e9culos, [&hellip;]\" \/>\n<meta property=\"og:url\" content=\"https:\/\/www.oarcanjo.net\/site\/ocupar-ruas-e-pracas-por-liberdade-e-direitos\/\" \/>\n<meta property=\"og:site_name\" content=\"O Arcanjo no ar\" \/>\n<meta property=\"article:publisher\" content=\"https:\/\/www.facebook.com\/OArcanjoNoAr\/\" \/>\n<meta property=\"article:published_time\" content=\"2014-09-04T10:45:33+00:00\" \/>\n<meta property=\"og:image\" content=\"https:\/\/www.oarcanjo.net\/site\/wp-content\/uploads\/logo-o-arcanjo-no-ar-facebook.png\" \/>\n\t<meta property=\"og:image:width\" content=\"300\" \/>\n\t<meta property=\"og:image:height\" content=\"300\" \/>\n\t<meta property=\"og:image:type\" content=\"image\/png\" \/>\n<meta name=\"author\" content=\"Alexandre Nunes\" \/>\n<meta name=\"twitter:card\" content=\"summary_large_image\" \/>\n<meta name=\"twitter:label1\" content=\"Escrito por\" \/>\n\t<meta name=\"twitter:data1\" content=\"Alexandre Nunes\" \/>\n\t<meta name=\"twitter:label2\" content=\"Est. tempo de leitura\" \/>\n\t<meta name=\"twitter:data2\" content=\"3 minutos\" \/>\n<script type=\"application\/ld+json\" class=\"yoast-schema-graph\">{\"@context\":\"https:\/\/schema.org\",\"@graph\":[{\"@type\":\"Article\",\"@id\":\"https:\/\/www.oarcanjo.net\/site\/ocupar-ruas-e-pracas-por-liberdade-e-direitos\/#article\",\"isPartOf\":{\"@id\":\"https:\/\/www.oarcanjo.net\/site\/ocupar-ruas-e-pracas-por-liberdade-e-direitos\/\"},\"author\":{\"name\":\"Alexandre Nunes\",\"@id\":\"https:\/\/www.oarcanjo.net\/site\/#\/schema\/person\/0a2ae077c1a09b69d29928e3b9f1c0d1\"},\"headline\":\"Ocupar ruas e pra\u00e7as por liberdade e direitos\",\"datePublished\":\"2014-09-04T10:45:33+00:00\",\"dateModified\":\"2014-09-04T10:45:33+00:00\",\"mainEntityOfPage\":{\"@id\":\"https:\/\/www.oarcanjo.net\/site\/ocupar-ruas-e-pracas-por-liberdade-e-direitos\/\"},\"wordCount\":699,\"commentCount\":1,\"publisher\":{\"@id\":\"https:\/\/www.oarcanjo.net\/site\/#organization\"},\"articleSection\":[\"Reflex\u00f5es\"],\"inLanguage\":\"pt-BR\",\"potentialAction\":[{\"@type\":\"CommentAction\",\"name\":\"Comment\",\"target\":[\"https:\/\/www.oarcanjo.net\/site\/ocupar-ruas-e-pracas-por-liberdade-e-direitos\/#respond\"]}]},{\"@type\":\"WebPage\",\"@id\":\"https:\/\/www.oarcanjo.net\/site\/ocupar-ruas-e-pracas-por-liberdade-e-direitos\/\",\"url\":\"https:\/\/www.oarcanjo.net\/site\/ocupar-ruas-e-pracas-por-liberdade-e-direitos\/\",\"name\":\"Ocupar ruas e pra\u00e7as por liberdade e direitos - O Arcanjo no ar\",\"isPartOf\":{\"@id\":\"https:\/\/www.oarcanjo.net\/site\/#website\"},\"datePublished\":\"2014-09-04T10:45:33+00:00\",\"dateModified\":\"2014-09-04T10:45:33+00:00\",\"breadcrumb\":{\"@id\":\"https:\/\/www.oarcanjo.net\/site\/ocupar-ruas-e-pracas-por-liberdade-e-direitos\/#breadcrumb\"},\"inLanguage\":\"pt-BR\",\"potentialAction\":[{\"@type\":\"ReadAction\",\"target\":[\"https:\/\/www.oarcanjo.net\/site\/ocupar-ruas-e-pracas-por-liberdade-e-direitos\/\"]}]},{\"@type\":\"BreadcrumbList\",\"@id\":\"https:\/\/www.oarcanjo.net\/site\/ocupar-ruas-e-pracas-por-liberdade-e-direitos\/#breadcrumb\",\"itemListElement\":[{\"@type\":\"ListItem\",\"position\":1,\"name\":\"In\u00edcio\",\"item\":\"https:\/\/www.oarcanjo.net\/site\/\"},{\"@type\":\"ListItem\",\"position\":2,\"name\":\"Ocupar ruas e pra\u00e7as por liberdade e direitos\"}]},{\"@type\":\"WebSite\",\"@id\":\"https:\/\/www.oarcanjo.net\/site\/#website\",\"url\":\"https:\/\/www.oarcanjo.net\/site\/\",\"name\":\"O Arcanjo no ar\",\"description\":\"Site da Par\u00f3quia S\u00e3o Miguel Arcanjo (Arquidiocese de SP)\",\"publisher\":{\"@id\":\"https:\/\/www.oarcanjo.net\/site\/#organization\"},\"potentialAction\":[{\"@type\":\"SearchAction\",\"target\":{\"@type\":\"EntryPoint\",\"urlTemplate\":\"https:\/\/www.oarcanjo.net\/site\/?s={search_term_string}\"},\"query-input\":{\"@type\":\"PropertyValueSpecification\",\"valueRequired\":true,\"valueName\":\"search_term_string\"}}],\"inLanguage\":\"pt-BR\"},{\"@type\":\"Organization\",\"@id\":\"https:\/\/www.oarcanjo.net\/site\/#organization\",\"name\":\"Par\u00f3quia S\u00e3o Miguel Arcanjo\",\"url\":\"https:\/\/www.oarcanjo.net\/site\/\",\"logo\":{\"@type\":\"ImageObject\",\"inLanguage\":\"pt-BR\",\"@id\":\"https:\/\/www.oarcanjo.net\/site\/#\/schema\/logo\/image\/\",\"url\":\"https:\/\/www.oarcanjo.net\/site\/wp-content\/uploads\/LogoOArcanjo.png\",\"contentUrl\":\"https:\/\/www.oarcanjo.net\/site\/wp-content\/uploads\/LogoOArcanjo.png\",\"width\":319,\"height\":99,\"caption\":\"Par\u00f3quia S\u00e3o Miguel Arcanjo\"},\"image\":{\"@id\":\"https:\/\/www.oarcanjo.net\/site\/#\/schema\/logo\/image\/\"},\"sameAs\":[\"https:\/\/www.facebook.com\/OArcanjoNoAr\/\"]},{\"@type\":\"Person\",\"@id\":\"https:\/\/www.oarcanjo.net\/site\/#\/schema\/person\/0a2ae077c1a09b69d29928e3b9f1c0d1\",\"name\":\"Alexandre Nunes\",\"sameAs\":[\"http:\/\/alexandrenu.com\"]}]}<\/script>\n<!-- \/ Yoast SEO plugin. -->","yoast_head_json":{"title":"Ocupar ruas e pra\u00e7as por liberdade e direitos - O Arcanjo no ar","robots":{"index":"index","follow":"follow","max-snippet":"max-snippet:-1","max-image-preview":"max-image-preview:large","max-video-preview":"max-video-preview:-1"},"canonical":"https:\/\/www.oarcanjo.net\/site\/ocupar-ruas-e-pracas-por-liberdade-e-direitos\/","og_locale":"pt_BR","og_type":"article","og_title":"Ocupar ruas e pra\u00e7as por liberdade e direitos - O Arcanjo no ar","og_description":"Pe. Alfredo J. Gon\u00e7alves, CS N\u00e3o \u00e9 necess\u00e1rio muito esfor\u00e7o para dar-se conta que somente \u201cocupando ruas e pra\u00e7as\u201d podemos avan\u00e7ar em \u201cliberdade e direitos\u201d, como nos lembra o lema do Grito dos Exclu\u00eddos deste ano, em sua 20\u00aa edi\u00e7\u00e3o. As m\u00faltiplas manifesta\u00e7\u00f5es da juventude em 1968, a luta das mulheres ao longo dos s\u00e9culos, [&hellip;]","og_url":"https:\/\/www.oarcanjo.net\/site\/ocupar-ruas-e-pracas-por-liberdade-e-direitos\/","og_site_name":"O Arcanjo no ar","article_publisher":"https:\/\/www.facebook.com\/OArcanjoNoAr\/","article_published_time":"2014-09-04T10:45:33+00:00","og_image":[{"width":300,"height":300,"url":"https:\/\/www.oarcanjo.net\/site\/wp-content\/uploads\/logo-o-arcanjo-no-ar-facebook.png","type":"image\/png"}],"author":"Alexandre Nunes","twitter_card":"summary_large_image","twitter_misc":{"Escrito por":"Alexandre Nunes","Est. tempo de leitura":"3 minutos"},"schema":{"@context":"https:\/\/schema.org","@graph":[{"@type":"Article","@id":"https:\/\/www.oarcanjo.net\/site\/ocupar-ruas-e-pracas-por-liberdade-e-direitos\/#article","isPartOf":{"@id":"https:\/\/www.oarcanjo.net\/site\/ocupar-ruas-e-pracas-por-liberdade-e-direitos\/"},"author":{"name":"Alexandre Nunes","@id":"https:\/\/www.oarcanjo.net\/site\/#\/schema\/person\/0a2ae077c1a09b69d29928e3b9f1c0d1"},"headline":"Ocupar ruas e pra\u00e7as por liberdade e direitos","datePublished":"2014-09-04T10:45:33+00:00","dateModified":"2014-09-04T10:45:33+00:00","mainEntityOfPage":{"@id":"https:\/\/www.oarcanjo.net\/site\/ocupar-ruas-e-pracas-por-liberdade-e-direitos\/"},"wordCount":699,"commentCount":1,"publisher":{"@id":"https:\/\/www.oarcanjo.net\/site\/#organization"},"articleSection":["Reflex\u00f5es"],"inLanguage":"pt-BR","potentialAction":[{"@type":"CommentAction","name":"Comment","target":["https:\/\/www.oarcanjo.net\/site\/ocupar-ruas-e-pracas-por-liberdade-e-direitos\/#respond"]}]},{"@type":"WebPage","@id":"https:\/\/www.oarcanjo.net\/site\/ocupar-ruas-e-pracas-por-liberdade-e-direitos\/","url":"https:\/\/www.oarcanjo.net\/site\/ocupar-ruas-e-pracas-por-liberdade-e-direitos\/","name":"Ocupar ruas e pra\u00e7as por liberdade e direitos - O Arcanjo no ar","isPartOf":{"@id":"https:\/\/www.oarcanjo.net\/site\/#website"},"datePublished":"2014-09-04T10:45:33+00:00","dateModified":"2014-09-04T10:45:33+00:00","breadcrumb":{"@id":"https:\/\/www.oarcanjo.net\/site\/ocupar-ruas-e-pracas-por-liberdade-e-direitos\/#breadcrumb"},"inLanguage":"pt-BR","potentialAction":[{"@type":"ReadAction","target":["https:\/\/www.oarcanjo.net\/site\/ocupar-ruas-e-pracas-por-liberdade-e-direitos\/"]}]},{"@type":"BreadcrumbList","@id":"https:\/\/www.oarcanjo.net\/site\/ocupar-ruas-e-pracas-por-liberdade-e-direitos\/#breadcrumb","itemListElement":[{"@type":"ListItem","position":1,"name":"In\u00edcio","item":"https:\/\/www.oarcanjo.net\/site\/"},{"@type":"ListItem","position":2,"name":"Ocupar ruas e pra\u00e7as por liberdade e direitos"}]},{"@type":"WebSite","@id":"https:\/\/www.oarcanjo.net\/site\/#website","url":"https:\/\/www.oarcanjo.net\/site\/","name":"O Arcanjo no ar","description":"Site da Par\u00f3quia S\u00e3o Miguel Arcanjo (Arquidiocese de SP)","publisher":{"@id":"https:\/\/www.oarcanjo.net\/site\/#organization"},"potentialAction":[{"@type":"SearchAction","target":{"@type":"EntryPoint","urlTemplate":"https:\/\/www.oarcanjo.net\/site\/?s={search_term_string}"},"query-input":{"@type":"PropertyValueSpecification","valueRequired":true,"valueName":"search_term_string"}}],"inLanguage":"pt-BR"},{"@type":"Organization","@id":"https:\/\/www.oarcanjo.net\/site\/#organization","name":"Par\u00f3quia S\u00e3o Miguel Arcanjo","url":"https:\/\/www.oarcanjo.net\/site\/","logo":{"@type":"ImageObject","inLanguage":"pt-BR","@id":"https:\/\/www.oarcanjo.net\/site\/#\/schema\/logo\/image\/","url":"https:\/\/www.oarcanjo.net\/site\/wp-content\/uploads\/LogoOArcanjo.png","contentUrl":"https:\/\/www.oarcanjo.net\/site\/wp-content\/uploads\/LogoOArcanjo.png","width":319,"height":99,"caption":"Par\u00f3quia S\u00e3o Miguel Arcanjo"},"image":{"@id":"https:\/\/www.oarcanjo.net\/site\/#\/schema\/logo\/image\/"},"sameAs":["https:\/\/www.facebook.com\/OArcanjoNoAr\/"]},{"@type":"Person","@id":"https:\/\/www.oarcanjo.net\/site\/#\/schema\/person\/0a2ae077c1a09b69d29928e3b9f1c0d1","name":"Alexandre Nunes","sameAs":["http:\/\/alexandrenu.com"]}]}},"publishpress_future_action":{"enabled":false,"date":"2026-05-08 21:26:45","action":"category","newStatus":"draft","terms":[],"taxonomy":"category"},"publishpress_future_workflow_manual_trigger":{"enabledWorkflows":[]},"_links":{"self":[{"href":"https:\/\/www.oarcanjo.net\/site\/wp-json\/wp\/v2\/posts\/49394"}],"collection":[{"href":"https:\/\/www.oarcanjo.net\/site\/wp-json\/wp\/v2\/posts"}],"about":[{"href":"https:\/\/www.oarcanjo.net\/site\/wp-json\/wp\/v2\/types\/post"}],"author":[{"embeddable":true,"href":"https:\/\/www.oarcanjo.net\/site\/wp-json\/wp\/v2\/users\/15"}],"replies":[{"embeddable":true,"href":"https:\/\/www.oarcanjo.net\/site\/wp-json\/wp\/v2\/comments?post=49394"}],"version-history":[{"count":0,"href":"https:\/\/www.oarcanjo.net\/site\/wp-json\/wp\/v2\/posts\/49394\/revisions"}],"wp:attachment":[{"href":"https:\/\/www.oarcanjo.net\/site\/wp-json\/wp\/v2\/media?parent=49394"}],"wp:term":[{"taxonomy":"category","embeddable":true,"href":"https:\/\/www.oarcanjo.net\/site\/wp-json\/wp\/v2\/categories?post=49394"},{"taxonomy":"post_tag","embeddable":true,"href":"https:\/\/www.oarcanjo.net\/site\/wp-json\/wp\/v2\/tags?post=49394"}],"curies":[{"name":"wp","href":"https:\/\/api.w.org\/{rel}","templated":true}]}}