
{"id":49396,"date":"2014-09-05T22:10:32","date_gmt":"2014-09-06T01:10:32","guid":{"rendered":"http:\/\/www.oarcanjo.net\/site\/?p=49396"},"modified":"2014-09-05T22:10:32","modified_gmt":"2014-09-06T01:10:32","slug":"o-segredo-do-poder-do-capitalismo-e-o-cristianismoteologia-de-libertacao-parte-i","status":"publish","type":"post","link":"https:\/\/www.oarcanjo.net\/site\/o-segredo-do-poder-do-capitalismo-e-o-cristianismoteologia-de-libertacao-parte-i\/","title":{"rendered":"O segredo do poder do capitalismo e o cristianismo\/teologia de liberta\u00e7\u00e3o. (Parte I)"},"content":{"rendered":"<p><em>Jung Mo Sung<\/em><\/p>\n<p>Um tempo atr\u00e1s, eu participei, nos Estados Unidos, de um Semin\u00e1rio que reuniu budistas (da \u00c1sia e dos Estados Unidos) e crist\u00e3os (especialmente te\u00f3logos\/as) engajados na luta pela justi\u00e7a social. Como era de se esperar, o primeiro painel foi sobre a globaliza\u00e7\u00e3o capitalista. Todos os expoentes enfatizaram como o capitalismo tem produzido injusti\u00e7a, desigualdade social, destrui\u00e7\u00e3o do ambiente, explora\u00e7\u00e3o etc. Realmente a pintura feita do capitalismo era muito feia, um sistema econ\u00f4mico-social deplor\u00e1vel. Para quem estava acostumado com esse tipo de painel, n\u00e3o havia muita novidade (talvez cita\u00e7\u00e3o de algum autor novo ou alguma teoria nova); as cr\u00edticas de sempre.<\/p>\n<p>O que me incomodou n\u00e3o foi a repeti\u00e7\u00e3o ou a qualidade comunicativa das exposi\u00e7\u00f5es \u2013 que eram boas \u2013, mas a sensa\u00e7\u00e3o de que havia algo de errado no modo como n\u00f3s da esquerda, religiosa ou n\u00e3o, analisamos criticamente o sistema capitalista. Se o capitalismo s\u00f3 produz resultados sociais, ambientais e pessoais t\u00e3o negativos, para n\u00e3o dizer catastr\u00f3ficos, porque h\u00e1 tantas pessoas no mundo, por exemplo, na China, querendo entrar no mercado capitalista? Eu n\u00e3o me contive e, na hora de debate aberto, pedi a palavra e apresentei a minha quest\u00e3o. Ao falar, percebi que uma mulher chinesa concordava plenamente com a minha refer\u00eancia ao que est\u00e1 acontecendo na China.<\/p>\n<p>Muitas das an\u00e1lises que fazemos da globaliza\u00e7\u00e3o econ\u00f4mica ou das situa\u00e7\u00f5es sociais n\u00e3o levam em conta um aspecto fundamental do capitalismo: o seu poder de sedu\u00e7\u00e3o, de fascina\u00e7\u00e3o. As luzes das propagandas que iluminam, por ex. Time Square em New York, escondem, de fato, hist\u00f3rias de explora\u00e7\u00e3o e injusti\u00e7a; mas n\u00e3o podemos esquecer que essas luzes brilham e fascinam pessoas de todas as partes do mundo.<\/p>\n<p>O que eu quero dizer \u00e9 que as nossas cr\u00edticas ao capitalismo que n\u00e3o s\u00e3o capazes de reconhecer esse poder de fascina\u00e7\u00e3o do capitalismo e de desmascar\u00e1-lo n\u00e3o ser\u00e3o eficazes junto a um p\u00fablico mais amplo da sociedade. A maioria das pessoas se cansa rapidamente com discursos s\u00f3 negativos e repetitivos (com algumas novas informa\u00e7\u00f5es ou dados, mas no fundo repetitivos); e mais do que isso, com an\u00e1lises e cr\u00edticas que n\u00e3o parecem falar do que eles experimentam nas suas vidas. Sensa\u00e7\u00e3o parecida que eu falei no in\u00edcio.<\/p>\n<p>Desmascarar essa fascina\u00e7\u00e3o tamb\u00e9m n\u00e3o \u00e9 suficiente. Como diz o povo: &#8220;um amor antigo s\u00f3 se esquece com um novo\u201d. A fascina\u00e7\u00e3o provocada de forma muito consciente e planejada pelo pessoal do marketing preenche algo na vida das pessoas (retomarei esse assunto da &#8220;dimens\u00e3o m\u00edstica das marcas\u201d em um dos pr\u00f3ximos artigos). Se simplesmente criticamos essa fascina\u00e7\u00e3o provocada por o que Marx chamou de &#8220;fetiche da mercadoria\u201d e n\u00e3o somos capazes de oferecer outra fonte de fascina\u00e7\u00e3o ou de sentido mais profundo para a vida, o vazio ser\u00e1 preenchido novamente por um novo tipo de sedu\u00e7\u00e3o do capitalismo.<\/p>\n<p>O segredo do poder do capitalismo n\u00e3o est\u00e1 na sua for\u00e7a bruta ou no seu poder econ\u00f4mico, mas na sua capacidade de fascinar o povo e, a partir de e em nome dessa fascina\u00e7\u00e3o, justificar e at\u00e9 fazer invis\u00edveis as injusti\u00e7as sociais e as mortes dos pobres. (Como a crise ambiental tamb\u00e9m afeta os ricos e a classe m\u00e9dia, essa \u00e9 vis\u00edvel e importante para o sistema.) Fascina\u00e7\u00e3o que vem acompanhada de injusti\u00e7as e mortes, sacrif\u00edcios, tem a ver com as caracter\u00edsticas centrais da no\u00e7\u00e3o de sagrado. E o sagrado define o que \u00e9 profano e a forma concreta que toma essa rela\u00e7\u00e3o entre o sagrado e o profano, a estrutura b\u00e1sica da religi\u00e3o, \u00e9 a l\u00f3gica b\u00e1sica que organiza o nosso modo de ver e viver a vida em sociedade.<\/p>\n<p>O capitalismo, com seu poder de fascina\u00e7\u00e3o sacrificial, formata o modo como as pessoas veem a realidade social. Por isso, a maioria das pessoas pode criticar a desigualdade social que n\u00e3o lhes permite consumir como os mais ricos, mas n\u00e3o fazem um questionamento mais s\u00e9rio do pr\u00f3prio sistema capitalista. Eles veem o capitalismo com as estruturas de pensamento fornecido pelo pr\u00f3prio capitalismo. E essa estrutura fundamental est\u00e1 perpassada por essa fascina\u00e7\u00e3o, esse desejo de consumir mais para poder ser mais.<\/p>\n<p>Em resumo, se n\u00e3o formos capazes de desvelar o car\u00e1ter sagrado do mercado capitalista, com seu sacrificialismo e sua espiritualidade de consumo e de acumula\u00e7\u00e3o, e de oferecer uma espiritualidade alternativa baseada em uma no\u00e7\u00e3o n\u00e3o-sacrificial de Deus e da vida, as nossas cr\u00edticas ter\u00e3o muita dificuldade de convencer pessoas a assumirem a dif\u00edcil tarefa de ir contra a &#8220;mar\u00e9\u201d e de lutar por uma sociedade mais justa e humana (convers\u00e3o).<\/p>\n<p>As ci\u00eancias sociais modernas, pela pr\u00f3pria forma como foram criadas e operam, n\u00e3o conseguem lidar bem com esse tema da dimens\u00e3o sagrada-m\u00edstico-espiritual do capitalismo, muito menos com a proposta de uma nova espiritualidade. Teorias sociais podem convencer, mas para a convers\u00e3o de vida \u00e9 preciso algo a mais. Isto \u00e9, precisamos oferecer uma nova &#8220;sedu\u00e7\u00e3o\u201d que atraia novas pessoas para a luta. \u00c9 aqui que a teologia pode e tem que dar a sua contribui\u00e7\u00e3o. Especialmente o cristianismo e a teologia da liberta\u00e7\u00e3o.<\/p>\n<p>\u00c9 claro que as cr\u00edticas &#8220;s\u00f3 \u00e1cidas e negativas\u201d continuar\u00e3o sendo aceitas e aplaudidas por nosso grupo que j\u00e1 est\u00e1 mais do que convencido de como esse sistema econ\u00f4mico-social \u00e9 um mal; mas escrever ou falar para ser aplaudido pelos mesmos que sempre nos leem e aplaudem n\u00e3o faz muito sentido, a n\u00e3o ser alimentar a nossa convic\u00e7\u00e3o de que estamos certos. (A continuar)<\/p>\n<div id=\"themify_builder_content-49396\" data-postid=\"49396\" class=\"themify_builder_content themify_builder_content-49396 themify_builder themify_builder_front\">\n\t<\/div>\n<!-- \/themify_builder_content -->","protected":false},"excerpt":{"rendered":"<p>Jung Mo Sung Um tempo atr\u00e1s, eu participei, nos Estados Unidos, de um Semin\u00e1rio que reuniu budistas (da \u00c1sia e dos Estados Unidos) e crist\u00e3os (especialmente te\u00f3logos\/as) engajados na luta pela justi\u00e7a social. Como era de se esperar, o primeiro painel foi sobre a globaliza\u00e7\u00e3o capitalista. Todos os expoentes enfatizaram como o capitalismo tem produzido [&hellip;]<\/p>\n","protected":false},"author":5,"featured_media":0,"comment_status":"open","ping_status":"open","sticky":false,"template":"","format":"standard","meta":{"ngg_post_thumbnail":0,"footnotes":""},"categories":[9],"tags":[633,222,3117],"yoast_head":"<!-- This site is optimized with the Yoast SEO plugin v23.5 - https:\/\/yoast.com\/wordpress\/plugins\/seo\/ -->\n<title>O segredo do poder do capitalismo e o cristianismo\/teologia de liberta\u00e7\u00e3o. (Parte I) - O Arcanjo no ar<\/title>\n<meta name=\"robots\" content=\"index, follow, max-snippet:-1, max-image-preview:large, max-video-preview:-1\" \/>\n<link rel=\"canonical\" href=\"https:\/\/www.oarcanjo.net\/site\/o-segredo-do-poder-do-capitalismo-e-o-cristianismoteologia-de-libertacao-parte-i\/\" \/>\n<meta property=\"og:locale\" content=\"pt_BR\" \/>\n<meta property=\"og:type\" content=\"article\" \/>\n<meta property=\"og:title\" content=\"O segredo do poder do capitalismo e o cristianismo\/teologia de liberta\u00e7\u00e3o. (Parte I) - O Arcanjo no ar\" \/>\n<meta property=\"og:description\" content=\"Jung Mo Sung Um tempo atr\u00e1s, eu participei, nos Estados Unidos, de um Semin\u00e1rio que reuniu budistas (da \u00c1sia e dos Estados Unidos) e crist\u00e3os (especialmente te\u00f3logos\/as) engajados na luta pela justi\u00e7a social. Como era de se esperar, o primeiro painel foi sobre a globaliza\u00e7\u00e3o capitalista. Todos os expoentes enfatizaram como o capitalismo tem produzido [&hellip;]\" \/>\n<meta property=\"og:url\" content=\"https:\/\/www.oarcanjo.net\/site\/o-segredo-do-poder-do-capitalismo-e-o-cristianismoteologia-de-libertacao-parte-i\/\" \/>\n<meta property=\"og:site_name\" content=\"O Arcanjo no ar\" \/>\n<meta property=\"article:publisher\" content=\"https:\/\/www.facebook.com\/OArcanjoNoAr\/\" \/>\n<meta property=\"article:published_time\" content=\"2014-09-06T01:10:32+00:00\" \/>\n<meta property=\"og:image\" content=\"https:\/\/www.oarcanjo.net\/site\/wp-content\/uploads\/logo-o-arcanjo-no-ar-facebook.png\" \/>\n\t<meta property=\"og:image:width\" content=\"300\" \/>\n\t<meta property=\"og:image:height\" content=\"300\" \/>\n\t<meta property=\"og:image:type\" content=\"image\/png\" \/>\n<meta name=\"author\" content=\"editor\" \/>\n<meta name=\"twitter:card\" content=\"summary_large_image\" \/>\n<meta name=\"twitter:label1\" content=\"Escrito por\" \/>\n\t<meta name=\"twitter:data1\" content=\"editor\" \/>\n\t<meta name=\"twitter:label2\" content=\"Est. tempo de leitura\" \/>\n\t<meta name=\"twitter:data2\" content=\"5 minutos\" \/>\n<script type=\"application\/ld+json\" class=\"yoast-schema-graph\">{\"@context\":\"https:\/\/schema.org\",\"@graph\":[{\"@type\":\"Article\",\"@id\":\"https:\/\/www.oarcanjo.net\/site\/o-segredo-do-poder-do-capitalismo-e-o-cristianismoteologia-de-libertacao-parte-i\/#article\",\"isPartOf\":{\"@id\":\"https:\/\/www.oarcanjo.net\/site\/o-segredo-do-poder-do-capitalismo-e-o-cristianismoteologia-de-libertacao-parte-i\/\"},\"author\":{\"name\":\"editor\",\"@id\":\"https:\/\/www.oarcanjo.net\/site\/#\/schema\/person\/f7024d007863202483a31326673a0838\"},\"headline\":\"O segredo do poder do capitalismo e o cristianismo\/teologia de liberta\u00e7\u00e3o. (Parte I)\",\"datePublished\":\"2014-09-06T01:10:32+00:00\",\"dateModified\":\"2014-09-06T01:10:32+00:00\",\"mainEntityOfPage\":{\"@id\":\"https:\/\/www.oarcanjo.net\/site\/o-segredo-do-poder-do-capitalismo-e-o-cristianismoteologia-de-libertacao-parte-i\/\"},\"wordCount\":1010,\"commentCount\":0,\"publisher\":{\"@id\":\"https:\/\/www.oarcanjo.net\/site\/#organization\"},\"keywords\":[\"capitalismo\",\"cristianismo\",\"Teologia de liberta\u00e7\u00e3o\"],\"articleSection\":[\"Reflex\u00f5es\"],\"inLanguage\":\"pt-BR\",\"potentialAction\":[{\"@type\":\"CommentAction\",\"name\":\"Comment\",\"target\":[\"https:\/\/www.oarcanjo.net\/site\/o-segredo-do-poder-do-capitalismo-e-o-cristianismoteologia-de-libertacao-parte-i\/#respond\"]}]},{\"@type\":\"WebPage\",\"@id\":\"https:\/\/www.oarcanjo.net\/site\/o-segredo-do-poder-do-capitalismo-e-o-cristianismoteologia-de-libertacao-parte-i\/\",\"url\":\"https:\/\/www.oarcanjo.net\/site\/o-segredo-do-poder-do-capitalismo-e-o-cristianismoteologia-de-libertacao-parte-i\/\",\"name\":\"O segredo do poder do capitalismo e o cristianismo\/teologia de liberta\u00e7\u00e3o. (Parte I) - O Arcanjo no ar\",\"isPartOf\":{\"@id\":\"https:\/\/www.oarcanjo.net\/site\/#website\"},\"datePublished\":\"2014-09-06T01:10:32+00:00\",\"dateModified\":\"2014-09-06T01:10:32+00:00\",\"breadcrumb\":{\"@id\":\"https:\/\/www.oarcanjo.net\/site\/o-segredo-do-poder-do-capitalismo-e-o-cristianismoteologia-de-libertacao-parte-i\/#breadcrumb\"},\"inLanguage\":\"pt-BR\",\"potentialAction\":[{\"@type\":\"ReadAction\",\"target\":[\"https:\/\/www.oarcanjo.net\/site\/o-segredo-do-poder-do-capitalismo-e-o-cristianismoteologia-de-libertacao-parte-i\/\"]}]},{\"@type\":\"BreadcrumbList\",\"@id\":\"https:\/\/www.oarcanjo.net\/site\/o-segredo-do-poder-do-capitalismo-e-o-cristianismoteologia-de-libertacao-parte-i\/#breadcrumb\",\"itemListElement\":[{\"@type\":\"ListItem\",\"position\":1,\"name\":\"In\u00edcio\",\"item\":\"https:\/\/www.oarcanjo.net\/site\/\"},{\"@type\":\"ListItem\",\"position\":2,\"name\":\"O segredo do poder do capitalismo e o cristianismo\/teologia de liberta\u00e7\u00e3o. (Parte I)\"}]},{\"@type\":\"WebSite\",\"@id\":\"https:\/\/www.oarcanjo.net\/site\/#website\",\"url\":\"https:\/\/www.oarcanjo.net\/site\/\",\"name\":\"O Arcanjo no ar\",\"description\":\"Site da Par\u00f3quia S\u00e3o Miguel Arcanjo (Arquidiocese de SP)\",\"publisher\":{\"@id\":\"https:\/\/www.oarcanjo.net\/site\/#organization\"},\"potentialAction\":[{\"@type\":\"SearchAction\",\"target\":{\"@type\":\"EntryPoint\",\"urlTemplate\":\"https:\/\/www.oarcanjo.net\/site\/?s={search_term_string}\"},\"query-input\":{\"@type\":\"PropertyValueSpecification\",\"valueRequired\":true,\"valueName\":\"search_term_string\"}}],\"inLanguage\":\"pt-BR\"},{\"@type\":\"Organization\",\"@id\":\"https:\/\/www.oarcanjo.net\/site\/#organization\",\"name\":\"Par\u00f3quia S\u00e3o Miguel Arcanjo\",\"url\":\"https:\/\/www.oarcanjo.net\/site\/\",\"logo\":{\"@type\":\"ImageObject\",\"inLanguage\":\"pt-BR\",\"@id\":\"https:\/\/www.oarcanjo.net\/site\/#\/schema\/logo\/image\/\",\"url\":\"https:\/\/www.oarcanjo.net\/site\/wp-content\/uploads\/LogoOArcanjo.png\",\"contentUrl\":\"https:\/\/www.oarcanjo.net\/site\/wp-content\/uploads\/LogoOArcanjo.png\",\"width\":319,\"height\":99,\"caption\":\"Par\u00f3quia S\u00e3o Miguel Arcanjo\"},\"image\":{\"@id\":\"https:\/\/www.oarcanjo.net\/site\/#\/schema\/logo\/image\/\"},\"sameAs\":[\"https:\/\/www.facebook.com\/OArcanjoNoAr\/\"]},{\"@type\":\"Person\",\"@id\":\"https:\/\/www.oarcanjo.net\/site\/#\/schema\/person\/f7024d007863202483a31326673a0838\",\"name\":\"editor\",\"sameAs\":[\"http:\/\/www.oarcanjo.net\"]}]}<\/script>\n<!-- \/ Yoast SEO plugin. -->","yoast_head_json":{"title":"O segredo do poder do capitalismo e o cristianismo\/teologia de liberta\u00e7\u00e3o. (Parte I) - O Arcanjo no ar","robots":{"index":"index","follow":"follow","max-snippet":"max-snippet:-1","max-image-preview":"max-image-preview:large","max-video-preview":"max-video-preview:-1"},"canonical":"https:\/\/www.oarcanjo.net\/site\/o-segredo-do-poder-do-capitalismo-e-o-cristianismoteologia-de-libertacao-parte-i\/","og_locale":"pt_BR","og_type":"article","og_title":"O segredo do poder do capitalismo e o cristianismo\/teologia de liberta\u00e7\u00e3o. (Parte I) - O Arcanjo no ar","og_description":"Jung Mo Sung Um tempo atr\u00e1s, eu participei, nos Estados Unidos, de um Semin\u00e1rio que reuniu budistas (da \u00c1sia e dos Estados Unidos) e crist\u00e3os (especialmente te\u00f3logos\/as) engajados na luta pela justi\u00e7a social. Como era de se esperar, o primeiro painel foi sobre a globaliza\u00e7\u00e3o capitalista. Todos os expoentes enfatizaram como o capitalismo tem produzido [&hellip;]","og_url":"https:\/\/www.oarcanjo.net\/site\/o-segredo-do-poder-do-capitalismo-e-o-cristianismoteologia-de-libertacao-parte-i\/","og_site_name":"O Arcanjo no ar","article_publisher":"https:\/\/www.facebook.com\/OArcanjoNoAr\/","article_published_time":"2014-09-06T01:10:32+00:00","og_image":[{"width":300,"height":300,"url":"https:\/\/www.oarcanjo.net\/site\/wp-content\/uploads\/logo-o-arcanjo-no-ar-facebook.png","type":"image\/png"}],"author":"editor","twitter_card":"summary_large_image","twitter_misc":{"Escrito por":"editor","Est. tempo de leitura":"5 minutos"},"schema":{"@context":"https:\/\/schema.org","@graph":[{"@type":"Article","@id":"https:\/\/www.oarcanjo.net\/site\/o-segredo-do-poder-do-capitalismo-e-o-cristianismoteologia-de-libertacao-parte-i\/#article","isPartOf":{"@id":"https:\/\/www.oarcanjo.net\/site\/o-segredo-do-poder-do-capitalismo-e-o-cristianismoteologia-de-libertacao-parte-i\/"},"author":{"name":"editor","@id":"https:\/\/www.oarcanjo.net\/site\/#\/schema\/person\/f7024d007863202483a31326673a0838"},"headline":"O segredo do poder do capitalismo e o cristianismo\/teologia de liberta\u00e7\u00e3o. (Parte I)","datePublished":"2014-09-06T01:10:32+00:00","dateModified":"2014-09-06T01:10:32+00:00","mainEntityOfPage":{"@id":"https:\/\/www.oarcanjo.net\/site\/o-segredo-do-poder-do-capitalismo-e-o-cristianismoteologia-de-libertacao-parte-i\/"},"wordCount":1010,"commentCount":0,"publisher":{"@id":"https:\/\/www.oarcanjo.net\/site\/#organization"},"keywords":["capitalismo","cristianismo","Teologia de liberta\u00e7\u00e3o"],"articleSection":["Reflex\u00f5es"],"inLanguage":"pt-BR","potentialAction":[{"@type":"CommentAction","name":"Comment","target":["https:\/\/www.oarcanjo.net\/site\/o-segredo-do-poder-do-capitalismo-e-o-cristianismoteologia-de-libertacao-parte-i\/#respond"]}]},{"@type":"WebPage","@id":"https:\/\/www.oarcanjo.net\/site\/o-segredo-do-poder-do-capitalismo-e-o-cristianismoteologia-de-libertacao-parte-i\/","url":"https:\/\/www.oarcanjo.net\/site\/o-segredo-do-poder-do-capitalismo-e-o-cristianismoteologia-de-libertacao-parte-i\/","name":"O segredo do poder do capitalismo e o cristianismo\/teologia de liberta\u00e7\u00e3o. (Parte I) - O Arcanjo no ar","isPartOf":{"@id":"https:\/\/www.oarcanjo.net\/site\/#website"},"datePublished":"2014-09-06T01:10:32+00:00","dateModified":"2014-09-06T01:10:32+00:00","breadcrumb":{"@id":"https:\/\/www.oarcanjo.net\/site\/o-segredo-do-poder-do-capitalismo-e-o-cristianismoteologia-de-libertacao-parte-i\/#breadcrumb"},"inLanguage":"pt-BR","potentialAction":[{"@type":"ReadAction","target":["https:\/\/www.oarcanjo.net\/site\/o-segredo-do-poder-do-capitalismo-e-o-cristianismoteologia-de-libertacao-parte-i\/"]}]},{"@type":"BreadcrumbList","@id":"https:\/\/www.oarcanjo.net\/site\/o-segredo-do-poder-do-capitalismo-e-o-cristianismoteologia-de-libertacao-parte-i\/#breadcrumb","itemListElement":[{"@type":"ListItem","position":1,"name":"In\u00edcio","item":"https:\/\/www.oarcanjo.net\/site\/"},{"@type":"ListItem","position":2,"name":"O segredo do poder do capitalismo e o cristianismo\/teologia de liberta\u00e7\u00e3o. (Parte I)"}]},{"@type":"WebSite","@id":"https:\/\/www.oarcanjo.net\/site\/#website","url":"https:\/\/www.oarcanjo.net\/site\/","name":"O Arcanjo no ar","description":"Site da Par\u00f3quia S\u00e3o Miguel Arcanjo (Arquidiocese de SP)","publisher":{"@id":"https:\/\/www.oarcanjo.net\/site\/#organization"},"potentialAction":[{"@type":"SearchAction","target":{"@type":"EntryPoint","urlTemplate":"https:\/\/www.oarcanjo.net\/site\/?s={search_term_string}"},"query-input":{"@type":"PropertyValueSpecification","valueRequired":true,"valueName":"search_term_string"}}],"inLanguage":"pt-BR"},{"@type":"Organization","@id":"https:\/\/www.oarcanjo.net\/site\/#organization","name":"Par\u00f3quia S\u00e3o Miguel Arcanjo","url":"https:\/\/www.oarcanjo.net\/site\/","logo":{"@type":"ImageObject","inLanguage":"pt-BR","@id":"https:\/\/www.oarcanjo.net\/site\/#\/schema\/logo\/image\/","url":"https:\/\/www.oarcanjo.net\/site\/wp-content\/uploads\/LogoOArcanjo.png","contentUrl":"https:\/\/www.oarcanjo.net\/site\/wp-content\/uploads\/LogoOArcanjo.png","width":319,"height":99,"caption":"Par\u00f3quia S\u00e3o Miguel Arcanjo"},"image":{"@id":"https:\/\/www.oarcanjo.net\/site\/#\/schema\/logo\/image\/"},"sameAs":["https:\/\/www.facebook.com\/OArcanjoNoAr\/"]},{"@type":"Person","@id":"https:\/\/www.oarcanjo.net\/site\/#\/schema\/person\/f7024d007863202483a31326673a0838","name":"editor","sameAs":["http:\/\/www.oarcanjo.net"]}]}},"publishpress_future_action":{"enabled":false,"date":"2026-05-08 20:08:21","action":"category","newStatus":"draft","terms":[],"taxonomy":"category"},"publishpress_future_workflow_manual_trigger":{"enabledWorkflows":[]},"_links":{"self":[{"href":"https:\/\/www.oarcanjo.net\/site\/wp-json\/wp\/v2\/posts\/49396"}],"collection":[{"href":"https:\/\/www.oarcanjo.net\/site\/wp-json\/wp\/v2\/posts"}],"about":[{"href":"https:\/\/www.oarcanjo.net\/site\/wp-json\/wp\/v2\/types\/post"}],"author":[{"embeddable":true,"href":"https:\/\/www.oarcanjo.net\/site\/wp-json\/wp\/v2\/users\/5"}],"replies":[{"embeddable":true,"href":"https:\/\/www.oarcanjo.net\/site\/wp-json\/wp\/v2\/comments?post=49396"}],"version-history":[{"count":0,"href":"https:\/\/www.oarcanjo.net\/site\/wp-json\/wp\/v2\/posts\/49396\/revisions"}],"wp:attachment":[{"href":"https:\/\/www.oarcanjo.net\/site\/wp-json\/wp\/v2\/media?parent=49396"}],"wp:term":[{"taxonomy":"category","embeddable":true,"href":"https:\/\/www.oarcanjo.net\/site\/wp-json\/wp\/v2\/categories?post=49396"},{"taxonomy":"post_tag","embeddable":true,"href":"https:\/\/www.oarcanjo.net\/site\/wp-json\/wp\/v2\/tags?post=49396"}],"curies":[{"name":"wp","href":"https:\/\/api.w.org\/{rel}","templated":true}]}}