
{"id":494,"date":"2008-11-01T11:09:14","date_gmt":"2008-11-01T14:09:14","guid":{"rendered":"http:\/\/www.oarcanjo.net\/site\/?p=494"},"modified":"2008-11-01T14:24:55","modified_gmt":"2008-11-01T17:24:55","slug":"perder-a-cabeca","status":"publish","type":"post","link":"https:\/\/www.oarcanjo.net\/site\/perder-a-cabeca\/","title":{"rendered":"Perder a cabe\u00e7a&#8230;"},"content":{"rendered":"<p>&#8220;Perder a cabe\u00e7a e n\u00e3o a dignidade&#8221; foi o que norteou S\u00e3o Thomas More, c\u00e9lebre humanista ingl\u00eas, lorde chanceler do rei Henrique VIII. S\u00e3o Thomas More esteve encarcerado entre 17 de abril de 1534 e 6 de julho de 1535, acusado de conspirar contra o rei e executado por decapita\u00e7\u00e3o.<\/p>\n<p>O m\u00e1rtir ingl\u00eas perdeu a cabe\u00e7a e n\u00e3o a dignidade, mantendo-se fiel \u00e0 sua consci\u00eancia e aos seus princ\u00edpios. Erudito e literato de primeira grandeza, \u00e9 considerado o melhor prosador da Inglaterra em l\u00edngua latina e o fundador da literatura inglesa moderna.<\/p>\n<p>Estadista no sentido mais aut\u00eantico da express\u00e3o, tornou-se conhecido e famoso por sua prud\u00eancia e integridade. A sua obra mais conhecida, a &#8220;Utopia&#8221;, \u00e9 a imagem do Estado ideal, segundo a raz\u00e3o humana, que contrastava com a realidade dos reinos do seu tempo e de agora.<\/p>\n<p>Thomas More esteve por quatro anos como h\u00f3spede na Cartuxa de Londres, ordem conhecida por sua severidade e exig\u00eancia, onde aprofundou o conhecimento da doutrina crist\u00e3 e onde tamb\u00e9m reconheceu que sua voca\u00e7\u00e3o n\u00e3o era a vida mon\u00e1stica. Passou a viver como advogado, casando-se com Joan Colt, com quem teve quatro filhos: Margareth, Elizabeth, Cecily e John.<\/p>\n<p>Advogado brilhante, desempenhou cargos p\u00fablicos e participou de miss\u00f5es diplom\u00e1ticas e comerciais na Europa, onde estabeleceu la\u00e7os de amizade com os maiores intelectuais de seu tempo, como Erasmo de Rotterdam. A sua esposa Joan faleceu em 1511, deixando os filhos pequenos e Thomas More, vi\u00favo, casou-se com Alice Middleton, cuidadosa m\u00e3e e administradora do lar.<\/p>\n<p>A escola que Thomas More montou em sua pr\u00f3pria casa, fato inusitado, permitia dar \u00e0s suas filhas e aos filhos dos criados a mesma educa\u00e7\u00e3o que dava ao seu filho homem. O seu cuidado com a educa\u00e7\u00e3o crist\u00e3 era detalhado, proporcionando momentos de ora\u00e7\u00e3o com toda a fam\u00edlia e com os empregados, com grande freq\u00fc\u00eancia e piedade.<\/p>\n<p>A sua dedica\u00e7\u00e3o e compet\u00eancia o levaram ao cargo de Chanceler, que equivalia ao de juiz supremo. O seu empenho foi tanto que resolveu dar andamento a todos os processos que se acumularam durante anos, para tornar a justi\u00e7a acess\u00edvel aos desvalidos, recebendo at\u00e9 em sua casa quem tivesse alguma queixa.<\/p>\n<p>A tirania de Henrique VIII, suas manobras pol\u00edticas para conseguir o que queria, desde tr\u00e1fico de influ\u00eancia at\u00e9 persegui\u00e7\u00f5es e morte, levaram o chanceler More a renunciar ao cargo. As pr\u00e1ticas do rei para conseguir o que queria a qualquer pre\u00e7o, como a anula\u00e7\u00e3o de seu casamento com Catarina de Arag\u00e3o, para casar-se com Ana Bolena, o levaram a declarar-se Chefe Supremo da Igreja na Inglaterra. Os que discordavam e se negavam a assinar o documento de submiss\u00e3o total tinham os bens confiscados e eram condenados \u00e0 morte, como o bispo de Rochester, S\u00e3o John Fisher.<\/p>\n<p>O ex-chanceler, com 54 anos, sabia que a discord\u00e2ncia se tornaria resist\u00eancia e o jogaria em terr\u00edveis dificuldades e persegui\u00e7\u00f5es. Armadilhas muito bem arquitetadas e ardilosas tentaram envolv\u00ea-lo a todo custo, mas n\u00e3o conseguiam demover o homem que, pela liberdade de consci\u00eancia, n\u00e3o teve medo de enfrentar a morte.<\/p>\n<p>Comovente \u00e9 sua medita\u00e7\u00e3o espiritual escrita na Torre de Londres, na pris\u00e3o: <em>&#8220;Dai-me a vossa gra\u00e7a, meu senhor, para ter o mundo em nada. Para ter minha mente bem unida a V\u00f3z e n\u00e3o depender das censuras dos outros. Para que pense em Deus com alegria e implore ternamente sua ajuda. Para que me ap\u00f3ie na fortaleza de Deus e me esforce com denodo por am\u00e1-lo. Para que conhe\u00e7a minha pr\u00f3pria mis\u00e9ria e vileza, para que me humilhe sob a m\u00e3o poderosa de Deus. Para percorrer a senda estreita que conduz \u00e0 vida. Para levar a cruz com Cristo. Para pedir perd\u00e3o antes que o Juiz chegue. Para ter sempre presente a paix\u00e3o que Cristo sofreu por mim. Para ganhar Cristo e para isso ter em nada de nada, a perda da fortuna, dos amigos, da liberdade, da vida e de tudo. Para ter os meus piores inimigos como meus melhores amigos&#8230;&#8221;<\/em><\/p>\n<p>Na canoniza\u00e7\u00e3o de Thomas More e John Fisher, o papa Pio XI os comparou a &#8220;grandes far\u00f3is erguidos para brilhar e iluminar os caminhos de Deus&#8221;. Toda essa hist\u00f3ria se torna ainda mais dram\u00e1tica pois o papa Jo\u00e3o Paulo II declarou S\u00e3o Thomas More padroeiro da classe pol\u00edtica, que na maior parte das vezes prefere n\u00e3o perder a cabe\u00e7a e sim a dignidade!<\/p>\n<div id=\"themify_builder_content-494\" data-postid=\"494\" class=\"themify_builder_content themify_builder_content-494 themify_builder themify_builder_front\">\n\t<\/div>\n<!-- \/themify_builder_content -->","protected":false},"excerpt":{"rendered":"<p>&#8220;Perder a cabe\u00e7a e n\u00e3o a dignidade&#8221; foi o que norteou S\u00e3o Thomas More, c\u00e9lebre humanista ingl\u00eas, lorde chanceler do rei Henrique VIII. S\u00e3o Thomas More esteve encarcerado entre 17 de abril de 1534 e 6 de julho de 1535, acusado de conspirar contra o rei e executado por decapita\u00e7\u00e3o. O m\u00e1rtir ingl\u00eas perdeu a [&hellip;]<\/p>\n","protected":false},"author":4,"featured_media":0,"comment_status":"open","ping_status":"open","sticky":false,"template":"","format":"standard","meta":{"ngg_post_thumbnail":0,"footnotes":""},"categories":[5],"tags":[70,71,50,69],"yoast_head":"<!-- This site is optimized with the Yoast SEO plugin v23.5 - https:\/\/yoast.com\/wordpress\/plugins\/seo\/ -->\n<title>Perder a cabe\u00e7a... - O Arcanjo no ar<\/title>\n<meta name=\"robots\" content=\"index, follow, max-snippet:-1, max-image-preview:large, max-video-preview:-1\" \/>\n<link rel=\"canonical\" href=\"https:\/\/www.oarcanjo.net\/site\/perder-a-cabeca\/\" \/>\n<meta property=\"og:locale\" content=\"pt_BR\" \/>\n<meta property=\"og:type\" content=\"article\" \/>\n<meta property=\"og:title\" content=\"Perder a cabe\u00e7a... - O Arcanjo no ar\" \/>\n<meta property=\"og:description\" content=\"&#8220;Perder a cabe\u00e7a e n\u00e3o a dignidade&#8221; foi o que norteou S\u00e3o Thomas More, c\u00e9lebre humanista ingl\u00eas, lorde chanceler do rei Henrique VIII. S\u00e3o Thomas More esteve encarcerado entre 17 de abril de 1534 e 6 de julho de 1535, acusado de conspirar contra o rei e executado por decapita\u00e7\u00e3o. O m\u00e1rtir ingl\u00eas perdeu a [&hellip;]\" \/>\n<meta property=\"og:url\" content=\"https:\/\/www.oarcanjo.net\/site\/perder-a-cabeca\/\" \/>\n<meta property=\"og:site_name\" content=\"O Arcanjo no ar\" \/>\n<meta property=\"article:publisher\" content=\"https:\/\/www.facebook.com\/OArcanjoNoAr\/\" \/>\n<meta property=\"article:published_time\" content=\"2008-11-01T14:09:14+00:00\" \/>\n<meta property=\"article:modified_time\" content=\"2008-11-01T17:24:55+00:00\" \/>\n<meta property=\"og:image\" content=\"https:\/\/www.oarcanjo.net\/site\/wp-content\/uploads\/logo-o-arcanjo-no-ar-facebook.png\" \/>\n\t<meta property=\"og:image:width\" content=\"300\" \/>\n\t<meta property=\"og:image:height\" content=\"300\" \/>\n\t<meta property=\"og:image:type\" content=\"image\/png\" \/>\n<meta name=\"author\" content=\"julio\" \/>\n<meta name=\"twitter:card\" content=\"summary_large_image\" \/>\n<meta name=\"twitter:label1\" content=\"Escrito por\" \/>\n\t<meta name=\"twitter:data1\" content=\"julio\" \/>\n\t<meta name=\"twitter:label2\" content=\"Est. tempo de leitura\" \/>\n\t<meta name=\"twitter:data2\" content=\"4 minutos\" \/>\n<script type=\"application\/ld+json\" class=\"yoast-schema-graph\">{\"@context\":\"https:\/\/schema.org\",\"@graph\":[{\"@type\":\"Article\",\"@id\":\"https:\/\/www.oarcanjo.net\/site\/perder-a-cabeca\/#article\",\"isPartOf\":{\"@id\":\"https:\/\/www.oarcanjo.net\/site\/perder-a-cabeca\/\"},\"author\":{\"name\":\"julio\",\"@id\":\"https:\/\/www.oarcanjo.net\/site\/#\/schema\/person\/d78ea01c648c91e29c364b516767079e\"},\"headline\":\"Perder a cabe\u00e7a&#8230;\",\"datePublished\":\"2008-11-01T14:09:14+00:00\",\"dateModified\":\"2008-11-01T17:24:55+00:00\",\"mainEntityOfPage\":{\"@id\":\"https:\/\/www.oarcanjo.net\/site\/perder-a-cabeca\/\"},\"wordCount\":790,\"commentCount\":0,\"publisher\":{\"@id\":\"https:\/\/www.oarcanjo.net\/site\/#organization\"},\"keywords\":[\"morus\",\"pol\u00edtica\",\"Santo\",\"thomas more\"],\"articleSection\":[\"Voz do Arcanjo\"],\"inLanguage\":\"pt-BR\",\"potentialAction\":[{\"@type\":\"CommentAction\",\"name\":\"Comment\",\"target\":[\"https:\/\/www.oarcanjo.net\/site\/perder-a-cabeca\/#respond\"]}]},{\"@type\":\"WebPage\",\"@id\":\"https:\/\/www.oarcanjo.net\/site\/perder-a-cabeca\/\",\"url\":\"https:\/\/www.oarcanjo.net\/site\/perder-a-cabeca\/\",\"name\":\"Perder a cabe\u00e7a... - O Arcanjo no ar\",\"isPartOf\":{\"@id\":\"https:\/\/www.oarcanjo.net\/site\/#website\"},\"datePublished\":\"2008-11-01T14:09:14+00:00\",\"dateModified\":\"2008-11-01T17:24:55+00:00\",\"breadcrumb\":{\"@id\":\"https:\/\/www.oarcanjo.net\/site\/perder-a-cabeca\/#breadcrumb\"},\"inLanguage\":\"pt-BR\",\"potentialAction\":[{\"@type\":\"ReadAction\",\"target\":[\"https:\/\/www.oarcanjo.net\/site\/perder-a-cabeca\/\"]}]},{\"@type\":\"BreadcrumbList\",\"@id\":\"https:\/\/www.oarcanjo.net\/site\/perder-a-cabeca\/#breadcrumb\",\"itemListElement\":[{\"@type\":\"ListItem\",\"position\":1,\"name\":\"In\u00edcio\",\"item\":\"https:\/\/www.oarcanjo.net\/site\/\"},{\"@type\":\"ListItem\",\"position\":2,\"name\":\"Perder a cabe\u00e7a&#8230;\"}]},{\"@type\":\"WebSite\",\"@id\":\"https:\/\/www.oarcanjo.net\/site\/#website\",\"url\":\"https:\/\/www.oarcanjo.net\/site\/\",\"name\":\"O Arcanjo no ar\",\"description\":\"Site da Par\u00f3quia S\u00e3o Miguel Arcanjo (Arquidiocese de SP)\",\"publisher\":{\"@id\":\"https:\/\/www.oarcanjo.net\/site\/#organization\"},\"potentialAction\":[{\"@type\":\"SearchAction\",\"target\":{\"@type\":\"EntryPoint\",\"urlTemplate\":\"https:\/\/www.oarcanjo.net\/site\/?s={search_term_string}\"},\"query-input\":{\"@type\":\"PropertyValueSpecification\",\"valueRequired\":true,\"valueName\":\"search_term_string\"}}],\"inLanguage\":\"pt-BR\"},{\"@type\":\"Organization\",\"@id\":\"https:\/\/www.oarcanjo.net\/site\/#organization\",\"name\":\"Par\u00f3quia S\u00e3o Miguel Arcanjo\",\"url\":\"https:\/\/www.oarcanjo.net\/site\/\",\"logo\":{\"@type\":\"ImageObject\",\"inLanguage\":\"pt-BR\",\"@id\":\"https:\/\/www.oarcanjo.net\/site\/#\/schema\/logo\/image\/\",\"url\":\"https:\/\/www.oarcanjo.net\/site\/wp-content\/uploads\/LogoOArcanjo.png\",\"contentUrl\":\"https:\/\/www.oarcanjo.net\/site\/wp-content\/uploads\/LogoOArcanjo.png\",\"width\":319,\"height\":99,\"caption\":\"Par\u00f3quia S\u00e3o Miguel Arcanjo\"},\"image\":{\"@id\":\"https:\/\/www.oarcanjo.net\/site\/#\/schema\/logo\/image\/\"},\"sameAs\":[\"https:\/\/www.facebook.com\/OArcanjoNoAr\/\"]},{\"@type\":\"Person\",\"@id\":\"https:\/\/www.oarcanjo.net\/site\/#\/schema\/person\/d78ea01c648c91e29c364b516767079e\",\"name\":\"julio\",\"sameAs\":[\"http:\/\/www.oarcanjo.net\"]}]}<\/script>\n<!-- \/ Yoast SEO plugin. -->","yoast_head_json":{"title":"Perder a cabe\u00e7a... - O Arcanjo no ar","robots":{"index":"index","follow":"follow","max-snippet":"max-snippet:-1","max-image-preview":"max-image-preview:large","max-video-preview":"max-video-preview:-1"},"canonical":"https:\/\/www.oarcanjo.net\/site\/perder-a-cabeca\/","og_locale":"pt_BR","og_type":"article","og_title":"Perder a cabe\u00e7a... - O Arcanjo no ar","og_description":"&#8220;Perder a cabe\u00e7a e n\u00e3o a dignidade&#8221; foi o que norteou S\u00e3o Thomas More, c\u00e9lebre humanista ingl\u00eas, lorde chanceler do rei Henrique VIII. S\u00e3o Thomas More esteve encarcerado entre 17 de abril de 1534 e 6 de julho de 1535, acusado de conspirar contra o rei e executado por decapita\u00e7\u00e3o. O m\u00e1rtir ingl\u00eas perdeu a [&hellip;]","og_url":"https:\/\/www.oarcanjo.net\/site\/perder-a-cabeca\/","og_site_name":"O Arcanjo no ar","article_publisher":"https:\/\/www.facebook.com\/OArcanjoNoAr\/","article_published_time":"2008-11-01T14:09:14+00:00","article_modified_time":"2008-11-01T17:24:55+00:00","og_image":[{"width":300,"height":300,"url":"https:\/\/www.oarcanjo.net\/site\/wp-content\/uploads\/logo-o-arcanjo-no-ar-facebook.png","type":"image\/png"}],"author":"julio","twitter_card":"summary_large_image","twitter_misc":{"Escrito por":"julio","Est. tempo de leitura":"4 minutos"},"schema":{"@context":"https:\/\/schema.org","@graph":[{"@type":"Article","@id":"https:\/\/www.oarcanjo.net\/site\/perder-a-cabeca\/#article","isPartOf":{"@id":"https:\/\/www.oarcanjo.net\/site\/perder-a-cabeca\/"},"author":{"name":"julio","@id":"https:\/\/www.oarcanjo.net\/site\/#\/schema\/person\/d78ea01c648c91e29c364b516767079e"},"headline":"Perder a cabe\u00e7a&#8230;","datePublished":"2008-11-01T14:09:14+00:00","dateModified":"2008-11-01T17:24:55+00:00","mainEntityOfPage":{"@id":"https:\/\/www.oarcanjo.net\/site\/perder-a-cabeca\/"},"wordCount":790,"commentCount":0,"publisher":{"@id":"https:\/\/www.oarcanjo.net\/site\/#organization"},"keywords":["morus","pol\u00edtica","Santo","thomas more"],"articleSection":["Voz do Arcanjo"],"inLanguage":"pt-BR","potentialAction":[{"@type":"CommentAction","name":"Comment","target":["https:\/\/www.oarcanjo.net\/site\/perder-a-cabeca\/#respond"]}]},{"@type":"WebPage","@id":"https:\/\/www.oarcanjo.net\/site\/perder-a-cabeca\/","url":"https:\/\/www.oarcanjo.net\/site\/perder-a-cabeca\/","name":"Perder a cabe\u00e7a... - O Arcanjo no ar","isPartOf":{"@id":"https:\/\/www.oarcanjo.net\/site\/#website"},"datePublished":"2008-11-01T14:09:14+00:00","dateModified":"2008-11-01T17:24:55+00:00","breadcrumb":{"@id":"https:\/\/www.oarcanjo.net\/site\/perder-a-cabeca\/#breadcrumb"},"inLanguage":"pt-BR","potentialAction":[{"@type":"ReadAction","target":["https:\/\/www.oarcanjo.net\/site\/perder-a-cabeca\/"]}]},{"@type":"BreadcrumbList","@id":"https:\/\/www.oarcanjo.net\/site\/perder-a-cabeca\/#breadcrumb","itemListElement":[{"@type":"ListItem","position":1,"name":"In\u00edcio","item":"https:\/\/www.oarcanjo.net\/site\/"},{"@type":"ListItem","position":2,"name":"Perder a cabe\u00e7a&#8230;"}]},{"@type":"WebSite","@id":"https:\/\/www.oarcanjo.net\/site\/#website","url":"https:\/\/www.oarcanjo.net\/site\/","name":"O Arcanjo no ar","description":"Site da Par\u00f3quia S\u00e3o Miguel Arcanjo (Arquidiocese de SP)","publisher":{"@id":"https:\/\/www.oarcanjo.net\/site\/#organization"},"potentialAction":[{"@type":"SearchAction","target":{"@type":"EntryPoint","urlTemplate":"https:\/\/www.oarcanjo.net\/site\/?s={search_term_string}"},"query-input":{"@type":"PropertyValueSpecification","valueRequired":true,"valueName":"search_term_string"}}],"inLanguage":"pt-BR"},{"@type":"Organization","@id":"https:\/\/www.oarcanjo.net\/site\/#organization","name":"Par\u00f3quia S\u00e3o Miguel Arcanjo","url":"https:\/\/www.oarcanjo.net\/site\/","logo":{"@type":"ImageObject","inLanguage":"pt-BR","@id":"https:\/\/www.oarcanjo.net\/site\/#\/schema\/logo\/image\/","url":"https:\/\/www.oarcanjo.net\/site\/wp-content\/uploads\/LogoOArcanjo.png","contentUrl":"https:\/\/www.oarcanjo.net\/site\/wp-content\/uploads\/LogoOArcanjo.png","width":319,"height":99,"caption":"Par\u00f3quia S\u00e3o Miguel Arcanjo"},"image":{"@id":"https:\/\/www.oarcanjo.net\/site\/#\/schema\/logo\/image\/"},"sameAs":["https:\/\/www.facebook.com\/OArcanjoNoAr\/"]},{"@type":"Person","@id":"https:\/\/www.oarcanjo.net\/site\/#\/schema\/person\/d78ea01c648c91e29c364b516767079e","name":"julio","sameAs":["http:\/\/www.oarcanjo.net"]}]}},"publishpress_future_action":{"enabled":false,"date":"2026-05-07 12:43:39","action":"category","newStatus":"draft","terms":[],"taxonomy":"category"},"publishpress_future_workflow_manual_trigger":{"enabledWorkflows":[]},"_links":{"self":[{"href":"https:\/\/www.oarcanjo.net\/site\/wp-json\/wp\/v2\/posts\/494"}],"collection":[{"href":"https:\/\/www.oarcanjo.net\/site\/wp-json\/wp\/v2\/posts"}],"about":[{"href":"https:\/\/www.oarcanjo.net\/site\/wp-json\/wp\/v2\/types\/post"}],"author":[{"embeddable":true,"href":"https:\/\/www.oarcanjo.net\/site\/wp-json\/wp\/v2\/users\/4"}],"replies":[{"embeddable":true,"href":"https:\/\/www.oarcanjo.net\/site\/wp-json\/wp\/v2\/comments?post=494"}],"version-history":[{"count":0,"href":"https:\/\/www.oarcanjo.net\/site\/wp-json\/wp\/v2\/posts\/494\/revisions"}],"wp:attachment":[{"href":"https:\/\/www.oarcanjo.net\/site\/wp-json\/wp\/v2\/media?parent=494"}],"wp:term":[{"taxonomy":"category","embeddable":true,"href":"https:\/\/www.oarcanjo.net\/site\/wp-json\/wp\/v2\/categories?post=494"},{"taxonomy":"post_tag","embeddable":true,"href":"https:\/\/www.oarcanjo.net\/site\/wp-json\/wp\/v2\/tags?post=494"}],"curies":[{"name":"wp","href":"https:\/\/api.w.org\/{rel}","templated":true}]}}