
{"id":4940,"date":"2009-08-30T23:21:15","date_gmt":"2009-08-31T02:21:15","guid":{"rendered":"http:\/\/www.oarcanjo.net\/site\/?p=4940"},"modified":"2009-08-30T23:22:34","modified_gmt":"2009-08-31T02:22:34","slug":"mooca-o-bairro-com-cheiro-e-sabor-completou-453-anos","status":"publish","type":"post","link":"https:\/\/www.oarcanjo.net\/site\/mooca-o-bairro-com-cheiro-e-sabor-completou-453-anos\/","title":{"rendered":"Mooca o bairro com cheiro e sabor&#8230; completou 453 Anos"},"content":{"rendered":"<p>O cheiro de or\u00e9gano e manjeric\u00e3o misturados ao molho da macarronada ou da pizza resultam no sabor caracter\u00edstico da gastronomia italiana&#8230;<\/p>\n<p>O jeito e o sotaque paulistano nasceram na Mooca&#8230;<\/p>\n<p>A palavra Mooca, que em tupi \u00e9 fazer casa, segundo seu ilustre morador professor Pasquale, &#8211;<em> \u201cpalavras parox\u00edtonas cujas vogais se repetem, Saara, xiita e Mooca n\u00e3o tem acento\u201d.<\/em><\/p>\n<p><img loading=\"lazy\" decoding=\"async\" src=\"http:\/\/www.oarcanjo.net\/site\/wp-content\/uploads\/aniversario-453-mooca-01.JPG\" alt=\"Moinho\" title=\"Moinho\" width=\"350\" height=\"234\" \/><\/p>\n<p>A industrializa\u00e7\u00e3o do pa\u00eds e o movimento oper\u00e1rio come\u00e7aram aqui, no fim do s\u00e9culo XIX. A primeira greve data de 1917, organizada por comunistas e anarquistas no Cotonif\u00edcio Crespi.<\/p>\n<p><img loading=\"lazy\" decoding=\"async\" src=\"http:\/\/www.oarcanjo.net\/site\/wp-content\/uploads\/aniversario-453-mooca-03.JPG\" alt=\"Vista a\u00e9rea da Mooca\" title=\"Vista a\u00e9rea da Mooca\" width=\"350\" height=\"223\" \/><\/p>\n<p>Hoje est\u00e1 nascendo uma nova Mooca: no horizonte avistam-se edif\u00edcios de apartamentos, derrubando literalmente as casas das vilas oper\u00e1rias e os galp\u00f5es fabris, o que garantia uma horizontalidade para o desenho urban\u00edstico.<\/p>\n<p>A Hist\u00f3ria serve no presente para tentarmos realizar o sonho de nossos antepassados, o sonho de uma cidade poss\u00edvel e feliz vem da inspira\u00e7\u00e3o de nossos av\u00f3s italianos, portugueses, espanh\u00f3is, h\u00fangaros e eslavos que nos trouxeram da Europa ideais de uma sociedade justa, fraterna e mais humana para todos. Novos migrantes nordestinos, japoneses, coreanos e irm\u00e3os latino-americanos acrescentam ao sonho a conviv\u00eancia na diversidade.<\/p>\n<p><img loading=\"lazy\" decoding=\"async\" src=\"http:\/\/www.oarcanjo.net\/site\/wp-content\/uploads\/aniversario-453-mooca-02.JPG\" alt=\"Miss Mooca\" title=\"Miss Mooca\" width=\"350\" height=\"240\" \/><\/p>\n<p>Parafraseando Tolst\u00f3i para quem <em>pintar a aldeia \u00e9 tornar-se universal<\/em>&#8230; Sabe aquela hist\u00f3ria do nosso lugar no mundo? O meu, o seu, o nosso lugar no mundo \u00e9 aqui e agora, na Mooca belo!<\/p>\n<p><em><strong>Wanderley de Oliveira<\/strong>, colaborador deste site, \u00e9 cineasta e produtor de TV. H\u00e1 51 anos \u00e9 mooquense, apesar de corintiano \u00e9 simpatizante do Juventus.<\/em><\/p>\n<div id=\"themify_builder_content-4940\" data-postid=\"4940\" class=\"themify_builder_content themify_builder_content-4940 themify_builder themify_builder_front\">\n\t<\/div>\n<!-- \/themify_builder_content -->","protected":false},"excerpt":{"rendered":"<p>O cheiro de or\u00e9gano e manjeric\u00e3o misturados ao molho da macarronada ou da pizza resultam no sabor caracter\u00edstico da gastronomia italiana&#8230; O jeito e o sotaque paulistano nasceram na Mooca&#8230; A palavra Mooca, que em tupi \u00e9 fazer casa, segundo seu ilustre morador professor Pasquale, &#8211; \u201cpalavras parox\u00edtonas cujas vogais se repetem, Saara, xiita e [&hellip;]<\/p>\n","protected":false},"author":5,"featured_media":0,"comment_status":"open","ping_status":"open","sticky":false,"template":"","format":"standard","meta":{"ngg_post_thumbnail":0,"footnotes":""},"categories":[8],"tags":[1011,1013,240,678,1012],"yoast_head":"<!-- This site is optimized with the Yoast SEO plugin v23.5 - https:\/\/yoast.com\/wordpress\/plugins\/seo\/ -->\n<title>Mooca o bairro com cheiro e sabor... completou 453 Anos - O Arcanjo no ar<\/title>\n<meta name=\"robots\" content=\"index, follow, max-snippet:-1, max-image-preview:large, max-video-preview:-1\" \/>\n<link rel=\"canonical\" href=\"https:\/\/www.oarcanjo.net\/site\/mooca-o-bairro-com-cheiro-e-sabor-completou-453-anos\/\" \/>\n<meta property=\"og:locale\" content=\"pt_BR\" \/>\n<meta property=\"og:type\" content=\"article\" \/>\n<meta property=\"og:title\" content=\"Mooca o bairro com cheiro e sabor... completou 453 Anos - O Arcanjo no ar\" \/>\n<meta property=\"og:description\" content=\"O cheiro de or\u00e9gano e manjeric\u00e3o misturados ao molho da macarronada ou da pizza resultam no sabor caracter\u00edstico da gastronomia italiana&#8230; O jeito e o sotaque paulistano nasceram na Mooca&#8230; A palavra Mooca, que em tupi \u00e9 fazer casa, segundo seu ilustre morador professor Pasquale, &#8211; \u201cpalavras parox\u00edtonas cujas vogais se repetem, Saara, xiita e [&hellip;]\" \/>\n<meta property=\"og:url\" content=\"https:\/\/www.oarcanjo.net\/site\/mooca-o-bairro-com-cheiro-e-sabor-completou-453-anos\/\" \/>\n<meta property=\"og:site_name\" content=\"O Arcanjo no ar\" \/>\n<meta property=\"article:publisher\" content=\"https:\/\/www.facebook.com\/OArcanjoNoAr\/\" \/>\n<meta property=\"article:published_time\" content=\"2009-08-31T02:21:15+00:00\" \/>\n<meta property=\"article:modified_time\" content=\"2009-08-31T02:22:34+00:00\" \/>\n<meta property=\"og:image\" content=\"http:\/\/www.oarcanjo.net\/site\/wp-content\/uploads\/aniversario-453-mooca-01.JPG\" \/>\n<meta name=\"author\" content=\"editor\" \/>\n<meta name=\"twitter:card\" content=\"summary_large_image\" \/>\n<meta name=\"twitter:label1\" content=\"Escrito por\" \/>\n\t<meta name=\"twitter:data1\" content=\"editor\" \/>\n\t<meta name=\"twitter:label2\" content=\"Est. tempo de leitura\" \/>\n\t<meta name=\"twitter:data2\" content=\"1 minuto\" \/>\n<script type=\"application\/ld+json\" class=\"yoast-schema-graph\">{\"@context\":\"https:\/\/schema.org\",\"@graph\":[{\"@type\":\"Article\",\"@id\":\"https:\/\/www.oarcanjo.net\/site\/mooca-o-bairro-com-cheiro-e-sabor-completou-453-anos\/#article\",\"isPartOf\":{\"@id\":\"https:\/\/www.oarcanjo.net\/site\/mooca-o-bairro-com-cheiro-e-sabor-completou-453-anos\/\"},\"author\":{\"name\":\"editor\",\"@id\":\"https:\/\/www.oarcanjo.net\/site\/#\/schema\/person\/f7024d007863202483a31326673a0838\"},\"headline\":\"Mooca o bairro com cheiro e sabor&#8230; completou 453 Anos\",\"datePublished\":\"2009-08-31T02:21:15+00:00\",\"dateModified\":\"2009-08-31T02:22:34+00:00\",\"mainEntityOfPage\":{\"@id\":\"https:\/\/www.oarcanjo.net\/site\/mooca-o-bairro-com-cheiro-e-sabor-completou-453-anos\/\"},\"wordCount\":268,\"commentCount\":9,\"publisher\":{\"@id\":\"https:\/\/www.oarcanjo.net\/site\/#organization\"},\"image\":{\"@id\":\"https:\/\/www.oarcanjo.net\/site\/mooca-o-bairro-com-cheiro-e-sabor-completou-453-anos\/#primaryimage\"},\"thumbnailUrl\":\"http:\/\/www.oarcanjo.net\/site\/wp-content\/uploads\/aniversario-453-mooca-01.JPG\",\"keywords\":[\"453 anos\",\"Diversidade\",\"migra\u00e7\u00e3o\",\"Mooca\",\"Movimento oper\u00e1rio\"],\"articleSection\":[\"Not\u00edcias\"],\"inLanguage\":\"pt-BR\",\"potentialAction\":[{\"@type\":\"CommentAction\",\"name\":\"Comment\",\"target\":[\"https:\/\/www.oarcanjo.net\/site\/mooca-o-bairro-com-cheiro-e-sabor-completou-453-anos\/#respond\"]}]},{\"@type\":\"WebPage\",\"@id\":\"https:\/\/www.oarcanjo.net\/site\/mooca-o-bairro-com-cheiro-e-sabor-completou-453-anos\/\",\"url\":\"https:\/\/www.oarcanjo.net\/site\/mooca-o-bairro-com-cheiro-e-sabor-completou-453-anos\/\",\"name\":\"Mooca o bairro com cheiro e sabor... completou 453 Anos - O Arcanjo no ar\",\"isPartOf\":{\"@id\":\"https:\/\/www.oarcanjo.net\/site\/#website\"},\"primaryImageOfPage\":{\"@id\":\"https:\/\/www.oarcanjo.net\/site\/mooca-o-bairro-com-cheiro-e-sabor-completou-453-anos\/#primaryimage\"},\"image\":{\"@id\":\"https:\/\/www.oarcanjo.net\/site\/mooca-o-bairro-com-cheiro-e-sabor-completou-453-anos\/#primaryimage\"},\"thumbnailUrl\":\"http:\/\/www.oarcanjo.net\/site\/wp-content\/uploads\/aniversario-453-mooca-01.JPG\",\"datePublished\":\"2009-08-31T02:21:15+00:00\",\"dateModified\":\"2009-08-31T02:22:34+00:00\",\"breadcrumb\":{\"@id\":\"https:\/\/www.oarcanjo.net\/site\/mooca-o-bairro-com-cheiro-e-sabor-completou-453-anos\/#breadcrumb\"},\"inLanguage\":\"pt-BR\",\"potentialAction\":[{\"@type\":\"ReadAction\",\"target\":[\"https:\/\/www.oarcanjo.net\/site\/mooca-o-bairro-com-cheiro-e-sabor-completou-453-anos\/\"]}]},{\"@type\":\"ImageObject\",\"inLanguage\":\"pt-BR\",\"@id\":\"https:\/\/www.oarcanjo.net\/site\/mooca-o-bairro-com-cheiro-e-sabor-completou-453-anos\/#primaryimage\",\"url\":\"https:\/\/www.oarcanjo.net\/site\/wp-content\/uploads\/aniversario-453-mooca-01.JPG\",\"contentUrl\":\"https:\/\/www.oarcanjo.net\/site\/wp-content\/uploads\/aniversario-453-mooca-01.JPG\",\"width\":\"350\",\"height\":\"234\"},{\"@type\":\"BreadcrumbList\",\"@id\":\"https:\/\/www.oarcanjo.net\/site\/mooca-o-bairro-com-cheiro-e-sabor-completou-453-anos\/#breadcrumb\",\"itemListElement\":[{\"@type\":\"ListItem\",\"position\":1,\"name\":\"In\u00edcio\",\"item\":\"https:\/\/www.oarcanjo.net\/site\/\"},{\"@type\":\"ListItem\",\"position\":2,\"name\":\"Mooca o bairro com cheiro e sabor&#8230; completou 453 Anos\"}]},{\"@type\":\"WebSite\",\"@id\":\"https:\/\/www.oarcanjo.net\/site\/#website\",\"url\":\"https:\/\/www.oarcanjo.net\/site\/\",\"name\":\"O Arcanjo no ar\",\"description\":\"Site da Par\u00f3quia S\u00e3o Miguel Arcanjo (Arquidiocese de SP)\",\"publisher\":{\"@id\":\"https:\/\/www.oarcanjo.net\/site\/#organization\"},\"potentialAction\":[{\"@type\":\"SearchAction\",\"target\":{\"@type\":\"EntryPoint\",\"urlTemplate\":\"https:\/\/www.oarcanjo.net\/site\/?s={search_term_string}\"},\"query-input\":{\"@type\":\"PropertyValueSpecification\",\"valueRequired\":true,\"valueName\":\"search_term_string\"}}],\"inLanguage\":\"pt-BR\"},{\"@type\":\"Organization\",\"@id\":\"https:\/\/www.oarcanjo.net\/site\/#organization\",\"name\":\"Par\u00f3quia S\u00e3o Miguel Arcanjo\",\"url\":\"https:\/\/www.oarcanjo.net\/site\/\",\"logo\":{\"@type\":\"ImageObject\",\"inLanguage\":\"pt-BR\",\"@id\":\"https:\/\/www.oarcanjo.net\/site\/#\/schema\/logo\/image\/\",\"url\":\"https:\/\/www.oarcanjo.net\/site\/wp-content\/uploads\/LogoOArcanjo.png\",\"contentUrl\":\"https:\/\/www.oarcanjo.net\/site\/wp-content\/uploads\/LogoOArcanjo.png\",\"width\":319,\"height\":99,\"caption\":\"Par\u00f3quia S\u00e3o Miguel Arcanjo\"},\"image\":{\"@id\":\"https:\/\/www.oarcanjo.net\/site\/#\/schema\/logo\/image\/\"},\"sameAs\":[\"https:\/\/www.facebook.com\/OArcanjoNoAr\/\"]},{\"@type\":\"Person\",\"@id\":\"https:\/\/www.oarcanjo.net\/site\/#\/schema\/person\/f7024d007863202483a31326673a0838\",\"name\":\"editor\",\"sameAs\":[\"http:\/\/www.oarcanjo.net\"]}]}<\/script>\n<!-- \/ Yoast SEO plugin. -->","yoast_head_json":{"title":"Mooca o bairro com cheiro e sabor... completou 453 Anos - O Arcanjo no ar","robots":{"index":"index","follow":"follow","max-snippet":"max-snippet:-1","max-image-preview":"max-image-preview:large","max-video-preview":"max-video-preview:-1"},"canonical":"https:\/\/www.oarcanjo.net\/site\/mooca-o-bairro-com-cheiro-e-sabor-completou-453-anos\/","og_locale":"pt_BR","og_type":"article","og_title":"Mooca o bairro com cheiro e sabor... completou 453 Anos - O Arcanjo no ar","og_description":"O cheiro de or\u00e9gano e manjeric\u00e3o misturados ao molho da macarronada ou da pizza resultam no sabor caracter\u00edstico da gastronomia italiana&#8230; O jeito e o sotaque paulistano nasceram na Mooca&#8230; A palavra Mooca, que em tupi \u00e9 fazer casa, segundo seu ilustre morador professor Pasquale, &#8211; \u201cpalavras parox\u00edtonas cujas vogais se repetem, Saara, xiita e [&hellip;]","og_url":"https:\/\/www.oarcanjo.net\/site\/mooca-o-bairro-com-cheiro-e-sabor-completou-453-anos\/","og_site_name":"O Arcanjo no ar","article_publisher":"https:\/\/www.facebook.com\/OArcanjoNoAr\/","article_published_time":"2009-08-31T02:21:15+00:00","article_modified_time":"2009-08-31T02:22:34+00:00","og_image":[{"url":"http:\/\/www.oarcanjo.net\/site\/wp-content\/uploads\/aniversario-453-mooca-01.JPG"}],"author":"editor","twitter_card":"summary_large_image","twitter_misc":{"Escrito por":"editor","Est. tempo de leitura":"1 minuto"},"schema":{"@context":"https:\/\/schema.org","@graph":[{"@type":"Article","@id":"https:\/\/www.oarcanjo.net\/site\/mooca-o-bairro-com-cheiro-e-sabor-completou-453-anos\/#article","isPartOf":{"@id":"https:\/\/www.oarcanjo.net\/site\/mooca-o-bairro-com-cheiro-e-sabor-completou-453-anos\/"},"author":{"name":"editor","@id":"https:\/\/www.oarcanjo.net\/site\/#\/schema\/person\/f7024d007863202483a31326673a0838"},"headline":"Mooca o bairro com cheiro e sabor&#8230; completou 453 Anos","datePublished":"2009-08-31T02:21:15+00:00","dateModified":"2009-08-31T02:22:34+00:00","mainEntityOfPage":{"@id":"https:\/\/www.oarcanjo.net\/site\/mooca-o-bairro-com-cheiro-e-sabor-completou-453-anos\/"},"wordCount":268,"commentCount":9,"publisher":{"@id":"https:\/\/www.oarcanjo.net\/site\/#organization"},"image":{"@id":"https:\/\/www.oarcanjo.net\/site\/mooca-o-bairro-com-cheiro-e-sabor-completou-453-anos\/#primaryimage"},"thumbnailUrl":"http:\/\/www.oarcanjo.net\/site\/wp-content\/uploads\/aniversario-453-mooca-01.JPG","keywords":["453 anos","Diversidade","migra\u00e7\u00e3o","Mooca","Movimento oper\u00e1rio"],"articleSection":["Not\u00edcias"],"inLanguage":"pt-BR","potentialAction":[{"@type":"CommentAction","name":"Comment","target":["https:\/\/www.oarcanjo.net\/site\/mooca-o-bairro-com-cheiro-e-sabor-completou-453-anos\/#respond"]}]},{"@type":"WebPage","@id":"https:\/\/www.oarcanjo.net\/site\/mooca-o-bairro-com-cheiro-e-sabor-completou-453-anos\/","url":"https:\/\/www.oarcanjo.net\/site\/mooca-o-bairro-com-cheiro-e-sabor-completou-453-anos\/","name":"Mooca o bairro com cheiro e sabor... completou 453 Anos - O Arcanjo no ar","isPartOf":{"@id":"https:\/\/www.oarcanjo.net\/site\/#website"},"primaryImageOfPage":{"@id":"https:\/\/www.oarcanjo.net\/site\/mooca-o-bairro-com-cheiro-e-sabor-completou-453-anos\/#primaryimage"},"image":{"@id":"https:\/\/www.oarcanjo.net\/site\/mooca-o-bairro-com-cheiro-e-sabor-completou-453-anos\/#primaryimage"},"thumbnailUrl":"http:\/\/www.oarcanjo.net\/site\/wp-content\/uploads\/aniversario-453-mooca-01.JPG","datePublished":"2009-08-31T02:21:15+00:00","dateModified":"2009-08-31T02:22:34+00:00","breadcrumb":{"@id":"https:\/\/www.oarcanjo.net\/site\/mooca-o-bairro-com-cheiro-e-sabor-completou-453-anos\/#breadcrumb"},"inLanguage":"pt-BR","potentialAction":[{"@type":"ReadAction","target":["https:\/\/www.oarcanjo.net\/site\/mooca-o-bairro-com-cheiro-e-sabor-completou-453-anos\/"]}]},{"@type":"ImageObject","inLanguage":"pt-BR","@id":"https:\/\/www.oarcanjo.net\/site\/mooca-o-bairro-com-cheiro-e-sabor-completou-453-anos\/#primaryimage","url":"https:\/\/www.oarcanjo.net\/site\/wp-content\/uploads\/aniversario-453-mooca-01.JPG","contentUrl":"https:\/\/www.oarcanjo.net\/site\/wp-content\/uploads\/aniversario-453-mooca-01.JPG","width":"350","height":"234"},{"@type":"BreadcrumbList","@id":"https:\/\/www.oarcanjo.net\/site\/mooca-o-bairro-com-cheiro-e-sabor-completou-453-anos\/#breadcrumb","itemListElement":[{"@type":"ListItem","position":1,"name":"In\u00edcio","item":"https:\/\/www.oarcanjo.net\/site\/"},{"@type":"ListItem","position":2,"name":"Mooca o bairro com cheiro e sabor&#8230; completou 453 Anos"}]},{"@type":"WebSite","@id":"https:\/\/www.oarcanjo.net\/site\/#website","url":"https:\/\/www.oarcanjo.net\/site\/","name":"O Arcanjo no ar","description":"Site da Par\u00f3quia S\u00e3o Miguel Arcanjo (Arquidiocese de SP)","publisher":{"@id":"https:\/\/www.oarcanjo.net\/site\/#organization"},"potentialAction":[{"@type":"SearchAction","target":{"@type":"EntryPoint","urlTemplate":"https:\/\/www.oarcanjo.net\/site\/?s={search_term_string}"},"query-input":{"@type":"PropertyValueSpecification","valueRequired":true,"valueName":"search_term_string"}}],"inLanguage":"pt-BR"},{"@type":"Organization","@id":"https:\/\/www.oarcanjo.net\/site\/#organization","name":"Par\u00f3quia S\u00e3o Miguel Arcanjo","url":"https:\/\/www.oarcanjo.net\/site\/","logo":{"@type":"ImageObject","inLanguage":"pt-BR","@id":"https:\/\/www.oarcanjo.net\/site\/#\/schema\/logo\/image\/","url":"https:\/\/www.oarcanjo.net\/site\/wp-content\/uploads\/LogoOArcanjo.png","contentUrl":"https:\/\/www.oarcanjo.net\/site\/wp-content\/uploads\/LogoOArcanjo.png","width":319,"height":99,"caption":"Par\u00f3quia S\u00e3o Miguel Arcanjo"},"image":{"@id":"https:\/\/www.oarcanjo.net\/site\/#\/schema\/logo\/image\/"},"sameAs":["https:\/\/www.facebook.com\/OArcanjoNoAr\/"]},{"@type":"Person","@id":"https:\/\/www.oarcanjo.net\/site\/#\/schema\/person\/f7024d007863202483a31326673a0838","name":"editor","sameAs":["http:\/\/www.oarcanjo.net"]}]}},"publishpress_future_action":{"enabled":false,"date":"2026-05-06 09:05:54","action":"category","newStatus":"draft","terms":[],"taxonomy":"category"},"publishpress_future_workflow_manual_trigger":{"enabledWorkflows":[]},"_links":{"self":[{"href":"https:\/\/www.oarcanjo.net\/site\/wp-json\/wp\/v2\/posts\/4940"}],"collection":[{"href":"https:\/\/www.oarcanjo.net\/site\/wp-json\/wp\/v2\/posts"}],"about":[{"href":"https:\/\/www.oarcanjo.net\/site\/wp-json\/wp\/v2\/types\/post"}],"author":[{"embeddable":true,"href":"https:\/\/www.oarcanjo.net\/site\/wp-json\/wp\/v2\/users\/5"}],"replies":[{"embeddable":true,"href":"https:\/\/www.oarcanjo.net\/site\/wp-json\/wp\/v2\/comments?post=4940"}],"version-history":[{"count":0,"href":"https:\/\/www.oarcanjo.net\/site\/wp-json\/wp\/v2\/posts\/4940\/revisions"}],"wp:attachment":[{"href":"https:\/\/www.oarcanjo.net\/site\/wp-json\/wp\/v2\/media?parent=4940"}],"wp:term":[{"taxonomy":"category","embeddable":true,"href":"https:\/\/www.oarcanjo.net\/site\/wp-json\/wp\/v2\/categories?post=4940"},{"taxonomy":"post_tag","embeddable":true,"href":"https:\/\/www.oarcanjo.net\/site\/wp-json\/wp\/v2\/tags?post=4940"}],"curies":[{"name":"wp","href":"https:\/\/api.w.org\/{rel}","templated":true}]}}