
{"id":49402,"date":"2014-09-08T06:00:21","date_gmt":"2014-09-08T09:00:21","guid":{"rendered":"http:\/\/www.oarcanjo.net\/site\/?p=49402"},"modified":"2014-09-05T22:24:22","modified_gmt":"2014-09-06T01:24:22","slug":"o-segredo-do-poder-do-capitalismo-iv-a-luta-espiritual","status":"publish","type":"post","link":"https:\/\/www.oarcanjo.net\/site\/o-segredo-do-poder-do-capitalismo-iv-a-luta-espiritual\/","title":{"rendered":"O segredo do poder do capitalismo (IV): a \u201cluta espiritual\u201d"},"content":{"rendered":"<p><em style=\"color: #444444;\">Jung Mo Sung<\/em><\/p>\n<p style=\"color: #000000;\">Imaginemos uma cena. Uma crian\u00e7a, ao deparar-se com brinquedos ou alguma mercadoria que deseja, sem saber muito bem porqu\u00ea, pede com paix\u00e3o que sua m\u00e3e lhe compre. Ela, sem muita paci\u00eancia para explicar, ou por falta de argumentos para dialogar, responde dizendo: &#8220;n\u00e3o tenho dinheiro, \u00e9 muito caro!\u201d Resposta simples que encerra a conversa, mas n\u00e3o responde ao desejo da crian\u00e7a, muito menos serve de consolo para a sua frustra\u00e7\u00e3o. No mundo em que vivemos, \u00e9 prov\u00e1vel que essa crian\u00e7a e sua m\u00e3e passar\u00e3o diversas vezes mais por essa mesma experi\u00eancia: desejar comprar algo que n\u00e3o sabe por que deseja, e o empecilho a ser transposto para a realiza\u00e7\u00e3o desse desejo: a falta de dinheiro. Se a m\u00e3e for rica, ela poder\u00e1 satisfazer todos os desejos de compra da crian\u00e7a, que ir\u00e1 testando o limite pedindo coisas cada vez mais cara at\u00e9 que encontre o limite intranspon\u00edvel, pelo menos momentaneamente.<\/p>\n<p style=\"color: #000000;\">Por que crian\u00e7as e adultos desejam comprar mercadorias que n\u00e3o precisam ou que sua &#8220;utilidade real\u201d n\u00e3o compensa o pre\u00e7o pedido? Porque, na maioria de casos de desejo de coisas, n\u00e3o buscamos a sua utilidade, mas o seu\u00a0<a href=\"http:\/\/www.oarcanjo.net\/site\/index.php\/reflexao\/o-segredo-do-poder-do-capitalismo-ii-a-dimensao-mistica-das-mercadorias-e-a-espiritualidade\">car\u00e1ter metaf\u00edsico-teol\u00f3gico<\/a>\u00a0(apresentado no artigo II da s\u00e9rie). Elas nos far\u00e3o sentir melhores, mais humanos, mais respeitados e invejados por outros. \u00c9 essa a promessa anunciada pelas propagandas, que \u00e9 &#8220;comprovada\u201d nos filmes, novelas e na nossa vida cotidiana. Queremos ser como nossos &#8220;\u00eddolos\u201d, modelos de ser humano que desejamos imitar, e eles nos indicam que devemos ter essas coisas para sermos &#8220;mais humanos\u201d.<\/p>\n<p style=\"color: #000000;\">No passado, quando as pessoas se sentiam &#8220;menos gente\u201d, impuras ou pecadoras, iam a seus lugares sagrados (igrejas, templos, terreiros&#8230;) para recuperar a sua humanidade e for\u00e7a para continuar a luta pela vida. Hoje tamb\u00e9m essas pessoas procuram um lugar sagrado, esse lugar que nos fornece for\u00e7a e &#8220;pureza\u201d que nos faz mais humanos, os Shopping Centers, para fazer compras ou simplesmente contemplar os seus objetos de desejo e se sentir mais humanos ou esperan\u00e7osos.<\/p>\n<p style=\"color: #000000;\">N\u00f3s, os seres humanos do passado e do presente, desejamos &#8220;ser\u201d mais humanos \u2013 pois temos consci\u00eancia da nossa incompletude \u2013 e desejamos isso de modo infinito. Por isso, tantos mitos e s\u00edmbolos sobre a busca da infinitude, um tema central da espiritualidade, que antes era quase que exclusivamente um assunto da religi\u00e3o. Na nossa cultura, a satisfa\u00e7\u00e3o da sede do infinito se d\u00e1 pelo caminho do consumo, pela aquisi\u00e7\u00e3o e ostenta\u00e7\u00e3o de mercadorias que possuem esse car\u00e1ter metaf\u00edsico-teol\u00f3gico. Por isso, vivemos hoje a profus\u00e3o da &#8220;espiritualidade de consumo\u201d.<\/p>\n<p style=\"color: #000000;\">E o que nos aparece como obst\u00e1culo a ser vencido nesse caminho espiritual? Em linguagem religiosa, qual \u00e9 o pecado que nos impede o &#8220;progresso espiritual\u201d? Desde crian\u00e7a as pessoas aprendem que o obst\u00e1culo \u00e9 &#8220;n\u00e3o tenho dinheiro, \u00e9 muito caro!\u201d Se \u00e9 caro \u00e9 bom e merece ser desejado; o problema \u00e9 a falta de dinheiro. Qual \u00e9 ent\u00e3o a &#8220;chave mestra\u201d que abrir\u00e1 todos os cadeados que nos impedem de prosseguir na satisfa\u00e7\u00e3o do desejo de ser mais? Dinheiro! E muito dinheiro. As pessoas n\u00e3o desejam adquirir coisas concretas em quantidade excessiva, pois isso n\u00e3o faz sentido. Mas acumular muito dinheiro faz muito sentido porque \u00e9 uma &#8220;riqueza abstrata\u201d que abre portas para todos os desejos. E como desejamos infinitude, desejamos a acumula\u00e7\u00e3o infinita, isto \u00e9, nunca estamos satisfeitos com a riqueza que acumulamos.<\/p>\n<p style=\"color: #000000;\">\u00c9 claro que a busca de acumula\u00e7\u00e3o ilimitada de riqueza s\u00f3 pode ser conseguida por poucos enquanto que a pobreza de muitos \u00e9 uma consequ\u00eancia l\u00f3gica dessa concentra\u00e7\u00e3o de riqueza. Mas esse problema n\u00e3o aparece no horizonte de prioridades quando estamos quase todos cegos pela luz resplandecente das mercadorias que nos prometem a felicidade.<\/p>\n<p style=\"color: #000000;\">Assim, a virtude principal que aprendemos e que move a sociedade capitalista \u00e9 o &#8220;amor ao dinheiro\u201d. Exatamente o contr\u00e1rio do que \u00e9 ensinado no Novo Testamente: &#8220;a raiz de todos os males \u00e9 o amor ao dinheiro\u201d (1Tim 6,10). Porque ap\u00f3stolo Paulo diz isso? Por que o amor ao dinheiro nos leva \u00e0 cegueira e insensibilidade frente ao sofrimento dos pobres e nos leva a viver centrados na competi\u00e7\u00e3o por mais dinheiro, movidos pela vaidade e desejo de provocar inveja nos outros.<\/p>\n<p style=\"color: #000000;\">O nosso desejo por infinitude n\u00e3o pode ser satisfeito, pois somos seres humanos finitos. Mas podemos experienciar &#8220;plenitude poss\u00edvel\u201d desse desejo na experi\u00eancia de Deus que ocorre quando somos capazes de amar solidariamente os\/as exclu\u00eddos\/as da sociedade e na vida em comunidade (Eu desenvolvi mais esse tema da &#8220;plenitude poss\u00edvel\u201d no livro &#8220;Deus em n\u00f3s\u201d). E nessa experi\u00eancia espiritual descobrimos que todos somos humanos amados gratuitamente por Deus, independente da riqueza que temos ou n\u00e3o.<\/p>\n<p style=\"color: #000000;\">Sem a revela\u00e7\u00e3o de um outro caminho mais humano de tentar satisfazer esse desejo de &#8220;ser\u201d humano, o \u00fanico caminho que as pessoas (ricas e pobres) t\u00eam \u00e9 o oferecido pela cultura capitalista: o ter mais para ser mais. \u00c9 essa vida em comunidade e solidariedade que serve como uma luz para mostrar o equ\u00edvoco da espiritualidade do consumo. E sem o desmascaramento dessa cultura espiritual-materialista, as cr\u00edticas ao capitalismo como um sistema id\u00f3latra n\u00e3o fazem sentido para o &#8220;mundo\u201d. Foi nesse sentido que escrevi no\u00a0<a href=\"http:\/\/www.oarcanjo.net\/site\/index.php\/reflexao\/o-segredo-do-poder-do-capitalismo-iii-e-a-sobrevivencia-da-teologia-da-libertacao\">artigo anterior<\/a>: &#8220;ou a TL, juntamente com outras teologias, se ocupa dessa tarefa, ou ela e outras teologias crist\u00e3s ser\u00e3o irrelevantes para o nosso tempo.\u201d Para isso, a teologia deve olhar, n\u00e3o para os c\u00e9us (cf At 1,11) ou realidades &#8220;teol\u00f3gicas divinas\u201d, mas para a &#8220;luta espiritual\u201d que est\u00e1 ocorrendo no mundo.<\/p>\n<div id=\"themify_builder_content-49402\" data-postid=\"49402\" class=\"themify_builder_content themify_builder_content-49402 themify_builder themify_builder_front\">\n\t<\/div>\n<!-- \/themify_builder_content -->","protected":false},"excerpt":{"rendered":"<p>Jung Mo Sung Imaginemos uma cena. Uma crian\u00e7a, ao deparar-se com brinquedos ou alguma mercadoria que deseja, sem saber muito bem porqu\u00ea, pede com paix\u00e3o que sua m\u00e3e lhe compre. Ela, sem muita paci\u00eancia para explicar, ou por falta de argumentos para dialogar, responde dizendo: &#8220;n\u00e3o tenho dinheiro, \u00e9 muito caro!\u201d Resposta simples que encerra [&hellip;]<\/p>\n","protected":false},"author":5,"featured_media":0,"comment_status":"open","ping_status":"open","sticky":false,"template":"","format":"standard","meta":{"ngg_post_thumbnail":0,"footnotes":""},"categories":[9],"tags":[633,3119],"yoast_head":"<!-- This site is optimized with the Yoast SEO plugin v23.5 - https:\/\/yoast.com\/wordpress\/plugins\/seo\/ -->\n<title>O segredo do poder do capitalismo (IV): a \u201cluta espiritual\u201d - O Arcanjo no ar<\/title>\n<meta name=\"robots\" content=\"index, follow, max-snippet:-1, max-image-preview:large, max-video-preview:-1\" \/>\n<link rel=\"canonical\" href=\"https:\/\/www.oarcanjo.net\/site\/o-segredo-do-poder-do-capitalismo-iv-a-luta-espiritual\/\" \/>\n<meta property=\"og:locale\" content=\"pt_BR\" \/>\n<meta property=\"og:type\" content=\"article\" \/>\n<meta property=\"og:title\" content=\"O segredo do poder do capitalismo (IV): a \u201cluta espiritual\u201d - O Arcanjo no ar\" \/>\n<meta property=\"og:description\" content=\"Jung Mo Sung Imaginemos uma cena. Uma crian\u00e7a, ao deparar-se com brinquedos ou alguma mercadoria que deseja, sem saber muito bem porqu\u00ea, pede com paix\u00e3o que sua m\u00e3e lhe compre. Ela, sem muita paci\u00eancia para explicar, ou por falta de argumentos para dialogar, responde dizendo: &#8220;n\u00e3o tenho dinheiro, \u00e9 muito caro!\u201d Resposta simples que encerra [&hellip;]\" \/>\n<meta property=\"og:url\" content=\"https:\/\/www.oarcanjo.net\/site\/o-segredo-do-poder-do-capitalismo-iv-a-luta-espiritual\/\" \/>\n<meta property=\"og:site_name\" content=\"O Arcanjo no ar\" \/>\n<meta property=\"article:publisher\" content=\"https:\/\/www.facebook.com\/OArcanjoNoAr\/\" \/>\n<meta property=\"article:published_time\" content=\"2014-09-08T09:00:21+00:00\" \/>\n<meta property=\"article:modified_time\" content=\"2014-09-06T01:24:22+00:00\" \/>\n<meta property=\"og:image\" content=\"https:\/\/www.oarcanjo.net\/site\/wp-content\/uploads\/logo-o-arcanjo-no-ar-facebook.png\" \/>\n\t<meta property=\"og:image:width\" content=\"300\" \/>\n\t<meta property=\"og:image:height\" content=\"300\" \/>\n\t<meta property=\"og:image:type\" content=\"image\/png\" \/>\n<meta name=\"author\" content=\"editor\" \/>\n<meta name=\"twitter:card\" content=\"summary_large_image\" \/>\n<meta name=\"twitter:label1\" content=\"Escrito por\" \/>\n\t<meta name=\"twitter:data1\" content=\"editor\" \/>\n\t<meta name=\"twitter:label2\" content=\"Est. tempo de leitura\" \/>\n\t<meta name=\"twitter:data2\" content=\"5 minutos\" \/>\n<script type=\"application\/ld+json\" class=\"yoast-schema-graph\">{\"@context\":\"https:\/\/schema.org\",\"@graph\":[{\"@type\":\"Article\",\"@id\":\"https:\/\/www.oarcanjo.net\/site\/o-segredo-do-poder-do-capitalismo-iv-a-luta-espiritual\/#article\",\"isPartOf\":{\"@id\":\"https:\/\/www.oarcanjo.net\/site\/o-segredo-do-poder-do-capitalismo-iv-a-luta-espiritual\/\"},\"author\":{\"name\":\"editor\",\"@id\":\"https:\/\/www.oarcanjo.net\/site\/#\/schema\/person\/f7024d007863202483a31326673a0838\"},\"headline\":\"O segredo do poder do capitalismo (IV): a \u201cluta espiritual\u201d\",\"datePublished\":\"2014-09-08T09:00:21+00:00\",\"dateModified\":\"2014-09-06T01:24:22+00:00\",\"mainEntityOfPage\":{\"@id\":\"https:\/\/www.oarcanjo.net\/site\/o-segredo-do-poder-do-capitalismo-iv-a-luta-espiritual\/\"},\"wordCount\":971,\"commentCount\":0,\"publisher\":{\"@id\":\"https:\/\/www.oarcanjo.net\/site\/#organization\"},\"keywords\":[\"capitalismo\",\"Luta espiritual\"],\"articleSection\":[\"Reflex\u00f5es\"],\"inLanguage\":\"pt-BR\",\"potentialAction\":[{\"@type\":\"CommentAction\",\"name\":\"Comment\",\"target\":[\"https:\/\/www.oarcanjo.net\/site\/o-segredo-do-poder-do-capitalismo-iv-a-luta-espiritual\/#respond\"]}]},{\"@type\":\"WebPage\",\"@id\":\"https:\/\/www.oarcanjo.net\/site\/o-segredo-do-poder-do-capitalismo-iv-a-luta-espiritual\/\",\"url\":\"https:\/\/www.oarcanjo.net\/site\/o-segredo-do-poder-do-capitalismo-iv-a-luta-espiritual\/\",\"name\":\"O segredo do poder do capitalismo (IV): a \u201cluta espiritual\u201d - O Arcanjo no ar\",\"isPartOf\":{\"@id\":\"https:\/\/www.oarcanjo.net\/site\/#website\"},\"datePublished\":\"2014-09-08T09:00:21+00:00\",\"dateModified\":\"2014-09-06T01:24:22+00:00\",\"breadcrumb\":{\"@id\":\"https:\/\/www.oarcanjo.net\/site\/o-segredo-do-poder-do-capitalismo-iv-a-luta-espiritual\/#breadcrumb\"},\"inLanguage\":\"pt-BR\",\"potentialAction\":[{\"@type\":\"ReadAction\",\"target\":[\"https:\/\/www.oarcanjo.net\/site\/o-segredo-do-poder-do-capitalismo-iv-a-luta-espiritual\/\"]}]},{\"@type\":\"BreadcrumbList\",\"@id\":\"https:\/\/www.oarcanjo.net\/site\/o-segredo-do-poder-do-capitalismo-iv-a-luta-espiritual\/#breadcrumb\",\"itemListElement\":[{\"@type\":\"ListItem\",\"position\":1,\"name\":\"In\u00edcio\",\"item\":\"https:\/\/www.oarcanjo.net\/site\/\"},{\"@type\":\"ListItem\",\"position\":2,\"name\":\"O segredo do poder do capitalismo (IV): a \u201cluta espiritual\u201d\"}]},{\"@type\":\"WebSite\",\"@id\":\"https:\/\/www.oarcanjo.net\/site\/#website\",\"url\":\"https:\/\/www.oarcanjo.net\/site\/\",\"name\":\"O Arcanjo no ar\",\"description\":\"Site da Par\u00f3quia S\u00e3o Miguel Arcanjo (Arquidiocese de SP)\",\"publisher\":{\"@id\":\"https:\/\/www.oarcanjo.net\/site\/#organization\"},\"potentialAction\":[{\"@type\":\"SearchAction\",\"target\":{\"@type\":\"EntryPoint\",\"urlTemplate\":\"https:\/\/www.oarcanjo.net\/site\/?s={search_term_string}\"},\"query-input\":{\"@type\":\"PropertyValueSpecification\",\"valueRequired\":true,\"valueName\":\"search_term_string\"}}],\"inLanguage\":\"pt-BR\"},{\"@type\":\"Organization\",\"@id\":\"https:\/\/www.oarcanjo.net\/site\/#organization\",\"name\":\"Par\u00f3quia S\u00e3o Miguel Arcanjo\",\"url\":\"https:\/\/www.oarcanjo.net\/site\/\",\"logo\":{\"@type\":\"ImageObject\",\"inLanguage\":\"pt-BR\",\"@id\":\"https:\/\/www.oarcanjo.net\/site\/#\/schema\/logo\/image\/\",\"url\":\"https:\/\/www.oarcanjo.net\/site\/wp-content\/uploads\/LogoOArcanjo.png\",\"contentUrl\":\"https:\/\/www.oarcanjo.net\/site\/wp-content\/uploads\/LogoOArcanjo.png\",\"width\":319,\"height\":99,\"caption\":\"Par\u00f3quia S\u00e3o Miguel Arcanjo\"},\"image\":{\"@id\":\"https:\/\/www.oarcanjo.net\/site\/#\/schema\/logo\/image\/\"},\"sameAs\":[\"https:\/\/www.facebook.com\/OArcanjoNoAr\/\"]},{\"@type\":\"Person\",\"@id\":\"https:\/\/www.oarcanjo.net\/site\/#\/schema\/person\/f7024d007863202483a31326673a0838\",\"name\":\"editor\",\"sameAs\":[\"http:\/\/www.oarcanjo.net\"]}]}<\/script>\n<!-- \/ Yoast SEO plugin. -->","yoast_head_json":{"title":"O segredo do poder do capitalismo (IV): a \u201cluta espiritual\u201d - O Arcanjo no ar","robots":{"index":"index","follow":"follow","max-snippet":"max-snippet:-1","max-image-preview":"max-image-preview:large","max-video-preview":"max-video-preview:-1"},"canonical":"https:\/\/www.oarcanjo.net\/site\/o-segredo-do-poder-do-capitalismo-iv-a-luta-espiritual\/","og_locale":"pt_BR","og_type":"article","og_title":"O segredo do poder do capitalismo (IV): a \u201cluta espiritual\u201d - O Arcanjo no ar","og_description":"Jung Mo Sung Imaginemos uma cena. Uma crian\u00e7a, ao deparar-se com brinquedos ou alguma mercadoria que deseja, sem saber muito bem porqu\u00ea, pede com paix\u00e3o que sua m\u00e3e lhe compre. Ela, sem muita paci\u00eancia para explicar, ou por falta de argumentos para dialogar, responde dizendo: &#8220;n\u00e3o tenho dinheiro, \u00e9 muito caro!\u201d Resposta simples que encerra [&hellip;]","og_url":"https:\/\/www.oarcanjo.net\/site\/o-segredo-do-poder-do-capitalismo-iv-a-luta-espiritual\/","og_site_name":"O Arcanjo no ar","article_publisher":"https:\/\/www.facebook.com\/OArcanjoNoAr\/","article_published_time":"2014-09-08T09:00:21+00:00","article_modified_time":"2014-09-06T01:24:22+00:00","og_image":[{"width":300,"height":300,"url":"https:\/\/www.oarcanjo.net\/site\/wp-content\/uploads\/logo-o-arcanjo-no-ar-facebook.png","type":"image\/png"}],"author":"editor","twitter_card":"summary_large_image","twitter_misc":{"Escrito por":"editor","Est. tempo de leitura":"5 minutos"},"schema":{"@context":"https:\/\/schema.org","@graph":[{"@type":"Article","@id":"https:\/\/www.oarcanjo.net\/site\/o-segredo-do-poder-do-capitalismo-iv-a-luta-espiritual\/#article","isPartOf":{"@id":"https:\/\/www.oarcanjo.net\/site\/o-segredo-do-poder-do-capitalismo-iv-a-luta-espiritual\/"},"author":{"name":"editor","@id":"https:\/\/www.oarcanjo.net\/site\/#\/schema\/person\/f7024d007863202483a31326673a0838"},"headline":"O segredo do poder do capitalismo (IV): a \u201cluta espiritual\u201d","datePublished":"2014-09-08T09:00:21+00:00","dateModified":"2014-09-06T01:24:22+00:00","mainEntityOfPage":{"@id":"https:\/\/www.oarcanjo.net\/site\/o-segredo-do-poder-do-capitalismo-iv-a-luta-espiritual\/"},"wordCount":971,"commentCount":0,"publisher":{"@id":"https:\/\/www.oarcanjo.net\/site\/#organization"},"keywords":["capitalismo","Luta espiritual"],"articleSection":["Reflex\u00f5es"],"inLanguage":"pt-BR","potentialAction":[{"@type":"CommentAction","name":"Comment","target":["https:\/\/www.oarcanjo.net\/site\/o-segredo-do-poder-do-capitalismo-iv-a-luta-espiritual\/#respond"]}]},{"@type":"WebPage","@id":"https:\/\/www.oarcanjo.net\/site\/o-segredo-do-poder-do-capitalismo-iv-a-luta-espiritual\/","url":"https:\/\/www.oarcanjo.net\/site\/o-segredo-do-poder-do-capitalismo-iv-a-luta-espiritual\/","name":"O segredo do poder do capitalismo (IV): a \u201cluta espiritual\u201d - O Arcanjo no ar","isPartOf":{"@id":"https:\/\/www.oarcanjo.net\/site\/#website"},"datePublished":"2014-09-08T09:00:21+00:00","dateModified":"2014-09-06T01:24:22+00:00","breadcrumb":{"@id":"https:\/\/www.oarcanjo.net\/site\/o-segredo-do-poder-do-capitalismo-iv-a-luta-espiritual\/#breadcrumb"},"inLanguage":"pt-BR","potentialAction":[{"@type":"ReadAction","target":["https:\/\/www.oarcanjo.net\/site\/o-segredo-do-poder-do-capitalismo-iv-a-luta-espiritual\/"]}]},{"@type":"BreadcrumbList","@id":"https:\/\/www.oarcanjo.net\/site\/o-segredo-do-poder-do-capitalismo-iv-a-luta-espiritual\/#breadcrumb","itemListElement":[{"@type":"ListItem","position":1,"name":"In\u00edcio","item":"https:\/\/www.oarcanjo.net\/site\/"},{"@type":"ListItem","position":2,"name":"O segredo do poder do capitalismo (IV): a \u201cluta espiritual\u201d"}]},{"@type":"WebSite","@id":"https:\/\/www.oarcanjo.net\/site\/#website","url":"https:\/\/www.oarcanjo.net\/site\/","name":"O Arcanjo no ar","description":"Site da Par\u00f3quia S\u00e3o Miguel Arcanjo (Arquidiocese de SP)","publisher":{"@id":"https:\/\/www.oarcanjo.net\/site\/#organization"},"potentialAction":[{"@type":"SearchAction","target":{"@type":"EntryPoint","urlTemplate":"https:\/\/www.oarcanjo.net\/site\/?s={search_term_string}"},"query-input":{"@type":"PropertyValueSpecification","valueRequired":true,"valueName":"search_term_string"}}],"inLanguage":"pt-BR"},{"@type":"Organization","@id":"https:\/\/www.oarcanjo.net\/site\/#organization","name":"Par\u00f3quia S\u00e3o Miguel Arcanjo","url":"https:\/\/www.oarcanjo.net\/site\/","logo":{"@type":"ImageObject","inLanguage":"pt-BR","@id":"https:\/\/www.oarcanjo.net\/site\/#\/schema\/logo\/image\/","url":"https:\/\/www.oarcanjo.net\/site\/wp-content\/uploads\/LogoOArcanjo.png","contentUrl":"https:\/\/www.oarcanjo.net\/site\/wp-content\/uploads\/LogoOArcanjo.png","width":319,"height":99,"caption":"Par\u00f3quia S\u00e3o Miguel Arcanjo"},"image":{"@id":"https:\/\/www.oarcanjo.net\/site\/#\/schema\/logo\/image\/"},"sameAs":["https:\/\/www.facebook.com\/OArcanjoNoAr\/"]},{"@type":"Person","@id":"https:\/\/www.oarcanjo.net\/site\/#\/schema\/person\/f7024d007863202483a31326673a0838","name":"editor","sameAs":["http:\/\/www.oarcanjo.net"]}]}},"publishpress_future_action":{"enabled":false,"date":"2026-05-08 20:07:44","action":"category","newStatus":"draft","terms":[],"taxonomy":"category"},"publishpress_future_workflow_manual_trigger":{"enabledWorkflows":[]},"_links":{"self":[{"href":"https:\/\/www.oarcanjo.net\/site\/wp-json\/wp\/v2\/posts\/49402"}],"collection":[{"href":"https:\/\/www.oarcanjo.net\/site\/wp-json\/wp\/v2\/posts"}],"about":[{"href":"https:\/\/www.oarcanjo.net\/site\/wp-json\/wp\/v2\/types\/post"}],"author":[{"embeddable":true,"href":"https:\/\/www.oarcanjo.net\/site\/wp-json\/wp\/v2\/users\/5"}],"replies":[{"embeddable":true,"href":"https:\/\/www.oarcanjo.net\/site\/wp-json\/wp\/v2\/comments?post=49402"}],"version-history":[{"count":0,"href":"https:\/\/www.oarcanjo.net\/site\/wp-json\/wp\/v2\/posts\/49402\/revisions"}],"wp:attachment":[{"href":"https:\/\/www.oarcanjo.net\/site\/wp-json\/wp\/v2\/media?parent=49402"}],"wp:term":[{"taxonomy":"category","embeddable":true,"href":"https:\/\/www.oarcanjo.net\/site\/wp-json\/wp\/v2\/categories?post=49402"},{"taxonomy":"post_tag","embeddable":true,"href":"https:\/\/www.oarcanjo.net\/site\/wp-json\/wp\/v2\/tags?post=49402"}],"curies":[{"name":"wp","href":"https:\/\/api.w.org\/{rel}","templated":true}]}}