
{"id":49451,"date":"2014-09-07T23:58:34","date_gmt":"2014-09-08T02:58:34","guid":{"rendered":"http:\/\/www.oarcanjo.net\/site\/?p=49451"},"modified":"2014-09-08T20:21:44","modified_gmt":"2014-09-08T23:21:44","slug":"reuniao-define-atividades-para-setembro-2014","status":"publish","type":"post","link":"https:\/\/www.oarcanjo.net\/site\/reuniao-define-atividades-para-setembro-2014\/","title":{"rendered":"Reuni\u00e3o define atividades para setembro 2014"},"content":{"rendered":"<p style=\"text-align: justify;\">A Comunidade S\u00e3o Miguel Arcanjo se reuniu neste s\u00e1bado, 06\/07\/14, para discutir as atividades do m\u00eas de setembro, m\u00eas\u00a0dedicado \u00e0 B\u00edblia e no final o\u00a0\u00a0dia de S\u00e3o Miguel Arcanjo.<\/p>\n<p style=\"text-align: justify;\">Considerando a chegada da imagem peregrina de Nossa Senhora de Aparecida, neste domingo, o primeiro compromisso foi\u00a0\u00a0mariano, de rezar o Ter\u00e7o todos os dias da pr\u00f3xima semana, \u00e0s 6h30 e \u00e0s 15h, sendo que na sexta-feira dia 12\/09\u00a0tamb\u00e9m haver\u00e1 mais um Ter\u00e7o \u00e0s 20h30.<\/p>\n<p style=\"text-align: justify;\">A novena a S\u00e3o Miguel Arcanjo ser\u00e1 colocada neste site no dia 20\/09\/14, sendo que no dia de S\u00e3o Miguel Arcanjo, 29\/09 \u00a0teremos\u00a0missas \u00e0s 7h30, 12h, 15h\u00a0 e 20h.<\/p>\n<p style=\"text-align: justify;\">Considerando o especial m\u00eas da B\u00edblia, a Comunidade tamb\u00e9m far\u00e1 um estudo b\u00edblico mais aprofundado, todos os domingos de setembro das 17h \u00e0s 18h, tendo como base os 5 discursos de Jesus e as 7 par\u00e1bolas do Reino.<\/p>\n<p style=\"text-align: justify;\">Foram formados tr\u00eas grupos para discutir as propostas para o Projeto de Evangeliza\u00e7\u00e3o 2013\/2016 da Arquidiocese de S\u00e3o Paulo, com destaque para o pr\u00f3ximo ano tendo como tema &#8220;Igreja a Servi\u00e7o da Vida Plena Para Todos&#8221;. Vieram as propostas ligadas \u00e0 quest\u00e3o da fam\u00edlia, dos jovens, dos sofredores de rua, bem como a consulta aberta \u00e0 Comunidade.<\/p>\n<p style=\"text-align: justify;\">O documento Guadium et Spes, do Conc\u00edlio Vaticano II tamb\u00e9m ser\u00e1 discutido e o Pe J\u00falio est\u00e1 incentivando essa leitura.<\/p>\n<p style=\"text-align: justify;\">Vejam as fotos<\/p>\n<p style=\"text-align: justify;\">ngg_shortcode_0_placeholder<\/p>\n<div id=\"themify_builder_content-49451\" data-postid=\"49451\" class=\"themify_builder_content themify_builder_content-49451 themify_builder themify_builder_front\">\n\t<\/div>\n<!-- \/themify_builder_content -->","protected":false},"excerpt":{"rendered":"<p>A Comunidade S\u00e3o Miguel Arcanjo se reuniu neste s\u00e1bado, 06\/07\/14, para discutir as atividades do m\u00eas de setembro, m\u00eas\u00a0dedicado \u00e0 B\u00edblia e no final o\u00a0\u00a0dia de S\u00e3o Miguel Arcanjo. Considerando a chegada da imagem peregrina de Nossa Senhora de Aparecida, neste domingo, o primeiro compromisso foi\u00a0\u00a0mariano, de rezar o Ter\u00e7o todos os dias da pr\u00f3xima [&hellip;]<\/p>\n","protected":false},"author":10,"featured_media":0,"comment_status":"open","ping_status":"open","sticky":false,"template":"","format":"standard","meta":{"ngg_post_thumbnail":0,"footnotes":""},"categories":[8,7],"tags":[],"yoast_head":"<!-- This site is optimized with the Yoast SEO plugin v23.5 - https:\/\/yoast.com\/wordpress\/plugins\/seo\/ -->\n<title>Reuni\u00e3o define atividades para setembro 2014 - O Arcanjo no ar<\/title>\n<meta name=\"robots\" content=\"index, follow, max-snippet:-1, max-image-preview:large, max-video-preview:-1\" \/>\n<link rel=\"canonical\" href=\"https:\/\/www.oarcanjo.net\/site\/reuniao-define-atividades-para-setembro-2014\/\" \/>\n<meta property=\"og:locale\" content=\"pt_BR\" \/>\n<meta property=\"og:type\" content=\"article\" \/>\n<meta property=\"og:title\" content=\"Reuni\u00e3o define atividades para setembro 2014 - O Arcanjo no ar\" \/>\n<meta property=\"og:description\" content=\"A Comunidade S\u00e3o Miguel Arcanjo se reuniu neste s\u00e1bado, 06\/07\/14, para discutir as atividades do m\u00eas de setembro, m\u00eas\u00a0dedicado \u00e0 B\u00edblia e no final o\u00a0\u00a0dia de S\u00e3o Miguel Arcanjo. Considerando a chegada da imagem peregrina de Nossa Senhora de Aparecida, neste domingo, o primeiro compromisso foi\u00a0\u00a0mariano, de rezar o Ter\u00e7o todos os dias da pr\u00f3xima [&hellip;]\" \/>\n<meta property=\"og:url\" content=\"https:\/\/www.oarcanjo.net\/site\/reuniao-define-atividades-para-setembro-2014\/\" \/>\n<meta property=\"og:site_name\" content=\"O Arcanjo no ar\" \/>\n<meta property=\"article:publisher\" content=\"https:\/\/www.facebook.com\/OArcanjoNoAr\/\" \/>\n<meta property=\"article:published_time\" content=\"2014-09-08T02:58:34+00:00\" \/>\n<meta property=\"article:modified_time\" content=\"2014-09-08T23:21:44+00:00\" \/>\n<meta property=\"og:image\" content=\"https:\/\/www.oarcanjo.net\/site\/wp-content\/uploads\/logo-o-arcanjo-no-ar-facebook.png\" \/>\n\t<meta property=\"og:image:width\" content=\"300\" \/>\n\t<meta property=\"og:image:height\" content=\"300\" \/>\n\t<meta property=\"og:image:type\" content=\"image\/png\" \/>\n<meta name=\"author\" content=\"carlos\" \/>\n<meta name=\"twitter:card\" content=\"summary_large_image\" \/>\n<meta name=\"twitter:label1\" content=\"Escrito por\" \/>\n\t<meta name=\"twitter:data1\" content=\"carlos\" \/>\n\t<meta name=\"twitter:label2\" content=\"Est. tempo de leitura\" \/>\n\t<meta name=\"twitter:data2\" content=\"1 minuto\" \/>\n<script type=\"application\/ld+json\" class=\"yoast-schema-graph\">{\"@context\":\"https:\/\/schema.org\",\"@graph\":[{\"@type\":\"Article\",\"@id\":\"https:\/\/www.oarcanjo.net\/site\/reuniao-define-atividades-para-setembro-2014\/#article\",\"isPartOf\":{\"@id\":\"https:\/\/www.oarcanjo.net\/site\/reuniao-define-atividades-para-setembro-2014\/\"},\"author\":{\"name\":\"carlos\",\"@id\":\"https:\/\/www.oarcanjo.net\/site\/#\/schema\/person\/f7870e710d8c8c30673de3a0ac2e451d\"},\"headline\":\"Reuni\u00e3o define atividades para setembro 2014\",\"datePublished\":\"2014-09-08T02:58:34+00:00\",\"dateModified\":\"2014-09-08T23:21:44+00:00\",\"mainEntityOfPage\":{\"@id\":\"https:\/\/www.oarcanjo.net\/site\/reuniao-define-atividades-para-setembro-2014\/\"},\"wordCount\":250,\"commentCount\":0,\"publisher\":{\"@id\":\"https:\/\/www.oarcanjo.net\/site\/#organization\"},\"articleSection\":[\"Not\u00edcias\",\"Rosto da comunidade\"],\"inLanguage\":\"pt-BR\",\"potentialAction\":[{\"@type\":\"CommentAction\",\"name\":\"Comment\",\"target\":[\"https:\/\/www.oarcanjo.net\/site\/reuniao-define-atividades-para-setembro-2014\/#respond\"]}]},{\"@type\":\"WebPage\",\"@id\":\"https:\/\/www.oarcanjo.net\/site\/reuniao-define-atividades-para-setembro-2014\/\",\"url\":\"https:\/\/www.oarcanjo.net\/site\/reuniao-define-atividades-para-setembro-2014\/\",\"name\":\"Reuni\u00e3o define atividades para setembro 2014 - O Arcanjo no ar\",\"isPartOf\":{\"@id\":\"https:\/\/www.oarcanjo.net\/site\/#website\"},\"datePublished\":\"2014-09-08T02:58:34+00:00\",\"dateModified\":\"2014-09-08T23:21:44+00:00\",\"breadcrumb\":{\"@id\":\"https:\/\/www.oarcanjo.net\/site\/reuniao-define-atividades-para-setembro-2014\/#breadcrumb\"},\"inLanguage\":\"pt-BR\",\"potentialAction\":[{\"@type\":\"ReadAction\",\"target\":[\"https:\/\/www.oarcanjo.net\/site\/reuniao-define-atividades-para-setembro-2014\/\"]}]},{\"@type\":\"BreadcrumbList\",\"@id\":\"https:\/\/www.oarcanjo.net\/site\/reuniao-define-atividades-para-setembro-2014\/#breadcrumb\",\"itemListElement\":[{\"@type\":\"ListItem\",\"position\":1,\"name\":\"In\u00edcio\",\"item\":\"https:\/\/www.oarcanjo.net\/site\/\"},{\"@type\":\"ListItem\",\"position\":2,\"name\":\"Reuni\u00e3o define atividades para setembro 2014\"}]},{\"@type\":\"WebSite\",\"@id\":\"https:\/\/www.oarcanjo.net\/site\/#website\",\"url\":\"https:\/\/www.oarcanjo.net\/site\/\",\"name\":\"O Arcanjo no ar\",\"description\":\"Site da Par\u00f3quia S\u00e3o Miguel Arcanjo (Arquidiocese de SP)\",\"publisher\":{\"@id\":\"https:\/\/www.oarcanjo.net\/site\/#organization\"},\"potentialAction\":[{\"@type\":\"SearchAction\",\"target\":{\"@type\":\"EntryPoint\",\"urlTemplate\":\"https:\/\/www.oarcanjo.net\/site\/?s={search_term_string}\"},\"query-input\":{\"@type\":\"PropertyValueSpecification\",\"valueRequired\":true,\"valueName\":\"search_term_string\"}}],\"inLanguage\":\"pt-BR\"},{\"@type\":\"Organization\",\"@id\":\"https:\/\/www.oarcanjo.net\/site\/#organization\",\"name\":\"Par\u00f3quia S\u00e3o Miguel Arcanjo\",\"url\":\"https:\/\/www.oarcanjo.net\/site\/\",\"logo\":{\"@type\":\"ImageObject\",\"inLanguage\":\"pt-BR\",\"@id\":\"https:\/\/www.oarcanjo.net\/site\/#\/schema\/logo\/image\/\",\"url\":\"https:\/\/www.oarcanjo.net\/site\/wp-content\/uploads\/LogoOArcanjo.png\",\"contentUrl\":\"https:\/\/www.oarcanjo.net\/site\/wp-content\/uploads\/LogoOArcanjo.png\",\"width\":319,\"height\":99,\"caption\":\"Par\u00f3quia S\u00e3o Miguel Arcanjo\"},\"image\":{\"@id\":\"https:\/\/www.oarcanjo.net\/site\/#\/schema\/logo\/image\/\"},\"sameAs\":[\"https:\/\/www.facebook.com\/OArcanjoNoAr\/\"]},{\"@type\":\"Person\",\"@id\":\"https:\/\/www.oarcanjo.net\/site\/#\/schema\/person\/f7870e710d8c8c30673de3a0ac2e451d\",\"name\":\"carlos\"}]}<\/script>\n<!-- \/ Yoast SEO plugin. -->","yoast_head_json":{"title":"Reuni\u00e3o define atividades para setembro 2014 - O Arcanjo no ar","robots":{"index":"index","follow":"follow","max-snippet":"max-snippet:-1","max-image-preview":"max-image-preview:large","max-video-preview":"max-video-preview:-1"},"canonical":"https:\/\/www.oarcanjo.net\/site\/reuniao-define-atividades-para-setembro-2014\/","og_locale":"pt_BR","og_type":"article","og_title":"Reuni\u00e3o define atividades para setembro 2014 - O Arcanjo no ar","og_description":"A Comunidade S\u00e3o Miguel Arcanjo se reuniu neste s\u00e1bado, 06\/07\/14, para discutir as atividades do m\u00eas de setembro, m\u00eas\u00a0dedicado \u00e0 B\u00edblia e no final o\u00a0\u00a0dia de S\u00e3o Miguel Arcanjo. Considerando a chegada da imagem peregrina de Nossa Senhora de Aparecida, neste domingo, o primeiro compromisso foi\u00a0\u00a0mariano, de rezar o Ter\u00e7o todos os dias da pr\u00f3xima [&hellip;]","og_url":"https:\/\/www.oarcanjo.net\/site\/reuniao-define-atividades-para-setembro-2014\/","og_site_name":"O Arcanjo no ar","article_publisher":"https:\/\/www.facebook.com\/OArcanjoNoAr\/","article_published_time":"2014-09-08T02:58:34+00:00","article_modified_time":"2014-09-08T23:21:44+00:00","og_image":[{"width":300,"height":300,"url":"https:\/\/www.oarcanjo.net\/site\/wp-content\/uploads\/logo-o-arcanjo-no-ar-facebook.png","type":"image\/png"}],"author":"carlos","twitter_card":"summary_large_image","twitter_misc":{"Escrito por":"carlos","Est. tempo de leitura":"1 minuto"},"schema":{"@context":"https:\/\/schema.org","@graph":[{"@type":"Article","@id":"https:\/\/www.oarcanjo.net\/site\/reuniao-define-atividades-para-setembro-2014\/#article","isPartOf":{"@id":"https:\/\/www.oarcanjo.net\/site\/reuniao-define-atividades-para-setembro-2014\/"},"author":{"name":"carlos","@id":"https:\/\/www.oarcanjo.net\/site\/#\/schema\/person\/f7870e710d8c8c30673de3a0ac2e451d"},"headline":"Reuni\u00e3o define atividades para setembro 2014","datePublished":"2014-09-08T02:58:34+00:00","dateModified":"2014-09-08T23:21:44+00:00","mainEntityOfPage":{"@id":"https:\/\/www.oarcanjo.net\/site\/reuniao-define-atividades-para-setembro-2014\/"},"wordCount":250,"commentCount":0,"publisher":{"@id":"https:\/\/www.oarcanjo.net\/site\/#organization"},"articleSection":["Not\u00edcias","Rosto da comunidade"],"inLanguage":"pt-BR","potentialAction":[{"@type":"CommentAction","name":"Comment","target":["https:\/\/www.oarcanjo.net\/site\/reuniao-define-atividades-para-setembro-2014\/#respond"]}]},{"@type":"WebPage","@id":"https:\/\/www.oarcanjo.net\/site\/reuniao-define-atividades-para-setembro-2014\/","url":"https:\/\/www.oarcanjo.net\/site\/reuniao-define-atividades-para-setembro-2014\/","name":"Reuni\u00e3o define atividades para setembro 2014 - O Arcanjo no ar","isPartOf":{"@id":"https:\/\/www.oarcanjo.net\/site\/#website"},"datePublished":"2014-09-08T02:58:34+00:00","dateModified":"2014-09-08T23:21:44+00:00","breadcrumb":{"@id":"https:\/\/www.oarcanjo.net\/site\/reuniao-define-atividades-para-setembro-2014\/#breadcrumb"},"inLanguage":"pt-BR","potentialAction":[{"@type":"ReadAction","target":["https:\/\/www.oarcanjo.net\/site\/reuniao-define-atividades-para-setembro-2014\/"]}]},{"@type":"BreadcrumbList","@id":"https:\/\/www.oarcanjo.net\/site\/reuniao-define-atividades-para-setembro-2014\/#breadcrumb","itemListElement":[{"@type":"ListItem","position":1,"name":"In\u00edcio","item":"https:\/\/www.oarcanjo.net\/site\/"},{"@type":"ListItem","position":2,"name":"Reuni\u00e3o define atividades para setembro 2014"}]},{"@type":"WebSite","@id":"https:\/\/www.oarcanjo.net\/site\/#website","url":"https:\/\/www.oarcanjo.net\/site\/","name":"O Arcanjo no ar","description":"Site da Par\u00f3quia S\u00e3o Miguel Arcanjo (Arquidiocese de SP)","publisher":{"@id":"https:\/\/www.oarcanjo.net\/site\/#organization"},"potentialAction":[{"@type":"SearchAction","target":{"@type":"EntryPoint","urlTemplate":"https:\/\/www.oarcanjo.net\/site\/?s={search_term_string}"},"query-input":{"@type":"PropertyValueSpecification","valueRequired":true,"valueName":"search_term_string"}}],"inLanguage":"pt-BR"},{"@type":"Organization","@id":"https:\/\/www.oarcanjo.net\/site\/#organization","name":"Par\u00f3quia S\u00e3o Miguel Arcanjo","url":"https:\/\/www.oarcanjo.net\/site\/","logo":{"@type":"ImageObject","inLanguage":"pt-BR","@id":"https:\/\/www.oarcanjo.net\/site\/#\/schema\/logo\/image\/","url":"https:\/\/www.oarcanjo.net\/site\/wp-content\/uploads\/LogoOArcanjo.png","contentUrl":"https:\/\/www.oarcanjo.net\/site\/wp-content\/uploads\/LogoOArcanjo.png","width":319,"height":99,"caption":"Par\u00f3quia S\u00e3o Miguel Arcanjo"},"image":{"@id":"https:\/\/www.oarcanjo.net\/site\/#\/schema\/logo\/image\/"},"sameAs":["https:\/\/www.facebook.com\/OArcanjoNoAr\/"]},{"@type":"Person","@id":"https:\/\/www.oarcanjo.net\/site\/#\/schema\/person\/f7870e710d8c8c30673de3a0ac2e451d","name":"carlos"}]}},"publishpress_future_action":{"enabled":false,"date":"2026-05-09 06:41:46","action":"category","newStatus":"draft","terms":[],"taxonomy":"category"},"publishpress_future_workflow_manual_trigger":{"enabledWorkflows":[]},"_links":{"self":[{"href":"https:\/\/www.oarcanjo.net\/site\/wp-json\/wp\/v2\/posts\/49451"}],"collection":[{"href":"https:\/\/www.oarcanjo.net\/site\/wp-json\/wp\/v2\/posts"}],"about":[{"href":"https:\/\/www.oarcanjo.net\/site\/wp-json\/wp\/v2\/types\/post"}],"author":[{"embeddable":true,"href":"https:\/\/www.oarcanjo.net\/site\/wp-json\/wp\/v2\/users\/10"}],"replies":[{"embeddable":true,"href":"https:\/\/www.oarcanjo.net\/site\/wp-json\/wp\/v2\/comments?post=49451"}],"version-history":[{"count":0,"href":"https:\/\/www.oarcanjo.net\/site\/wp-json\/wp\/v2\/posts\/49451\/revisions"}],"wp:attachment":[{"href":"https:\/\/www.oarcanjo.net\/site\/wp-json\/wp\/v2\/media?parent=49451"}],"wp:term":[{"taxonomy":"category","embeddable":true,"href":"https:\/\/www.oarcanjo.net\/site\/wp-json\/wp\/v2\/categories?post=49451"},{"taxonomy":"post_tag","embeddable":true,"href":"https:\/\/www.oarcanjo.net\/site\/wp-json\/wp\/v2\/tags?post=49451"}],"curies":[{"name":"wp","href":"https:\/\/api.w.org\/{rel}","templated":true}]}}