
{"id":4960,"date":"2009-09-01T08:15:48","date_gmt":"2009-09-01T11:15:48","guid":{"rendered":"http:\/\/www.oarcanjo.net\/site\/?p=4960"},"modified":"2009-09-15T23:08:31","modified_gmt":"2009-09-16T02:08:31","slug":"festa-de-sao-miguel-arcanjo-participe","status":"publish","type":"post","link":"https:\/\/www.oarcanjo.net\/site\/festa-de-sao-miguel-arcanjo-participe\/","title":{"rendered":"Festa de S\u00e3o Miguel Arcanjo. Participe!"},"content":{"rendered":"<p><strong>SETEMBRO CHEGOU! <\/strong>E para nossa comunidade \u00e9 motivo de f\u00e9, uni\u00e3o e alegria, afinal \u00e9 o m\u00eas que nos dedicamos quase que exclusivamente a S\u00e3o Miguel Arcanjo. Al\u00e9m da novena e do tr\u00edduo que todos os anos celebramos, estamos nos programando para a festa no <strong><span style=\"FONT-FAMILY: ; COLOR: #cc0000\">dia 29 de setembro<\/span><\/strong>.<\/p>\n<p>Nossa festa re\u00fane as pessoas em clima de alegria, promove o esfor\u00e7o pessoal e comunit\u00e1rio para que tudo saia a contento. \u00c9 muito animada e repleta de fi\u00e9is. E neste ano teremos a honra de receber D. Ang\u00e9lico S\u00e2ndalo em nossa comunidade. O bispo em\u00e9rito de Blumenau e ex-bispo auxiliar da Arquidiocese de S\u00e3o Paulo presidir\u00e1 a missa das 15h. Haver\u00e1 celebra\u00e7\u00f5es tamb\u00e9m \u00e0s 7h30 e 20h.<\/p>\n<p>Venha celebrar conosco e saborear as tradicionais del\u00edcias das barracas de pernil, berinjela, cachorro-quente, tortas, doces variados como bolos (inclusive o de S\u00e3o Miguel), crepes de queijo e chocolate, caf\u00e9 com leite e ch\u00e1. Verdadeiros quitutes preparados com carinho para voc\u00ea e sua fam\u00edlia. Pra crian\u00e7ada tamb\u00e9m vai ter muita divers\u00e3o. Participe!<\/p>\n<p>Como sempre, a festa \u00e9 feita em mutir\u00e3o e por isso queremos contar com a generosidade de todos, seja com prendas, doces (para ver a receita do Bolo de S\u00e3o Miguel, clique <a href=\"http:\/\/www.oarcanjo.net\/site\/index.php\/receitas\/bolo-de-sao-miguel\/\">aqui<\/a>) ou salgados para o dia 29. Refrigerantes como latinhas de Coca-Cola, Guaran\u00e1 e Soda podem ser entregues at\u00e9 o dia 20 de setembro na secretaria. Ou ainda em esp\u00e9cie, para que possamos refor\u00e7ar a barraca de bebidas, comprar os descart\u00e1veis etc.<\/p>\n<p><strong>Contamos com sua participa\u00e7\u00e3o e colabora\u00e7\u00e3o! Pedimos a Deus que derrame suas b\u00ean\u00e7\u00e3os&#8230;<\/strong><\/p>\n<p><strong>Agenda:<\/strong><\/p>\n<p><strong>Festa de S\u00e3o Miguel Arcanjo<br \/>\n<\/strong>29 de setembro &#8211; dia todo<\/p>\n<p><strong>Celebra\u00e7\u00f5es:<br \/>\n<\/strong>29 de setembro\u00a0 &#8211; 7h30, 15h (com D. Ang\u00e9lico S\u00e2ndalo)\u00a0e 20h<\/p>\n<div id=\"themify_builder_content-4960\" data-postid=\"4960\" class=\"themify_builder_content themify_builder_content-4960 themify_builder themify_builder_front\">\n\t<\/div>\n<!-- \/themify_builder_content -->","protected":false},"excerpt":{"rendered":"<p>SETEMBRO CHEGOU! E para nossa comunidade \u00e9 motivo de f\u00e9, uni\u00e3o e alegria, afinal \u00e9 o m\u00eas que nos dedicamos quase que exclusivamente a S\u00e3o Miguel Arcanjo. Al\u00e9m da novena e do tr\u00edduo que todos os anos celebramos, estamos nos programando para a festa no dia 29 de setembro. Nossa festa re\u00fane as pessoas em [&hellip;]<\/p>\n","protected":false},"author":5,"featured_media":0,"comment_status":"open","ping_status":"open","sticky":false,"template":"","format":"standard","meta":{"ngg_post_thumbnail":0,"footnotes":""},"categories":[8,7],"tags":[1023,1019,1024],"yoast_head":"<!-- This site is optimized with the Yoast SEO plugin v23.5 - https:\/\/yoast.com\/wordpress\/plugins\/seo\/ -->\n<title>Festa de S\u00e3o Miguel Arcanjo. Participe! - O Arcanjo no ar<\/title>\n<meta name=\"robots\" content=\"index, follow, max-snippet:-1, max-image-preview:large, max-video-preview:-1\" \/>\n<link rel=\"canonical\" href=\"https:\/\/www.oarcanjo.net\/site\/festa-de-sao-miguel-arcanjo-participe\/\" \/>\n<meta property=\"og:locale\" content=\"pt_BR\" \/>\n<meta property=\"og:type\" content=\"article\" \/>\n<meta property=\"og:title\" content=\"Festa de S\u00e3o Miguel Arcanjo. Participe! - O Arcanjo no ar\" \/>\n<meta property=\"og:description\" content=\"SETEMBRO CHEGOU! E para nossa comunidade \u00e9 motivo de f\u00e9, uni\u00e3o e alegria, afinal \u00e9 o m\u00eas que nos dedicamos quase que exclusivamente a S\u00e3o Miguel Arcanjo. Al\u00e9m da novena e do tr\u00edduo que todos os anos celebramos, estamos nos programando para a festa no dia 29 de setembro. Nossa festa re\u00fane as pessoas em [&hellip;]\" \/>\n<meta property=\"og:url\" content=\"https:\/\/www.oarcanjo.net\/site\/festa-de-sao-miguel-arcanjo-participe\/\" \/>\n<meta property=\"og:site_name\" content=\"O Arcanjo no ar\" \/>\n<meta property=\"article:publisher\" content=\"https:\/\/www.facebook.com\/OArcanjoNoAr\/\" \/>\n<meta property=\"article:published_time\" content=\"2009-09-01T11:15:48+00:00\" \/>\n<meta property=\"article:modified_time\" content=\"2009-09-16T02:08:31+00:00\" \/>\n<meta property=\"og:image\" content=\"https:\/\/www.oarcanjo.net\/site\/wp-content\/uploads\/logo-o-arcanjo-no-ar-facebook.png\" \/>\n\t<meta property=\"og:image:width\" content=\"300\" \/>\n\t<meta property=\"og:image:height\" content=\"300\" \/>\n\t<meta property=\"og:image:type\" content=\"image\/png\" \/>\n<meta name=\"author\" content=\"editor\" \/>\n<meta name=\"twitter:card\" content=\"summary_large_image\" \/>\n<meta name=\"twitter:label1\" content=\"Escrito por\" \/>\n\t<meta name=\"twitter:data1\" content=\"editor\" \/>\n\t<meta name=\"twitter:label2\" content=\"Est. tempo de leitura\" \/>\n\t<meta name=\"twitter:data2\" content=\"2 minutos\" \/>\n<script type=\"application\/ld+json\" class=\"yoast-schema-graph\">{\"@context\":\"https:\/\/schema.org\",\"@graph\":[{\"@type\":\"Article\",\"@id\":\"https:\/\/www.oarcanjo.net\/site\/festa-de-sao-miguel-arcanjo-participe\/#article\",\"isPartOf\":{\"@id\":\"https:\/\/www.oarcanjo.net\/site\/festa-de-sao-miguel-arcanjo-participe\/\"},\"author\":{\"name\":\"editor\",\"@id\":\"https:\/\/www.oarcanjo.net\/site\/#\/schema\/person\/f7024d007863202483a31326673a0838\"},\"headline\":\"Festa de S\u00e3o Miguel Arcanjo. Participe!\",\"datePublished\":\"2009-09-01T11:15:48+00:00\",\"dateModified\":\"2009-09-16T02:08:31+00:00\",\"mainEntityOfPage\":{\"@id\":\"https:\/\/www.oarcanjo.net\/site\/festa-de-sao-miguel-arcanjo-participe\/\"},\"wordCount\":312,\"commentCount\":16,\"publisher\":{\"@id\":\"https:\/\/www.oarcanjo.net\/site\/#organization\"},\"keywords\":[\"Colabora\u00e7\u00e3o\",\"festa de S\u00e3o Miguel Arcanjo\",\"Mutir\u00e3o\"],\"articleSection\":[\"Not\u00edcias\",\"Rosto da comunidade\"],\"inLanguage\":\"pt-BR\",\"potentialAction\":[{\"@type\":\"CommentAction\",\"name\":\"Comment\",\"target\":[\"https:\/\/www.oarcanjo.net\/site\/festa-de-sao-miguel-arcanjo-participe\/#respond\"]}]},{\"@type\":\"WebPage\",\"@id\":\"https:\/\/www.oarcanjo.net\/site\/festa-de-sao-miguel-arcanjo-participe\/\",\"url\":\"https:\/\/www.oarcanjo.net\/site\/festa-de-sao-miguel-arcanjo-participe\/\",\"name\":\"Festa de S\u00e3o Miguel Arcanjo. Participe! - O Arcanjo no ar\",\"isPartOf\":{\"@id\":\"https:\/\/www.oarcanjo.net\/site\/#website\"},\"datePublished\":\"2009-09-01T11:15:48+00:00\",\"dateModified\":\"2009-09-16T02:08:31+00:00\",\"breadcrumb\":{\"@id\":\"https:\/\/www.oarcanjo.net\/site\/festa-de-sao-miguel-arcanjo-participe\/#breadcrumb\"},\"inLanguage\":\"pt-BR\",\"potentialAction\":[{\"@type\":\"ReadAction\",\"target\":[\"https:\/\/www.oarcanjo.net\/site\/festa-de-sao-miguel-arcanjo-participe\/\"]}]},{\"@type\":\"BreadcrumbList\",\"@id\":\"https:\/\/www.oarcanjo.net\/site\/festa-de-sao-miguel-arcanjo-participe\/#breadcrumb\",\"itemListElement\":[{\"@type\":\"ListItem\",\"position\":1,\"name\":\"In\u00edcio\",\"item\":\"https:\/\/www.oarcanjo.net\/site\/\"},{\"@type\":\"ListItem\",\"position\":2,\"name\":\"Festa de S\u00e3o Miguel Arcanjo. Participe!\"}]},{\"@type\":\"WebSite\",\"@id\":\"https:\/\/www.oarcanjo.net\/site\/#website\",\"url\":\"https:\/\/www.oarcanjo.net\/site\/\",\"name\":\"O Arcanjo no ar\",\"description\":\"Site da Par\u00f3quia S\u00e3o Miguel Arcanjo (Arquidiocese de SP)\",\"publisher\":{\"@id\":\"https:\/\/www.oarcanjo.net\/site\/#organization\"},\"potentialAction\":[{\"@type\":\"SearchAction\",\"target\":{\"@type\":\"EntryPoint\",\"urlTemplate\":\"https:\/\/www.oarcanjo.net\/site\/?s={search_term_string}\"},\"query-input\":{\"@type\":\"PropertyValueSpecification\",\"valueRequired\":true,\"valueName\":\"search_term_string\"}}],\"inLanguage\":\"pt-BR\"},{\"@type\":\"Organization\",\"@id\":\"https:\/\/www.oarcanjo.net\/site\/#organization\",\"name\":\"Par\u00f3quia S\u00e3o Miguel Arcanjo\",\"url\":\"https:\/\/www.oarcanjo.net\/site\/\",\"logo\":{\"@type\":\"ImageObject\",\"inLanguage\":\"pt-BR\",\"@id\":\"https:\/\/www.oarcanjo.net\/site\/#\/schema\/logo\/image\/\",\"url\":\"https:\/\/www.oarcanjo.net\/site\/wp-content\/uploads\/LogoOArcanjo.png\",\"contentUrl\":\"https:\/\/www.oarcanjo.net\/site\/wp-content\/uploads\/LogoOArcanjo.png\",\"width\":319,\"height\":99,\"caption\":\"Par\u00f3quia S\u00e3o Miguel Arcanjo\"},\"image\":{\"@id\":\"https:\/\/www.oarcanjo.net\/site\/#\/schema\/logo\/image\/\"},\"sameAs\":[\"https:\/\/www.facebook.com\/OArcanjoNoAr\/\"]},{\"@type\":\"Person\",\"@id\":\"https:\/\/www.oarcanjo.net\/site\/#\/schema\/person\/f7024d007863202483a31326673a0838\",\"name\":\"editor\",\"sameAs\":[\"http:\/\/www.oarcanjo.net\"]}]}<\/script>\n<!-- \/ Yoast SEO plugin. -->","yoast_head_json":{"title":"Festa de S\u00e3o Miguel Arcanjo. Participe! - O Arcanjo no ar","robots":{"index":"index","follow":"follow","max-snippet":"max-snippet:-1","max-image-preview":"max-image-preview:large","max-video-preview":"max-video-preview:-1"},"canonical":"https:\/\/www.oarcanjo.net\/site\/festa-de-sao-miguel-arcanjo-participe\/","og_locale":"pt_BR","og_type":"article","og_title":"Festa de S\u00e3o Miguel Arcanjo. Participe! - O Arcanjo no ar","og_description":"SETEMBRO CHEGOU! E para nossa comunidade \u00e9 motivo de f\u00e9, uni\u00e3o e alegria, afinal \u00e9 o m\u00eas que nos dedicamos quase que exclusivamente a S\u00e3o Miguel Arcanjo. Al\u00e9m da novena e do tr\u00edduo que todos os anos celebramos, estamos nos programando para a festa no dia 29 de setembro. Nossa festa re\u00fane as pessoas em [&hellip;]","og_url":"https:\/\/www.oarcanjo.net\/site\/festa-de-sao-miguel-arcanjo-participe\/","og_site_name":"O Arcanjo no ar","article_publisher":"https:\/\/www.facebook.com\/OArcanjoNoAr\/","article_published_time":"2009-09-01T11:15:48+00:00","article_modified_time":"2009-09-16T02:08:31+00:00","og_image":[{"width":300,"height":300,"url":"https:\/\/www.oarcanjo.net\/site\/wp-content\/uploads\/logo-o-arcanjo-no-ar-facebook.png","type":"image\/png"}],"author":"editor","twitter_card":"summary_large_image","twitter_misc":{"Escrito por":"editor","Est. tempo de leitura":"2 minutos"},"schema":{"@context":"https:\/\/schema.org","@graph":[{"@type":"Article","@id":"https:\/\/www.oarcanjo.net\/site\/festa-de-sao-miguel-arcanjo-participe\/#article","isPartOf":{"@id":"https:\/\/www.oarcanjo.net\/site\/festa-de-sao-miguel-arcanjo-participe\/"},"author":{"name":"editor","@id":"https:\/\/www.oarcanjo.net\/site\/#\/schema\/person\/f7024d007863202483a31326673a0838"},"headline":"Festa de S\u00e3o Miguel Arcanjo. Participe!","datePublished":"2009-09-01T11:15:48+00:00","dateModified":"2009-09-16T02:08:31+00:00","mainEntityOfPage":{"@id":"https:\/\/www.oarcanjo.net\/site\/festa-de-sao-miguel-arcanjo-participe\/"},"wordCount":312,"commentCount":16,"publisher":{"@id":"https:\/\/www.oarcanjo.net\/site\/#organization"},"keywords":["Colabora\u00e7\u00e3o","festa de S\u00e3o Miguel Arcanjo","Mutir\u00e3o"],"articleSection":["Not\u00edcias","Rosto da comunidade"],"inLanguage":"pt-BR","potentialAction":[{"@type":"CommentAction","name":"Comment","target":["https:\/\/www.oarcanjo.net\/site\/festa-de-sao-miguel-arcanjo-participe\/#respond"]}]},{"@type":"WebPage","@id":"https:\/\/www.oarcanjo.net\/site\/festa-de-sao-miguel-arcanjo-participe\/","url":"https:\/\/www.oarcanjo.net\/site\/festa-de-sao-miguel-arcanjo-participe\/","name":"Festa de S\u00e3o Miguel Arcanjo. Participe! - O Arcanjo no ar","isPartOf":{"@id":"https:\/\/www.oarcanjo.net\/site\/#website"},"datePublished":"2009-09-01T11:15:48+00:00","dateModified":"2009-09-16T02:08:31+00:00","breadcrumb":{"@id":"https:\/\/www.oarcanjo.net\/site\/festa-de-sao-miguel-arcanjo-participe\/#breadcrumb"},"inLanguage":"pt-BR","potentialAction":[{"@type":"ReadAction","target":["https:\/\/www.oarcanjo.net\/site\/festa-de-sao-miguel-arcanjo-participe\/"]}]},{"@type":"BreadcrumbList","@id":"https:\/\/www.oarcanjo.net\/site\/festa-de-sao-miguel-arcanjo-participe\/#breadcrumb","itemListElement":[{"@type":"ListItem","position":1,"name":"In\u00edcio","item":"https:\/\/www.oarcanjo.net\/site\/"},{"@type":"ListItem","position":2,"name":"Festa de S\u00e3o Miguel Arcanjo. Participe!"}]},{"@type":"WebSite","@id":"https:\/\/www.oarcanjo.net\/site\/#website","url":"https:\/\/www.oarcanjo.net\/site\/","name":"O Arcanjo no ar","description":"Site da Par\u00f3quia S\u00e3o Miguel Arcanjo (Arquidiocese de SP)","publisher":{"@id":"https:\/\/www.oarcanjo.net\/site\/#organization"},"potentialAction":[{"@type":"SearchAction","target":{"@type":"EntryPoint","urlTemplate":"https:\/\/www.oarcanjo.net\/site\/?s={search_term_string}"},"query-input":{"@type":"PropertyValueSpecification","valueRequired":true,"valueName":"search_term_string"}}],"inLanguage":"pt-BR"},{"@type":"Organization","@id":"https:\/\/www.oarcanjo.net\/site\/#organization","name":"Par\u00f3quia S\u00e3o Miguel Arcanjo","url":"https:\/\/www.oarcanjo.net\/site\/","logo":{"@type":"ImageObject","inLanguage":"pt-BR","@id":"https:\/\/www.oarcanjo.net\/site\/#\/schema\/logo\/image\/","url":"https:\/\/www.oarcanjo.net\/site\/wp-content\/uploads\/LogoOArcanjo.png","contentUrl":"https:\/\/www.oarcanjo.net\/site\/wp-content\/uploads\/LogoOArcanjo.png","width":319,"height":99,"caption":"Par\u00f3quia S\u00e3o Miguel Arcanjo"},"image":{"@id":"https:\/\/www.oarcanjo.net\/site\/#\/schema\/logo\/image\/"},"sameAs":["https:\/\/www.facebook.com\/OArcanjoNoAr\/"]},{"@type":"Person","@id":"https:\/\/www.oarcanjo.net\/site\/#\/schema\/person\/f7024d007863202483a31326673a0838","name":"editor","sameAs":["http:\/\/www.oarcanjo.net"]}]}},"publishpress_future_action":{"enabled":false,"date":"2026-05-09 06:40:40","action":"category","newStatus":"draft","terms":[],"taxonomy":"category"},"publishpress_future_workflow_manual_trigger":{"enabledWorkflows":[]},"_links":{"self":[{"href":"https:\/\/www.oarcanjo.net\/site\/wp-json\/wp\/v2\/posts\/4960"}],"collection":[{"href":"https:\/\/www.oarcanjo.net\/site\/wp-json\/wp\/v2\/posts"}],"about":[{"href":"https:\/\/www.oarcanjo.net\/site\/wp-json\/wp\/v2\/types\/post"}],"author":[{"embeddable":true,"href":"https:\/\/www.oarcanjo.net\/site\/wp-json\/wp\/v2\/users\/5"}],"replies":[{"embeddable":true,"href":"https:\/\/www.oarcanjo.net\/site\/wp-json\/wp\/v2\/comments?post=4960"}],"version-history":[{"count":0,"href":"https:\/\/www.oarcanjo.net\/site\/wp-json\/wp\/v2\/posts\/4960\/revisions"}],"wp:attachment":[{"href":"https:\/\/www.oarcanjo.net\/site\/wp-json\/wp\/v2\/media?parent=4960"}],"wp:term":[{"taxonomy":"category","embeddable":true,"href":"https:\/\/www.oarcanjo.net\/site\/wp-json\/wp\/v2\/categories?post=4960"},{"taxonomy":"post_tag","embeddable":true,"href":"https:\/\/www.oarcanjo.net\/site\/wp-json\/wp\/v2\/tags?post=4960"}],"curies":[{"name":"wp","href":"https:\/\/api.w.org\/{rel}","templated":true}]}}