
{"id":49843,"date":"2014-09-15T02:25:08","date_gmt":"2014-09-15T05:25:08","guid":{"rendered":"http:\/\/www.oarcanjo.net\/site\/?p=49843"},"modified":"2014-09-15T02:25:08","modified_gmt":"2014-09-15T05:25:08","slug":"comunidade-faz-encontros-de-formacao-aos-domingos-17h","status":"publish","type":"post","link":"https:\/\/www.oarcanjo.net\/site\/comunidade-faz-encontros-de-formacao-aos-domingos-17h\/","title":{"rendered":"Comunidade faz encontros de forma\u00e7\u00e3o aos domingos, 17h"},"content":{"rendered":"<p>Durante o m\u00eas da B\u00edblia, a comunidade realiza encontros de forma\u00e7\u00e3o sobre os discursos e as par\u00e1bolas no Evangelho de Mateus, aos domingos, a partir das 17h, na igreja S\u00e3o Miguel. Tamb\u00e9m neste m\u00eas, os integrantes da comunidade est\u00e3o sendo fotografados ao lado da imagem de S\u00e3o Miguel, cuja festa ser\u00e1 celebrada no dia 29. A ideia \u00e9 criar um painel e publicar na web o &#8220;rosto da comunidade&#8221;. Mais detalhes e outras informa\u00e7\u00f5es nos avisos da semana:<\/p>\n<p><iframe loading=\"lazy\" width=\"560\" height=\"315\" src=\"\/\/www.youtube.com\/embed\/uukYk1hY3KA?rel=0\" frameborder=\"0\" allowfullscreen><\/iframe><\/p>\n<p>Grava\u00e7\u00e3o realizada na missa das 18h na igreja S\u00e3o Miguel Arcanjo.<\/p>\n<div id=\"themify_builder_content-49843\" data-postid=\"49843\" class=\"themify_builder_content themify_builder_content-49843 themify_builder themify_builder_front\">\n\t<\/div>\n<!-- \/themify_builder_content -->","protected":false},"excerpt":{"rendered":"<p>Durante o m\u00eas da B\u00edblia, a comunidade realiza encontros de forma\u00e7\u00e3o sobre os discursos e as par\u00e1bolas no Evangelho de Mateus, aos domingos, a partir das 17h, na igreja S\u00e3o Miguel. Tamb\u00e9m neste m\u00eas, os integrantes da comunidade est\u00e3o sendo fotografados ao lado da imagem de S\u00e3o Miguel, cuja festa ser\u00e1 celebrada no dia 29. [&hellip;]<\/p>\n","protected":false},"author":5,"featured_media":0,"comment_status":"open","ping_status":"open","sticky":false,"template":"","format":"standard","meta":{"ngg_post_thumbnail":0,"footnotes":""},"categories":[8],"tags":[1058,1845,1052,465],"yoast_head":"<!-- This site is optimized with the Yoast SEO plugin v23.5 - https:\/\/yoast.com\/wordpress\/plugins\/seo\/ -->\n<title>Comunidade faz encontros de forma\u00e7\u00e3o aos domingos, 17h - O Arcanjo no ar<\/title>\n<meta name=\"robots\" content=\"index, follow, max-snippet:-1, max-image-preview:large, max-video-preview:-1\" \/>\n<link rel=\"canonical\" href=\"https:\/\/www.oarcanjo.net\/site\/comunidade-faz-encontros-de-formacao-aos-domingos-17h\/\" \/>\n<meta property=\"og:locale\" content=\"pt_BR\" \/>\n<meta property=\"og:type\" content=\"article\" \/>\n<meta property=\"og:title\" content=\"Comunidade faz encontros de forma\u00e7\u00e3o aos domingos, 17h - O Arcanjo no ar\" \/>\n<meta property=\"og:description\" content=\"Durante o m\u00eas da B\u00edblia, a comunidade realiza encontros de forma\u00e7\u00e3o sobre os discursos e as par\u00e1bolas no Evangelho de Mateus, aos domingos, a partir das 17h, na igreja S\u00e3o Miguel. Tamb\u00e9m neste m\u00eas, os integrantes da comunidade est\u00e3o sendo fotografados ao lado da imagem de S\u00e3o Miguel, cuja festa ser\u00e1 celebrada no dia 29. [&hellip;]\" \/>\n<meta property=\"og:url\" content=\"https:\/\/www.oarcanjo.net\/site\/comunidade-faz-encontros-de-formacao-aos-domingos-17h\/\" \/>\n<meta property=\"og:site_name\" content=\"O Arcanjo no ar\" \/>\n<meta property=\"article:publisher\" content=\"https:\/\/www.facebook.com\/OArcanjoNoAr\/\" \/>\n<meta property=\"article:published_time\" content=\"2014-09-15T05:25:08+00:00\" \/>\n<meta property=\"og:image\" content=\"https:\/\/www.oarcanjo.net\/site\/wp-content\/uploads\/logo-o-arcanjo-no-ar-facebook.png\" \/>\n\t<meta property=\"og:image:width\" content=\"300\" \/>\n\t<meta property=\"og:image:height\" content=\"300\" \/>\n\t<meta property=\"og:image:type\" content=\"image\/png\" \/>\n<meta name=\"author\" content=\"editor\" \/>\n<meta name=\"twitter:card\" content=\"summary_large_image\" \/>\n<meta name=\"twitter:label1\" content=\"Escrito por\" \/>\n\t<meta name=\"twitter:data1\" content=\"editor\" \/>\n<script type=\"application\/ld+json\" class=\"yoast-schema-graph\">{\"@context\":\"https:\/\/schema.org\",\"@graph\":[{\"@type\":\"Article\",\"@id\":\"https:\/\/www.oarcanjo.net\/site\/comunidade-faz-encontros-de-formacao-aos-domingos-17h\/#article\",\"isPartOf\":{\"@id\":\"https:\/\/www.oarcanjo.net\/site\/comunidade-faz-encontros-de-formacao-aos-domingos-17h\/\"},\"author\":{\"name\":\"editor\",\"@id\":\"https:\/\/www.oarcanjo.net\/site\/#\/schema\/person\/f7024d007863202483a31326673a0838\"},\"headline\":\"Comunidade faz encontros de forma\u00e7\u00e3o aos domingos, 17h\",\"datePublished\":\"2014-09-15T05:25:08+00:00\",\"dateModified\":\"2014-09-15T05:25:08+00:00\",\"mainEntityOfPage\":{\"@id\":\"https:\/\/www.oarcanjo.net\/site\/comunidade-faz-encontros-de-formacao-aos-domingos-17h\/\"},\"wordCount\":108,\"commentCount\":0,\"publisher\":{\"@id\":\"https:\/\/www.oarcanjo.net\/site\/#organization\"},\"keywords\":[\"Festa de S\u00e3o Miguel\",\"Mateus\",\"m\u00eas da B\u00edblia\",\"par\u00e1bolas\"],\"articleSection\":[\"Not\u00edcias\"],\"inLanguage\":\"pt-BR\",\"potentialAction\":[{\"@type\":\"CommentAction\",\"name\":\"Comment\",\"target\":[\"https:\/\/www.oarcanjo.net\/site\/comunidade-faz-encontros-de-formacao-aos-domingos-17h\/#respond\"]}]},{\"@type\":\"WebPage\",\"@id\":\"https:\/\/www.oarcanjo.net\/site\/comunidade-faz-encontros-de-formacao-aos-domingos-17h\/\",\"url\":\"https:\/\/www.oarcanjo.net\/site\/comunidade-faz-encontros-de-formacao-aos-domingos-17h\/\",\"name\":\"Comunidade faz encontros de forma\u00e7\u00e3o aos domingos, 17h - O Arcanjo no ar\",\"isPartOf\":{\"@id\":\"https:\/\/www.oarcanjo.net\/site\/#website\"},\"datePublished\":\"2014-09-15T05:25:08+00:00\",\"dateModified\":\"2014-09-15T05:25:08+00:00\",\"breadcrumb\":{\"@id\":\"https:\/\/www.oarcanjo.net\/site\/comunidade-faz-encontros-de-formacao-aos-domingos-17h\/#breadcrumb\"},\"inLanguage\":\"pt-BR\",\"potentialAction\":[{\"@type\":\"ReadAction\",\"target\":[\"https:\/\/www.oarcanjo.net\/site\/comunidade-faz-encontros-de-formacao-aos-domingos-17h\/\"]}]},{\"@type\":\"BreadcrumbList\",\"@id\":\"https:\/\/www.oarcanjo.net\/site\/comunidade-faz-encontros-de-formacao-aos-domingos-17h\/#breadcrumb\",\"itemListElement\":[{\"@type\":\"ListItem\",\"position\":1,\"name\":\"In\u00edcio\",\"item\":\"https:\/\/www.oarcanjo.net\/site\/\"},{\"@type\":\"ListItem\",\"position\":2,\"name\":\"Comunidade faz encontros de forma\u00e7\u00e3o aos domingos, 17h\"}]},{\"@type\":\"WebSite\",\"@id\":\"https:\/\/www.oarcanjo.net\/site\/#website\",\"url\":\"https:\/\/www.oarcanjo.net\/site\/\",\"name\":\"O Arcanjo no ar\",\"description\":\"Site da Par\u00f3quia S\u00e3o Miguel Arcanjo (Arquidiocese de SP)\",\"publisher\":{\"@id\":\"https:\/\/www.oarcanjo.net\/site\/#organization\"},\"potentialAction\":[{\"@type\":\"SearchAction\",\"target\":{\"@type\":\"EntryPoint\",\"urlTemplate\":\"https:\/\/www.oarcanjo.net\/site\/?s={search_term_string}\"},\"query-input\":{\"@type\":\"PropertyValueSpecification\",\"valueRequired\":true,\"valueName\":\"search_term_string\"}}],\"inLanguage\":\"pt-BR\"},{\"@type\":\"Organization\",\"@id\":\"https:\/\/www.oarcanjo.net\/site\/#organization\",\"name\":\"Par\u00f3quia S\u00e3o Miguel Arcanjo\",\"url\":\"https:\/\/www.oarcanjo.net\/site\/\",\"logo\":{\"@type\":\"ImageObject\",\"inLanguage\":\"pt-BR\",\"@id\":\"https:\/\/www.oarcanjo.net\/site\/#\/schema\/logo\/image\/\",\"url\":\"https:\/\/www.oarcanjo.net\/site\/wp-content\/uploads\/LogoOArcanjo.png\",\"contentUrl\":\"https:\/\/www.oarcanjo.net\/site\/wp-content\/uploads\/LogoOArcanjo.png\",\"width\":319,\"height\":99,\"caption\":\"Par\u00f3quia S\u00e3o Miguel Arcanjo\"},\"image\":{\"@id\":\"https:\/\/www.oarcanjo.net\/site\/#\/schema\/logo\/image\/\"},\"sameAs\":[\"https:\/\/www.facebook.com\/OArcanjoNoAr\/\"]},{\"@type\":\"Person\",\"@id\":\"https:\/\/www.oarcanjo.net\/site\/#\/schema\/person\/f7024d007863202483a31326673a0838\",\"name\":\"editor\",\"sameAs\":[\"http:\/\/www.oarcanjo.net\"]}]}<\/script>\n<!-- \/ Yoast SEO plugin. -->","yoast_head_json":{"title":"Comunidade faz encontros de forma\u00e7\u00e3o aos domingos, 17h - O Arcanjo no ar","robots":{"index":"index","follow":"follow","max-snippet":"max-snippet:-1","max-image-preview":"max-image-preview:large","max-video-preview":"max-video-preview:-1"},"canonical":"https:\/\/www.oarcanjo.net\/site\/comunidade-faz-encontros-de-formacao-aos-domingos-17h\/","og_locale":"pt_BR","og_type":"article","og_title":"Comunidade faz encontros de forma\u00e7\u00e3o aos domingos, 17h - O Arcanjo no ar","og_description":"Durante o m\u00eas da B\u00edblia, a comunidade realiza encontros de forma\u00e7\u00e3o sobre os discursos e as par\u00e1bolas no Evangelho de Mateus, aos domingos, a partir das 17h, na igreja S\u00e3o Miguel. Tamb\u00e9m neste m\u00eas, os integrantes da comunidade est\u00e3o sendo fotografados ao lado da imagem de S\u00e3o Miguel, cuja festa ser\u00e1 celebrada no dia 29. [&hellip;]","og_url":"https:\/\/www.oarcanjo.net\/site\/comunidade-faz-encontros-de-formacao-aos-domingos-17h\/","og_site_name":"O Arcanjo no ar","article_publisher":"https:\/\/www.facebook.com\/OArcanjoNoAr\/","article_published_time":"2014-09-15T05:25:08+00:00","og_image":[{"width":300,"height":300,"url":"https:\/\/www.oarcanjo.net\/site\/wp-content\/uploads\/logo-o-arcanjo-no-ar-facebook.png","type":"image\/png"}],"author":"editor","twitter_card":"summary_large_image","twitter_misc":{"Escrito por":"editor"},"schema":{"@context":"https:\/\/schema.org","@graph":[{"@type":"Article","@id":"https:\/\/www.oarcanjo.net\/site\/comunidade-faz-encontros-de-formacao-aos-domingos-17h\/#article","isPartOf":{"@id":"https:\/\/www.oarcanjo.net\/site\/comunidade-faz-encontros-de-formacao-aos-domingos-17h\/"},"author":{"name":"editor","@id":"https:\/\/www.oarcanjo.net\/site\/#\/schema\/person\/f7024d007863202483a31326673a0838"},"headline":"Comunidade faz encontros de forma\u00e7\u00e3o aos domingos, 17h","datePublished":"2014-09-15T05:25:08+00:00","dateModified":"2014-09-15T05:25:08+00:00","mainEntityOfPage":{"@id":"https:\/\/www.oarcanjo.net\/site\/comunidade-faz-encontros-de-formacao-aos-domingos-17h\/"},"wordCount":108,"commentCount":0,"publisher":{"@id":"https:\/\/www.oarcanjo.net\/site\/#organization"},"keywords":["Festa de S\u00e3o Miguel","Mateus","m\u00eas da B\u00edblia","par\u00e1bolas"],"articleSection":["Not\u00edcias"],"inLanguage":"pt-BR","potentialAction":[{"@type":"CommentAction","name":"Comment","target":["https:\/\/www.oarcanjo.net\/site\/comunidade-faz-encontros-de-formacao-aos-domingos-17h\/#respond"]}]},{"@type":"WebPage","@id":"https:\/\/www.oarcanjo.net\/site\/comunidade-faz-encontros-de-formacao-aos-domingos-17h\/","url":"https:\/\/www.oarcanjo.net\/site\/comunidade-faz-encontros-de-formacao-aos-domingos-17h\/","name":"Comunidade faz encontros de forma\u00e7\u00e3o aos domingos, 17h - O Arcanjo no ar","isPartOf":{"@id":"https:\/\/www.oarcanjo.net\/site\/#website"},"datePublished":"2014-09-15T05:25:08+00:00","dateModified":"2014-09-15T05:25:08+00:00","breadcrumb":{"@id":"https:\/\/www.oarcanjo.net\/site\/comunidade-faz-encontros-de-formacao-aos-domingos-17h\/#breadcrumb"},"inLanguage":"pt-BR","potentialAction":[{"@type":"ReadAction","target":["https:\/\/www.oarcanjo.net\/site\/comunidade-faz-encontros-de-formacao-aos-domingos-17h\/"]}]},{"@type":"BreadcrumbList","@id":"https:\/\/www.oarcanjo.net\/site\/comunidade-faz-encontros-de-formacao-aos-domingos-17h\/#breadcrumb","itemListElement":[{"@type":"ListItem","position":1,"name":"In\u00edcio","item":"https:\/\/www.oarcanjo.net\/site\/"},{"@type":"ListItem","position":2,"name":"Comunidade faz encontros de forma\u00e7\u00e3o aos domingos, 17h"}]},{"@type":"WebSite","@id":"https:\/\/www.oarcanjo.net\/site\/#website","url":"https:\/\/www.oarcanjo.net\/site\/","name":"O Arcanjo no ar","description":"Site da Par\u00f3quia S\u00e3o Miguel Arcanjo (Arquidiocese de SP)","publisher":{"@id":"https:\/\/www.oarcanjo.net\/site\/#organization"},"potentialAction":[{"@type":"SearchAction","target":{"@type":"EntryPoint","urlTemplate":"https:\/\/www.oarcanjo.net\/site\/?s={search_term_string}"},"query-input":{"@type":"PropertyValueSpecification","valueRequired":true,"valueName":"search_term_string"}}],"inLanguage":"pt-BR"},{"@type":"Organization","@id":"https:\/\/www.oarcanjo.net\/site\/#organization","name":"Par\u00f3quia S\u00e3o Miguel Arcanjo","url":"https:\/\/www.oarcanjo.net\/site\/","logo":{"@type":"ImageObject","inLanguage":"pt-BR","@id":"https:\/\/www.oarcanjo.net\/site\/#\/schema\/logo\/image\/","url":"https:\/\/www.oarcanjo.net\/site\/wp-content\/uploads\/LogoOArcanjo.png","contentUrl":"https:\/\/www.oarcanjo.net\/site\/wp-content\/uploads\/LogoOArcanjo.png","width":319,"height":99,"caption":"Par\u00f3quia S\u00e3o Miguel Arcanjo"},"image":{"@id":"https:\/\/www.oarcanjo.net\/site\/#\/schema\/logo\/image\/"},"sameAs":["https:\/\/www.facebook.com\/OArcanjoNoAr\/"]},{"@type":"Person","@id":"https:\/\/www.oarcanjo.net\/site\/#\/schema\/person\/f7024d007863202483a31326673a0838","name":"editor","sameAs":["http:\/\/www.oarcanjo.net"]}]}},"publishpress_future_action":{"enabled":false,"date":"2026-05-09 07:54:50","action":"category","newStatus":"draft","terms":[],"taxonomy":"category"},"publishpress_future_workflow_manual_trigger":{"enabledWorkflows":[]},"_links":{"self":[{"href":"https:\/\/www.oarcanjo.net\/site\/wp-json\/wp\/v2\/posts\/49843"}],"collection":[{"href":"https:\/\/www.oarcanjo.net\/site\/wp-json\/wp\/v2\/posts"}],"about":[{"href":"https:\/\/www.oarcanjo.net\/site\/wp-json\/wp\/v2\/types\/post"}],"author":[{"embeddable":true,"href":"https:\/\/www.oarcanjo.net\/site\/wp-json\/wp\/v2\/users\/5"}],"replies":[{"embeddable":true,"href":"https:\/\/www.oarcanjo.net\/site\/wp-json\/wp\/v2\/comments?post=49843"}],"version-history":[{"count":0,"href":"https:\/\/www.oarcanjo.net\/site\/wp-json\/wp\/v2\/posts\/49843\/revisions"}],"wp:attachment":[{"href":"https:\/\/www.oarcanjo.net\/site\/wp-json\/wp\/v2\/media?parent=49843"}],"wp:term":[{"taxonomy":"category","embeddable":true,"href":"https:\/\/www.oarcanjo.net\/site\/wp-json\/wp\/v2\/categories?post=49843"},{"taxonomy":"post_tag","embeddable":true,"href":"https:\/\/www.oarcanjo.net\/site\/wp-json\/wp\/v2\/tags?post=49843"}],"curies":[{"name":"wp","href":"https:\/\/api.w.org\/{rel}","templated":true}]}}