
{"id":49851,"date":"2014-09-15T20:44:19","date_gmt":"2014-09-15T23:44:19","guid":{"rendered":"http:\/\/www.oarcanjo.net\/site\/?p=49851"},"modified":"2014-09-15T20:44:19","modified_gmt":"2014-09-15T23:44:19","slug":"proximas-eleicoes-e-proximas-geracoes","status":"publish","type":"post","link":"https:\/\/www.oarcanjo.net\/site\/proximas-eleicoes-e-proximas-geracoes\/","title":{"rendered":"Pr\u00f3ximas elei\u00e7\u00f5es e pr\u00f3ximas gera\u00e7\u00f5es"},"content":{"rendered":"<p style=\"text-align: justify;\"><em>Pe. Alfredo J. Gon\u00e7alves, CS<\/em><\/p>\n<p style=\"text-align: justify;\">Em plena campanha eleitoral e \u00e0s v\u00e9speras do pleito que dever\u00e1 escolher o presidente da Rep\u1f7bblica, os governadores dos estados, os senadores edeputados federais, estamos num momento oportuno para refletir seriamente sobre a c\u00e9lebre frase do escritor espanhol Noel Claras\u1f79: \u201dUm pol\u1f77tico pensa nas pr\u1f79ximas elei\u00e7\u00f5es; um estadista nas pr\u1f79ximas gera\u00e7\u00f5es\u201d. Traduzida em bom portugu\u00eas do Brasil, a frase poderia soar da seguinte maneira: um politiqueiro pensa nas pr\u1f79ximas elei\u00e7\u00f5es; um pol\u1f77tico nas pr\u1f79ximas gera\u00e7\u00f5es. Entende-se por \u201cpolitiqueiro\u201d o canditato de carreira, interessado em utilizar as inst\u00e2ncias do universo relacionado \u00e0 a\u00e7\u00e3o pol\u1f77tica para manter e\/ou conquistar privil\u00e9gios, sejam estes de ordem pessoal, familiar, corporativa ou pardid\u00e1ria. Pol\u1f77tico, em contrapartida (e com P mai\u1f7bsculo, como se costuma dizer), \u00e9 aquele que se lan\u00e7a no campo da administr\u00e7\u00e3o p\u1f7bblica com a inte\u00e7\u00e3o de empenhar-se pela justi\u00e7a, pela paz e pelo bem comum, o que significa trabalhar pela defesa dos direitos humanos dos que encontram-se mais marginalizadose exclu\u1f77dos.<\/p>\n<p style=\"text-align: justify;\">Desse modo, nao \u00e9 dif\u1f77cil dar-se conta que o primeiro se caracteriza por uma \u201cvis\u00e3o de curto prazo\u201d, de olho nas vantagens imediatas que lhe pode trazer o processo eleitoral, ao passo que o segundo costuma ter uma \u201cvis\u00e3o de m\u00e9dio ou longo prazo\u201d, de olho no que pode ser feito para melhorar as condi\u00e7\u00f5es reais da popul\u00e7\u00e3o. Em outras palavras, enquanto um avalia todas as oportunidades (oportunismo) de ganho pessoal, familiar ou partid\u00e1rio que a pol\u1f77tica pode oferecer , com vistas a enriquecer o pr\u1f79prio patrim\u1ed9nio, o outro procura seguir um prorgrama ou projeto estabelecido, no sentido de enriquecer o n\u1f77vel de vida do maior n\u1f7bmero de pessoas, com particular aten\u00e7\u00e3o aos extratos de baixa renda.<\/p>\n<p style=\"text-align: justify;\">Seguindo os termos de Claras\u1f79, a \u201cvis\u00e3o curta\u201d do pol\u1f77tico (politiqueiro) mal alcan\u00e7a o n\u1f77vel conjuntural da situa\u00e7\u00e3o econ\u00f4mica, social, pol\u1f77tica e cultural do pa\u1f77s. Navega nas \u00e1guas superficiais do panorama sociohist\u1f79rico, tratando de pescar e acumular o fruto do trabalho da sociedade como um todo. O estadista (Pol\u1f77tico), pelo contr\u00e1rio, com uma \u201cvis\u00e3o de longo alcance\u201d,mergulha nas \u00e1guas profundas da realidade. Trata de entender as causas hist\u1f79ricas e estruturais das assimetrias, injusti\u00e7as e desequil\u1f77brios socioecon\u00f4micos, bem como suas implica\u00e7\u00f5es e consequ\u00eancias, na tentativa de buscar solu\u00e7\u00e3o para os problemas reais que se apresentamem um cen\u00e1rio mais amplo.<\/p>\n<p style=\"text-align: justify;\">Muita coisa poderia ainda ser dita, escrita e publicada sobre a postura e o comportamento de um e de outro. Apenas dois aspectos a serem sublinhados. O primeiro \u00e9 que, da mesma forma que a corrente de um rio corre sempre para o mar, tudo converge para a tem\u00e1tica da \u201c\u00e9tica na pol\u1f77tica\u201d. S\u00e3o in\u1f7bmeros os livros, artigos e frases que circulam sobre o assunto, mas poucos os que conseguem efetivamente mudar a pr\u00e1tica de \u201cfazer pol\u1f77tica\u201d. Como diz o velho ditado, \u201ca raposa troca de pelo, mas n\u00e3o troca de v\u1f77cio\u201d. Ali\u00e1s, n\u00e3o \u00e9 sem raz\u00e3o que os politiqueiros trdicionais costumam ser chamados de raposas. E estas, bem o sabemos, quanto mais velhas, mais espertas na arte de exercer e passar adiante suas manhas. No Brasil (e n\u00e3o s\u1f79), as raposas politicas contam com \u201ccurrais\u201d e \u201ccabos\u201d eleitorais para perpetuar as oligarquias mais obtusas, reacionais e retr\u1f79gradas.<\/p>\n<p style=\"text-align: justify;\">O segundo aspecto \u00e9 mais complexo edelicado: na realidade do cotidiano, pol\u1f77ticos e politiqueiros n\u00e3o se encontram restristos em limites n\u1f77tidos e precisos. Bem ao contr\u00e1rio, ambos se mesclam, se confundem e se alternam de forma espantosa. Ao mesmo tempo que podem entrar em rota de colis\u00e3o sobre determinados assuntos e interesses, tamb\u00e9m podem dar-se as m\u00e3os para uma m\u1f7btua defesa. A raz\u00e3o \u00e9 simples: sempre nos termos de Noel Claras\u1f79, n\u00e3o raro um verdadeiro estadista se transforma em pol\u1f77tico\/politiqueiro no ato de ser eleito e tomar posse do mandato. Mais dif\u1f77cil\u00e9 a metamorfose em sentido inverso, isto \u00e9, de pol\u1f77tico\/politiqueiro ao verdadeiro pol\u1f77tico\/estadista.<\/p>\n<p style=\"text-align: justify;\">\n<div id=\"themify_builder_content-49851\" data-postid=\"49851\" class=\"themify_builder_content themify_builder_content-49851 themify_builder themify_builder_front\">\n\t<\/div>\n<!-- \/themify_builder_content -->","protected":false},"excerpt":{"rendered":"<p>Pe. Alfredo J. Gon\u00e7alves, CS Em plena campanha eleitoral e \u00e0s v\u00e9speras do pleito que dever\u00e1 escolher o presidente da Rep\u1f7bblica, os governadores dos estados, os senadores edeputados federais, estamos num momento oportuno para refletir seriamente sobre a c\u00e9lebre frase do escritor espanhol Noel Claras\u1f79: \u201dUm pol\u1f77tico pensa nas pr\u1f79ximas elei\u00e7\u00f5es; um estadista nas pr\u1f79ximas [&hellip;]<\/p>\n","protected":false},"author":15,"featured_media":0,"comment_status":"open","ping_status":"open","sticky":false,"template":"","format":"standard","meta":{"ngg_post_thumbnail":0,"footnotes":""},"categories":[9],"tags":[],"yoast_head":"<!-- This site is optimized with the Yoast SEO plugin v23.5 - https:\/\/yoast.com\/wordpress\/plugins\/seo\/ -->\n<title>Pr\u00f3ximas elei\u00e7\u00f5es e pr\u00f3ximas gera\u00e7\u00f5es - O Arcanjo no ar<\/title>\n<meta name=\"robots\" content=\"index, follow, max-snippet:-1, max-image-preview:large, max-video-preview:-1\" \/>\n<link rel=\"canonical\" href=\"https:\/\/www.oarcanjo.net\/site\/proximas-eleicoes-e-proximas-geracoes\/\" \/>\n<meta property=\"og:locale\" content=\"pt_BR\" \/>\n<meta property=\"og:type\" content=\"article\" \/>\n<meta property=\"og:title\" content=\"Pr\u00f3ximas elei\u00e7\u00f5es e pr\u00f3ximas gera\u00e7\u00f5es - O Arcanjo no ar\" \/>\n<meta property=\"og:description\" content=\"Pe. Alfredo J. Gon\u00e7alves, CS Em plena campanha eleitoral e \u00e0s v\u00e9speras do pleito que dever\u00e1 escolher o presidente da Rep\u1f7bblica, os governadores dos estados, os senadores edeputados federais, estamos num momento oportuno para refletir seriamente sobre a c\u00e9lebre frase do escritor espanhol Noel Claras\u1f79: \u201dUm pol\u1f77tico pensa nas pr\u1f79ximas elei\u00e7\u00f5es; um estadista nas pr\u1f79ximas [&hellip;]\" \/>\n<meta property=\"og:url\" content=\"https:\/\/www.oarcanjo.net\/site\/proximas-eleicoes-e-proximas-geracoes\/\" \/>\n<meta property=\"og:site_name\" content=\"O Arcanjo no ar\" \/>\n<meta property=\"article:publisher\" content=\"https:\/\/www.facebook.com\/OArcanjoNoAr\/\" \/>\n<meta property=\"article:published_time\" content=\"2014-09-15T23:44:19+00:00\" \/>\n<meta property=\"og:image\" content=\"https:\/\/www.oarcanjo.net\/site\/wp-content\/uploads\/logo-o-arcanjo-no-ar-facebook.png\" \/>\n\t<meta property=\"og:image:width\" content=\"300\" \/>\n\t<meta property=\"og:image:height\" content=\"300\" \/>\n\t<meta property=\"og:image:type\" content=\"image\/png\" \/>\n<meta name=\"author\" content=\"Alexandre Nunes\" \/>\n<meta name=\"twitter:card\" content=\"summary_large_image\" \/>\n<meta name=\"twitter:label1\" content=\"Escrito por\" \/>\n\t<meta name=\"twitter:data1\" content=\"Alexandre Nunes\" \/>\n\t<meta name=\"twitter:label2\" content=\"Est. tempo de leitura\" \/>\n\t<meta name=\"twitter:data2\" content=\"4 minutos\" \/>\n<script type=\"application\/ld+json\" class=\"yoast-schema-graph\">{\"@context\":\"https:\/\/schema.org\",\"@graph\":[{\"@type\":\"Article\",\"@id\":\"https:\/\/www.oarcanjo.net\/site\/proximas-eleicoes-e-proximas-geracoes\/#article\",\"isPartOf\":{\"@id\":\"https:\/\/www.oarcanjo.net\/site\/proximas-eleicoes-e-proximas-geracoes\/\"},\"author\":{\"name\":\"Alexandre Nunes\",\"@id\":\"https:\/\/www.oarcanjo.net\/site\/#\/schema\/person\/0a2ae077c1a09b69d29928e3b9f1c0d1\"},\"headline\":\"Pr\u00f3ximas elei\u00e7\u00f5es e pr\u00f3ximas gera\u00e7\u00f5es\",\"datePublished\":\"2014-09-15T23:44:19+00:00\",\"dateModified\":\"2014-09-15T23:44:19+00:00\",\"mainEntityOfPage\":{\"@id\":\"https:\/\/www.oarcanjo.net\/site\/proximas-eleicoes-e-proximas-geracoes\/\"},\"wordCount\":721,\"commentCount\":0,\"publisher\":{\"@id\":\"https:\/\/www.oarcanjo.net\/site\/#organization\"},\"articleSection\":[\"Reflex\u00f5es\"],\"inLanguage\":\"pt-BR\",\"potentialAction\":[{\"@type\":\"CommentAction\",\"name\":\"Comment\",\"target\":[\"https:\/\/www.oarcanjo.net\/site\/proximas-eleicoes-e-proximas-geracoes\/#respond\"]}]},{\"@type\":\"WebPage\",\"@id\":\"https:\/\/www.oarcanjo.net\/site\/proximas-eleicoes-e-proximas-geracoes\/\",\"url\":\"https:\/\/www.oarcanjo.net\/site\/proximas-eleicoes-e-proximas-geracoes\/\",\"name\":\"Pr\u00f3ximas elei\u00e7\u00f5es e pr\u00f3ximas gera\u00e7\u00f5es - O Arcanjo no ar\",\"isPartOf\":{\"@id\":\"https:\/\/www.oarcanjo.net\/site\/#website\"},\"datePublished\":\"2014-09-15T23:44:19+00:00\",\"dateModified\":\"2014-09-15T23:44:19+00:00\",\"breadcrumb\":{\"@id\":\"https:\/\/www.oarcanjo.net\/site\/proximas-eleicoes-e-proximas-geracoes\/#breadcrumb\"},\"inLanguage\":\"pt-BR\",\"potentialAction\":[{\"@type\":\"ReadAction\",\"target\":[\"https:\/\/www.oarcanjo.net\/site\/proximas-eleicoes-e-proximas-geracoes\/\"]}]},{\"@type\":\"BreadcrumbList\",\"@id\":\"https:\/\/www.oarcanjo.net\/site\/proximas-eleicoes-e-proximas-geracoes\/#breadcrumb\",\"itemListElement\":[{\"@type\":\"ListItem\",\"position\":1,\"name\":\"In\u00edcio\",\"item\":\"https:\/\/www.oarcanjo.net\/site\/\"},{\"@type\":\"ListItem\",\"position\":2,\"name\":\"Pr\u00f3ximas elei\u00e7\u00f5es e pr\u00f3ximas gera\u00e7\u00f5es\"}]},{\"@type\":\"WebSite\",\"@id\":\"https:\/\/www.oarcanjo.net\/site\/#website\",\"url\":\"https:\/\/www.oarcanjo.net\/site\/\",\"name\":\"O Arcanjo no ar\",\"description\":\"Site da Par\u00f3quia S\u00e3o Miguel Arcanjo (Arquidiocese de SP)\",\"publisher\":{\"@id\":\"https:\/\/www.oarcanjo.net\/site\/#organization\"},\"potentialAction\":[{\"@type\":\"SearchAction\",\"target\":{\"@type\":\"EntryPoint\",\"urlTemplate\":\"https:\/\/www.oarcanjo.net\/site\/?s={search_term_string}\"},\"query-input\":{\"@type\":\"PropertyValueSpecification\",\"valueRequired\":true,\"valueName\":\"search_term_string\"}}],\"inLanguage\":\"pt-BR\"},{\"@type\":\"Organization\",\"@id\":\"https:\/\/www.oarcanjo.net\/site\/#organization\",\"name\":\"Par\u00f3quia S\u00e3o Miguel Arcanjo\",\"url\":\"https:\/\/www.oarcanjo.net\/site\/\",\"logo\":{\"@type\":\"ImageObject\",\"inLanguage\":\"pt-BR\",\"@id\":\"https:\/\/www.oarcanjo.net\/site\/#\/schema\/logo\/image\/\",\"url\":\"https:\/\/www.oarcanjo.net\/site\/wp-content\/uploads\/LogoOArcanjo.png\",\"contentUrl\":\"https:\/\/www.oarcanjo.net\/site\/wp-content\/uploads\/LogoOArcanjo.png\",\"width\":319,\"height\":99,\"caption\":\"Par\u00f3quia S\u00e3o Miguel Arcanjo\"},\"image\":{\"@id\":\"https:\/\/www.oarcanjo.net\/site\/#\/schema\/logo\/image\/\"},\"sameAs\":[\"https:\/\/www.facebook.com\/OArcanjoNoAr\/\"]},{\"@type\":\"Person\",\"@id\":\"https:\/\/www.oarcanjo.net\/site\/#\/schema\/person\/0a2ae077c1a09b69d29928e3b9f1c0d1\",\"name\":\"Alexandre Nunes\",\"sameAs\":[\"http:\/\/alexandrenu.com\"]}]}<\/script>\n<!-- \/ Yoast SEO plugin. -->","yoast_head_json":{"title":"Pr\u00f3ximas elei\u00e7\u00f5es e pr\u00f3ximas gera\u00e7\u00f5es - O Arcanjo no ar","robots":{"index":"index","follow":"follow","max-snippet":"max-snippet:-1","max-image-preview":"max-image-preview:large","max-video-preview":"max-video-preview:-1"},"canonical":"https:\/\/www.oarcanjo.net\/site\/proximas-eleicoes-e-proximas-geracoes\/","og_locale":"pt_BR","og_type":"article","og_title":"Pr\u00f3ximas elei\u00e7\u00f5es e pr\u00f3ximas gera\u00e7\u00f5es - O Arcanjo no ar","og_description":"Pe. Alfredo J. Gon\u00e7alves, CS Em plena campanha eleitoral e \u00e0s v\u00e9speras do pleito que dever\u00e1 escolher o presidente da Rep\u1f7bblica, os governadores dos estados, os senadores edeputados federais, estamos num momento oportuno para refletir seriamente sobre a c\u00e9lebre frase do escritor espanhol Noel Claras\u1f79: \u201dUm pol\u1f77tico pensa nas pr\u1f79ximas elei\u00e7\u00f5es; um estadista nas pr\u1f79ximas [&hellip;]","og_url":"https:\/\/www.oarcanjo.net\/site\/proximas-eleicoes-e-proximas-geracoes\/","og_site_name":"O Arcanjo no ar","article_publisher":"https:\/\/www.facebook.com\/OArcanjoNoAr\/","article_published_time":"2014-09-15T23:44:19+00:00","og_image":[{"width":300,"height":300,"url":"https:\/\/www.oarcanjo.net\/site\/wp-content\/uploads\/logo-o-arcanjo-no-ar-facebook.png","type":"image\/png"}],"author":"Alexandre Nunes","twitter_card":"summary_large_image","twitter_misc":{"Escrito por":"Alexandre Nunes","Est. tempo de leitura":"4 minutos"},"schema":{"@context":"https:\/\/schema.org","@graph":[{"@type":"Article","@id":"https:\/\/www.oarcanjo.net\/site\/proximas-eleicoes-e-proximas-geracoes\/#article","isPartOf":{"@id":"https:\/\/www.oarcanjo.net\/site\/proximas-eleicoes-e-proximas-geracoes\/"},"author":{"name":"Alexandre Nunes","@id":"https:\/\/www.oarcanjo.net\/site\/#\/schema\/person\/0a2ae077c1a09b69d29928e3b9f1c0d1"},"headline":"Pr\u00f3ximas elei\u00e7\u00f5es e pr\u00f3ximas gera\u00e7\u00f5es","datePublished":"2014-09-15T23:44:19+00:00","dateModified":"2014-09-15T23:44:19+00:00","mainEntityOfPage":{"@id":"https:\/\/www.oarcanjo.net\/site\/proximas-eleicoes-e-proximas-geracoes\/"},"wordCount":721,"commentCount":0,"publisher":{"@id":"https:\/\/www.oarcanjo.net\/site\/#organization"},"articleSection":["Reflex\u00f5es"],"inLanguage":"pt-BR","potentialAction":[{"@type":"CommentAction","name":"Comment","target":["https:\/\/www.oarcanjo.net\/site\/proximas-eleicoes-e-proximas-geracoes\/#respond"]}]},{"@type":"WebPage","@id":"https:\/\/www.oarcanjo.net\/site\/proximas-eleicoes-e-proximas-geracoes\/","url":"https:\/\/www.oarcanjo.net\/site\/proximas-eleicoes-e-proximas-geracoes\/","name":"Pr\u00f3ximas elei\u00e7\u00f5es e pr\u00f3ximas gera\u00e7\u00f5es - O Arcanjo no ar","isPartOf":{"@id":"https:\/\/www.oarcanjo.net\/site\/#website"},"datePublished":"2014-09-15T23:44:19+00:00","dateModified":"2014-09-15T23:44:19+00:00","breadcrumb":{"@id":"https:\/\/www.oarcanjo.net\/site\/proximas-eleicoes-e-proximas-geracoes\/#breadcrumb"},"inLanguage":"pt-BR","potentialAction":[{"@type":"ReadAction","target":["https:\/\/www.oarcanjo.net\/site\/proximas-eleicoes-e-proximas-geracoes\/"]}]},{"@type":"BreadcrumbList","@id":"https:\/\/www.oarcanjo.net\/site\/proximas-eleicoes-e-proximas-geracoes\/#breadcrumb","itemListElement":[{"@type":"ListItem","position":1,"name":"In\u00edcio","item":"https:\/\/www.oarcanjo.net\/site\/"},{"@type":"ListItem","position":2,"name":"Pr\u00f3ximas elei\u00e7\u00f5es e pr\u00f3ximas gera\u00e7\u00f5es"}]},{"@type":"WebSite","@id":"https:\/\/www.oarcanjo.net\/site\/#website","url":"https:\/\/www.oarcanjo.net\/site\/","name":"O Arcanjo no ar","description":"Site da Par\u00f3quia S\u00e3o Miguel Arcanjo (Arquidiocese de SP)","publisher":{"@id":"https:\/\/www.oarcanjo.net\/site\/#organization"},"potentialAction":[{"@type":"SearchAction","target":{"@type":"EntryPoint","urlTemplate":"https:\/\/www.oarcanjo.net\/site\/?s={search_term_string}"},"query-input":{"@type":"PropertyValueSpecification","valueRequired":true,"valueName":"search_term_string"}}],"inLanguage":"pt-BR"},{"@type":"Organization","@id":"https:\/\/www.oarcanjo.net\/site\/#organization","name":"Par\u00f3quia S\u00e3o Miguel Arcanjo","url":"https:\/\/www.oarcanjo.net\/site\/","logo":{"@type":"ImageObject","inLanguage":"pt-BR","@id":"https:\/\/www.oarcanjo.net\/site\/#\/schema\/logo\/image\/","url":"https:\/\/www.oarcanjo.net\/site\/wp-content\/uploads\/LogoOArcanjo.png","contentUrl":"https:\/\/www.oarcanjo.net\/site\/wp-content\/uploads\/LogoOArcanjo.png","width":319,"height":99,"caption":"Par\u00f3quia S\u00e3o Miguel Arcanjo"},"image":{"@id":"https:\/\/www.oarcanjo.net\/site\/#\/schema\/logo\/image\/"},"sameAs":["https:\/\/www.facebook.com\/OArcanjoNoAr\/"]},{"@type":"Person","@id":"https:\/\/www.oarcanjo.net\/site\/#\/schema\/person\/0a2ae077c1a09b69d29928e3b9f1c0d1","name":"Alexandre Nunes","sameAs":["http:\/\/alexandrenu.com"]}]}},"publishpress_future_action":{"enabled":false,"date":"2026-05-08 20:15:43","action":"category","newStatus":"draft","terms":[],"taxonomy":"category"},"publishpress_future_workflow_manual_trigger":{"enabledWorkflows":[]},"_links":{"self":[{"href":"https:\/\/www.oarcanjo.net\/site\/wp-json\/wp\/v2\/posts\/49851"}],"collection":[{"href":"https:\/\/www.oarcanjo.net\/site\/wp-json\/wp\/v2\/posts"}],"about":[{"href":"https:\/\/www.oarcanjo.net\/site\/wp-json\/wp\/v2\/types\/post"}],"author":[{"embeddable":true,"href":"https:\/\/www.oarcanjo.net\/site\/wp-json\/wp\/v2\/users\/15"}],"replies":[{"embeddable":true,"href":"https:\/\/www.oarcanjo.net\/site\/wp-json\/wp\/v2\/comments?post=49851"}],"version-history":[{"count":0,"href":"https:\/\/www.oarcanjo.net\/site\/wp-json\/wp\/v2\/posts\/49851\/revisions"}],"wp:attachment":[{"href":"https:\/\/www.oarcanjo.net\/site\/wp-json\/wp\/v2\/media?parent=49851"}],"wp:term":[{"taxonomy":"category","embeddable":true,"href":"https:\/\/www.oarcanjo.net\/site\/wp-json\/wp\/v2\/categories?post=49851"},{"taxonomy":"post_tag","embeddable":true,"href":"https:\/\/www.oarcanjo.net\/site\/wp-json\/wp\/v2\/tags?post=49851"}],"curies":[{"name":"wp","href":"https:\/\/api.w.org\/{rel}","templated":true}]}}