
{"id":4999,"date":"2009-09-04T19:57:29","date_gmt":"2009-09-04T22:57:29","guid":{"rendered":"http:\/\/www.oarcanjo.net\/site\/?p=4999"},"modified":"2009-09-04T19:57:29","modified_gmt":"2009-09-04T22:57:29","slug":"dom-luciano-no-ceu","status":"publish","type":"post","link":"https:\/\/www.oarcanjo.net\/site\/dom-luciano-no-ceu\/","title":{"rendered":"Dom Luciano no c\u00e9u"},"content":{"rendered":"<p>Pe Geovane Saraiva<\/p>\n<p>Dom Luciano Mendes de Almeida, grande homem de Deus, por muitos anos bispo auxiliar de S\u00e3o Paulo, Secret\u00e1rio Geral e Presidente da Confer\u00eancia Nacional dos Bispos do Brasil, por dois mandatos consecutivos, Arcebispo de Mariana \u2013 MG., deixou este mundo no dia 27 de agosto de 2006, coincidentemente, na festa de Santa M\u00f4nica, a m\u00e3e forte, por sua resist\u00eancia, l\u00e1grimas e ora\u00e7\u00f5es, conseguindo a convers\u00e3o do filho Agostinho, um dos maiores Santos da Igreja e da pr\u00f3pria humanidade, e no s\u00e9timo anivers\u00e1rio de morte de Dom Helder Pessoa C\u00e2mara, o homem dos grandes sonhos e nascido para as coisas mais elevadas, homem das viagens e cidad\u00e3o do Mundo&#8230;<\/p>\n<p>Dom Luciano soube viver e amar em profundidade o dom precioso da vida,\u00a0 acolhendo o Filho de Deus como aquele que revelou o rosto amoroso e o enviado do Pai e como aquele que veio do alto. \u201cEm Cristo Deus quis habitar com toda sua plenitude\u201d (Col 1, 19). Esfor\u00e7ou-se para que esse mist\u00e9rio chegasse a todos, especialmente aos empobrecidos e rejeitados da sociedade, em nossos tempos&#8230;<\/p>\n<p>Ele foi ao encontro da proposta do Filho de Deus, espalhando bondade, por onde passou, com o seu jeito simples de viver, acreditando na for\u00e7a transformadora da Palavra de Deus e da Eucaristia \u2013 acolhendo Jesus: \u201cP\u00e3o da vida, p\u00e3o descido do c\u00e9u\u201d (Jo 6, 34). \u201cA Eucaristia \u00e9 mensagem de comunh\u00e3o fraterna, n\u00e3o s\u00f3 enquanto nos ajuda a vencer o ego\u00edsmo e partilhar o p\u00e3o e tamb\u00e9m quando elimina o rancor e o dinamismo de vingan\u00e7a, mas enquanto consegue superar m\u00e1goas e ressentimentos e aproximar os distantes&#8230;\u201d (Confer\u00eancia de Dom Luciano, 15\u00ba Congresso Eucar\u00edstico Nacional &#8211; Florian\u00f3polis &#8211; SC).<\/p>\n<p>Ele, uma preciosidade, com o seu modo santo de viver, tinha o c\u00e9u ao seu redor. Mas mesmo assim ele queria ver o c\u00e9u. Um dia ele decidiu: \u201cH\u00e1 um tempo queria muito ver o c\u00e9u, saber como \u00e9 l\u00e1. Um dia subi no c\u00e9u. N\u00e3o pensei que fosse t\u00e3o bonito assim, fiquei contente com tanta m\u00fasica, pessoas dan\u00e7ando na presen\u00e7a de Deus. Mas, de repente, percebi que eu estava escondido atr\u00e1s de uma \u00e1rvore. Descobri que o c\u00e9u \u00e9 ver os outros felizes\u201d.<\/p>\n<p>Dom Moacyr Grechi, ao iniciar o retiro do clero de Fortaleza, disse: \u201cQueria tamb\u00e9m invocar Dom Luciano Mendes, que tenho com \u201csanto\u201d. Eu fiz esta experi\u00eancia: Iniciando a Confer\u00eancia de Aparecida eu rezei a Dom Luciano dizendo: em Puebla o senhor muito ajudou a dar aquele tom evangelizador, que marcou a nossa pastoral; em santo Domingo, se n\u00e3o fosse a sua presen\u00e7a, com sua do\u00e7ura e intelig\u00eancia, talvez tiv\u00e9ssemos voltado para casa, sem nenhum Documento Pastoral. Eu quero a sua ajuda tamb\u00e9m nesta Confer\u00eancia de Aparecida. Depois que eu rezei, mudei completamente por dentro: de desanimado que estava, resolvi enfrentar a Confer\u00eancia com empenho, marcando presen\u00e7a em todas as reuni\u00f5es, compreendendo que era a hora de Deus e que n\u00e3o deveria deixar passar em v\u00e3o. Quero que Dom Luciano interceda por n\u00f3s nestes dias do retiro do clero de Fortaleza\u201d.<\/p>\n<p>Dom Luciano, subindo ao c\u00e9u, optou em primeiro lugar pela vida, em especial a vida dos empobrecidos, comprometida e indefesa. Que seu testemunho nos encoraje e nos estimule na nossa escolha e seguimento de Jesus de Nazar\u00e9, acolhendo-o com generosidade.<\/p>\n<p>Deus seja louvado, amado e glorificado por esse homem que s\u00f3 soube fazer o bem. O amor nele cresceu e se fez dom, vivendo n\u00e3o para si, mas para Deus e para os irm\u00e3os e irm\u00e3s.<\/p>\n<div id=\"themify_builder_content-4999\" data-postid=\"4999\" class=\"themify_builder_content themify_builder_content-4999 themify_builder themify_builder_front\">\n\t<\/div>\n<!-- \/themify_builder_content -->","protected":false},"excerpt":{"rendered":"<p>Pe Geovane Saraiva Dom Luciano Mendes de Almeida, grande homem de Deus, por muitos anos bispo auxiliar de S\u00e3o Paulo, Secret\u00e1rio Geral e Presidente da Confer\u00eancia Nacional dos Bispos do Brasil, por dois mandatos consecutivos, Arcebispo de Mariana \u2013 MG., deixou este mundo no dia 27 de agosto de 2006, coincidentemente, na festa de Santa [&hellip;]<\/p>\n","protected":false},"author":5,"featured_media":0,"comment_status":"open","ping_status":"open","sticky":false,"template":"","format":"standard","meta":{"ngg_post_thumbnail":0,"footnotes":""},"categories":[1027],"tags":[235,63,393,462,506,507],"yoast_head":"<!-- This site is optimized with the Yoast SEO plugin v23.5 - https:\/\/yoast.com\/wordpress\/plugins\/seo\/ -->\n<title>Dom Luciano no c\u00e9u - O Arcanjo no ar<\/title>\n<meta name=\"robots\" content=\"index, follow, max-snippet:-1, max-image-preview:large, max-video-preview:-1\" \/>\n<link rel=\"canonical\" href=\"https:\/\/www.oarcanjo.net\/site\/dom-luciano-no-ceu\/\" \/>\n<meta property=\"og:locale\" content=\"pt_BR\" \/>\n<meta property=\"og:type\" content=\"article\" \/>\n<meta property=\"og:title\" content=\"Dom Luciano no c\u00e9u - O Arcanjo no ar\" \/>\n<meta property=\"og:description\" content=\"Pe Geovane Saraiva Dom Luciano Mendes de Almeida, grande homem de Deus, por muitos anos bispo auxiliar de S\u00e3o Paulo, Secret\u00e1rio Geral e Presidente da Confer\u00eancia Nacional dos Bispos do Brasil, por dois mandatos consecutivos, Arcebispo de Mariana \u2013 MG., deixou este mundo no dia 27 de agosto de 2006, coincidentemente, na festa de Santa [&hellip;]\" \/>\n<meta property=\"og:url\" content=\"https:\/\/www.oarcanjo.net\/site\/dom-luciano-no-ceu\/\" \/>\n<meta property=\"og:site_name\" content=\"O Arcanjo no ar\" \/>\n<meta property=\"article:publisher\" content=\"https:\/\/www.facebook.com\/OArcanjoNoAr\/\" \/>\n<meta property=\"article:published_time\" content=\"2009-09-04T22:57:29+00:00\" \/>\n<meta property=\"og:image\" content=\"https:\/\/www.oarcanjo.net\/site\/wp-content\/uploads\/logo-o-arcanjo-no-ar-facebook.png\" \/>\n\t<meta property=\"og:image:width\" content=\"300\" \/>\n\t<meta property=\"og:image:height\" content=\"300\" \/>\n\t<meta property=\"og:image:type\" content=\"image\/png\" \/>\n<meta name=\"author\" content=\"editor\" \/>\n<meta name=\"twitter:card\" content=\"summary_large_image\" \/>\n<meta name=\"twitter:label1\" content=\"Escrito por\" \/>\n\t<meta name=\"twitter:data1\" content=\"editor\" \/>\n\t<meta name=\"twitter:label2\" content=\"Est. tempo de leitura\" \/>\n\t<meta name=\"twitter:data2\" content=\"3 minutos\" \/>\n<script type=\"application\/ld+json\" class=\"yoast-schema-graph\">{\"@context\":\"https:\/\/schema.org\",\"@graph\":[{\"@type\":\"Article\",\"@id\":\"https:\/\/www.oarcanjo.net\/site\/dom-luciano-no-ceu\/#article\",\"isPartOf\":{\"@id\":\"https:\/\/www.oarcanjo.net\/site\/dom-luciano-no-ceu\/\"},\"author\":{\"name\":\"editor\",\"@id\":\"https:\/\/www.oarcanjo.net\/site\/#\/schema\/person\/f7024d007863202483a31326673a0838\"},\"headline\":\"Dom Luciano no c\u00e9u\",\"datePublished\":\"2009-09-04T22:57:29+00:00\",\"dateModified\":\"2009-09-04T22:57:29+00:00\",\"mainEntityOfPage\":{\"@id\":\"https:\/\/www.oarcanjo.net\/site\/dom-luciano-no-ceu\/\"},\"wordCount\":632,\"commentCount\":3,\"publisher\":{\"@id\":\"https:\/\/www.oarcanjo.net\/site\/#organization\"},\"keywords\":[\"Aparecida\",\"CNBB\",\"Dom Luciano Mendes de Almeida\",\"Eucaristia\",\"Puebla\",\"Santo Domingo\"],\"articleSection\":[\"D. Luciano Mendes de Almeida\"],\"inLanguage\":\"pt-BR\",\"potentialAction\":[{\"@type\":\"CommentAction\",\"name\":\"Comment\",\"target\":[\"https:\/\/www.oarcanjo.net\/site\/dom-luciano-no-ceu\/#respond\"]}]},{\"@type\":\"WebPage\",\"@id\":\"https:\/\/www.oarcanjo.net\/site\/dom-luciano-no-ceu\/\",\"url\":\"https:\/\/www.oarcanjo.net\/site\/dom-luciano-no-ceu\/\",\"name\":\"Dom Luciano no c\u00e9u - O Arcanjo no ar\",\"isPartOf\":{\"@id\":\"https:\/\/www.oarcanjo.net\/site\/#website\"},\"datePublished\":\"2009-09-04T22:57:29+00:00\",\"dateModified\":\"2009-09-04T22:57:29+00:00\",\"breadcrumb\":{\"@id\":\"https:\/\/www.oarcanjo.net\/site\/dom-luciano-no-ceu\/#breadcrumb\"},\"inLanguage\":\"pt-BR\",\"potentialAction\":[{\"@type\":\"ReadAction\",\"target\":[\"https:\/\/www.oarcanjo.net\/site\/dom-luciano-no-ceu\/\"]}]},{\"@type\":\"BreadcrumbList\",\"@id\":\"https:\/\/www.oarcanjo.net\/site\/dom-luciano-no-ceu\/#breadcrumb\",\"itemListElement\":[{\"@type\":\"ListItem\",\"position\":1,\"name\":\"In\u00edcio\",\"item\":\"https:\/\/www.oarcanjo.net\/site\/\"},{\"@type\":\"ListItem\",\"position\":2,\"name\":\"Dom Luciano no c\u00e9u\"}]},{\"@type\":\"WebSite\",\"@id\":\"https:\/\/www.oarcanjo.net\/site\/#website\",\"url\":\"https:\/\/www.oarcanjo.net\/site\/\",\"name\":\"O Arcanjo no ar\",\"description\":\"Site da Par\u00f3quia S\u00e3o Miguel Arcanjo (Arquidiocese de SP)\",\"publisher\":{\"@id\":\"https:\/\/www.oarcanjo.net\/site\/#organization\"},\"potentialAction\":[{\"@type\":\"SearchAction\",\"target\":{\"@type\":\"EntryPoint\",\"urlTemplate\":\"https:\/\/www.oarcanjo.net\/site\/?s={search_term_string}\"},\"query-input\":{\"@type\":\"PropertyValueSpecification\",\"valueRequired\":true,\"valueName\":\"search_term_string\"}}],\"inLanguage\":\"pt-BR\"},{\"@type\":\"Organization\",\"@id\":\"https:\/\/www.oarcanjo.net\/site\/#organization\",\"name\":\"Par\u00f3quia S\u00e3o Miguel Arcanjo\",\"url\":\"https:\/\/www.oarcanjo.net\/site\/\",\"logo\":{\"@type\":\"ImageObject\",\"inLanguage\":\"pt-BR\",\"@id\":\"https:\/\/www.oarcanjo.net\/site\/#\/schema\/logo\/image\/\",\"url\":\"https:\/\/www.oarcanjo.net\/site\/wp-content\/uploads\/LogoOArcanjo.png\",\"contentUrl\":\"https:\/\/www.oarcanjo.net\/site\/wp-content\/uploads\/LogoOArcanjo.png\",\"width\":319,\"height\":99,\"caption\":\"Par\u00f3quia S\u00e3o Miguel Arcanjo\"},\"image\":{\"@id\":\"https:\/\/www.oarcanjo.net\/site\/#\/schema\/logo\/image\/\"},\"sameAs\":[\"https:\/\/www.facebook.com\/OArcanjoNoAr\/\"]},{\"@type\":\"Person\",\"@id\":\"https:\/\/www.oarcanjo.net\/site\/#\/schema\/person\/f7024d007863202483a31326673a0838\",\"name\":\"editor\",\"sameAs\":[\"http:\/\/www.oarcanjo.net\"]}]}<\/script>\n<!-- \/ Yoast SEO plugin. -->","yoast_head_json":{"title":"Dom Luciano no c\u00e9u - O Arcanjo no ar","robots":{"index":"index","follow":"follow","max-snippet":"max-snippet:-1","max-image-preview":"max-image-preview:large","max-video-preview":"max-video-preview:-1"},"canonical":"https:\/\/www.oarcanjo.net\/site\/dom-luciano-no-ceu\/","og_locale":"pt_BR","og_type":"article","og_title":"Dom Luciano no c\u00e9u - O Arcanjo no ar","og_description":"Pe Geovane Saraiva Dom Luciano Mendes de Almeida, grande homem de Deus, por muitos anos bispo auxiliar de S\u00e3o Paulo, Secret\u00e1rio Geral e Presidente da Confer\u00eancia Nacional dos Bispos do Brasil, por dois mandatos consecutivos, Arcebispo de Mariana \u2013 MG., deixou este mundo no dia 27 de agosto de 2006, coincidentemente, na festa de Santa [&hellip;]","og_url":"https:\/\/www.oarcanjo.net\/site\/dom-luciano-no-ceu\/","og_site_name":"O Arcanjo no ar","article_publisher":"https:\/\/www.facebook.com\/OArcanjoNoAr\/","article_published_time":"2009-09-04T22:57:29+00:00","og_image":[{"width":300,"height":300,"url":"https:\/\/www.oarcanjo.net\/site\/wp-content\/uploads\/logo-o-arcanjo-no-ar-facebook.png","type":"image\/png"}],"author":"editor","twitter_card":"summary_large_image","twitter_misc":{"Escrito por":"editor","Est. tempo de leitura":"3 minutos"},"schema":{"@context":"https:\/\/schema.org","@graph":[{"@type":"Article","@id":"https:\/\/www.oarcanjo.net\/site\/dom-luciano-no-ceu\/#article","isPartOf":{"@id":"https:\/\/www.oarcanjo.net\/site\/dom-luciano-no-ceu\/"},"author":{"name":"editor","@id":"https:\/\/www.oarcanjo.net\/site\/#\/schema\/person\/f7024d007863202483a31326673a0838"},"headline":"Dom Luciano no c\u00e9u","datePublished":"2009-09-04T22:57:29+00:00","dateModified":"2009-09-04T22:57:29+00:00","mainEntityOfPage":{"@id":"https:\/\/www.oarcanjo.net\/site\/dom-luciano-no-ceu\/"},"wordCount":632,"commentCount":3,"publisher":{"@id":"https:\/\/www.oarcanjo.net\/site\/#organization"},"keywords":["Aparecida","CNBB","Dom Luciano Mendes de Almeida","Eucaristia","Puebla","Santo Domingo"],"articleSection":["D. Luciano Mendes de Almeida"],"inLanguage":"pt-BR","potentialAction":[{"@type":"CommentAction","name":"Comment","target":["https:\/\/www.oarcanjo.net\/site\/dom-luciano-no-ceu\/#respond"]}]},{"@type":"WebPage","@id":"https:\/\/www.oarcanjo.net\/site\/dom-luciano-no-ceu\/","url":"https:\/\/www.oarcanjo.net\/site\/dom-luciano-no-ceu\/","name":"Dom Luciano no c\u00e9u - O Arcanjo no ar","isPartOf":{"@id":"https:\/\/www.oarcanjo.net\/site\/#website"},"datePublished":"2009-09-04T22:57:29+00:00","dateModified":"2009-09-04T22:57:29+00:00","breadcrumb":{"@id":"https:\/\/www.oarcanjo.net\/site\/dom-luciano-no-ceu\/#breadcrumb"},"inLanguage":"pt-BR","potentialAction":[{"@type":"ReadAction","target":["https:\/\/www.oarcanjo.net\/site\/dom-luciano-no-ceu\/"]}]},{"@type":"BreadcrumbList","@id":"https:\/\/www.oarcanjo.net\/site\/dom-luciano-no-ceu\/#breadcrumb","itemListElement":[{"@type":"ListItem","position":1,"name":"In\u00edcio","item":"https:\/\/www.oarcanjo.net\/site\/"},{"@type":"ListItem","position":2,"name":"Dom Luciano no c\u00e9u"}]},{"@type":"WebSite","@id":"https:\/\/www.oarcanjo.net\/site\/#website","url":"https:\/\/www.oarcanjo.net\/site\/","name":"O Arcanjo no ar","description":"Site da Par\u00f3quia S\u00e3o Miguel Arcanjo (Arquidiocese de SP)","publisher":{"@id":"https:\/\/www.oarcanjo.net\/site\/#organization"},"potentialAction":[{"@type":"SearchAction","target":{"@type":"EntryPoint","urlTemplate":"https:\/\/www.oarcanjo.net\/site\/?s={search_term_string}"},"query-input":{"@type":"PropertyValueSpecification","valueRequired":true,"valueName":"search_term_string"}}],"inLanguage":"pt-BR"},{"@type":"Organization","@id":"https:\/\/www.oarcanjo.net\/site\/#organization","name":"Par\u00f3quia S\u00e3o Miguel Arcanjo","url":"https:\/\/www.oarcanjo.net\/site\/","logo":{"@type":"ImageObject","inLanguage":"pt-BR","@id":"https:\/\/www.oarcanjo.net\/site\/#\/schema\/logo\/image\/","url":"https:\/\/www.oarcanjo.net\/site\/wp-content\/uploads\/LogoOArcanjo.png","contentUrl":"https:\/\/www.oarcanjo.net\/site\/wp-content\/uploads\/LogoOArcanjo.png","width":319,"height":99,"caption":"Par\u00f3quia S\u00e3o Miguel Arcanjo"},"image":{"@id":"https:\/\/www.oarcanjo.net\/site\/#\/schema\/logo\/image\/"},"sameAs":["https:\/\/www.facebook.com\/OArcanjoNoAr\/"]},{"@type":"Person","@id":"https:\/\/www.oarcanjo.net\/site\/#\/schema\/person\/f7024d007863202483a31326673a0838","name":"editor","sameAs":["http:\/\/www.oarcanjo.net"]}]}},"publishpress_future_action":{"enabled":false,"date":"2026-05-06 04:23:57","action":"category","newStatus":"draft","terms":[],"taxonomy":"category"},"publishpress_future_workflow_manual_trigger":{"enabledWorkflows":[]},"_links":{"self":[{"href":"https:\/\/www.oarcanjo.net\/site\/wp-json\/wp\/v2\/posts\/4999"}],"collection":[{"href":"https:\/\/www.oarcanjo.net\/site\/wp-json\/wp\/v2\/posts"}],"about":[{"href":"https:\/\/www.oarcanjo.net\/site\/wp-json\/wp\/v2\/types\/post"}],"author":[{"embeddable":true,"href":"https:\/\/www.oarcanjo.net\/site\/wp-json\/wp\/v2\/users\/5"}],"replies":[{"embeddable":true,"href":"https:\/\/www.oarcanjo.net\/site\/wp-json\/wp\/v2\/comments?post=4999"}],"version-history":[{"count":0,"href":"https:\/\/www.oarcanjo.net\/site\/wp-json\/wp\/v2\/posts\/4999\/revisions"}],"wp:attachment":[{"href":"https:\/\/www.oarcanjo.net\/site\/wp-json\/wp\/v2\/media?parent=4999"}],"wp:term":[{"taxonomy":"category","embeddable":true,"href":"https:\/\/www.oarcanjo.net\/site\/wp-json\/wp\/v2\/categories?post=4999"},{"taxonomy":"post_tag","embeddable":true,"href":"https:\/\/www.oarcanjo.net\/site\/wp-json\/wp\/v2\/tags?post=4999"}],"curies":[{"name":"wp","href":"https:\/\/api.w.org\/{rel}","templated":true}]}}