
{"id":500,"date":"2008-11-02T06:00:16","date_gmt":"2008-11-02T09:00:16","guid":{"rendered":"http:\/\/www.oarcanjo.net\/site\/?p=500"},"modified":"2008-11-02T08:20:42","modified_gmt":"2008-11-02T11:20:42","slug":"ser-ou-nao-ser","status":"publish","type":"post","link":"https:\/\/www.oarcanjo.net\/site\/ser-ou-nao-ser\/","title":{"rendered":"Ser ou n\u00e3o ser"},"content":{"rendered":"<p>Ser contra o aborto, posi\u00e7\u00e3o assumida pela Igreja e por todos os seus sacerdotes como dever de of\u00edcio e convic\u00e7\u00e3o profunda da f\u00e9 n\u00e3o nos autoriza a destruir aqueles que assim n\u00e3o se posicionam, pois se assim ag\u00edssemos estar\u00edamos sendo contra os pr\u00f3prios princ\u00edpios \u00e9ticos e morais que fundamentam nossa posi\u00e7\u00e3o.<\/p>\n<p>Os princ\u00edpios filos\u00f3ficos e teol\u00f3gicos que alicer\u00e7am nossa cren\u00e7a de que a vida vem em primeiro lugar, que Deus \u00e9 o autor da Vida e seu defensor, que Deus protege, ampara os pequenos, indefesos e exclu\u00eddos, que a vida \u00e9 inviol\u00e1vel e de que devemos testemunhar seu valor e defend\u00ea-la com a pr\u00f3pria vida se necess\u00e1rio for, assim como fez Jesus, s\u00e3o os mesmos fundamentos que nos levam a buscar incessantemente a verdade, a supera\u00e7\u00e3o da corrup\u00e7\u00e3o, da mentira, da impostura, do autoritarismo e da trucul\u00eancia que oprime e tortura.<\/p>\n<p>Ser contra o aborto \u00e9 tamb\u00e9m ser contra o machismo autorit\u00e1rio que quer submeter a mulher e trat\u00e1-la como objeto de luxo, prazer ou decora\u00e7\u00e3o silenciosa.<\/p>\n<p>A Igreja que se posiciona contra o aborto \u00e9 a mesma que trabalha pela \u00e9tica na pol\u00edtica, que conseguiu a lei 9840 contra a corrup\u00e7\u00e3o eleitoral, \u00e9 a mesma contra a pena de morte e a eutan\u00e1sia, \u00e9 a mesma contra o estupro e a mesma pela dignidade da mulher e sua valoriza\u00e7\u00e3o na sociedade.<\/p>\n<p>Ser ou n\u00e3o ser exige coer\u00eancia de vida, conseq\u00fc\u00eancia de palavras e atos, retid\u00e3o de consci\u00eancia diante de Deus e dos irm\u00e3os e irm\u00e3s, hist\u00f3ria na defesa da vida desde a concep\u00e7\u00e3o.<\/p>\n<p>Ser contra o aborto n\u00e3o \u00e9 um discurso pol\u00edtico, uma bandeira de conveni\u00eancia, um uso eleitoral; ser contra o aborto \u00e9 tamb\u00e9m cuidar como faz a Igreja dos doentes de Aids, dos doentes de hansen\u00edase, das pessoas especiais, dos deficientes f\u00edsicos e mentais, do povo da rua e das pessoas dif\u00edceis e diferentes, todos aqueles que a sociedade quer evitar como que em um aborto social e pol\u00edtico que expulsa da conviv\u00eancia humana aqueles que n\u00e3o s\u00e3o capazes de viver sem amparo e prote\u00e7\u00e3o.<\/p>\n<p>Ser ou n\u00e3o ser contra o aborto n\u00e3o \u00e9 um discurso, uma pose, uma forma de agress\u00e3o; \u00e9 se colocar pequeno diante de Deus, com humildade de cora\u00e7\u00e3o e fazer de sua vida uma obla\u00e7\u00e3o.<\/p>\n<p><em>Pe. J\u00falio Lancellotti<\/em><\/p>\n<div id=\"themify_builder_content-500\" data-postid=\"500\" class=\"themify_builder_content themify_builder_content-500 themify_builder themify_builder_front\">\n\t<\/div>\n<!-- \/themify_builder_content -->","protected":false},"excerpt":{"rendered":"<p>Ser contra o aborto, posi\u00e7\u00e3o assumida pela Igreja e por todos os seus sacerdotes como dever de of\u00edcio e convic\u00e7\u00e3o profunda da f\u00e9 n\u00e3o nos autoriza a destruir aqueles que assim n\u00e3o se posicionam, pois se assim ag\u00edssemos estar\u00edamos sendo contra os pr\u00f3prios princ\u00edpios \u00e9ticos e morais que fundamentam nossa posi\u00e7\u00e3o. Os princ\u00edpios filos\u00f3ficos e [&hellip;]<\/p>\n","protected":false},"author":4,"featured_media":0,"comment_status":"open","ping_status":"open","sticky":false,"template":"","format":"standard","meta":{"ngg_post_thumbnail":0,"footnotes":""},"categories":[4],"tags":[61,62],"yoast_head":"<!-- This site is optimized with the Yoast SEO plugin v23.5 - https:\/\/yoast.com\/wordpress\/plugins\/seo\/ -->\n<title>Ser ou n\u00e3o ser - O Arcanjo no ar<\/title>\n<meta name=\"robots\" content=\"index, follow, max-snippet:-1, max-image-preview:large, max-video-preview:-1\" \/>\n<link rel=\"canonical\" href=\"https:\/\/www.oarcanjo.net\/site\/ser-ou-nao-ser\/\" \/>\n<meta property=\"og:locale\" content=\"pt_BR\" \/>\n<meta property=\"og:type\" content=\"article\" \/>\n<meta property=\"og:title\" content=\"Ser ou n\u00e3o ser - O Arcanjo no ar\" \/>\n<meta property=\"og:description\" content=\"Ser contra o aborto, posi\u00e7\u00e3o assumida pela Igreja e por todos os seus sacerdotes como dever de of\u00edcio e convic\u00e7\u00e3o profunda da f\u00e9 n\u00e3o nos autoriza a destruir aqueles que assim n\u00e3o se posicionam, pois se assim ag\u00edssemos estar\u00edamos sendo contra os pr\u00f3prios princ\u00edpios \u00e9ticos e morais que fundamentam nossa posi\u00e7\u00e3o. Os princ\u00edpios filos\u00f3ficos e [&hellip;]\" \/>\n<meta property=\"og:url\" content=\"https:\/\/www.oarcanjo.net\/site\/ser-ou-nao-ser\/\" \/>\n<meta property=\"og:site_name\" content=\"O Arcanjo no ar\" \/>\n<meta property=\"article:publisher\" content=\"https:\/\/www.facebook.com\/OArcanjoNoAr\/\" \/>\n<meta property=\"article:published_time\" content=\"2008-11-02T09:00:16+00:00\" \/>\n<meta property=\"article:modified_time\" content=\"2008-11-02T11:20:42+00:00\" \/>\n<meta property=\"og:image\" content=\"https:\/\/www.oarcanjo.net\/site\/wp-content\/uploads\/logo-o-arcanjo-no-ar-facebook.png\" \/>\n\t<meta property=\"og:image:width\" content=\"300\" \/>\n\t<meta property=\"og:image:height\" content=\"300\" \/>\n\t<meta property=\"og:image:type\" content=\"image\/png\" \/>\n<meta name=\"author\" content=\"julio\" \/>\n<meta name=\"twitter:card\" content=\"summary_large_image\" \/>\n<meta name=\"twitter:label1\" content=\"Escrito por\" \/>\n\t<meta name=\"twitter:data1\" content=\"julio\" \/>\n\t<meta name=\"twitter:label2\" content=\"Est. tempo de leitura\" \/>\n\t<meta name=\"twitter:data2\" content=\"2 minutos\" \/>\n<script type=\"application\/ld+json\" class=\"yoast-schema-graph\">{\"@context\":\"https:\/\/schema.org\",\"@graph\":[{\"@type\":\"Article\",\"@id\":\"https:\/\/www.oarcanjo.net\/site\/ser-ou-nao-ser\/#article\",\"isPartOf\":{\"@id\":\"https:\/\/www.oarcanjo.net\/site\/ser-ou-nao-ser\/\"},\"author\":{\"name\":\"julio\",\"@id\":\"https:\/\/www.oarcanjo.net\/site\/#\/schema\/person\/d78ea01c648c91e29c364b516767079e\"},\"headline\":\"Ser ou n\u00e3o ser\",\"datePublished\":\"2008-11-02T09:00:16+00:00\",\"dateModified\":\"2008-11-02T11:20:42+00:00\",\"mainEntityOfPage\":{\"@id\":\"https:\/\/www.oarcanjo.net\/site\/ser-ou-nao-ser\/\"},\"wordCount\":429,\"commentCount\":2,\"publisher\":{\"@id\":\"https:\/\/www.oarcanjo.net\/site\/#organization\"},\"keywords\":[\"aborto\",\"vida\"],\"articleSection\":[\"Blog\"],\"inLanguage\":\"pt-BR\",\"potentialAction\":[{\"@type\":\"CommentAction\",\"name\":\"Comment\",\"target\":[\"https:\/\/www.oarcanjo.net\/site\/ser-ou-nao-ser\/#respond\"]}]},{\"@type\":\"WebPage\",\"@id\":\"https:\/\/www.oarcanjo.net\/site\/ser-ou-nao-ser\/\",\"url\":\"https:\/\/www.oarcanjo.net\/site\/ser-ou-nao-ser\/\",\"name\":\"Ser ou n\u00e3o ser - O Arcanjo no ar\",\"isPartOf\":{\"@id\":\"https:\/\/www.oarcanjo.net\/site\/#website\"},\"datePublished\":\"2008-11-02T09:00:16+00:00\",\"dateModified\":\"2008-11-02T11:20:42+00:00\",\"breadcrumb\":{\"@id\":\"https:\/\/www.oarcanjo.net\/site\/ser-ou-nao-ser\/#breadcrumb\"},\"inLanguage\":\"pt-BR\",\"potentialAction\":[{\"@type\":\"ReadAction\",\"target\":[\"https:\/\/www.oarcanjo.net\/site\/ser-ou-nao-ser\/\"]}]},{\"@type\":\"BreadcrumbList\",\"@id\":\"https:\/\/www.oarcanjo.net\/site\/ser-ou-nao-ser\/#breadcrumb\",\"itemListElement\":[{\"@type\":\"ListItem\",\"position\":1,\"name\":\"In\u00edcio\",\"item\":\"https:\/\/www.oarcanjo.net\/site\/\"},{\"@type\":\"ListItem\",\"position\":2,\"name\":\"Ser ou n\u00e3o ser\"}]},{\"@type\":\"WebSite\",\"@id\":\"https:\/\/www.oarcanjo.net\/site\/#website\",\"url\":\"https:\/\/www.oarcanjo.net\/site\/\",\"name\":\"O Arcanjo no ar\",\"description\":\"Site da Par\u00f3quia S\u00e3o Miguel Arcanjo (Arquidiocese de SP)\",\"publisher\":{\"@id\":\"https:\/\/www.oarcanjo.net\/site\/#organization\"},\"potentialAction\":[{\"@type\":\"SearchAction\",\"target\":{\"@type\":\"EntryPoint\",\"urlTemplate\":\"https:\/\/www.oarcanjo.net\/site\/?s={search_term_string}\"},\"query-input\":{\"@type\":\"PropertyValueSpecification\",\"valueRequired\":true,\"valueName\":\"search_term_string\"}}],\"inLanguage\":\"pt-BR\"},{\"@type\":\"Organization\",\"@id\":\"https:\/\/www.oarcanjo.net\/site\/#organization\",\"name\":\"Par\u00f3quia S\u00e3o Miguel Arcanjo\",\"url\":\"https:\/\/www.oarcanjo.net\/site\/\",\"logo\":{\"@type\":\"ImageObject\",\"inLanguage\":\"pt-BR\",\"@id\":\"https:\/\/www.oarcanjo.net\/site\/#\/schema\/logo\/image\/\",\"url\":\"https:\/\/www.oarcanjo.net\/site\/wp-content\/uploads\/LogoOArcanjo.png\",\"contentUrl\":\"https:\/\/www.oarcanjo.net\/site\/wp-content\/uploads\/LogoOArcanjo.png\",\"width\":319,\"height\":99,\"caption\":\"Par\u00f3quia S\u00e3o Miguel Arcanjo\"},\"image\":{\"@id\":\"https:\/\/www.oarcanjo.net\/site\/#\/schema\/logo\/image\/\"},\"sameAs\":[\"https:\/\/www.facebook.com\/OArcanjoNoAr\/\"]},{\"@type\":\"Person\",\"@id\":\"https:\/\/www.oarcanjo.net\/site\/#\/schema\/person\/d78ea01c648c91e29c364b516767079e\",\"name\":\"julio\",\"sameAs\":[\"http:\/\/www.oarcanjo.net\"]}]}<\/script>\n<!-- \/ Yoast SEO plugin. -->","yoast_head_json":{"title":"Ser ou n\u00e3o ser - O Arcanjo no ar","robots":{"index":"index","follow":"follow","max-snippet":"max-snippet:-1","max-image-preview":"max-image-preview:large","max-video-preview":"max-video-preview:-1"},"canonical":"https:\/\/www.oarcanjo.net\/site\/ser-ou-nao-ser\/","og_locale":"pt_BR","og_type":"article","og_title":"Ser ou n\u00e3o ser - O Arcanjo no ar","og_description":"Ser contra o aborto, posi\u00e7\u00e3o assumida pela Igreja e por todos os seus sacerdotes como dever de of\u00edcio e convic\u00e7\u00e3o profunda da f\u00e9 n\u00e3o nos autoriza a destruir aqueles que assim n\u00e3o se posicionam, pois se assim ag\u00edssemos estar\u00edamos sendo contra os pr\u00f3prios princ\u00edpios \u00e9ticos e morais que fundamentam nossa posi\u00e7\u00e3o. Os princ\u00edpios filos\u00f3ficos e [&hellip;]","og_url":"https:\/\/www.oarcanjo.net\/site\/ser-ou-nao-ser\/","og_site_name":"O Arcanjo no ar","article_publisher":"https:\/\/www.facebook.com\/OArcanjoNoAr\/","article_published_time":"2008-11-02T09:00:16+00:00","article_modified_time":"2008-11-02T11:20:42+00:00","og_image":[{"width":300,"height":300,"url":"https:\/\/www.oarcanjo.net\/site\/wp-content\/uploads\/logo-o-arcanjo-no-ar-facebook.png","type":"image\/png"}],"author":"julio","twitter_card":"summary_large_image","twitter_misc":{"Escrito por":"julio","Est. tempo de leitura":"2 minutos"},"schema":{"@context":"https:\/\/schema.org","@graph":[{"@type":"Article","@id":"https:\/\/www.oarcanjo.net\/site\/ser-ou-nao-ser\/#article","isPartOf":{"@id":"https:\/\/www.oarcanjo.net\/site\/ser-ou-nao-ser\/"},"author":{"name":"julio","@id":"https:\/\/www.oarcanjo.net\/site\/#\/schema\/person\/d78ea01c648c91e29c364b516767079e"},"headline":"Ser ou n\u00e3o ser","datePublished":"2008-11-02T09:00:16+00:00","dateModified":"2008-11-02T11:20:42+00:00","mainEntityOfPage":{"@id":"https:\/\/www.oarcanjo.net\/site\/ser-ou-nao-ser\/"},"wordCount":429,"commentCount":2,"publisher":{"@id":"https:\/\/www.oarcanjo.net\/site\/#organization"},"keywords":["aborto","vida"],"articleSection":["Blog"],"inLanguage":"pt-BR","potentialAction":[{"@type":"CommentAction","name":"Comment","target":["https:\/\/www.oarcanjo.net\/site\/ser-ou-nao-ser\/#respond"]}]},{"@type":"WebPage","@id":"https:\/\/www.oarcanjo.net\/site\/ser-ou-nao-ser\/","url":"https:\/\/www.oarcanjo.net\/site\/ser-ou-nao-ser\/","name":"Ser ou n\u00e3o ser - O Arcanjo no ar","isPartOf":{"@id":"https:\/\/www.oarcanjo.net\/site\/#website"},"datePublished":"2008-11-02T09:00:16+00:00","dateModified":"2008-11-02T11:20:42+00:00","breadcrumb":{"@id":"https:\/\/www.oarcanjo.net\/site\/ser-ou-nao-ser\/#breadcrumb"},"inLanguage":"pt-BR","potentialAction":[{"@type":"ReadAction","target":["https:\/\/www.oarcanjo.net\/site\/ser-ou-nao-ser\/"]}]},{"@type":"BreadcrumbList","@id":"https:\/\/www.oarcanjo.net\/site\/ser-ou-nao-ser\/#breadcrumb","itemListElement":[{"@type":"ListItem","position":1,"name":"In\u00edcio","item":"https:\/\/www.oarcanjo.net\/site\/"},{"@type":"ListItem","position":2,"name":"Ser ou n\u00e3o ser"}]},{"@type":"WebSite","@id":"https:\/\/www.oarcanjo.net\/site\/#website","url":"https:\/\/www.oarcanjo.net\/site\/","name":"O Arcanjo no ar","description":"Site da Par\u00f3quia S\u00e3o Miguel Arcanjo (Arquidiocese de SP)","publisher":{"@id":"https:\/\/www.oarcanjo.net\/site\/#organization"},"potentialAction":[{"@type":"SearchAction","target":{"@type":"EntryPoint","urlTemplate":"https:\/\/www.oarcanjo.net\/site\/?s={search_term_string}"},"query-input":{"@type":"PropertyValueSpecification","valueRequired":true,"valueName":"search_term_string"}}],"inLanguage":"pt-BR"},{"@type":"Organization","@id":"https:\/\/www.oarcanjo.net\/site\/#organization","name":"Par\u00f3quia S\u00e3o Miguel Arcanjo","url":"https:\/\/www.oarcanjo.net\/site\/","logo":{"@type":"ImageObject","inLanguage":"pt-BR","@id":"https:\/\/www.oarcanjo.net\/site\/#\/schema\/logo\/image\/","url":"https:\/\/www.oarcanjo.net\/site\/wp-content\/uploads\/LogoOArcanjo.png","contentUrl":"https:\/\/www.oarcanjo.net\/site\/wp-content\/uploads\/LogoOArcanjo.png","width":319,"height":99,"caption":"Par\u00f3quia S\u00e3o Miguel Arcanjo"},"image":{"@id":"https:\/\/www.oarcanjo.net\/site\/#\/schema\/logo\/image\/"},"sameAs":["https:\/\/www.facebook.com\/OArcanjoNoAr\/"]},{"@type":"Person","@id":"https:\/\/www.oarcanjo.net\/site\/#\/schema\/person\/d78ea01c648c91e29c364b516767079e","name":"julio","sameAs":["http:\/\/www.oarcanjo.net"]}]}},"publishpress_future_action":{"enabled":false,"date":"2026-05-06 09:05:54","action":"category","newStatus":"draft","terms":[],"taxonomy":"category"},"publishpress_future_workflow_manual_trigger":{"enabledWorkflows":[]},"_links":{"self":[{"href":"https:\/\/www.oarcanjo.net\/site\/wp-json\/wp\/v2\/posts\/500"}],"collection":[{"href":"https:\/\/www.oarcanjo.net\/site\/wp-json\/wp\/v2\/posts"}],"about":[{"href":"https:\/\/www.oarcanjo.net\/site\/wp-json\/wp\/v2\/types\/post"}],"author":[{"embeddable":true,"href":"https:\/\/www.oarcanjo.net\/site\/wp-json\/wp\/v2\/users\/4"}],"replies":[{"embeddable":true,"href":"https:\/\/www.oarcanjo.net\/site\/wp-json\/wp\/v2\/comments?post=500"}],"version-history":[{"count":0,"href":"https:\/\/www.oarcanjo.net\/site\/wp-json\/wp\/v2\/posts\/500\/revisions"}],"wp:attachment":[{"href":"https:\/\/www.oarcanjo.net\/site\/wp-json\/wp\/v2\/media?parent=500"}],"wp:term":[{"taxonomy":"category","embeddable":true,"href":"https:\/\/www.oarcanjo.net\/site\/wp-json\/wp\/v2\/categories?post=500"},{"taxonomy":"post_tag","embeddable":true,"href":"https:\/\/www.oarcanjo.net\/site\/wp-json\/wp\/v2\/tags?post=500"}],"curies":[{"name":"wp","href":"https:\/\/api.w.org\/{rel}","templated":true}]}}