
{"id":5002,"date":"2009-09-05T09:48:20","date_gmt":"2009-09-05T12:48:20","guid":{"rendered":"http:\/\/www.oarcanjo.net\/site\/?p=5002"},"modified":"2009-09-07T11:40:51","modified_gmt":"2009-09-07T14:40:51","slug":"jesus-nos-faz-ouvir-falar-e-agir","status":"publish","type":"post","link":"https:\/\/www.oarcanjo.net\/site\/jesus-nos-faz-ouvir-falar-e-agir\/","title":{"rendered":"JESUS nos faz ouvir, falar e agir !"},"content":{"rendered":"<p>O texto de Marcos que neste domingo \u00e9 proclamado pode estar querendo nos dizer:<\/p>\n<p>JESUS est\u00e1 querendo fazer com voc\u00ea o mesmo que fez com aquele surdo do Evangelho!<\/p>\n<p>Se vivemos surdos a mensagem de JESUS, se n\u00e3o entendemos seu projeto, nem captamos seu amor aos que sofrem, nos fecharemos em nossos problemas e n\u00e3o escutaremos os do povo. E n\u00e3o saberemos anunciar nenhuma boa not\u00edcia. Deformaremos a mensagem de JESUS.<\/p>\n<p>Para muitos ser\u00e1 dif\u00edcil entender o nosso EVANGELHO, como nos ensina Jos\u00e9 Antonio Pagola.<\/p>\n<p>JESUS tira a exclus\u00e3o, o que aliena, o que impede a comunica\u00e7\u00e3o e a comunh\u00e3o.<\/p>\n<p>JESUS diz ABRA-TE, abrindo o ouvido a pessoa n\u00e3o est\u00e1 mais \u00e0 margem, pode falar e ouvir, comunicar-se e comunicar as maravilhas de DEUS!<\/p>\n<p>Jesus tocando o surdo mudo, \u00e9 o pr\u00f3prio DEUS que se ocupa\u00a0de quem n\u00e3o podia ouvir nem falar, ou seja, ele est\u00e1 reintegrando em sua dignidade e identidade algu\u00e9m que fora privado da vida.<\/p>\n<p>O curado passa a anunciar a evangelizar.<\/p>\n<p>SENHOR, abre os meus ouvidos para TE ouvir para que possa anunciar a TUA presen\u00e7a e o TEU Amor!<\/p>\n<hr \/>\n<p>Assista \u00e0 homilia da missa de 06\/09\/2009:<\/p>\n<p><video style=\"width: 100%; height: auto; aspect-ratio: 480\/334; border: none; overflow: hidden;\" controls>\n                <source src=\"mms:\/\/mms.bizmedia.com.br\/bizmedia\/Homilia20090906-final.wmv\" type=\"video\/x-ms-wmv\">\n                <source src=\"mms:\/\/mms.bizmedia.com.br\/bizmedia\/Homilia20090906-final.wmv\" type=\"video\/wmv\">\n                Your browser does not support the video tag.\n            <\/video><\/p>\n<div id=\"themify_builder_content-5002\" data-postid=\"5002\" class=\"themify_builder_content themify_builder_content-5002 themify_builder themify_builder_front\">\n\t<\/div>\n<!-- \/themify_builder_content -->","protected":false},"excerpt":{"rendered":"<p>O texto de Marcos que neste domingo \u00e9 proclamado pode estar querendo nos dizer: JESUS est\u00e1 querendo fazer com voc\u00ea o mesmo que fez com aquele surdo do Evangelho! Se vivemos surdos a mensagem de JESUS, se n\u00e3o entendemos seu projeto, nem captamos seu amor aos que sofrem, nos fecharemos em nossos problemas e n\u00e3o [&hellip;]<\/p>\n","protected":false},"author":4,"featured_media":0,"comment_status":"open","ping_status":"open","sticky":false,"template":"","format":"standard","meta":{"ngg_post_thumbnail":0,"footnotes":""},"categories":[4,475],"tags":[774,1045,1046],"yoast_head":"<!-- This site is optimized with the Yoast SEO plugin v23.5 - https:\/\/yoast.com\/wordpress\/plugins\/seo\/ -->\n<title>JESUS nos faz ouvir, falar e agir ! - O Arcanjo no ar<\/title>\n<meta name=\"robots\" content=\"index, follow, max-snippet:-1, max-image-preview:large, max-video-preview:-1\" \/>\n<link rel=\"canonical\" href=\"https:\/\/www.oarcanjo.net\/site\/jesus-nos-faz-ouvir-falar-e-agir\/\" \/>\n<meta property=\"og:locale\" content=\"pt_BR\" \/>\n<meta property=\"og:type\" content=\"article\" \/>\n<meta property=\"og:title\" content=\"JESUS nos faz ouvir, falar e agir ! - O Arcanjo no ar\" \/>\n<meta property=\"og:description\" content=\"O texto de Marcos que neste domingo \u00e9 proclamado pode estar querendo nos dizer: JESUS est\u00e1 querendo fazer com voc\u00ea o mesmo que fez com aquele surdo do Evangelho! Se vivemos surdos a mensagem de JESUS, se n\u00e3o entendemos seu projeto, nem captamos seu amor aos que sofrem, nos fecharemos em nossos problemas e n\u00e3o [&hellip;]\" \/>\n<meta property=\"og:url\" content=\"https:\/\/www.oarcanjo.net\/site\/jesus-nos-faz-ouvir-falar-e-agir\/\" \/>\n<meta property=\"og:site_name\" content=\"O Arcanjo no ar\" \/>\n<meta property=\"article:publisher\" content=\"https:\/\/www.facebook.com\/OArcanjoNoAr\/\" \/>\n<meta property=\"article:published_time\" content=\"2009-09-05T12:48:20+00:00\" \/>\n<meta property=\"article:modified_time\" content=\"2009-09-07T14:40:51+00:00\" \/>\n<meta property=\"og:image\" content=\"https:\/\/www.oarcanjo.net\/site\/wp-content\/uploads\/logo-o-arcanjo-no-ar-facebook.png\" \/>\n\t<meta property=\"og:image:width\" content=\"300\" \/>\n\t<meta property=\"og:image:height\" content=\"300\" \/>\n\t<meta property=\"og:image:type\" content=\"image\/png\" \/>\n<meta name=\"author\" content=\"julio\" \/>\n<meta name=\"twitter:card\" content=\"summary_large_image\" \/>\n<meta name=\"twitter:label1\" content=\"Escrito por\" \/>\n\t<meta name=\"twitter:data1\" content=\"julio\" \/>\n\t<meta name=\"twitter:label2\" content=\"Est. tempo de leitura\" \/>\n\t<meta name=\"twitter:data2\" content=\"1 minuto\" \/>\n<script type=\"application\/ld+json\" class=\"yoast-schema-graph\">{\"@context\":\"https:\/\/schema.org\",\"@graph\":[{\"@type\":\"Article\",\"@id\":\"https:\/\/www.oarcanjo.net\/site\/jesus-nos-faz-ouvir-falar-e-agir\/#article\",\"isPartOf\":{\"@id\":\"https:\/\/www.oarcanjo.net\/site\/jesus-nos-faz-ouvir-falar-e-agir\/\"},\"author\":{\"name\":\"julio\",\"@id\":\"https:\/\/www.oarcanjo.net\/site\/#\/schema\/person\/d78ea01c648c91e29c364b516767079e\"},\"headline\":\"JESUS nos faz ouvir, falar e agir !\",\"datePublished\":\"2009-09-05T12:48:20+00:00\",\"dateModified\":\"2009-09-07T14:40:51+00:00\",\"mainEntityOfPage\":{\"@id\":\"https:\/\/www.oarcanjo.net\/site\/jesus-nos-faz-ouvir-falar-e-agir\/\"},\"wordCount\":218,\"commentCount\":11,\"publisher\":{\"@id\":\"https:\/\/www.oarcanjo.net\/site\/#organization\"},\"keywords\":[\"Cura\",\"inclus\u00e3o\",\"reintegra\u00e7\u00e3o\"],\"articleSection\":[\"Blog\",\"Homilias\"],\"inLanguage\":\"pt-BR\",\"potentialAction\":[{\"@type\":\"CommentAction\",\"name\":\"Comment\",\"target\":[\"https:\/\/www.oarcanjo.net\/site\/jesus-nos-faz-ouvir-falar-e-agir\/#respond\"]}]},{\"@type\":\"WebPage\",\"@id\":\"https:\/\/www.oarcanjo.net\/site\/jesus-nos-faz-ouvir-falar-e-agir\/\",\"url\":\"https:\/\/www.oarcanjo.net\/site\/jesus-nos-faz-ouvir-falar-e-agir\/\",\"name\":\"JESUS nos faz ouvir, falar e agir ! - O Arcanjo no ar\",\"isPartOf\":{\"@id\":\"https:\/\/www.oarcanjo.net\/site\/#website\"},\"datePublished\":\"2009-09-05T12:48:20+00:00\",\"dateModified\":\"2009-09-07T14:40:51+00:00\",\"breadcrumb\":{\"@id\":\"https:\/\/www.oarcanjo.net\/site\/jesus-nos-faz-ouvir-falar-e-agir\/#breadcrumb\"},\"inLanguage\":\"pt-BR\",\"potentialAction\":[{\"@type\":\"ReadAction\",\"target\":[\"https:\/\/www.oarcanjo.net\/site\/jesus-nos-faz-ouvir-falar-e-agir\/\"]}]},{\"@type\":\"BreadcrumbList\",\"@id\":\"https:\/\/www.oarcanjo.net\/site\/jesus-nos-faz-ouvir-falar-e-agir\/#breadcrumb\",\"itemListElement\":[{\"@type\":\"ListItem\",\"position\":1,\"name\":\"In\u00edcio\",\"item\":\"https:\/\/www.oarcanjo.net\/site\/\"},{\"@type\":\"ListItem\",\"position\":2,\"name\":\"JESUS nos faz ouvir, falar e agir !\"}]},{\"@type\":\"WebSite\",\"@id\":\"https:\/\/www.oarcanjo.net\/site\/#website\",\"url\":\"https:\/\/www.oarcanjo.net\/site\/\",\"name\":\"O Arcanjo no ar\",\"description\":\"Site da Par\u00f3quia S\u00e3o Miguel Arcanjo (Arquidiocese de SP)\",\"publisher\":{\"@id\":\"https:\/\/www.oarcanjo.net\/site\/#organization\"},\"potentialAction\":[{\"@type\":\"SearchAction\",\"target\":{\"@type\":\"EntryPoint\",\"urlTemplate\":\"https:\/\/www.oarcanjo.net\/site\/?s={search_term_string}\"},\"query-input\":{\"@type\":\"PropertyValueSpecification\",\"valueRequired\":true,\"valueName\":\"search_term_string\"}}],\"inLanguage\":\"pt-BR\"},{\"@type\":\"Organization\",\"@id\":\"https:\/\/www.oarcanjo.net\/site\/#organization\",\"name\":\"Par\u00f3quia S\u00e3o Miguel Arcanjo\",\"url\":\"https:\/\/www.oarcanjo.net\/site\/\",\"logo\":{\"@type\":\"ImageObject\",\"inLanguage\":\"pt-BR\",\"@id\":\"https:\/\/www.oarcanjo.net\/site\/#\/schema\/logo\/image\/\",\"url\":\"https:\/\/www.oarcanjo.net\/site\/wp-content\/uploads\/LogoOArcanjo.png\",\"contentUrl\":\"https:\/\/www.oarcanjo.net\/site\/wp-content\/uploads\/LogoOArcanjo.png\",\"width\":319,\"height\":99,\"caption\":\"Par\u00f3quia S\u00e3o Miguel Arcanjo\"},\"image\":{\"@id\":\"https:\/\/www.oarcanjo.net\/site\/#\/schema\/logo\/image\/\"},\"sameAs\":[\"https:\/\/www.facebook.com\/OArcanjoNoAr\/\"]},{\"@type\":\"Person\",\"@id\":\"https:\/\/www.oarcanjo.net\/site\/#\/schema\/person\/d78ea01c648c91e29c364b516767079e\",\"name\":\"julio\",\"sameAs\":[\"http:\/\/www.oarcanjo.net\"]}]}<\/script>\n<!-- \/ Yoast SEO plugin. -->","yoast_head_json":{"title":"JESUS nos faz ouvir, falar e agir ! - O Arcanjo no ar","robots":{"index":"index","follow":"follow","max-snippet":"max-snippet:-1","max-image-preview":"max-image-preview:large","max-video-preview":"max-video-preview:-1"},"canonical":"https:\/\/www.oarcanjo.net\/site\/jesus-nos-faz-ouvir-falar-e-agir\/","og_locale":"pt_BR","og_type":"article","og_title":"JESUS nos faz ouvir, falar e agir ! - O Arcanjo no ar","og_description":"O texto de Marcos que neste domingo \u00e9 proclamado pode estar querendo nos dizer: JESUS est\u00e1 querendo fazer com voc\u00ea o mesmo que fez com aquele surdo do Evangelho! Se vivemos surdos a mensagem de JESUS, se n\u00e3o entendemos seu projeto, nem captamos seu amor aos que sofrem, nos fecharemos em nossos problemas e n\u00e3o [&hellip;]","og_url":"https:\/\/www.oarcanjo.net\/site\/jesus-nos-faz-ouvir-falar-e-agir\/","og_site_name":"O Arcanjo no ar","article_publisher":"https:\/\/www.facebook.com\/OArcanjoNoAr\/","article_published_time":"2009-09-05T12:48:20+00:00","article_modified_time":"2009-09-07T14:40:51+00:00","og_image":[{"width":300,"height":300,"url":"https:\/\/www.oarcanjo.net\/site\/wp-content\/uploads\/logo-o-arcanjo-no-ar-facebook.png","type":"image\/png"}],"author":"julio","twitter_card":"summary_large_image","twitter_misc":{"Escrito por":"julio","Est. tempo de leitura":"1 minuto"},"schema":{"@context":"https:\/\/schema.org","@graph":[{"@type":"Article","@id":"https:\/\/www.oarcanjo.net\/site\/jesus-nos-faz-ouvir-falar-e-agir\/#article","isPartOf":{"@id":"https:\/\/www.oarcanjo.net\/site\/jesus-nos-faz-ouvir-falar-e-agir\/"},"author":{"name":"julio","@id":"https:\/\/www.oarcanjo.net\/site\/#\/schema\/person\/d78ea01c648c91e29c364b516767079e"},"headline":"JESUS nos faz ouvir, falar e agir !","datePublished":"2009-09-05T12:48:20+00:00","dateModified":"2009-09-07T14:40:51+00:00","mainEntityOfPage":{"@id":"https:\/\/www.oarcanjo.net\/site\/jesus-nos-faz-ouvir-falar-e-agir\/"},"wordCount":218,"commentCount":11,"publisher":{"@id":"https:\/\/www.oarcanjo.net\/site\/#organization"},"keywords":["Cura","inclus\u00e3o","reintegra\u00e7\u00e3o"],"articleSection":["Blog","Homilias"],"inLanguage":"pt-BR","potentialAction":[{"@type":"CommentAction","name":"Comment","target":["https:\/\/www.oarcanjo.net\/site\/jesus-nos-faz-ouvir-falar-e-agir\/#respond"]}]},{"@type":"WebPage","@id":"https:\/\/www.oarcanjo.net\/site\/jesus-nos-faz-ouvir-falar-e-agir\/","url":"https:\/\/www.oarcanjo.net\/site\/jesus-nos-faz-ouvir-falar-e-agir\/","name":"JESUS nos faz ouvir, falar e agir ! - O Arcanjo no ar","isPartOf":{"@id":"https:\/\/www.oarcanjo.net\/site\/#website"},"datePublished":"2009-09-05T12:48:20+00:00","dateModified":"2009-09-07T14:40:51+00:00","breadcrumb":{"@id":"https:\/\/www.oarcanjo.net\/site\/jesus-nos-faz-ouvir-falar-e-agir\/#breadcrumb"},"inLanguage":"pt-BR","potentialAction":[{"@type":"ReadAction","target":["https:\/\/www.oarcanjo.net\/site\/jesus-nos-faz-ouvir-falar-e-agir\/"]}]},{"@type":"BreadcrumbList","@id":"https:\/\/www.oarcanjo.net\/site\/jesus-nos-faz-ouvir-falar-e-agir\/#breadcrumb","itemListElement":[{"@type":"ListItem","position":1,"name":"In\u00edcio","item":"https:\/\/www.oarcanjo.net\/site\/"},{"@type":"ListItem","position":2,"name":"JESUS nos faz ouvir, falar e agir !"}]},{"@type":"WebSite","@id":"https:\/\/www.oarcanjo.net\/site\/#website","url":"https:\/\/www.oarcanjo.net\/site\/","name":"O Arcanjo no ar","description":"Site da Par\u00f3quia S\u00e3o Miguel Arcanjo (Arquidiocese de SP)","publisher":{"@id":"https:\/\/www.oarcanjo.net\/site\/#organization"},"potentialAction":[{"@type":"SearchAction","target":{"@type":"EntryPoint","urlTemplate":"https:\/\/www.oarcanjo.net\/site\/?s={search_term_string}"},"query-input":{"@type":"PropertyValueSpecification","valueRequired":true,"valueName":"search_term_string"}}],"inLanguage":"pt-BR"},{"@type":"Organization","@id":"https:\/\/www.oarcanjo.net\/site\/#organization","name":"Par\u00f3quia S\u00e3o Miguel Arcanjo","url":"https:\/\/www.oarcanjo.net\/site\/","logo":{"@type":"ImageObject","inLanguage":"pt-BR","@id":"https:\/\/www.oarcanjo.net\/site\/#\/schema\/logo\/image\/","url":"https:\/\/www.oarcanjo.net\/site\/wp-content\/uploads\/LogoOArcanjo.png","contentUrl":"https:\/\/www.oarcanjo.net\/site\/wp-content\/uploads\/LogoOArcanjo.png","width":319,"height":99,"caption":"Par\u00f3quia S\u00e3o Miguel Arcanjo"},"image":{"@id":"https:\/\/www.oarcanjo.net\/site\/#\/schema\/logo\/image\/"},"sameAs":["https:\/\/www.facebook.com\/OArcanjoNoAr\/"]},{"@type":"Person","@id":"https:\/\/www.oarcanjo.net\/site\/#\/schema\/person\/d78ea01c648c91e29c364b516767079e","name":"julio","sameAs":["http:\/\/www.oarcanjo.net"]}]}},"publishpress_future_action":{"enabled":false,"date":"2026-05-09 00:21:32","action":"category","newStatus":"draft","terms":[],"taxonomy":"category"},"publishpress_future_workflow_manual_trigger":{"enabledWorkflows":[]},"_links":{"self":[{"href":"https:\/\/www.oarcanjo.net\/site\/wp-json\/wp\/v2\/posts\/5002"}],"collection":[{"href":"https:\/\/www.oarcanjo.net\/site\/wp-json\/wp\/v2\/posts"}],"about":[{"href":"https:\/\/www.oarcanjo.net\/site\/wp-json\/wp\/v2\/types\/post"}],"author":[{"embeddable":true,"href":"https:\/\/www.oarcanjo.net\/site\/wp-json\/wp\/v2\/users\/4"}],"replies":[{"embeddable":true,"href":"https:\/\/www.oarcanjo.net\/site\/wp-json\/wp\/v2\/comments?post=5002"}],"version-history":[{"count":0,"href":"https:\/\/www.oarcanjo.net\/site\/wp-json\/wp\/v2\/posts\/5002\/revisions"}],"wp:attachment":[{"href":"https:\/\/www.oarcanjo.net\/site\/wp-json\/wp\/v2\/media?parent=5002"}],"wp:term":[{"taxonomy":"category","embeddable":true,"href":"https:\/\/www.oarcanjo.net\/site\/wp-json\/wp\/v2\/categories?post=5002"},{"taxonomy":"post_tag","embeddable":true,"href":"https:\/\/www.oarcanjo.net\/site\/wp-json\/wp\/v2\/tags?post=5002"}],"curies":[{"name":"wp","href":"https:\/\/api.w.org\/{rel}","templated":true}]}}