
{"id":5006,"date":"2009-09-05T17:46:05","date_gmt":"2009-09-05T20:46:05","guid":{"rendered":"http:\/\/www.oarcanjo.net\/site\/?p=5006"},"modified":"2009-09-05T17:46:05","modified_gmt":"2009-09-05T20:46:05","slug":"grito-dos-excluidos-mobilizacoes-marcam-o-dia-da-independencia-em-todo-o-brasil","status":"publish","type":"post","link":"https:\/\/www.oarcanjo.net\/site\/grito-dos-excluidos-mobilizacoes-marcam-o-dia-da-independencia-em-todo-o-brasil\/","title":{"rendered":"Grito dos exclu\u00eddos: mobiliza\u00e7\u00f5es marcam o Dia da Independ\u00eancia em todo o Brasil"},"content":{"rendered":"<p>Ag\u00eancia Adital<\/p>\n<p>No pr\u00f3ximo dia 7 de Setembro &#8211; dia da suposta Independ\u00eancia do Brasil &#8211; centenas de organiza\u00e7\u00f5es civis, movimentos sociais, entidades, cidad\u00e3os e cidad\u00e3s, levar\u00e3o para as ruas de diversas cidades brasileiras suas demandas, motivadas pelo desejo profundo por um Brasil melhor e mais justo. Em sua 15\u00aa edi\u00e7\u00e3o, o Grito dos Exclu\u00eddos traduz bem essa urg\u00eancia, constatando em seu tema que &#8220;A for\u00e7a da transforma\u00e7\u00e3o est\u00e1 na organiza\u00e7\u00e3o popular&#8221;.<\/p>\n<p>Marchas, celebra\u00e7\u00f5es, caminhadas, palestras, protestos, romarias. V\u00e1rias s\u00e3o as formas de manifesta\u00e7\u00f5es do Grito dos Exclu\u00eddos. O objetivo \u00e9 tornar evidente as desigualdades sociais, expor os preju\u00edzos que o modelo econ\u00f4mico vigente traz para a popula\u00e7\u00e3o exclu\u00edda, denunciar os danos causados pelas empresas que n\u00e3o respeitam o meio ambiente, denunciar a corrup\u00e7\u00e3o e o papel desempenhando pelo Brasil nesse contexto de exclus\u00e3o.<\/p>\n<p>De acordo com Luiz Bassegio, Secret\u00e1rio do Grito dos Exclu\u00eddos Continental, alguns eixos b\u00e1sicos e principais ser\u00e3o refletidos nesta edi\u00e7\u00e3o como o Projeto Popular Nacional com base na sustentabilidade e contra todas as formas de imperialismo. &#8220;N\u00e3o \u00e9 s\u00f3 o imperialismo norte-americano, mas tamb\u00e9m o imperialismo que o Brasil exerce sobre alguns pa\u00edses da Am\u00e9rica&#8221;, esclarece.<\/p>\n<p>Outro ponto \u00e9 a Defesa, Amplia\u00e7\u00e3o e Universaliza\u00e7\u00e3o dos direitos, al\u00e9m daqueles j\u00e1 previstos na constitui\u00e7\u00e3o. Um dos eixos fundamentais, diz o secret\u00e1rio, \u00e9 a Integra\u00e7\u00e3o dos Povos e n\u00e3o s\u00f3 dos mercados como o sistema financeiro quer. &#8220;A integra\u00e7\u00e3o dos povos e a troca de experi\u00eancias enriquece a todos&#8221;, refor\u00e7a.<\/p>\n<p>Ao longo desses 15 anos \u00e9 expressiva a participa\u00e7\u00e3o das localidades que se envolvem com o evento. Atualmente, cerca de 500 cidades j\u00e1 aderiram ao evento. E \u00e9 fato: para os militantes, o Grito mudou a cara do desfile de 7 de setembro. &#8220;Antes era s\u00f3 desfile de alunos, das escolas e dos militares. Hoje os exclu\u00eddos tamb\u00e9m participam e mostram sua cara para o pa\u00eds&#8221;, diz, ressaltando que o Brasil \u00e9 um pa\u00eds feito tamb\u00e9m dos exclu\u00eddos.<\/p>\n<p>Algumas hist\u00f3rias marcam a trajet\u00f3ria do movimento. O secret\u00e1rio conta que numa das edi\u00e7\u00f5es, em Porto Velho (RO), a pol\u00edcia n\u00e3o permitiu que os manifestantes entrassem na Avenida Dom Pedro, onde acontecia o desfile oficial. Ent\u00e3o, alguns membros distra\u00edram os policiais, enquanto a maioria foi para o final da avenida, entrando na contra m\u00e3o do desfile. J\u00e1 em Minas Gerais, uma determinada cidade n\u00e3o teria manifesta\u00e7\u00e3o do Grito por falta de organiza\u00e7\u00e3o antecipada. Para que a data n\u00e3o passasse em branco, um grupo comprou cart\u00f5es vermelhos e apitos e distribuiu numa feira livre. O resultado foi uma manifesta\u00e7\u00e3o criativa e inesperada.<\/p>\n<p>Luiz Bassegio enfatiza que uma das caracter\u00edsticas do grito \u00e9 a ousadia e a criatividade. E ressalta que essa manifesta\u00e7\u00e3o popular e social mostra que o grau de exclus\u00e3o ainda \u00e9 grande no pa\u00eds. Mas ele comemora como avan\u00e7o a participa\u00e7\u00e3o pol\u00edtica dos exclu\u00eddos.<\/p>\n<p><strong>Pr\u00e9-Grito<\/strong><\/p>\n<p>Diversas cidades brasileiras come\u00e7am a se organizar com meses de anteced\u00eancia. Algumas realizam o &#8220;Pr\u00e9-Grito&#8221;, um momento preparat\u00f3rio que mostra um pouco do que ser\u00e1 feito no grande dia.<\/p>\n<p>Em S\u00e3o Paulo, manifestantes se reunir\u00e3o na Catedral da S\u00e9, na capital, \u00e0s 8h e depois seguem para o Parque do Ipiranga, local onde foi dado o Grito de Independ\u00eancia do pa\u00eds. Na Para\u00edba a caminhada do grito aconteceu dia 3 e teve grupos tem\u00e1ticos protestando contra a Criminaliza\u00e7\u00e3o dos Movimentos Sociais e da Pobreza, al\u00e9m de gritar em prol dos direitos humanos, reforma agr\u00e1ria e defesa da natureza.<\/p>\n<p>J\u00e1 na capital federal, Bras\u00edlia, o Pr\u00e9-Grito aconteceu no dia 29 de agosto. Na ocasi\u00e3o, os manifestantes fizeram um julgamento popular do governador Jos\u00e9 Roberto Arruda, por crimes contra a popula\u00e7\u00e3o. Os militantes pediram a cassa\u00e7\u00e3o dos direitos pol\u00edticos e pris\u00e3o de 150 anos denunciando crimes de corrup\u00e7\u00e3o, improbidade administrativa, compra de votos, fraudes em licita\u00e7\u00f5es, entre outros. No dia 7 o Grito ser\u00e1 realizado na Esplanada dos Minist\u00e9rios e pelo teor do ato preparat\u00f3rio \u00e9 poss\u00edvel imaginar o que vai acontecer.<\/p>\n<p><strong>O Grito<\/strong><\/p>\n<p>Embalados pelo entusiasmo da Campanha da Fraternidade de 1995 que voltava seu tema para a quest\u00e3o do exclu\u00eddos, os envolvidos na campanha, realizaram, sem imaginar que criariam tradi\u00e7\u00e3o, o 1\u00b0 do que viria a ser uma s\u00e9rie de Grito dos Exclu\u00eddos. Atualmente, o Grito tomou dimens\u00f5es maiores e, agora, acontece em v\u00e1rios Continentes no dia 12 de outubro.<\/p>\n<div id=\"themify_builder_content-5006\" data-postid=\"5006\" class=\"themify_builder_content themify_builder_content-5006 themify_builder themify_builder_front\">\n\t<\/div>\n<!-- \/themify_builder_content -->","protected":false},"excerpt":{"rendered":"<p>Ag\u00eancia Adital No pr\u00f3ximo dia 7 de Setembro &#8211; dia da suposta Independ\u00eancia do Brasil &#8211; centenas de organiza\u00e7\u00f5es civis, movimentos sociais, entidades, cidad\u00e3os e cidad\u00e3s, levar\u00e3o para as ruas de diversas cidades brasileiras suas demandas, motivadas pelo desejo profundo por um Brasil melhor e mais justo. Em sua 15\u00aa edi\u00e7\u00e3o, o Grito dos Exclu\u00eddos [&hellip;]<\/p>\n","protected":false},"author":5,"featured_media":0,"comment_status":"open","ping_status":"open","sticky":false,"template":"","format":"standard","meta":{"ngg_post_thumbnail":0,"footnotes":""},"categories":[8],"tags":[44,1040,1021,88],"yoast_head":"<!-- This site is optimized with the Yoast SEO plugin v23.5 - https:\/\/yoast.com\/wordpress\/plugins\/seo\/ -->\n<title>Grito dos exclu\u00eddos: mobiliza\u00e7\u00f5es marcam o Dia da Independ\u00eancia em todo o Brasil - O Arcanjo no ar<\/title>\n<meta name=\"robots\" content=\"index, follow, max-snippet:-1, max-image-preview:large, max-video-preview:-1\" \/>\n<link rel=\"canonical\" href=\"https:\/\/www.oarcanjo.net\/site\/grito-dos-excluidos-mobilizacoes-marcam-o-dia-da-independencia-em-todo-o-brasil\/\" \/>\n<meta property=\"og:locale\" content=\"pt_BR\" \/>\n<meta property=\"og:type\" content=\"article\" \/>\n<meta property=\"og:title\" content=\"Grito dos exclu\u00eddos: mobiliza\u00e7\u00f5es marcam o Dia da Independ\u00eancia em todo o Brasil - O Arcanjo no ar\" \/>\n<meta property=\"og:description\" content=\"Ag\u00eancia Adital No pr\u00f3ximo dia 7 de Setembro &#8211; dia da suposta Independ\u00eancia do Brasil &#8211; centenas de organiza\u00e7\u00f5es civis, movimentos sociais, entidades, cidad\u00e3os e cidad\u00e3s, levar\u00e3o para as ruas de diversas cidades brasileiras suas demandas, motivadas pelo desejo profundo por um Brasil melhor e mais justo. Em sua 15\u00aa edi\u00e7\u00e3o, o Grito dos Exclu\u00eddos [&hellip;]\" \/>\n<meta property=\"og:url\" content=\"https:\/\/www.oarcanjo.net\/site\/grito-dos-excluidos-mobilizacoes-marcam-o-dia-da-independencia-em-todo-o-brasil\/\" \/>\n<meta property=\"og:site_name\" content=\"O Arcanjo no ar\" \/>\n<meta property=\"article:publisher\" content=\"https:\/\/www.facebook.com\/OArcanjoNoAr\/\" \/>\n<meta property=\"article:published_time\" content=\"2009-09-05T20:46:05+00:00\" \/>\n<meta property=\"og:image\" content=\"https:\/\/www.oarcanjo.net\/site\/wp-content\/uploads\/logo-o-arcanjo-no-ar-facebook.png\" \/>\n\t<meta property=\"og:image:width\" content=\"300\" \/>\n\t<meta property=\"og:image:height\" content=\"300\" \/>\n\t<meta property=\"og:image:type\" content=\"image\/png\" \/>\n<meta name=\"author\" content=\"editor\" \/>\n<meta name=\"twitter:card\" content=\"summary_large_image\" \/>\n<meta name=\"twitter:label1\" content=\"Escrito por\" \/>\n\t<meta name=\"twitter:data1\" content=\"editor\" \/>\n\t<meta name=\"twitter:label2\" content=\"Est. tempo de leitura\" \/>\n\t<meta name=\"twitter:data2\" content=\"4 minutos\" \/>\n<script type=\"application\/ld+json\" class=\"yoast-schema-graph\">{\"@context\":\"https:\/\/schema.org\",\"@graph\":[{\"@type\":\"Article\",\"@id\":\"https:\/\/www.oarcanjo.net\/site\/grito-dos-excluidos-mobilizacoes-marcam-o-dia-da-independencia-em-todo-o-brasil\/#article\",\"isPartOf\":{\"@id\":\"https:\/\/www.oarcanjo.net\/site\/grito-dos-excluidos-mobilizacoes-marcam-o-dia-da-independencia-em-todo-o-brasil\/\"},\"author\":{\"name\":\"editor\",\"@id\":\"https:\/\/www.oarcanjo.net\/site\/#\/schema\/person\/f7024d007863202483a31326673a0838\"},\"headline\":\"Grito dos exclu\u00eddos: mobiliza\u00e7\u00f5es marcam o Dia da Independ\u00eancia em todo o Brasil\",\"datePublished\":\"2009-09-05T20:46:05+00:00\",\"dateModified\":\"2009-09-05T20:46:05+00:00\",\"mainEntityOfPage\":{\"@id\":\"https:\/\/www.oarcanjo.net\/site\/grito-dos-excluidos-mobilizacoes-marcam-o-dia-da-independencia-em-todo-o-brasil\/\"},\"wordCount\":806,\"commentCount\":0,\"publisher\":{\"@id\":\"https:\/\/www.oarcanjo.net\/site\/#organization\"},\"keywords\":[\"grito dos exclu\u00eddos\",\"Independ\u00eancia\",\"mobiliza\u00e7\u00e3o popular\",\"solidariedade\"],\"articleSection\":[\"Not\u00edcias\"],\"inLanguage\":\"pt-BR\",\"potentialAction\":[{\"@type\":\"CommentAction\",\"name\":\"Comment\",\"target\":[\"https:\/\/www.oarcanjo.net\/site\/grito-dos-excluidos-mobilizacoes-marcam-o-dia-da-independencia-em-todo-o-brasil\/#respond\"]}]},{\"@type\":\"WebPage\",\"@id\":\"https:\/\/www.oarcanjo.net\/site\/grito-dos-excluidos-mobilizacoes-marcam-o-dia-da-independencia-em-todo-o-brasil\/\",\"url\":\"https:\/\/www.oarcanjo.net\/site\/grito-dos-excluidos-mobilizacoes-marcam-o-dia-da-independencia-em-todo-o-brasil\/\",\"name\":\"Grito dos exclu\u00eddos: mobiliza\u00e7\u00f5es marcam o Dia da Independ\u00eancia em todo o Brasil - O Arcanjo no ar\",\"isPartOf\":{\"@id\":\"https:\/\/www.oarcanjo.net\/site\/#website\"},\"datePublished\":\"2009-09-05T20:46:05+00:00\",\"dateModified\":\"2009-09-05T20:46:05+00:00\",\"breadcrumb\":{\"@id\":\"https:\/\/www.oarcanjo.net\/site\/grito-dos-excluidos-mobilizacoes-marcam-o-dia-da-independencia-em-todo-o-brasil\/#breadcrumb\"},\"inLanguage\":\"pt-BR\",\"potentialAction\":[{\"@type\":\"ReadAction\",\"target\":[\"https:\/\/www.oarcanjo.net\/site\/grito-dos-excluidos-mobilizacoes-marcam-o-dia-da-independencia-em-todo-o-brasil\/\"]}]},{\"@type\":\"BreadcrumbList\",\"@id\":\"https:\/\/www.oarcanjo.net\/site\/grito-dos-excluidos-mobilizacoes-marcam-o-dia-da-independencia-em-todo-o-brasil\/#breadcrumb\",\"itemListElement\":[{\"@type\":\"ListItem\",\"position\":1,\"name\":\"In\u00edcio\",\"item\":\"https:\/\/www.oarcanjo.net\/site\/\"},{\"@type\":\"ListItem\",\"position\":2,\"name\":\"Grito dos exclu\u00eddos: mobiliza\u00e7\u00f5es marcam o Dia da Independ\u00eancia em todo o Brasil\"}]},{\"@type\":\"WebSite\",\"@id\":\"https:\/\/www.oarcanjo.net\/site\/#website\",\"url\":\"https:\/\/www.oarcanjo.net\/site\/\",\"name\":\"O Arcanjo no ar\",\"description\":\"Site da Par\u00f3quia S\u00e3o Miguel Arcanjo (Arquidiocese de SP)\",\"publisher\":{\"@id\":\"https:\/\/www.oarcanjo.net\/site\/#organization\"},\"potentialAction\":[{\"@type\":\"SearchAction\",\"target\":{\"@type\":\"EntryPoint\",\"urlTemplate\":\"https:\/\/www.oarcanjo.net\/site\/?s={search_term_string}\"},\"query-input\":{\"@type\":\"PropertyValueSpecification\",\"valueRequired\":true,\"valueName\":\"search_term_string\"}}],\"inLanguage\":\"pt-BR\"},{\"@type\":\"Organization\",\"@id\":\"https:\/\/www.oarcanjo.net\/site\/#organization\",\"name\":\"Par\u00f3quia S\u00e3o Miguel Arcanjo\",\"url\":\"https:\/\/www.oarcanjo.net\/site\/\",\"logo\":{\"@type\":\"ImageObject\",\"inLanguage\":\"pt-BR\",\"@id\":\"https:\/\/www.oarcanjo.net\/site\/#\/schema\/logo\/image\/\",\"url\":\"https:\/\/www.oarcanjo.net\/site\/wp-content\/uploads\/LogoOArcanjo.png\",\"contentUrl\":\"https:\/\/www.oarcanjo.net\/site\/wp-content\/uploads\/LogoOArcanjo.png\",\"width\":319,\"height\":99,\"caption\":\"Par\u00f3quia S\u00e3o Miguel Arcanjo\"},\"image\":{\"@id\":\"https:\/\/www.oarcanjo.net\/site\/#\/schema\/logo\/image\/\"},\"sameAs\":[\"https:\/\/www.facebook.com\/OArcanjoNoAr\/\"]},{\"@type\":\"Person\",\"@id\":\"https:\/\/www.oarcanjo.net\/site\/#\/schema\/person\/f7024d007863202483a31326673a0838\",\"name\":\"editor\",\"sameAs\":[\"http:\/\/www.oarcanjo.net\"]}]}<\/script>\n<!-- \/ Yoast SEO plugin. -->","yoast_head_json":{"title":"Grito dos exclu\u00eddos: mobiliza\u00e7\u00f5es marcam o Dia da Independ\u00eancia em todo o Brasil - O Arcanjo no ar","robots":{"index":"index","follow":"follow","max-snippet":"max-snippet:-1","max-image-preview":"max-image-preview:large","max-video-preview":"max-video-preview:-1"},"canonical":"https:\/\/www.oarcanjo.net\/site\/grito-dos-excluidos-mobilizacoes-marcam-o-dia-da-independencia-em-todo-o-brasil\/","og_locale":"pt_BR","og_type":"article","og_title":"Grito dos exclu\u00eddos: mobiliza\u00e7\u00f5es marcam o Dia da Independ\u00eancia em todo o Brasil - O Arcanjo no ar","og_description":"Ag\u00eancia Adital No pr\u00f3ximo dia 7 de Setembro &#8211; dia da suposta Independ\u00eancia do Brasil &#8211; centenas de organiza\u00e7\u00f5es civis, movimentos sociais, entidades, cidad\u00e3os e cidad\u00e3s, levar\u00e3o para as ruas de diversas cidades brasileiras suas demandas, motivadas pelo desejo profundo por um Brasil melhor e mais justo. Em sua 15\u00aa edi\u00e7\u00e3o, o Grito dos Exclu\u00eddos [&hellip;]","og_url":"https:\/\/www.oarcanjo.net\/site\/grito-dos-excluidos-mobilizacoes-marcam-o-dia-da-independencia-em-todo-o-brasil\/","og_site_name":"O Arcanjo no ar","article_publisher":"https:\/\/www.facebook.com\/OArcanjoNoAr\/","article_published_time":"2009-09-05T20:46:05+00:00","og_image":[{"width":300,"height":300,"url":"https:\/\/www.oarcanjo.net\/site\/wp-content\/uploads\/logo-o-arcanjo-no-ar-facebook.png","type":"image\/png"}],"author":"editor","twitter_card":"summary_large_image","twitter_misc":{"Escrito por":"editor","Est. tempo de leitura":"4 minutos"},"schema":{"@context":"https:\/\/schema.org","@graph":[{"@type":"Article","@id":"https:\/\/www.oarcanjo.net\/site\/grito-dos-excluidos-mobilizacoes-marcam-o-dia-da-independencia-em-todo-o-brasil\/#article","isPartOf":{"@id":"https:\/\/www.oarcanjo.net\/site\/grito-dos-excluidos-mobilizacoes-marcam-o-dia-da-independencia-em-todo-o-brasil\/"},"author":{"name":"editor","@id":"https:\/\/www.oarcanjo.net\/site\/#\/schema\/person\/f7024d007863202483a31326673a0838"},"headline":"Grito dos exclu\u00eddos: mobiliza\u00e7\u00f5es marcam o Dia da Independ\u00eancia em todo o Brasil","datePublished":"2009-09-05T20:46:05+00:00","dateModified":"2009-09-05T20:46:05+00:00","mainEntityOfPage":{"@id":"https:\/\/www.oarcanjo.net\/site\/grito-dos-excluidos-mobilizacoes-marcam-o-dia-da-independencia-em-todo-o-brasil\/"},"wordCount":806,"commentCount":0,"publisher":{"@id":"https:\/\/www.oarcanjo.net\/site\/#organization"},"keywords":["grito dos exclu\u00eddos","Independ\u00eancia","mobiliza\u00e7\u00e3o popular","solidariedade"],"articleSection":["Not\u00edcias"],"inLanguage":"pt-BR","potentialAction":[{"@type":"CommentAction","name":"Comment","target":["https:\/\/www.oarcanjo.net\/site\/grito-dos-excluidos-mobilizacoes-marcam-o-dia-da-independencia-em-todo-o-brasil\/#respond"]}]},{"@type":"WebPage","@id":"https:\/\/www.oarcanjo.net\/site\/grito-dos-excluidos-mobilizacoes-marcam-o-dia-da-independencia-em-todo-o-brasil\/","url":"https:\/\/www.oarcanjo.net\/site\/grito-dos-excluidos-mobilizacoes-marcam-o-dia-da-independencia-em-todo-o-brasil\/","name":"Grito dos exclu\u00eddos: mobiliza\u00e7\u00f5es marcam o Dia da Independ\u00eancia em todo o Brasil - O Arcanjo no ar","isPartOf":{"@id":"https:\/\/www.oarcanjo.net\/site\/#website"},"datePublished":"2009-09-05T20:46:05+00:00","dateModified":"2009-09-05T20:46:05+00:00","breadcrumb":{"@id":"https:\/\/www.oarcanjo.net\/site\/grito-dos-excluidos-mobilizacoes-marcam-o-dia-da-independencia-em-todo-o-brasil\/#breadcrumb"},"inLanguage":"pt-BR","potentialAction":[{"@type":"ReadAction","target":["https:\/\/www.oarcanjo.net\/site\/grito-dos-excluidos-mobilizacoes-marcam-o-dia-da-independencia-em-todo-o-brasil\/"]}]},{"@type":"BreadcrumbList","@id":"https:\/\/www.oarcanjo.net\/site\/grito-dos-excluidos-mobilizacoes-marcam-o-dia-da-independencia-em-todo-o-brasil\/#breadcrumb","itemListElement":[{"@type":"ListItem","position":1,"name":"In\u00edcio","item":"https:\/\/www.oarcanjo.net\/site\/"},{"@type":"ListItem","position":2,"name":"Grito dos exclu\u00eddos: mobiliza\u00e7\u00f5es marcam o Dia da Independ\u00eancia em todo o Brasil"}]},{"@type":"WebSite","@id":"https:\/\/www.oarcanjo.net\/site\/#website","url":"https:\/\/www.oarcanjo.net\/site\/","name":"O Arcanjo no ar","description":"Site da Par\u00f3quia S\u00e3o Miguel Arcanjo (Arquidiocese de SP)","publisher":{"@id":"https:\/\/www.oarcanjo.net\/site\/#organization"},"potentialAction":[{"@type":"SearchAction","target":{"@type":"EntryPoint","urlTemplate":"https:\/\/www.oarcanjo.net\/site\/?s={search_term_string}"},"query-input":{"@type":"PropertyValueSpecification","valueRequired":true,"valueName":"search_term_string"}}],"inLanguage":"pt-BR"},{"@type":"Organization","@id":"https:\/\/www.oarcanjo.net\/site\/#organization","name":"Par\u00f3quia S\u00e3o Miguel Arcanjo","url":"https:\/\/www.oarcanjo.net\/site\/","logo":{"@type":"ImageObject","inLanguage":"pt-BR","@id":"https:\/\/www.oarcanjo.net\/site\/#\/schema\/logo\/image\/","url":"https:\/\/www.oarcanjo.net\/site\/wp-content\/uploads\/LogoOArcanjo.png","contentUrl":"https:\/\/www.oarcanjo.net\/site\/wp-content\/uploads\/LogoOArcanjo.png","width":319,"height":99,"caption":"Par\u00f3quia S\u00e3o Miguel Arcanjo"},"image":{"@id":"https:\/\/www.oarcanjo.net\/site\/#\/schema\/logo\/image\/"},"sameAs":["https:\/\/www.facebook.com\/OArcanjoNoAr\/"]},{"@type":"Person","@id":"https:\/\/www.oarcanjo.net\/site\/#\/schema\/person\/f7024d007863202483a31326673a0838","name":"editor","sameAs":["http:\/\/www.oarcanjo.net"]}]}},"publishpress_future_action":{"enabled":false,"date":"2026-05-09 07:04:17","action":"category","newStatus":"draft","terms":[],"taxonomy":"category"},"publishpress_future_workflow_manual_trigger":{"enabledWorkflows":[]},"_links":{"self":[{"href":"https:\/\/www.oarcanjo.net\/site\/wp-json\/wp\/v2\/posts\/5006"}],"collection":[{"href":"https:\/\/www.oarcanjo.net\/site\/wp-json\/wp\/v2\/posts"}],"about":[{"href":"https:\/\/www.oarcanjo.net\/site\/wp-json\/wp\/v2\/types\/post"}],"author":[{"embeddable":true,"href":"https:\/\/www.oarcanjo.net\/site\/wp-json\/wp\/v2\/users\/5"}],"replies":[{"embeddable":true,"href":"https:\/\/www.oarcanjo.net\/site\/wp-json\/wp\/v2\/comments?post=5006"}],"version-history":[{"count":0,"href":"https:\/\/www.oarcanjo.net\/site\/wp-json\/wp\/v2\/posts\/5006\/revisions"}],"wp:attachment":[{"href":"https:\/\/www.oarcanjo.net\/site\/wp-json\/wp\/v2\/media?parent=5006"}],"wp:term":[{"taxonomy":"category","embeddable":true,"href":"https:\/\/www.oarcanjo.net\/site\/wp-json\/wp\/v2\/categories?post=5006"},{"taxonomy":"post_tag","embeddable":true,"href":"https:\/\/www.oarcanjo.net\/site\/wp-json\/wp\/v2\/tags?post=5006"}],"curies":[{"name":"wp","href":"https:\/\/api.w.org\/{rel}","templated":true}]}}