
{"id":5009,"date":"2009-09-06T06:00:02","date_gmt":"2009-09-06T09:00:02","guid":{"rendered":"http:\/\/www.oarcanjo.net\/site\/?p=5009"},"modified":"2009-09-06T13:42:50","modified_gmt":"2009-09-06T16:42:50","slug":"campanha-ficha-limpa-intensifica-coleta-de-assinaturas-no-dia-7-de-setembro","status":"publish","type":"post","link":"https:\/\/www.oarcanjo.net\/site\/campanha-ficha-limpa-intensifica-coleta-de-assinaturas-no-dia-7-de-setembro\/","title":{"rendered":"Campanha Ficha Limpa intensifica coleta de assinaturas no dia 7 de Setembro"},"content":{"rendered":"<p>O Movimento de Combate \u00e0 Corrup\u00e7\u00e3o eleitoral intensificar\u00e1, em todo o pa\u00eds, a coleta de assinaturas da Campanha Ficha Limpa, neste 7 de setembro, dia da Independ\u00eancia do Brasil. O objetivo da campanha \u00e9 garantir n\u00famero suficiente de assinaturas para o envio ao Congresso Nacional do Projeto de Lei de iniciativa popular sobre a Vida Pregressa dos Candidatos.<\/p>\n<p>J\u00e1 foram coletadas cerca de 1 milh\u00e3o e 100 mil assinaturas, correspondentes a quase 90% da totalidade exigida para garantir a an\u00e1lise oficial do Projeto de Lei pelo Congresso, que s\u00f3 ser\u00e1 realizada com a anu\u00eancia expressa de 1% do eleitorado brasileiro (1 milh\u00e3o e 300 mil eleitores).<\/p>\n<p>A data escolhida tamb\u00e9m vai encerrar a a\u00e7\u00e3o &#8220;300 em 30&#8221;, iniciada no dia 7 de agosto com o objetivo de estimular a coleta das 300 mil assinaturas que faltavam antes de seu in\u00edcio.<\/p>\n<p>Jovita Jos\u00e9, diretora do Movimento de Combate \u00e0 Corrup\u00e7\u00e3o Eleitoral (MCCE), explicou o que motivou a escolha da simb\u00f3lica data para encerrar a coleta da a\u00e7\u00e3o &#8220;300 em 30&#8221; em n\u00edvel nacional. &#8220;O 7 de setembro \u00e9 o momento c\u00edvico apropriado, e representa a liberdade que foi retirada do povo brasileiro pela corrup\u00e7\u00e3o, pela falta de pessoas s\u00e9rias envolvidas na disputa por cargos p\u00fablicos, pelo voto de cabresto e pelas empresas que influenciam o voto de seus funcion\u00e1rios&#8221;, explicou.<\/p>\n<p>Ap\u00f3s a coleta de segunda-feira, desde que a meta seja atingida, o Projeto ser\u00e1 levado ao Congresso Nacional. A diretora do MCCE diz que a data ideal para a apresenta\u00e7\u00e3o oficial da proposta seria o dia 29 de setembro, por coincidir com a data de cria\u00e7\u00e3o da primeira lei de iniciativa popular no Brasil (Lei No.9840, criada em 1999 para combater a compra de votos e o uso da m\u00e1quina administrativa durante o per\u00edodo eleitoral).<\/p>\n<p>Segundo ela, a efic\u00e1cia da lei 9840, que cassou mais de 400 pol\u00edticos, n\u00e3o deve ser tomada como motivo de orgulho, e que o novo projeto vai impedir que a corrup\u00e7\u00e3o chegue at\u00e9 mesmo \u00e0s campanhas eleitorais.<\/p>\n<p>A diretora destacou o apoio da sociedade civil ao Projeto: &#8220;As pessoas anseiam por mudan\u00e7as, mas se sentem impotentes&#8221;, diz ela, &#8220;o Projeto trouxe esperan\u00e7a e reanimou a popula\u00e7\u00e3o&#8221;.<\/p>\n<p>Membros dos 298 comit\u00eas 9840 espalhados pelo pa\u00eds e volunt\u00e1rios de outras entidades parceiras, estar\u00e3o nas principais pra\u00e7as das capitais brasileiras, durante todo o dia 7, coletando assinaturas.<\/p>\n<p>\u00c9 importante lembrar que o dia 7 marca o encerramento da a\u00e7\u00e3o &#8220;300 em 30&#8221;, mas que a coleta continua em \u00e2mbito nacional.<\/p>\n<p>Para mais informa\u00e7\u00f5es, o site do MCCE divulga os locais e hor\u00e1rios das coletas (<a href=\"http:\/\/www.mcce.org.br\" target=\"_blank\">www.mcce.org.br<\/a>). O telefone para contato \u00e9 (61) 2193-9646.<\/p>\n<div id=\"themify_builder_content-5009\" data-postid=\"5009\" class=\"themify_builder_content themify_builder_content-5009 themify_builder themify_builder_front\">\n\t<\/div>\n<!-- \/themify_builder_content -->","protected":false},"excerpt":{"rendered":"<p>O Movimento de Combate \u00e0 Corrup\u00e7\u00e3o eleitoral intensificar\u00e1, em todo o pa\u00eds, a coleta de assinaturas da Campanha Ficha Limpa, neste 7 de setembro, dia da Independ\u00eancia do Brasil. O objetivo da campanha \u00e9 garantir n\u00famero suficiente de assinaturas para o envio ao Congresso Nacional do Projeto de Lei de iniciativa popular sobre a Vida [&hellip;]<\/p>\n","protected":false},"author":5,"featured_media":0,"comment_status":"open","ping_status":"open","sticky":false,"template":"","format":"standard","meta":{"ngg_post_thumbnail":0,"footnotes":""},"categories":[8],"tags":[1043,448,51,1041,1042],"yoast_head":"<!-- This site is optimized with the Yoast SEO plugin v23.5 - https:\/\/yoast.com\/wordpress\/plugins\/seo\/ -->\n<title>Campanha Ficha Limpa intensifica coleta de assinaturas no dia 7 de Setembro - O Arcanjo no ar<\/title>\n<meta name=\"robots\" content=\"index, follow, max-snippet:-1, max-image-preview:large, max-video-preview:-1\" \/>\n<link rel=\"canonical\" href=\"https:\/\/www.oarcanjo.net\/site\/campanha-ficha-limpa-intensifica-coleta-de-assinaturas-no-dia-7-de-setembro\/\" \/>\n<meta property=\"og:locale\" content=\"pt_BR\" \/>\n<meta property=\"og:type\" content=\"article\" \/>\n<meta property=\"og:title\" content=\"Campanha Ficha Limpa intensifica coleta de assinaturas no dia 7 de Setembro - O Arcanjo no ar\" \/>\n<meta property=\"og:description\" content=\"O Movimento de Combate \u00e0 Corrup\u00e7\u00e3o eleitoral intensificar\u00e1, em todo o pa\u00eds, a coleta de assinaturas da Campanha Ficha Limpa, neste 7 de setembro, dia da Independ\u00eancia do Brasil. O objetivo da campanha \u00e9 garantir n\u00famero suficiente de assinaturas para o envio ao Congresso Nacional do Projeto de Lei de iniciativa popular sobre a Vida [&hellip;]\" \/>\n<meta property=\"og:url\" content=\"https:\/\/www.oarcanjo.net\/site\/campanha-ficha-limpa-intensifica-coleta-de-assinaturas-no-dia-7-de-setembro\/\" \/>\n<meta property=\"og:site_name\" content=\"O Arcanjo no ar\" \/>\n<meta property=\"article:publisher\" content=\"https:\/\/www.facebook.com\/OArcanjoNoAr\/\" \/>\n<meta property=\"article:published_time\" content=\"2009-09-06T09:00:02+00:00\" \/>\n<meta property=\"article:modified_time\" content=\"2009-09-06T16:42:50+00:00\" \/>\n<meta property=\"og:image\" content=\"https:\/\/www.oarcanjo.net\/site\/wp-content\/uploads\/logo-o-arcanjo-no-ar-facebook.png\" \/>\n\t<meta property=\"og:image:width\" content=\"300\" \/>\n\t<meta property=\"og:image:height\" content=\"300\" \/>\n\t<meta property=\"og:image:type\" content=\"image\/png\" \/>\n<meta name=\"author\" content=\"editor\" \/>\n<meta name=\"twitter:card\" content=\"summary_large_image\" \/>\n<meta name=\"twitter:label1\" content=\"Escrito por\" \/>\n\t<meta name=\"twitter:data1\" content=\"editor\" \/>\n\t<meta name=\"twitter:label2\" content=\"Est. tempo de leitura\" \/>\n\t<meta name=\"twitter:data2\" content=\"2 minutos\" \/>\n<script type=\"application\/ld+json\" class=\"yoast-schema-graph\">{\"@context\":\"https:\/\/schema.org\",\"@graph\":[{\"@type\":\"Article\",\"@id\":\"https:\/\/www.oarcanjo.net\/site\/campanha-ficha-limpa-intensifica-coleta-de-assinaturas-no-dia-7-de-setembro\/#article\",\"isPartOf\":{\"@id\":\"https:\/\/www.oarcanjo.net\/site\/campanha-ficha-limpa-intensifica-coleta-de-assinaturas-no-dia-7-de-setembro\/\"},\"author\":{\"name\":\"editor\",\"@id\":\"https:\/\/www.oarcanjo.net\/site\/#\/schema\/person\/f7024d007863202483a31326673a0838\"},\"headline\":\"Campanha Ficha Limpa intensifica coleta de assinaturas no dia 7 de Setembro\",\"datePublished\":\"2009-09-06T09:00:02+00:00\",\"dateModified\":\"2009-09-06T16:42:50+00:00\",\"mainEntityOfPage\":{\"@id\":\"https:\/\/www.oarcanjo.net\/site\/campanha-ficha-limpa-intensifica-coleta-de-assinaturas-no-dia-7-de-setembro\/\"},\"wordCount\":456,\"commentCount\":0,\"publisher\":{\"@id\":\"https:\/\/www.oarcanjo.net\/site\/#organization\"},\"keywords\":[\"300 em 30\",\"Campanha Ficha Limpa\",\"corrup\u00e7\u00e3o eleitoral\",\"elei\u00e7\u00e3o\",\"lei 9840\"],\"articleSection\":[\"Not\u00edcias\"],\"inLanguage\":\"pt-BR\",\"potentialAction\":[{\"@type\":\"CommentAction\",\"name\":\"Comment\",\"target\":[\"https:\/\/www.oarcanjo.net\/site\/campanha-ficha-limpa-intensifica-coleta-de-assinaturas-no-dia-7-de-setembro\/#respond\"]}]},{\"@type\":\"WebPage\",\"@id\":\"https:\/\/www.oarcanjo.net\/site\/campanha-ficha-limpa-intensifica-coleta-de-assinaturas-no-dia-7-de-setembro\/\",\"url\":\"https:\/\/www.oarcanjo.net\/site\/campanha-ficha-limpa-intensifica-coleta-de-assinaturas-no-dia-7-de-setembro\/\",\"name\":\"Campanha Ficha Limpa intensifica coleta de assinaturas no dia 7 de Setembro - O Arcanjo no ar\",\"isPartOf\":{\"@id\":\"https:\/\/www.oarcanjo.net\/site\/#website\"},\"datePublished\":\"2009-09-06T09:00:02+00:00\",\"dateModified\":\"2009-09-06T16:42:50+00:00\",\"breadcrumb\":{\"@id\":\"https:\/\/www.oarcanjo.net\/site\/campanha-ficha-limpa-intensifica-coleta-de-assinaturas-no-dia-7-de-setembro\/#breadcrumb\"},\"inLanguage\":\"pt-BR\",\"potentialAction\":[{\"@type\":\"ReadAction\",\"target\":[\"https:\/\/www.oarcanjo.net\/site\/campanha-ficha-limpa-intensifica-coleta-de-assinaturas-no-dia-7-de-setembro\/\"]}]},{\"@type\":\"BreadcrumbList\",\"@id\":\"https:\/\/www.oarcanjo.net\/site\/campanha-ficha-limpa-intensifica-coleta-de-assinaturas-no-dia-7-de-setembro\/#breadcrumb\",\"itemListElement\":[{\"@type\":\"ListItem\",\"position\":1,\"name\":\"In\u00edcio\",\"item\":\"https:\/\/www.oarcanjo.net\/site\/\"},{\"@type\":\"ListItem\",\"position\":2,\"name\":\"Campanha Ficha Limpa intensifica coleta de assinaturas no dia 7 de Setembro\"}]},{\"@type\":\"WebSite\",\"@id\":\"https:\/\/www.oarcanjo.net\/site\/#website\",\"url\":\"https:\/\/www.oarcanjo.net\/site\/\",\"name\":\"O Arcanjo no ar\",\"description\":\"Site da Par\u00f3quia S\u00e3o Miguel Arcanjo (Arquidiocese de SP)\",\"publisher\":{\"@id\":\"https:\/\/www.oarcanjo.net\/site\/#organization\"},\"potentialAction\":[{\"@type\":\"SearchAction\",\"target\":{\"@type\":\"EntryPoint\",\"urlTemplate\":\"https:\/\/www.oarcanjo.net\/site\/?s={search_term_string}\"},\"query-input\":{\"@type\":\"PropertyValueSpecification\",\"valueRequired\":true,\"valueName\":\"search_term_string\"}}],\"inLanguage\":\"pt-BR\"},{\"@type\":\"Organization\",\"@id\":\"https:\/\/www.oarcanjo.net\/site\/#organization\",\"name\":\"Par\u00f3quia S\u00e3o Miguel Arcanjo\",\"url\":\"https:\/\/www.oarcanjo.net\/site\/\",\"logo\":{\"@type\":\"ImageObject\",\"inLanguage\":\"pt-BR\",\"@id\":\"https:\/\/www.oarcanjo.net\/site\/#\/schema\/logo\/image\/\",\"url\":\"https:\/\/www.oarcanjo.net\/site\/wp-content\/uploads\/LogoOArcanjo.png\",\"contentUrl\":\"https:\/\/www.oarcanjo.net\/site\/wp-content\/uploads\/LogoOArcanjo.png\",\"width\":319,\"height\":99,\"caption\":\"Par\u00f3quia S\u00e3o Miguel Arcanjo\"},\"image\":{\"@id\":\"https:\/\/www.oarcanjo.net\/site\/#\/schema\/logo\/image\/\"},\"sameAs\":[\"https:\/\/www.facebook.com\/OArcanjoNoAr\/\"]},{\"@type\":\"Person\",\"@id\":\"https:\/\/www.oarcanjo.net\/site\/#\/schema\/person\/f7024d007863202483a31326673a0838\",\"name\":\"editor\",\"sameAs\":[\"http:\/\/www.oarcanjo.net\"]}]}<\/script>\n<!-- \/ Yoast SEO plugin. -->","yoast_head_json":{"title":"Campanha Ficha Limpa intensifica coleta de assinaturas no dia 7 de Setembro - O Arcanjo no ar","robots":{"index":"index","follow":"follow","max-snippet":"max-snippet:-1","max-image-preview":"max-image-preview:large","max-video-preview":"max-video-preview:-1"},"canonical":"https:\/\/www.oarcanjo.net\/site\/campanha-ficha-limpa-intensifica-coleta-de-assinaturas-no-dia-7-de-setembro\/","og_locale":"pt_BR","og_type":"article","og_title":"Campanha Ficha Limpa intensifica coleta de assinaturas no dia 7 de Setembro - O Arcanjo no ar","og_description":"O Movimento de Combate \u00e0 Corrup\u00e7\u00e3o eleitoral intensificar\u00e1, em todo o pa\u00eds, a coleta de assinaturas da Campanha Ficha Limpa, neste 7 de setembro, dia da Independ\u00eancia do Brasil. O objetivo da campanha \u00e9 garantir n\u00famero suficiente de assinaturas para o envio ao Congresso Nacional do Projeto de Lei de iniciativa popular sobre a Vida [&hellip;]","og_url":"https:\/\/www.oarcanjo.net\/site\/campanha-ficha-limpa-intensifica-coleta-de-assinaturas-no-dia-7-de-setembro\/","og_site_name":"O Arcanjo no ar","article_publisher":"https:\/\/www.facebook.com\/OArcanjoNoAr\/","article_published_time":"2009-09-06T09:00:02+00:00","article_modified_time":"2009-09-06T16:42:50+00:00","og_image":[{"width":300,"height":300,"url":"https:\/\/www.oarcanjo.net\/site\/wp-content\/uploads\/logo-o-arcanjo-no-ar-facebook.png","type":"image\/png"}],"author":"editor","twitter_card":"summary_large_image","twitter_misc":{"Escrito por":"editor","Est. tempo de leitura":"2 minutos"},"schema":{"@context":"https:\/\/schema.org","@graph":[{"@type":"Article","@id":"https:\/\/www.oarcanjo.net\/site\/campanha-ficha-limpa-intensifica-coleta-de-assinaturas-no-dia-7-de-setembro\/#article","isPartOf":{"@id":"https:\/\/www.oarcanjo.net\/site\/campanha-ficha-limpa-intensifica-coleta-de-assinaturas-no-dia-7-de-setembro\/"},"author":{"name":"editor","@id":"https:\/\/www.oarcanjo.net\/site\/#\/schema\/person\/f7024d007863202483a31326673a0838"},"headline":"Campanha Ficha Limpa intensifica coleta de assinaturas no dia 7 de Setembro","datePublished":"2009-09-06T09:00:02+00:00","dateModified":"2009-09-06T16:42:50+00:00","mainEntityOfPage":{"@id":"https:\/\/www.oarcanjo.net\/site\/campanha-ficha-limpa-intensifica-coleta-de-assinaturas-no-dia-7-de-setembro\/"},"wordCount":456,"commentCount":0,"publisher":{"@id":"https:\/\/www.oarcanjo.net\/site\/#organization"},"keywords":["300 em 30","Campanha Ficha Limpa","corrup\u00e7\u00e3o eleitoral","elei\u00e7\u00e3o","lei 9840"],"articleSection":["Not\u00edcias"],"inLanguage":"pt-BR","potentialAction":[{"@type":"CommentAction","name":"Comment","target":["https:\/\/www.oarcanjo.net\/site\/campanha-ficha-limpa-intensifica-coleta-de-assinaturas-no-dia-7-de-setembro\/#respond"]}]},{"@type":"WebPage","@id":"https:\/\/www.oarcanjo.net\/site\/campanha-ficha-limpa-intensifica-coleta-de-assinaturas-no-dia-7-de-setembro\/","url":"https:\/\/www.oarcanjo.net\/site\/campanha-ficha-limpa-intensifica-coleta-de-assinaturas-no-dia-7-de-setembro\/","name":"Campanha Ficha Limpa intensifica coleta de assinaturas no dia 7 de Setembro - O Arcanjo no ar","isPartOf":{"@id":"https:\/\/www.oarcanjo.net\/site\/#website"},"datePublished":"2009-09-06T09:00:02+00:00","dateModified":"2009-09-06T16:42:50+00:00","breadcrumb":{"@id":"https:\/\/www.oarcanjo.net\/site\/campanha-ficha-limpa-intensifica-coleta-de-assinaturas-no-dia-7-de-setembro\/#breadcrumb"},"inLanguage":"pt-BR","potentialAction":[{"@type":"ReadAction","target":["https:\/\/www.oarcanjo.net\/site\/campanha-ficha-limpa-intensifica-coleta-de-assinaturas-no-dia-7-de-setembro\/"]}]},{"@type":"BreadcrumbList","@id":"https:\/\/www.oarcanjo.net\/site\/campanha-ficha-limpa-intensifica-coleta-de-assinaturas-no-dia-7-de-setembro\/#breadcrumb","itemListElement":[{"@type":"ListItem","position":1,"name":"In\u00edcio","item":"https:\/\/www.oarcanjo.net\/site\/"},{"@type":"ListItem","position":2,"name":"Campanha Ficha Limpa intensifica coleta de assinaturas no dia 7 de Setembro"}]},{"@type":"WebSite","@id":"https:\/\/www.oarcanjo.net\/site\/#website","url":"https:\/\/www.oarcanjo.net\/site\/","name":"O Arcanjo no ar","description":"Site da Par\u00f3quia S\u00e3o Miguel Arcanjo (Arquidiocese de SP)","publisher":{"@id":"https:\/\/www.oarcanjo.net\/site\/#organization"},"potentialAction":[{"@type":"SearchAction","target":{"@type":"EntryPoint","urlTemplate":"https:\/\/www.oarcanjo.net\/site\/?s={search_term_string}"},"query-input":{"@type":"PropertyValueSpecification","valueRequired":true,"valueName":"search_term_string"}}],"inLanguage":"pt-BR"},{"@type":"Organization","@id":"https:\/\/www.oarcanjo.net\/site\/#organization","name":"Par\u00f3quia S\u00e3o Miguel Arcanjo","url":"https:\/\/www.oarcanjo.net\/site\/","logo":{"@type":"ImageObject","inLanguage":"pt-BR","@id":"https:\/\/www.oarcanjo.net\/site\/#\/schema\/logo\/image\/","url":"https:\/\/www.oarcanjo.net\/site\/wp-content\/uploads\/LogoOArcanjo.png","contentUrl":"https:\/\/www.oarcanjo.net\/site\/wp-content\/uploads\/LogoOArcanjo.png","width":319,"height":99,"caption":"Par\u00f3quia S\u00e3o Miguel Arcanjo"},"image":{"@id":"https:\/\/www.oarcanjo.net\/site\/#\/schema\/logo\/image\/"},"sameAs":["https:\/\/www.facebook.com\/OArcanjoNoAr\/"]},{"@type":"Person","@id":"https:\/\/www.oarcanjo.net\/site\/#\/schema\/person\/f7024d007863202483a31326673a0838","name":"editor","sameAs":["http:\/\/www.oarcanjo.net"]}]}},"publishpress_future_action":{"enabled":false,"date":"2026-05-09 07:04:17","action":"category","newStatus":"draft","terms":[],"taxonomy":"category"},"publishpress_future_workflow_manual_trigger":{"enabledWorkflows":[]},"_links":{"self":[{"href":"https:\/\/www.oarcanjo.net\/site\/wp-json\/wp\/v2\/posts\/5009"}],"collection":[{"href":"https:\/\/www.oarcanjo.net\/site\/wp-json\/wp\/v2\/posts"}],"about":[{"href":"https:\/\/www.oarcanjo.net\/site\/wp-json\/wp\/v2\/types\/post"}],"author":[{"embeddable":true,"href":"https:\/\/www.oarcanjo.net\/site\/wp-json\/wp\/v2\/users\/5"}],"replies":[{"embeddable":true,"href":"https:\/\/www.oarcanjo.net\/site\/wp-json\/wp\/v2\/comments?post=5009"}],"version-history":[{"count":0,"href":"https:\/\/www.oarcanjo.net\/site\/wp-json\/wp\/v2\/posts\/5009\/revisions"}],"wp:attachment":[{"href":"https:\/\/www.oarcanjo.net\/site\/wp-json\/wp\/v2\/media?parent=5009"}],"wp:term":[{"taxonomy":"category","embeddable":true,"href":"https:\/\/www.oarcanjo.net\/site\/wp-json\/wp\/v2\/categories?post=5009"},{"taxonomy":"post_tag","embeddable":true,"href":"https:\/\/www.oarcanjo.net\/site\/wp-json\/wp\/v2\/tags?post=5009"}],"curies":[{"name":"wp","href":"https:\/\/api.w.org\/{rel}","templated":true}]}}