
{"id":5016,"date":"2009-09-05T18:41:51","date_gmt":"2009-09-05T21:41:51","guid":{"rendered":"http:\/\/www.oarcanjo.net\/site\/?p=5016"},"modified":"2009-12-13T13:12:53","modified_gmt":"2009-12-13T15:12:53","slug":"oracao-a-santa-barbara","status":"publish","type":"post","link":"https:\/\/www.oarcanjo.net\/site\/oracao-a-santa-barbara\/","title":{"rendered":"Ora\u00e7\u00e3o a santa B\u00e1rbara"},"content":{"rendered":"<p>Est\u00e1 \u00e9 a ora\u00e7\u00e3o a santa B\u00e1rbara :<\/p>\n<p>Santa B\u00e1rbara, que sois mais forte que as torres das fortalezas<br \/>\ne a viol\u00eancia dos furac\u00f5es,<br \/>\nfazei que os raios n\u00e3o me atinjam,<br \/>\nos trov\u00f5es n\u00e3o me assustem e o troar dos canh\u00f5es<br \/>\nn\u00e3o me abale a coragem e a bravura.<br \/>\nFicai sempre ao meu lado para que eu possa enfrentar de<br \/>\nfronte erguida e de rosto sereno todas as tempestades<br \/>\ne as batalhas de minha vida, para que,<br \/>\nvencedor de todas as lutas,<br \/>\ncom a consci\u00eancia do dever cumprido,<br \/>\npossa agradecer a v\u00f3s, minha protetora,e render gra\u00e7as a Deus, criador do c\u00e9u, da terra, da natureza:<br \/>\neste Deus que tem poder de dominar o furor das tempestades e abrandar a crueldade das guerras.<br \/>\nAm\u00e9m<\/p>\n<p><img loading=\"lazy\" decoding=\"async\" class=\"aligncenter size-medium wp-image-6617\" src=\"http:\/\/www.oarcanjo.net\/site\/wp-content\/uploads\/santa_barbara-216x300.jpg\" alt=\"\" width=\"216\" height=\"300\" srcset=\"https:\/\/www.oarcanjo.net\/site\/wp-content\/uploads\/santa_barbara-216x300.jpg 216w, https:\/\/www.oarcanjo.net\/site\/wp-content\/uploads\/santa_barbara.jpg 289w\" sizes=\"(max-width: 216px) 100vw, 216px\" \/><\/p>\n<div id=\"themify_builder_content-5016\" data-postid=\"5016\" class=\"themify_builder_content themify_builder_content-5016 themify_builder themify_builder_front\">\n\t<\/div>\n<!-- \/themify_builder_content -->","protected":false},"excerpt":{"rendered":"<p>Est\u00e1 \u00e9 a ora\u00e7\u00e3o a santa B\u00e1rbara : Santa B\u00e1rbara, que sois mais forte que as torres das fortalezas e a viol\u00eancia dos furac\u00f5es, fazei que os raios n\u00e3o me atinjam, os trov\u00f5es n\u00e3o me assustem e o troar dos canh\u00f5es n\u00e3o me abale a coragem e a bravura. Ficai sempre ao meu lado para [&hellip;]<\/p>\n","protected":false},"author":12,"featured_media":0,"comment_status":"open","ping_status":"open","sticky":false,"template":"","format":"standard","meta":{"ngg_post_thumbnail":0,"footnotes":""},"categories":[395],"tags":[],"yoast_head":"<!-- This site is optimized with the Yoast SEO plugin v23.5 - https:\/\/yoast.com\/wordpress\/plugins\/seo\/ -->\n<title>Ora\u00e7\u00e3o a santa B\u00e1rbara - O Arcanjo no ar<\/title>\n<meta name=\"robots\" content=\"index, follow, max-snippet:-1, max-image-preview:large, max-video-preview:-1\" \/>\n<link rel=\"canonical\" href=\"https:\/\/www.oarcanjo.net\/site\/oracao-a-santa-barbara\/\" \/>\n<meta property=\"og:locale\" content=\"pt_BR\" \/>\n<meta property=\"og:type\" content=\"article\" \/>\n<meta property=\"og:title\" content=\"Ora\u00e7\u00e3o a santa B\u00e1rbara - O Arcanjo no ar\" \/>\n<meta property=\"og:description\" content=\"Est\u00e1 \u00e9 a ora\u00e7\u00e3o a santa B\u00e1rbara : Santa B\u00e1rbara, que sois mais forte que as torres das fortalezas e a viol\u00eancia dos furac\u00f5es, fazei que os raios n\u00e3o me atinjam, os trov\u00f5es n\u00e3o me assustem e o troar dos canh\u00f5es n\u00e3o me abale a coragem e a bravura. Ficai sempre ao meu lado para [&hellip;]\" \/>\n<meta property=\"og:url\" content=\"https:\/\/www.oarcanjo.net\/site\/oracao-a-santa-barbara\/\" \/>\n<meta property=\"og:site_name\" content=\"O Arcanjo no ar\" \/>\n<meta property=\"article:publisher\" content=\"https:\/\/www.facebook.com\/OArcanjoNoAr\/\" \/>\n<meta property=\"article:published_time\" content=\"2009-09-05T21:41:51+00:00\" \/>\n<meta property=\"article:modified_time\" content=\"2009-12-13T15:12:53+00:00\" \/>\n<meta property=\"og:image\" content=\"http:\/\/www.oarcanjo.net\/site\/wp-content\/uploads\/santa_barbara-216x300.jpg\" \/>\n<meta name=\"author\" content=\"mariana\" \/>\n<meta name=\"twitter:card\" content=\"summary_large_image\" \/>\n<meta name=\"twitter:label1\" content=\"Escrito por\" \/>\n\t<meta name=\"twitter:data1\" content=\"mariana\" \/>\n\t<meta name=\"twitter:label2\" content=\"Est. tempo de leitura\" \/>\n\t<meta name=\"twitter:data2\" content=\"1 minuto\" \/>\n<script type=\"application\/ld+json\" class=\"yoast-schema-graph\">{\"@context\":\"https:\/\/schema.org\",\"@graph\":[{\"@type\":\"Article\",\"@id\":\"https:\/\/www.oarcanjo.net\/site\/oracao-a-santa-barbara\/#article\",\"isPartOf\":{\"@id\":\"https:\/\/www.oarcanjo.net\/site\/oracao-a-santa-barbara\/\"},\"author\":{\"name\":\"mariana\",\"@id\":\"https:\/\/www.oarcanjo.net\/site\/#\/schema\/person\/e54a5c62347067e278a5d0cf64f6a6e6\"},\"headline\":\"Ora\u00e7\u00e3o a santa B\u00e1rbara\",\"datePublished\":\"2009-09-05T21:41:51+00:00\",\"dateModified\":\"2009-12-13T15:12:53+00:00\",\"mainEntityOfPage\":{\"@id\":\"https:\/\/www.oarcanjo.net\/site\/oracao-a-santa-barbara\/\"},\"wordCount\":143,\"commentCount\":1,\"publisher\":{\"@id\":\"https:\/\/www.oarcanjo.net\/site\/#organization\"},\"image\":{\"@id\":\"https:\/\/www.oarcanjo.net\/site\/oracao-a-santa-barbara\/#primaryimage\"},\"thumbnailUrl\":\"http:\/\/www.oarcanjo.net\/site\/wp-content\/uploads\/santa_barbara-216x300.jpg\",\"articleSection\":[\"Jovens\"],\"inLanguage\":\"pt-BR\",\"potentialAction\":[{\"@type\":\"CommentAction\",\"name\":\"Comment\",\"target\":[\"https:\/\/www.oarcanjo.net\/site\/oracao-a-santa-barbara\/#respond\"]}]},{\"@type\":\"WebPage\",\"@id\":\"https:\/\/www.oarcanjo.net\/site\/oracao-a-santa-barbara\/\",\"url\":\"https:\/\/www.oarcanjo.net\/site\/oracao-a-santa-barbara\/\",\"name\":\"Ora\u00e7\u00e3o a santa B\u00e1rbara - O Arcanjo no ar\",\"isPartOf\":{\"@id\":\"https:\/\/www.oarcanjo.net\/site\/#website\"},\"primaryImageOfPage\":{\"@id\":\"https:\/\/www.oarcanjo.net\/site\/oracao-a-santa-barbara\/#primaryimage\"},\"image\":{\"@id\":\"https:\/\/www.oarcanjo.net\/site\/oracao-a-santa-barbara\/#primaryimage\"},\"thumbnailUrl\":\"http:\/\/www.oarcanjo.net\/site\/wp-content\/uploads\/santa_barbara-216x300.jpg\",\"datePublished\":\"2009-09-05T21:41:51+00:00\",\"dateModified\":\"2009-12-13T15:12:53+00:00\",\"breadcrumb\":{\"@id\":\"https:\/\/www.oarcanjo.net\/site\/oracao-a-santa-barbara\/#breadcrumb\"},\"inLanguage\":\"pt-BR\",\"potentialAction\":[{\"@type\":\"ReadAction\",\"target\":[\"https:\/\/www.oarcanjo.net\/site\/oracao-a-santa-barbara\/\"]}]},{\"@type\":\"ImageObject\",\"inLanguage\":\"pt-BR\",\"@id\":\"https:\/\/www.oarcanjo.net\/site\/oracao-a-santa-barbara\/#primaryimage\",\"url\":\"https:\/\/www.oarcanjo.net\/site\/wp-content\/uploads\/santa_barbara.jpg\",\"contentUrl\":\"https:\/\/www.oarcanjo.net\/site\/wp-content\/uploads\/santa_barbara.jpg\",\"width\":\"289\",\"height\":\"400\"},{\"@type\":\"BreadcrumbList\",\"@id\":\"https:\/\/www.oarcanjo.net\/site\/oracao-a-santa-barbara\/#breadcrumb\",\"itemListElement\":[{\"@type\":\"ListItem\",\"position\":1,\"name\":\"In\u00edcio\",\"item\":\"https:\/\/www.oarcanjo.net\/site\/\"},{\"@type\":\"ListItem\",\"position\":2,\"name\":\"Ora\u00e7\u00e3o a santa B\u00e1rbara\"}]},{\"@type\":\"WebSite\",\"@id\":\"https:\/\/www.oarcanjo.net\/site\/#website\",\"url\":\"https:\/\/www.oarcanjo.net\/site\/\",\"name\":\"O Arcanjo no ar\",\"description\":\"Site da Par\u00f3quia S\u00e3o Miguel Arcanjo (Arquidiocese de SP)\",\"publisher\":{\"@id\":\"https:\/\/www.oarcanjo.net\/site\/#organization\"},\"potentialAction\":[{\"@type\":\"SearchAction\",\"target\":{\"@type\":\"EntryPoint\",\"urlTemplate\":\"https:\/\/www.oarcanjo.net\/site\/?s={search_term_string}\"},\"query-input\":{\"@type\":\"PropertyValueSpecification\",\"valueRequired\":true,\"valueName\":\"search_term_string\"}}],\"inLanguage\":\"pt-BR\"},{\"@type\":\"Organization\",\"@id\":\"https:\/\/www.oarcanjo.net\/site\/#organization\",\"name\":\"Par\u00f3quia S\u00e3o Miguel Arcanjo\",\"url\":\"https:\/\/www.oarcanjo.net\/site\/\",\"logo\":{\"@type\":\"ImageObject\",\"inLanguage\":\"pt-BR\",\"@id\":\"https:\/\/www.oarcanjo.net\/site\/#\/schema\/logo\/image\/\",\"url\":\"https:\/\/www.oarcanjo.net\/site\/wp-content\/uploads\/LogoOArcanjo.png\",\"contentUrl\":\"https:\/\/www.oarcanjo.net\/site\/wp-content\/uploads\/LogoOArcanjo.png\",\"width\":319,\"height\":99,\"caption\":\"Par\u00f3quia S\u00e3o Miguel Arcanjo\"},\"image\":{\"@id\":\"https:\/\/www.oarcanjo.net\/site\/#\/schema\/logo\/image\/\"},\"sameAs\":[\"https:\/\/www.facebook.com\/OArcanjoNoAr\/\"]},{\"@type\":\"Person\",\"@id\":\"https:\/\/www.oarcanjo.net\/site\/#\/schema\/person\/e54a5c62347067e278a5d0cf64f6a6e6\",\"name\":\"mariana\"}]}<\/script>\n<!-- \/ Yoast SEO plugin. -->","yoast_head_json":{"title":"Ora\u00e7\u00e3o a santa B\u00e1rbara - O Arcanjo no ar","robots":{"index":"index","follow":"follow","max-snippet":"max-snippet:-1","max-image-preview":"max-image-preview:large","max-video-preview":"max-video-preview:-1"},"canonical":"https:\/\/www.oarcanjo.net\/site\/oracao-a-santa-barbara\/","og_locale":"pt_BR","og_type":"article","og_title":"Ora\u00e7\u00e3o a santa B\u00e1rbara - O Arcanjo no ar","og_description":"Est\u00e1 \u00e9 a ora\u00e7\u00e3o a santa B\u00e1rbara : Santa B\u00e1rbara, que sois mais forte que as torres das fortalezas e a viol\u00eancia dos furac\u00f5es, fazei que os raios n\u00e3o me atinjam, os trov\u00f5es n\u00e3o me assustem e o troar dos canh\u00f5es n\u00e3o me abale a coragem e a bravura. Ficai sempre ao meu lado para [&hellip;]","og_url":"https:\/\/www.oarcanjo.net\/site\/oracao-a-santa-barbara\/","og_site_name":"O Arcanjo no ar","article_publisher":"https:\/\/www.facebook.com\/OArcanjoNoAr\/","article_published_time":"2009-09-05T21:41:51+00:00","article_modified_time":"2009-12-13T15:12:53+00:00","og_image":[{"url":"http:\/\/www.oarcanjo.net\/site\/wp-content\/uploads\/santa_barbara-216x300.jpg"}],"author":"mariana","twitter_card":"summary_large_image","twitter_misc":{"Escrito por":"mariana","Est. tempo de leitura":"1 minuto"},"schema":{"@context":"https:\/\/schema.org","@graph":[{"@type":"Article","@id":"https:\/\/www.oarcanjo.net\/site\/oracao-a-santa-barbara\/#article","isPartOf":{"@id":"https:\/\/www.oarcanjo.net\/site\/oracao-a-santa-barbara\/"},"author":{"name":"mariana","@id":"https:\/\/www.oarcanjo.net\/site\/#\/schema\/person\/e54a5c62347067e278a5d0cf64f6a6e6"},"headline":"Ora\u00e7\u00e3o a santa B\u00e1rbara","datePublished":"2009-09-05T21:41:51+00:00","dateModified":"2009-12-13T15:12:53+00:00","mainEntityOfPage":{"@id":"https:\/\/www.oarcanjo.net\/site\/oracao-a-santa-barbara\/"},"wordCount":143,"commentCount":1,"publisher":{"@id":"https:\/\/www.oarcanjo.net\/site\/#organization"},"image":{"@id":"https:\/\/www.oarcanjo.net\/site\/oracao-a-santa-barbara\/#primaryimage"},"thumbnailUrl":"http:\/\/www.oarcanjo.net\/site\/wp-content\/uploads\/santa_barbara-216x300.jpg","articleSection":["Jovens"],"inLanguage":"pt-BR","potentialAction":[{"@type":"CommentAction","name":"Comment","target":["https:\/\/www.oarcanjo.net\/site\/oracao-a-santa-barbara\/#respond"]}]},{"@type":"WebPage","@id":"https:\/\/www.oarcanjo.net\/site\/oracao-a-santa-barbara\/","url":"https:\/\/www.oarcanjo.net\/site\/oracao-a-santa-barbara\/","name":"Ora\u00e7\u00e3o a santa B\u00e1rbara - O Arcanjo no ar","isPartOf":{"@id":"https:\/\/www.oarcanjo.net\/site\/#website"},"primaryImageOfPage":{"@id":"https:\/\/www.oarcanjo.net\/site\/oracao-a-santa-barbara\/#primaryimage"},"image":{"@id":"https:\/\/www.oarcanjo.net\/site\/oracao-a-santa-barbara\/#primaryimage"},"thumbnailUrl":"http:\/\/www.oarcanjo.net\/site\/wp-content\/uploads\/santa_barbara-216x300.jpg","datePublished":"2009-09-05T21:41:51+00:00","dateModified":"2009-12-13T15:12:53+00:00","breadcrumb":{"@id":"https:\/\/www.oarcanjo.net\/site\/oracao-a-santa-barbara\/#breadcrumb"},"inLanguage":"pt-BR","potentialAction":[{"@type":"ReadAction","target":["https:\/\/www.oarcanjo.net\/site\/oracao-a-santa-barbara\/"]}]},{"@type":"ImageObject","inLanguage":"pt-BR","@id":"https:\/\/www.oarcanjo.net\/site\/oracao-a-santa-barbara\/#primaryimage","url":"https:\/\/www.oarcanjo.net\/site\/wp-content\/uploads\/santa_barbara.jpg","contentUrl":"https:\/\/www.oarcanjo.net\/site\/wp-content\/uploads\/santa_barbara.jpg","width":"289","height":"400"},{"@type":"BreadcrumbList","@id":"https:\/\/www.oarcanjo.net\/site\/oracao-a-santa-barbara\/#breadcrumb","itemListElement":[{"@type":"ListItem","position":1,"name":"In\u00edcio","item":"https:\/\/www.oarcanjo.net\/site\/"},{"@type":"ListItem","position":2,"name":"Ora\u00e7\u00e3o a santa B\u00e1rbara"}]},{"@type":"WebSite","@id":"https:\/\/www.oarcanjo.net\/site\/#website","url":"https:\/\/www.oarcanjo.net\/site\/","name":"O Arcanjo no ar","description":"Site da Par\u00f3quia S\u00e3o Miguel Arcanjo (Arquidiocese de SP)","publisher":{"@id":"https:\/\/www.oarcanjo.net\/site\/#organization"},"potentialAction":[{"@type":"SearchAction","target":{"@type":"EntryPoint","urlTemplate":"https:\/\/www.oarcanjo.net\/site\/?s={search_term_string}"},"query-input":{"@type":"PropertyValueSpecification","valueRequired":true,"valueName":"search_term_string"}}],"inLanguage":"pt-BR"},{"@type":"Organization","@id":"https:\/\/www.oarcanjo.net\/site\/#organization","name":"Par\u00f3quia S\u00e3o Miguel Arcanjo","url":"https:\/\/www.oarcanjo.net\/site\/","logo":{"@type":"ImageObject","inLanguage":"pt-BR","@id":"https:\/\/www.oarcanjo.net\/site\/#\/schema\/logo\/image\/","url":"https:\/\/www.oarcanjo.net\/site\/wp-content\/uploads\/LogoOArcanjo.png","contentUrl":"https:\/\/www.oarcanjo.net\/site\/wp-content\/uploads\/LogoOArcanjo.png","width":319,"height":99,"caption":"Par\u00f3quia S\u00e3o Miguel Arcanjo"},"image":{"@id":"https:\/\/www.oarcanjo.net\/site\/#\/schema\/logo\/image\/"},"sameAs":["https:\/\/www.facebook.com\/OArcanjoNoAr\/"]},{"@type":"Person","@id":"https:\/\/www.oarcanjo.net\/site\/#\/schema\/person\/e54a5c62347067e278a5d0cf64f6a6e6","name":"mariana"}]}},"publishpress_future_action":{"enabled":false,"date":"2026-05-07 07:53:13","action":"category","newStatus":"draft","terms":[],"taxonomy":"category"},"publishpress_future_workflow_manual_trigger":{"enabledWorkflows":[]},"_links":{"self":[{"href":"https:\/\/www.oarcanjo.net\/site\/wp-json\/wp\/v2\/posts\/5016"}],"collection":[{"href":"https:\/\/www.oarcanjo.net\/site\/wp-json\/wp\/v2\/posts"}],"about":[{"href":"https:\/\/www.oarcanjo.net\/site\/wp-json\/wp\/v2\/types\/post"}],"author":[{"embeddable":true,"href":"https:\/\/www.oarcanjo.net\/site\/wp-json\/wp\/v2\/users\/12"}],"replies":[{"embeddable":true,"href":"https:\/\/www.oarcanjo.net\/site\/wp-json\/wp\/v2\/comments?post=5016"}],"version-history":[{"count":0,"href":"https:\/\/www.oarcanjo.net\/site\/wp-json\/wp\/v2\/posts\/5016\/revisions"}],"wp:attachment":[{"href":"https:\/\/www.oarcanjo.net\/site\/wp-json\/wp\/v2\/media?parent=5016"}],"wp:term":[{"taxonomy":"category","embeddable":true,"href":"https:\/\/www.oarcanjo.net\/site\/wp-json\/wp\/v2\/categories?post=5016"},{"taxonomy":"post_tag","embeddable":true,"href":"https:\/\/www.oarcanjo.net\/site\/wp-json\/wp\/v2\/tags?post=5016"}],"curies":[{"name":"wp","href":"https:\/\/api.w.org\/{rel}","templated":true}]}}