
{"id":5033,"date":"2009-09-06T19:04:01","date_gmt":"2009-09-06T22:04:01","guid":{"rendered":"http:\/\/www.oarcanjo.net\/site\/?p=5033"},"modified":"2009-09-12T18:26:11","modified_gmt":"2009-09-12T21:26:11","slug":"qual-musica-e-o-seu-estiloe-o-que-e-musica-para-voce","status":"publish","type":"post","link":"https:\/\/www.oarcanjo.net\/site\/qual-musica-e-o-seu-estiloe-o-que-e-musica-para-voce\/","title":{"rendered":"Qual m\u00fasica \u00e9 o seu estilo?E o que \u00e9 m\u00fasica para voc\u00ea ?"},"content":{"rendered":"<p>H\u00e1 tantos estilos de m\u00fasicas rock ,pop ,samba hip hop e tantos outros estilos.Bom eu vou contar um pouquinho da hist\u00f3ria da m\u00fasica.Em 1957 Marius Schneider escreveu: \u201cAt\u00e9 poucas d\u00e9cadas atr\u00e1s o termo \u2018hist\u00f3ria da m\u00fasica\u2019 significava meramente a hist\u00f3ria da m\u00fasica erudita europ\u00e9ia. Foi apenas gradualmente que o escopo da m\u00fasica foi estendido para incluir a funda\u00e7\u00e3o indispens\u00e1vel da m\u00fasica n\u00e3o europ\u00e9ia e finalmente da m\u00fasica pr\u00e9-hist\u00f3rica.&#8221;H\u00e1, portanto, tantas hist\u00f3rias da m\u00fasica quanto h\u00e1 culturas no mundo e todas as suas vertentes t\u00eam desdobramentos e subdivis\u00f5es. Podemos assim falar da hist\u00f3ria da m\u00fasica do ocidente, mas tamb\u00e9m podemos desdobr\u00e1-la na hist\u00f3ria da m\u00fasica erudita do ocidente, hist\u00f3ria da m\u00fasica popular do ocidente, hist\u00f3ria da m\u00fasica do Brasil, hist\u00f3ria do samba, e assim sucessivamente.Bom essa \u00e9 um pouco do que \u00e9 a m\u00fasica.Mas vamos \u00e1 alguns exemplos de bandas e cantores.Temos Roberto Carlos ,Ivete Sangalo ,Celly Campello, Jota Quest ,Nx Zero ,Erasmo Carlos, Elis Regina ,KLB , Falamansa , Rouge.Temos tamb\u00e9m a m\u00fasica religiosa de Padre F\u00e1bio de Melo,Padre Marcelo Rossi e entre outros.Indo para o internacional temos Beatles ,Rick Martin ,Beeges ,Julio Iglesias ,Elvis Presley , Sonohra ,Jonas Brothers ,Demi Lovato Selena Gomez ,Hanna Montana e v\u00e1rios outros cantores e bandas.<\/p>\n<p>M\u00fasica \u00e9 cultura , \u00e9 divers\u00e3o , \u00e9 uma forma de comunica\u00e7\u00e3o para espalhar o bem m\u00fasica faz parte de nossas vidas.Bom todos tem um estilo de m\u00fasica e uma opini\u00e3o sobre o que \u00e9 m\u00fasica.Ent\u00e3o atrav\u00e9s dos coment\u00e1rios responda a seguinte pergunta qual m\u00fasica \u00e9 o seu estilo?E o que \u00e9 m\u00fasica para voc\u00ea ?.Participe.<\/p>\n<p><img loading=\"lazy\" decoding=\"async\" class=\"aligncenter size-medium wp-image-5035\" src=\"http:\/\/www.oarcanjo.net\/site\/wp-content\/uploads\/musica1-300x193.jpg\" alt=\"\" width=\"300\" height=\"193\" srcset=\"https:\/\/www.oarcanjo.net\/site\/wp-content\/uploads\/musica1-300x193.jpg 300w, https:\/\/www.oarcanjo.net\/site\/wp-content\/uploads\/musica1.jpg 672w\" sizes=\"(max-width: 300px) 100vw, 300px\" \/><\/p>\n<div id=\"themify_builder_content-5033\" data-postid=\"5033\" class=\"themify_builder_content themify_builder_content-5033 themify_builder themify_builder_front\">\n\t<\/div>\n<!-- \/themify_builder_content -->","protected":false},"excerpt":{"rendered":"<p>H\u00e1 tantos estilos de m\u00fasicas rock ,pop ,samba hip hop e tantos outros estilos.Bom eu vou contar um pouquinho da hist\u00f3ria da m\u00fasica.Em 1957 Marius Schneider escreveu: \u201cAt\u00e9 poucas d\u00e9cadas atr\u00e1s o termo \u2018hist\u00f3ria da m\u00fasica\u2019 significava meramente a hist\u00f3ria da m\u00fasica erudita europ\u00e9ia. Foi apenas gradualmente que o escopo da m\u00fasica foi estendido para [&hellip;]<\/p>\n","protected":false},"author":12,"featured_media":0,"comment_status":"open","ping_status":"open","sticky":false,"template":"","format":"standard","meta":{"ngg_post_thumbnail":0,"footnotes":""},"categories":[395],"tags":[],"yoast_head":"<!-- This site is optimized with the Yoast SEO plugin v23.5 - https:\/\/yoast.com\/wordpress\/plugins\/seo\/ -->\n<title>Qual m\u00fasica \u00e9 o seu estilo?E o que \u00e9 m\u00fasica para voc\u00ea ? - O Arcanjo no ar<\/title>\n<meta name=\"robots\" content=\"index, follow, max-snippet:-1, max-image-preview:large, max-video-preview:-1\" \/>\n<link rel=\"canonical\" href=\"https:\/\/www.oarcanjo.net\/site\/qual-musica-e-o-seu-estiloe-o-que-e-musica-para-voce\/\" \/>\n<meta property=\"og:locale\" content=\"pt_BR\" \/>\n<meta property=\"og:type\" content=\"article\" \/>\n<meta property=\"og:title\" content=\"Qual m\u00fasica \u00e9 o seu estilo?E o que \u00e9 m\u00fasica para voc\u00ea ? - O Arcanjo no ar\" \/>\n<meta property=\"og:description\" content=\"H\u00e1 tantos estilos de m\u00fasicas rock ,pop ,samba hip hop e tantos outros estilos.Bom eu vou contar um pouquinho da hist\u00f3ria da m\u00fasica.Em 1957 Marius Schneider escreveu: \u201cAt\u00e9 poucas d\u00e9cadas atr\u00e1s o termo \u2018hist\u00f3ria da m\u00fasica\u2019 significava meramente a hist\u00f3ria da m\u00fasica erudita europ\u00e9ia. Foi apenas gradualmente que o escopo da m\u00fasica foi estendido para [&hellip;]\" \/>\n<meta property=\"og:url\" content=\"https:\/\/www.oarcanjo.net\/site\/qual-musica-e-o-seu-estiloe-o-que-e-musica-para-voce\/\" \/>\n<meta property=\"og:site_name\" content=\"O Arcanjo no ar\" \/>\n<meta property=\"article:publisher\" content=\"https:\/\/www.facebook.com\/OArcanjoNoAr\/\" \/>\n<meta property=\"article:published_time\" content=\"2009-09-06T22:04:01+00:00\" \/>\n<meta property=\"article:modified_time\" content=\"2009-09-12T21:26:11+00:00\" \/>\n<meta property=\"og:image\" content=\"http:\/\/www.oarcanjo.net\/site\/wp-content\/uploads\/musica1-300x193.jpg\" \/>\n<meta name=\"author\" content=\"mariana\" \/>\n<meta name=\"twitter:card\" content=\"summary_large_image\" \/>\n<meta name=\"twitter:label1\" content=\"Escrito por\" \/>\n\t<meta name=\"twitter:data1\" content=\"mariana\" \/>\n\t<meta name=\"twitter:label2\" content=\"Est. tempo de leitura\" \/>\n\t<meta name=\"twitter:data2\" content=\"2 minutos\" \/>\n<script type=\"application\/ld+json\" class=\"yoast-schema-graph\">{\"@context\":\"https:\/\/schema.org\",\"@graph\":[{\"@type\":\"Article\",\"@id\":\"https:\/\/www.oarcanjo.net\/site\/qual-musica-e-o-seu-estiloe-o-que-e-musica-para-voce\/#article\",\"isPartOf\":{\"@id\":\"https:\/\/www.oarcanjo.net\/site\/qual-musica-e-o-seu-estiloe-o-que-e-musica-para-voce\/\"},\"author\":{\"name\":\"mariana\",\"@id\":\"https:\/\/www.oarcanjo.net\/site\/#\/schema\/person\/e54a5c62347067e278a5d0cf64f6a6e6\"},\"headline\":\"Qual m\u00fasica \u00e9 o seu estilo?E o que \u00e9 m\u00fasica para voc\u00ea ?\",\"datePublished\":\"2009-09-06T22:04:01+00:00\",\"dateModified\":\"2009-09-12T21:26:11+00:00\",\"mainEntityOfPage\":{\"@id\":\"https:\/\/www.oarcanjo.net\/site\/qual-musica-e-o-seu-estiloe-o-que-e-musica-para-voce\/\"},\"wordCount\":319,\"commentCount\":1,\"publisher\":{\"@id\":\"https:\/\/www.oarcanjo.net\/site\/#organization\"},\"image\":{\"@id\":\"https:\/\/www.oarcanjo.net\/site\/qual-musica-e-o-seu-estiloe-o-que-e-musica-para-voce\/#primaryimage\"},\"thumbnailUrl\":\"http:\/\/www.oarcanjo.net\/site\/wp-content\/uploads\/musica1-300x193.jpg\",\"articleSection\":[\"Jovens\"],\"inLanguage\":\"pt-BR\",\"potentialAction\":[{\"@type\":\"CommentAction\",\"name\":\"Comment\",\"target\":[\"https:\/\/www.oarcanjo.net\/site\/qual-musica-e-o-seu-estiloe-o-que-e-musica-para-voce\/#respond\"]}]},{\"@type\":\"WebPage\",\"@id\":\"https:\/\/www.oarcanjo.net\/site\/qual-musica-e-o-seu-estiloe-o-que-e-musica-para-voce\/\",\"url\":\"https:\/\/www.oarcanjo.net\/site\/qual-musica-e-o-seu-estiloe-o-que-e-musica-para-voce\/\",\"name\":\"Qual m\u00fasica \u00e9 o seu estilo?E o que \u00e9 m\u00fasica para voc\u00ea ? - O Arcanjo no ar\",\"isPartOf\":{\"@id\":\"https:\/\/www.oarcanjo.net\/site\/#website\"},\"primaryImageOfPage\":{\"@id\":\"https:\/\/www.oarcanjo.net\/site\/qual-musica-e-o-seu-estiloe-o-que-e-musica-para-voce\/#primaryimage\"},\"image\":{\"@id\":\"https:\/\/www.oarcanjo.net\/site\/qual-musica-e-o-seu-estiloe-o-que-e-musica-para-voce\/#primaryimage\"},\"thumbnailUrl\":\"http:\/\/www.oarcanjo.net\/site\/wp-content\/uploads\/musica1-300x193.jpg\",\"datePublished\":\"2009-09-06T22:04:01+00:00\",\"dateModified\":\"2009-09-12T21:26:11+00:00\",\"breadcrumb\":{\"@id\":\"https:\/\/www.oarcanjo.net\/site\/qual-musica-e-o-seu-estiloe-o-que-e-musica-para-voce\/#breadcrumb\"},\"inLanguage\":\"pt-BR\",\"potentialAction\":[{\"@type\":\"ReadAction\",\"target\":[\"https:\/\/www.oarcanjo.net\/site\/qual-musica-e-o-seu-estiloe-o-que-e-musica-para-voce\/\"]}]},{\"@type\":\"ImageObject\",\"inLanguage\":\"pt-BR\",\"@id\":\"https:\/\/www.oarcanjo.net\/site\/qual-musica-e-o-seu-estiloe-o-que-e-musica-para-voce\/#primaryimage\",\"url\":\"https:\/\/www.oarcanjo.net\/site\/wp-content\/uploads\/musica1.jpg\",\"contentUrl\":\"https:\/\/www.oarcanjo.net\/site\/wp-content\/uploads\/musica1.jpg\",\"width\":\"672\",\"height\":\"433\"},{\"@type\":\"BreadcrumbList\",\"@id\":\"https:\/\/www.oarcanjo.net\/site\/qual-musica-e-o-seu-estiloe-o-que-e-musica-para-voce\/#breadcrumb\",\"itemListElement\":[{\"@type\":\"ListItem\",\"position\":1,\"name\":\"In\u00edcio\",\"item\":\"https:\/\/www.oarcanjo.net\/site\/\"},{\"@type\":\"ListItem\",\"position\":2,\"name\":\"Qual m\u00fasica \u00e9 o seu estilo?E o que \u00e9 m\u00fasica para voc\u00ea ?\"}]},{\"@type\":\"WebSite\",\"@id\":\"https:\/\/www.oarcanjo.net\/site\/#website\",\"url\":\"https:\/\/www.oarcanjo.net\/site\/\",\"name\":\"O Arcanjo no ar\",\"description\":\"Site da Par\u00f3quia S\u00e3o Miguel Arcanjo (Arquidiocese de SP)\",\"publisher\":{\"@id\":\"https:\/\/www.oarcanjo.net\/site\/#organization\"},\"potentialAction\":[{\"@type\":\"SearchAction\",\"target\":{\"@type\":\"EntryPoint\",\"urlTemplate\":\"https:\/\/www.oarcanjo.net\/site\/?s={search_term_string}\"},\"query-input\":{\"@type\":\"PropertyValueSpecification\",\"valueRequired\":true,\"valueName\":\"search_term_string\"}}],\"inLanguage\":\"pt-BR\"},{\"@type\":\"Organization\",\"@id\":\"https:\/\/www.oarcanjo.net\/site\/#organization\",\"name\":\"Par\u00f3quia S\u00e3o Miguel Arcanjo\",\"url\":\"https:\/\/www.oarcanjo.net\/site\/\",\"logo\":{\"@type\":\"ImageObject\",\"inLanguage\":\"pt-BR\",\"@id\":\"https:\/\/www.oarcanjo.net\/site\/#\/schema\/logo\/image\/\",\"url\":\"https:\/\/www.oarcanjo.net\/site\/wp-content\/uploads\/LogoOArcanjo.png\",\"contentUrl\":\"https:\/\/www.oarcanjo.net\/site\/wp-content\/uploads\/LogoOArcanjo.png\",\"width\":319,\"height\":99,\"caption\":\"Par\u00f3quia S\u00e3o Miguel Arcanjo\"},\"image\":{\"@id\":\"https:\/\/www.oarcanjo.net\/site\/#\/schema\/logo\/image\/\"},\"sameAs\":[\"https:\/\/www.facebook.com\/OArcanjoNoAr\/\"]},{\"@type\":\"Person\",\"@id\":\"https:\/\/www.oarcanjo.net\/site\/#\/schema\/person\/e54a5c62347067e278a5d0cf64f6a6e6\",\"name\":\"mariana\"}]}<\/script>\n<!-- \/ Yoast SEO plugin. -->","yoast_head_json":{"title":"Qual m\u00fasica \u00e9 o seu estilo?E o que \u00e9 m\u00fasica para voc\u00ea ? - O Arcanjo no ar","robots":{"index":"index","follow":"follow","max-snippet":"max-snippet:-1","max-image-preview":"max-image-preview:large","max-video-preview":"max-video-preview:-1"},"canonical":"https:\/\/www.oarcanjo.net\/site\/qual-musica-e-o-seu-estiloe-o-que-e-musica-para-voce\/","og_locale":"pt_BR","og_type":"article","og_title":"Qual m\u00fasica \u00e9 o seu estilo?E o que \u00e9 m\u00fasica para voc\u00ea ? - O Arcanjo no ar","og_description":"H\u00e1 tantos estilos de m\u00fasicas rock ,pop ,samba hip hop e tantos outros estilos.Bom eu vou contar um pouquinho da hist\u00f3ria da m\u00fasica.Em 1957 Marius Schneider escreveu: \u201cAt\u00e9 poucas d\u00e9cadas atr\u00e1s o termo \u2018hist\u00f3ria da m\u00fasica\u2019 significava meramente a hist\u00f3ria da m\u00fasica erudita europ\u00e9ia. Foi apenas gradualmente que o escopo da m\u00fasica foi estendido para [&hellip;]","og_url":"https:\/\/www.oarcanjo.net\/site\/qual-musica-e-o-seu-estiloe-o-que-e-musica-para-voce\/","og_site_name":"O Arcanjo no ar","article_publisher":"https:\/\/www.facebook.com\/OArcanjoNoAr\/","article_published_time":"2009-09-06T22:04:01+00:00","article_modified_time":"2009-09-12T21:26:11+00:00","og_image":[{"url":"http:\/\/www.oarcanjo.net\/site\/wp-content\/uploads\/musica1-300x193.jpg"}],"author":"mariana","twitter_card":"summary_large_image","twitter_misc":{"Escrito por":"mariana","Est. tempo de leitura":"2 minutos"},"schema":{"@context":"https:\/\/schema.org","@graph":[{"@type":"Article","@id":"https:\/\/www.oarcanjo.net\/site\/qual-musica-e-o-seu-estiloe-o-que-e-musica-para-voce\/#article","isPartOf":{"@id":"https:\/\/www.oarcanjo.net\/site\/qual-musica-e-o-seu-estiloe-o-que-e-musica-para-voce\/"},"author":{"name":"mariana","@id":"https:\/\/www.oarcanjo.net\/site\/#\/schema\/person\/e54a5c62347067e278a5d0cf64f6a6e6"},"headline":"Qual m\u00fasica \u00e9 o seu estilo?E o que \u00e9 m\u00fasica para voc\u00ea ?","datePublished":"2009-09-06T22:04:01+00:00","dateModified":"2009-09-12T21:26:11+00:00","mainEntityOfPage":{"@id":"https:\/\/www.oarcanjo.net\/site\/qual-musica-e-o-seu-estiloe-o-que-e-musica-para-voce\/"},"wordCount":319,"commentCount":1,"publisher":{"@id":"https:\/\/www.oarcanjo.net\/site\/#organization"},"image":{"@id":"https:\/\/www.oarcanjo.net\/site\/qual-musica-e-o-seu-estiloe-o-que-e-musica-para-voce\/#primaryimage"},"thumbnailUrl":"http:\/\/www.oarcanjo.net\/site\/wp-content\/uploads\/musica1-300x193.jpg","articleSection":["Jovens"],"inLanguage":"pt-BR","potentialAction":[{"@type":"CommentAction","name":"Comment","target":["https:\/\/www.oarcanjo.net\/site\/qual-musica-e-o-seu-estiloe-o-que-e-musica-para-voce\/#respond"]}]},{"@type":"WebPage","@id":"https:\/\/www.oarcanjo.net\/site\/qual-musica-e-o-seu-estiloe-o-que-e-musica-para-voce\/","url":"https:\/\/www.oarcanjo.net\/site\/qual-musica-e-o-seu-estiloe-o-que-e-musica-para-voce\/","name":"Qual m\u00fasica \u00e9 o seu estilo?E o que \u00e9 m\u00fasica para voc\u00ea ? - O Arcanjo no ar","isPartOf":{"@id":"https:\/\/www.oarcanjo.net\/site\/#website"},"primaryImageOfPage":{"@id":"https:\/\/www.oarcanjo.net\/site\/qual-musica-e-o-seu-estiloe-o-que-e-musica-para-voce\/#primaryimage"},"image":{"@id":"https:\/\/www.oarcanjo.net\/site\/qual-musica-e-o-seu-estiloe-o-que-e-musica-para-voce\/#primaryimage"},"thumbnailUrl":"http:\/\/www.oarcanjo.net\/site\/wp-content\/uploads\/musica1-300x193.jpg","datePublished":"2009-09-06T22:04:01+00:00","dateModified":"2009-09-12T21:26:11+00:00","breadcrumb":{"@id":"https:\/\/www.oarcanjo.net\/site\/qual-musica-e-o-seu-estiloe-o-que-e-musica-para-voce\/#breadcrumb"},"inLanguage":"pt-BR","potentialAction":[{"@type":"ReadAction","target":["https:\/\/www.oarcanjo.net\/site\/qual-musica-e-o-seu-estiloe-o-que-e-musica-para-voce\/"]}]},{"@type":"ImageObject","inLanguage":"pt-BR","@id":"https:\/\/www.oarcanjo.net\/site\/qual-musica-e-o-seu-estiloe-o-que-e-musica-para-voce\/#primaryimage","url":"https:\/\/www.oarcanjo.net\/site\/wp-content\/uploads\/musica1.jpg","contentUrl":"https:\/\/www.oarcanjo.net\/site\/wp-content\/uploads\/musica1.jpg","width":"672","height":"433"},{"@type":"BreadcrumbList","@id":"https:\/\/www.oarcanjo.net\/site\/qual-musica-e-o-seu-estiloe-o-que-e-musica-para-voce\/#breadcrumb","itemListElement":[{"@type":"ListItem","position":1,"name":"In\u00edcio","item":"https:\/\/www.oarcanjo.net\/site\/"},{"@type":"ListItem","position":2,"name":"Qual m\u00fasica \u00e9 o seu estilo?E o que \u00e9 m\u00fasica para voc\u00ea ?"}]},{"@type":"WebSite","@id":"https:\/\/www.oarcanjo.net\/site\/#website","url":"https:\/\/www.oarcanjo.net\/site\/","name":"O Arcanjo no ar","description":"Site da Par\u00f3quia S\u00e3o Miguel Arcanjo (Arquidiocese de SP)","publisher":{"@id":"https:\/\/www.oarcanjo.net\/site\/#organization"},"potentialAction":[{"@type":"SearchAction","target":{"@type":"EntryPoint","urlTemplate":"https:\/\/www.oarcanjo.net\/site\/?s={search_term_string}"},"query-input":{"@type":"PropertyValueSpecification","valueRequired":true,"valueName":"search_term_string"}}],"inLanguage":"pt-BR"},{"@type":"Organization","@id":"https:\/\/www.oarcanjo.net\/site\/#organization","name":"Par\u00f3quia S\u00e3o Miguel Arcanjo","url":"https:\/\/www.oarcanjo.net\/site\/","logo":{"@type":"ImageObject","inLanguage":"pt-BR","@id":"https:\/\/www.oarcanjo.net\/site\/#\/schema\/logo\/image\/","url":"https:\/\/www.oarcanjo.net\/site\/wp-content\/uploads\/LogoOArcanjo.png","contentUrl":"https:\/\/www.oarcanjo.net\/site\/wp-content\/uploads\/LogoOArcanjo.png","width":319,"height":99,"caption":"Par\u00f3quia S\u00e3o Miguel Arcanjo"},"image":{"@id":"https:\/\/www.oarcanjo.net\/site\/#\/schema\/logo\/image\/"},"sameAs":["https:\/\/www.facebook.com\/OArcanjoNoAr\/"]},{"@type":"Person","@id":"https:\/\/www.oarcanjo.net\/site\/#\/schema\/person\/e54a5c62347067e278a5d0cf64f6a6e6","name":"mariana"}]}},"publishpress_future_action":{"enabled":false,"date":"2026-05-07 09:47:57","action":"category","newStatus":"draft","terms":[],"taxonomy":"category"},"publishpress_future_workflow_manual_trigger":{"enabledWorkflows":[]},"_links":{"self":[{"href":"https:\/\/www.oarcanjo.net\/site\/wp-json\/wp\/v2\/posts\/5033"}],"collection":[{"href":"https:\/\/www.oarcanjo.net\/site\/wp-json\/wp\/v2\/posts"}],"about":[{"href":"https:\/\/www.oarcanjo.net\/site\/wp-json\/wp\/v2\/types\/post"}],"author":[{"embeddable":true,"href":"https:\/\/www.oarcanjo.net\/site\/wp-json\/wp\/v2\/users\/12"}],"replies":[{"embeddable":true,"href":"https:\/\/www.oarcanjo.net\/site\/wp-json\/wp\/v2\/comments?post=5033"}],"version-history":[{"count":0,"href":"https:\/\/www.oarcanjo.net\/site\/wp-json\/wp\/v2\/posts\/5033\/revisions"}],"wp:attachment":[{"href":"https:\/\/www.oarcanjo.net\/site\/wp-json\/wp\/v2\/media?parent=5033"}],"wp:term":[{"taxonomy":"category","embeddable":true,"href":"https:\/\/www.oarcanjo.net\/site\/wp-json\/wp\/v2\/categories?post=5033"},{"taxonomy":"post_tag","embeddable":true,"href":"https:\/\/www.oarcanjo.net\/site\/wp-json\/wp\/v2\/tags?post=5033"}],"curies":[{"name":"wp","href":"https:\/\/api.w.org\/{rel}","templated":true}]}}