
{"id":5044,"date":"2009-09-08T18:31:31","date_gmt":"2009-09-08T21:31:31","guid":{"rendered":"http:\/\/www.oarcanjo.net\/site\/?p=5044"},"modified":"2009-09-08T22:31:39","modified_gmt":"2009-09-09T01:31:39","slug":"sao-pedro-claver","status":"publish","type":"post","link":"https:\/\/www.oarcanjo.net\/site\/sao-pedro-claver\/","title":{"rendered":"S\u00e3o Pedro Claver , 9 de setembro !"},"content":{"rendered":"<p>Este grande homem nasceu em Verdu , Espanha em 1580 , durante o tempo de estudos conheceu S\u00e3o Alfonso Rodrigues que o influenciou benefica e santamente .\u00a0 De Barcelona pediu para ser enviado para a Am\u00e9rica , chegando em Cartagena na Colombia em 1610 , estudando em Bogot\u00e1 foi ordenado padre em 1616 .<\/p>\n<p>Foi designado para o apostolado entre os escravos negros , assumindo esta misss\u00e3o com interira e total dedica\u00e7\u00e3o . A ponto de dormir na torre da Igreja\u00a0 para observar no mar a chegada dos navios negreiros da Africa . Imediatamente se dirrigia ao porto com seus sete auxiliares todos ex escravos que o ajudavam a identificar as diferentes l\u00ednguas faladas por eles .<\/p>\n<p>A tal ponto dedicava-se aos irm\u00e3os escravizados que passou a assinar pe. Pedro Claver \u00a8Escravo dos escravos \u00a8 e era assimque agia , lavando suas feridas , curando suas chagas , alimentando-os ,\u00a0 cuidadando de suas enfermidades adquiridas na longa travessia do oceano , que chegava a durar meses , acorrentados e chicoteados , alimentados s\u00f3 uma vez por dia sem nenhum cuidado de higiene , alguns apodreciam em vida .<\/p>\n<p>A todos tratava como filhos e filhas ,\u00a0 cuidando pessoalmente de suas necessidades e aliviando suas dores , o seu cuidado , tamb\u00e9m , levava-os ao batismo e \u00e0 catequese .<\/p>\n<p>A sua miss\u00e3o incomodava os escravagistas e poderosos que n\u00e3o cessaram de persegui-lo e levantar contra ele calunias e\u00a0 injurias de toda ordem e principalmennte moral .<\/p>\n<p>Pe. Pedro Claver a tudo suportou e n\u00e3o deixava de repetir : JESUS como TE amo !<\/p>\n<p>No fim de sua vida\u00a0 exaurido pelo trabalho e paralizado era levado em uma cadeira de rodas por um descendente dos escravos que tanto cuidou , mas que o maltratava e\u00a0agia com crueldade , \u00a0sem nunca ningu\u00e9m saber pois o pe. Claver preferiu manter tudo\u00a0em sil\u00eancio .<\/p>\n<p>Pe Claver morreu em Cartagena em 1654 .<\/p>\n<p>Foi declarado patrono dos Direitos Humanos\u00a0 na Am\u00e9rica Latina .<\/p>\n<p>S\u00e3o Pedro Claver canonizado em 1888 , \u00e9 um santo que muito diz para mim e que muito me impacta , \u00e9 um exemplo que impressiona e edifica , o tenho como inspira\u00e7\u00e3o e protetor .<\/p>\n<p>Seu santu\u00e1rio est\u00e1 em Cartagena , onde foi sepultado , e onde uma descendente dos escravos cuidou de sua sepultura para que n\u00e3o fosse profanada durante o tempo que a Igreja foi transformada em mercado .<\/p>\n<p>S\u00e3o Pedro Claver explendor da Igreja Cat\u00f3lica e da Humanidade !<\/p>\n<p>rogai por n\u00f3s !<\/p>\n<div id=\"themify_builder_content-5044\" data-postid=\"5044\" class=\"themify_builder_content themify_builder_content-5044 themify_builder themify_builder_front\">\n\t<\/div>\n<!-- \/themify_builder_content -->","protected":false},"excerpt":{"rendered":"<p>Este grande homem nasceu em Verdu , Espanha em 1580 , durante o tempo de estudos conheceu S\u00e3o Alfonso Rodrigues que o influenciou benefica e santamente .\u00a0 De Barcelona pediu para ser enviado para a Am\u00e9rica , chegando em Cartagena na Colombia em 1610 , estudando em Bogot\u00e1 foi ordenado padre em 1616 . Foi [&hellip;]<\/p>\n","protected":false},"author":4,"featured_media":0,"comment_status":"open","ping_status":"open","sticky":false,"template":"","format":"standard","meta":{"ngg_post_thumbnail":0,"footnotes":""},"categories":[4],"tags":[],"yoast_head":"<!-- This site is optimized with the Yoast SEO plugin v23.5 - https:\/\/yoast.com\/wordpress\/plugins\/seo\/ -->\n<title>S\u00e3o Pedro Claver , 9 de setembro ! - O Arcanjo no ar<\/title>\n<meta name=\"robots\" content=\"index, follow, max-snippet:-1, max-image-preview:large, max-video-preview:-1\" \/>\n<link rel=\"canonical\" href=\"https:\/\/www.oarcanjo.net\/site\/sao-pedro-claver\/\" \/>\n<meta property=\"og:locale\" content=\"pt_BR\" \/>\n<meta property=\"og:type\" content=\"article\" \/>\n<meta property=\"og:title\" content=\"S\u00e3o Pedro Claver , 9 de setembro ! - O Arcanjo no ar\" \/>\n<meta property=\"og:description\" content=\"Este grande homem nasceu em Verdu , Espanha em 1580 , durante o tempo de estudos conheceu S\u00e3o Alfonso Rodrigues que o influenciou benefica e santamente .\u00a0 De Barcelona pediu para ser enviado para a Am\u00e9rica , chegando em Cartagena na Colombia em 1610 , estudando em Bogot\u00e1 foi ordenado padre em 1616 . Foi [&hellip;]\" \/>\n<meta property=\"og:url\" content=\"https:\/\/www.oarcanjo.net\/site\/sao-pedro-claver\/\" \/>\n<meta property=\"og:site_name\" content=\"O Arcanjo no ar\" \/>\n<meta property=\"article:publisher\" content=\"https:\/\/www.facebook.com\/OArcanjoNoAr\/\" \/>\n<meta property=\"article:published_time\" content=\"2009-09-08T21:31:31+00:00\" \/>\n<meta property=\"article:modified_time\" content=\"2009-09-09T01:31:39+00:00\" \/>\n<meta property=\"og:image\" content=\"https:\/\/www.oarcanjo.net\/site\/wp-content\/uploads\/logo-o-arcanjo-no-ar-facebook.png\" \/>\n\t<meta property=\"og:image:width\" content=\"300\" \/>\n\t<meta property=\"og:image:height\" content=\"300\" \/>\n\t<meta property=\"og:image:type\" content=\"image\/png\" \/>\n<meta name=\"author\" content=\"julio\" \/>\n<meta name=\"twitter:card\" content=\"summary_large_image\" \/>\n<meta name=\"twitter:label1\" content=\"Escrito por\" \/>\n\t<meta name=\"twitter:data1\" content=\"julio\" \/>\n\t<meta name=\"twitter:label2\" content=\"Est. tempo de leitura\" \/>\n\t<meta name=\"twitter:data2\" content=\"2 minutos\" \/>\n<script type=\"application\/ld+json\" class=\"yoast-schema-graph\">{\"@context\":\"https:\/\/schema.org\",\"@graph\":[{\"@type\":\"Article\",\"@id\":\"https:\/\/www.oarcanjo.net\/site\/sao-pedro-claver\/#article\",\"isPartOf\":{\"@id\":\"https:\/\/www.oarcanjo.net\/site\/sao-pedro-claver\/\"},\"author\":{\"name\":\"julio\",\"@id\":\"https:\/\/www.oarcanjo.net\/site\/#\/schema\/person\/d78ea01c648c91e29c364b516767079e\"},\"headline\":\"S\u00e3o Pedro Claver , 9 de setembro !\",\"datePublished\":\"2009-09-08T21:31:31+00:00\",\"dateModified\":\"2009-09-09T01:31:39+00:00\",\"mainEntityOfPage\":{\"@id\":\"https:\/\/www.oarcanjo.net\/site\/sao-pedro-claver\/\"},\"wordCount\":393,\"commentCount\":11,\"publisher\":{\"@id\":\"https:\/\/www.oarcanjo.net\/site\/#organization\"},\"articleSection\":[\"Blog\"],\"inLanguage\":\"pt-BR\",\"potentialAction\":[{\"@type\":\"CommentAction\",\"name\":\"Comment\",\"target\":[\"https:\/\/www.oarcanjo.net\/site\/sao-pedro-claver\/#respond\"]}]},{\"@type\":\"WebPage\",\"@id\":\"https:\/\/www.oarcanjo.net\/site\/sao-pedro-claver\/\",\"url\":\"https:\/\/www.oarcanjo.net\/site\/sao-pedro-claver\/\",\"name\":\"S\u00e3o Pedro Claver , 9 de setembro ! - O Arcanjo no ar\",\"isPartOf\":{\"@id\":\"https:\/\/www.oarcanjo.net\/site\/#website\"},\"datePublished\":\"2009-09-08T21:31:31+00:00\",\"dateModified\":\"2009-09-09T01:31:39+00:00\",\"breadcrumb\":{\"@id\":\"https:\/\/www.oarcanjo.net\/site\/sao-pedro-claver\/#breadcrumb\"},\"inLanguage\":\"pt-BR\",\"potentialAction\":[{\"@type\":\"ReadAction\",\"target\":[\"https:\/\/www.oarcanjo.net\/site\/sao-pedro-claver\/\"]}]},{\"@type\":\"BreadcrumbList\",\"@id\":\"https:\/\/www.oarcanjo.net\/site\/sao-pedro-claver\/#breadcrumb\",\"itemListElement\":[{\"@type\":\"ListItem\",\"position\":1,\"name\":\"In\u00edcio\",\"item\":\"https:\/\/www.oarcanjo.net\/site\/\"},{\"@type\":\"ListItem\",\"position\":2,\"name\":\"S\u00e3o Pedro Claver , 9 de setembro !\"}]},{\"@type\":\"WebSite\",\"@id\":\"https:\/\/www.oarcanjo.net\/site\/#website\",\"url\":\"https:\/\/www.oarcanjo.net\/site\/\",\"name\":\"O Arcanjo no ar\",\"description\":\"Site da Par\u00f3quia S\u00e3o Miguel Arcanjo (Arquidiocese de SP)\",\"publisher\":{\"@id\":\"https:\/\/www.oarcanjo.net\/site\/#organization\"},\"potentialAction\":[{\"@type\":\"SearchAction\",\"target\":{\"@type\":\"EntryPoint\",\"urlTemplate\":\"https:\/\/www.oarcanjo.net\/site\/?s={search_term_string}\"},\"query-input\":{\"@type\":\"PropertyValueSpecification\",\"valueRequired\":true,\"valueName\":\"search_term_string\"}}],\"inLanguage\":\"pt-BR\"},{\"@type\":\"Organization\",\"@id\":\"https:\/\/www.oarcanjo.net\/site\/#organization\",\"name\":\"Par\u00f3quia S\u00e3o Miguel Arcanjo\",\"url\":\"https:\/\/www.oarcanjo.net\/site\/\",\"logo\":{\"@type\":\"ImageObject\",\"inLanguage\":\"pt-BR\",\"@id\":\"https:\/\/www.oarcanjo.net\/site\/#\/schema\/logo\/image\/\",\"url\":\"https:\/\/www.oarcanjo.net\/site\/wp-content\/uploads\/LogoOArcanjo.png\",\"contentUrl\":\"https:\/\/www.oarcanjo.net\/site\/wp-content\/uploads\/LogoOArcanjo.png\",\"width\":319,\"height\":99,\"caption\":\"Par\u00f3quia S\u00e3o Miguel Arcanjo\"},\"image\":{\"@id\":\"https:\/\/www.oarcanjo.net\/site\/#\/schema\/logo\/image\/\"},\"sameAs\":[\"https:\/\/www.facebook.com\/OArcanjoNoAr\/\"]},{\"@type\":\"Person\",\"@id\":\"https:\/\/www.oarcanjo.net\/site\/#\/schema\/person\/d78ea01c648c91e29c364b516767079e\",\"name\":\"julio\",\"sameAs\":[\"http:\/\/www.oarcanjo.net\"]}]}<\/script>\n<!-- \/ Yoast SEO plugin. -->","yoast_head_json":{"title":"S\u00e3o Pedro Claver , 9 de setembro ! - O Arcanjo no ar","robots":{"index":"index","follow":"follow","max-snippet":"max-snippet:-1","max-image-preview":"max-image-preview:large","max-video-preview":"max-video-preview:-1"},"canonical":"https:\/\/www.oarcanjo.net\/site\/sao-pedro-claver\/","og_locale":"pt_BR","og_type":"article","og_title":"S\u00e3o Pedro Claver , 9 de setembro ! - O Arcanjo no ar","og_description":"Este grande homem nasceu em Verdu , Espanha em 1580 , durante o tempo de estudos conheceu S\u00e3o Alfonso Rodrigues que o influenciou benefica e santamente .\u00a0 De Barcelona pediu para ser enviado para a Am\u00e9rica , chegando em Cartagena na Colombia em 1610 , estudando em Bogot\u00e1 foi ordenado padre em 1616 . Foi [&hellip;]","og_url":"https:\/\/www.oarcanjo.net\/site\/sao-pedro-claver\/","og_site_name":"O Arcanjo no ar","article_publisher":"https:\/\/www.facebook.com\/OArcanjoNoAr\/","article_published_time":"2009-09-08T21:31:31+00:00","article_modified_time":"2009-09-09T01:31:39+00:00","og_image":[{"width":300,"height":300,"url":"https:\/\/www.oarcanjo.net\/site\/wp-content\/uploads\/logo-o-arcanjo-no-ar-facebook.png","type":"image\/png"}],"author":"julio","twitter_card":"summary_large_image","twitter_misc":{"Escrito por":"julio","Est. tempo de leitura":"2 minutos"},"schema":{"@context":"https:\/\/schema.org","@graph":[{"@type":"Article","@id":"https:\/\/www.oarcanjo.net\/site\/sao-pedro-claver\/#article","isPartOf":{"@id":"https:\/\/www.oarcanjo.net\/site\/sao-pedro-claver\/"},"author":{"name":"julio","@id":"https:\/\/www.oarcanjo.net\/site\/#\/schema\/person\/d78ea01c648c91e29c364b516767079e"},"headline":"S\u00e3o Pedro Claver , 9 de setembro !","datePublished":"2009-09-08T21:31:31+00:00","dateModified":"2009-09-09T01:31:39+00:00","mainEntityOfPage":{"@id":"https:\/\/www.oarcanjo.net\/site\/sao-pedro-claver\/"},"wordCount":393,"commentCount":11,"publisher":{"@id":"https:\/\/www.oarcanjo.net\/site\/#organization"},"articleSection":["Blog"],"inLanguage":"pt-BR","potentialAction":[{"@type":"CommentAction","name":"Comment","target":["https:\/\/www.oarcanjo.net\/site\/sao-pedro-claver\/#respond"]}]},{"@type":"WebPage","@id":"https:\/\/www.oarcanjo.net\/site\/sao-pedro-claver\/","url":"https:\/\/www.oarcanjo.net\/site\/sao-pedro-claver\/","name":"S\u00e3o Pedro Claver , 9 de setembro ! - O Arcanjo no ar","isPartOf":{"@id":"https:\/\/www.oarcanjo.net\/site\/#website"},"datePublished":"2009-09-08T21:31:31+00:00","dateModified":"2009-09-09T01:31:39+00:00","breadcrumb":{"@id":"https:\/\/www.oarcanjo.net\/site\/sao-pedro-claver\/#breadcrumb"},"inLanguage":"pt-BR","potentialAction":[{"@type":"ReadAction","target":["https:\/\/www.oarcanjo.net\/site\/sao-pedro-claver\/"]}]},{"@type":"BreadcrumbList","@id":"https:\/\/www.oarcanjo.net\/site\/sao-pedro-claver\/#breadcrumb","itemListElement":[{"@type":"ListItem","position":1,"name":"In\u00edcio","item":"https:\/\/www.oarcanjo.net\/site\/"},{"@type":"ListItem","position":2,"name":"S\u00e3o Pedro Claver , 9 de setembro !"}]},{"@type":"WebSite","@id":"https:\/\/www.oarcanjo.net\/site\/#website","url":"https:\/\/www.oarcanjo.net\/site\/","name":"O Arcanjo no ar","description":"Site da Par\u00f3quia S\u00e3o Miguel Arcanjo (Arquidiocese de SP)","publisher":{"@id":"https:\/\/www.oarcanjo.net\/site\/#organization"},"potentialAction":[{"@type":"SearchAction","target":{"@type":"EntryPoint","urlTemplate":"https:\/\/www.oarcanjo.net\/site\/?s={search_term_string}"},"query-input":{"@type":"PropertyValueSpecification","valueRequired":true,"valueName":"search_term_string"}}],"inLanguage":"pt-BR"},{"@type":"Organization","@id":"https:\/\/www.oarcanjo.net\/site\/#organization","name":"Par\u00f3quia S\u00e3o Miguel Arcanjo","url":"https:\/\/www.oarcanjo.net\/site\/","logo":{"@type":"ImageObject","inLanguage":"pt-BR","@id":"https:\/\/www.oarcanjo.net\/site\/#\/schema\/logo\/image\/","url":"https:\/\/www.oarcanjo.net\/site\/wp-content\/uploads\/LogoOArcanjo.png","contentUrl":"https:\/\/www.oarcanjo.net\/site\/wp-content\/uploads\/LogoOArcanjo.png","width":319,"height":99,"caption":"Par\u00f3quia S\u00e3o Miguel Arcanjo"},"image":{"@id":"https:\/\/www.oarcanjo.net\/site\/#\/schema\/logo\/image\/"},"sameAs":["https:\/\/www.facebook.com\/OArcanjoNoAr\/"]},{"@type":"Person","@id":"https:\/\/www.oarcanjo.net\/site\/#\/schema\/person\/d78ea01c648c91e29c364b516767079e","name":"julio","sameAs":["http:\/\/www.oarcanjo.net"]}]}},"publishpress_future_action":{"enabled":false,"date":"2026-05-09 01:43:44","action":"category","newStatus":"draft","terms":[],"taxonomy":"category"},"publishpress_future_workflow_manual_trigger":{"enabledWorkflows":[]},"_links":{"self":[{"href":"https:\/\/www.oarcanjo.net\/site\/wp-json\/wp\/v2\/posts\/5044"}],"collection":[{"href":"https:\/\/www.oarcanjo.net\/site\/wp-json\/wp\/v2\/posts"}],"about":[{"href":"https:\/\/www.oarcanjo.net\/site\/wp-json\/wp\/v2\/types\/post"}],"author":[{"embeddable":true,"href":"https:\/\/www.oarcanjo.net\/site\/wp-json\/wp\/v2\/users\/4"}],"replies":[{"embeddable":true,"href":"https:\/\/www.oarcanjo.net\/site\/wp-json\/wp\/v2\/comments?post=5044"}],"version-history":[{"count":0,"href":"https:\/\/www.oarcanjo.net\/site\/wp-json\/wp\/v2\/posts\/5044\/revisions"}],"wp:attachment":[{"href":"https:\/\/www.oarcanjo.net\/site\/wp-json\/wp\/v2\/media?parent=5044"}],"wp:term":[{"taxonomy":"category","embeddable":true,"href":"https:\/\/www.oarcanjo.net\/site\/wp-json\/wp\/v2\/categories?post=5044"},{"taxonomy":"post_tag","embeddable":true,"href":"https:\/\/www.oarcanjo.net\/site\/wp-json\/wp\/v2\/tags?post=5044"}],"curies":[{"name":"wp","href":"https:\/\/api.w.org\/{rel}","templated":true}]}}