
{"id":5048,"date":"2009-09-09T00:03:56","date_gmt":"2009-09-09T03:03:56","guid":{"rendered":"http:\/\/www.oarcanjo.net\/site\/?p=5048"},"modified":"2009-09-09T00:03:56","modified_gmt":"2009-09-09T03:03:56","slug":"uma-agenda-para-nos-salvar-com-o-planeta","status":"publish","type":"post","link":"https:\/\/www.oarcanjo.net\/site\/uma-agenda-para-nos-salvar-com-o-planeta\/","title":{"rendered":"Uma agenda para nos salvar com o Planeta"},"content":{"rendered":"<p>Marcelo Barros<\/p>\n<p>O mundo inteiro est\u00e1 preocupado com a situa\u00e7\u00e3o do planeta Terra. Mesmo setores sociais que, antes, achavam as preocupa\u00e7\u00f5es dos ecologistas um tanto exageradas, atualmente se preocupam com o fato de que, somente no ano 2008, mais de 200 mil pessoas morreram v\u00edtimas de ciclones, terremotos e inunda\u00e7\u00f5es, sem falar que os preju\u00edzos econ\u00f4micos com estes desastres foram de 200 bilh\u00f5es de d\u00f3lares, 50% a mais do que no ano anterior.<\/p>\n<p>A humanidade inteira prepara a Confer\u00eancia mundial sobre o clima e a realidade ecol\u00f3gica do mundo, em Copenhague, (dezembro de 2009). At\u00e9 l\u00e1 acontecer\u00e3o v\u00e1rios encontros e assembl\u00e9ias regionais, para preparar esse grande f\u00f3rum de di\u00e1logo da humanidade sobre o futuro do planeta. Esta agenda envolve governos e organiza\u00e7\u00f5es da sociedade, mas dificilmente engaja pessoas comuns no planejamento da sustentabilidade que poder\u00e1 garantir a salva\u00e7\u00e3o da vida humana e de todos os seres vivos.<\/p>\n<p>Para contribuir com este mutir\u00e3o de cidadania universal e de cuidado ecol\u00f3gico, a Agenda Latino-americana Mundial de 2010 lan\u00e7a este tema e nos convida a fazer de todo o ano de 2010 um tempo de aten\u00e7\u00e3o maior com o planeta e suas necessidades. Na carta introdut\u00f3ria, Dom Pedro Casald\u00e1liga explica: &#8220;Somos n\u00f3s ou \u00e9 o Planeta que est\u00e1 em crise mortal? Baralhamos tr\u00eas t\u00edtulos para a agenda Latino-americana 2010 que aportam para poss\u00edveis focos. Salvar o Planeta, Salvaremos o Planeta?, Salvemo-nos com o Planeta. Optamos pelo \u00faltimo t\u00edtulo, porque t\u00e9cnicos e profetas nos v\u00eam recordando que n\u00f3s somos o Planeta tamb\u00e9m; somos Gaia, estamos despertando para uma vis\u00e3o mais hol\u00edstica, mais integral&#8230;&#8221;.<\/p>\n<p>Como nos anos anteriores, a &#8220;Agenda Latino-americana Mundial 2010 marca cada data com a mem\u00f3ria dos acontecimentos que tornam aquele dia diferente, na hist\u00f3ria da liberta\u00e7\u00e3o dos povos e assinala a lembran\u00e7a das pessoas que deram a vida pelas grandes causas da humanidade. Al\u00e9m de um calend\u00e1rio ecum\u00eanico, minuciosamente organizado, a Agenda toma o tema do ano (neste 2010, &#8220;salvemo-nos com o planeta&#8221;) e convida intelectuais e militantes sociais dos cinco continentes para escrever um estudo sobre algum aspecto deste tema geral. Estes textos e artigos s\u00e3o dispostos de acordo com o m\u00e9todo consagrado do Ver, Julgar e Agir. Como em outras edi\u00e7\u00f5es, a Agenda 2010, em conv\u00eanio com entidades afins, tamb\u00e9m prop\u00f5e concursos de textos e temas a serem aprofundados. Para os vencedores, h\u00e1 pr\u00eamios e possibilidade de divulga\u00e7\u00e3o do seu trabalho.<\/p>\n<p>No nosso pa\u00eds, a Agenda Latinoamericana \u00e9 divulgada pela Comiss\u00e3o Dominicana de Justi\u00e7a e Paz do Brasil. Neste ano, ela ser\u00e1 lan\u00e7ada em Goi\u00e2nia de 09 a 12 de setembro, com o tema &#8220;Mem\u00f3ria e Profecia&#8221;. Na noite da 4\u00aa feira, 09, no Centro de Conviv\u00eancia da Par\u00f3quia S\u00e3o Judas Tadeu, no Setor Coimbra, \u00e0s 19 horas, haver\u00e1 o lan\u00e7amento da Agenda Latino-americana 2010, junto com uma exposi\u00e7\u00e3o de fotos sobre Dom H\u00e9lder C\u00e2mara, cujo centen\u00e1rio de nascimento celebramos. Haver\u00e1 o lan\u00e7amento do livro &#8220;Di\u00e1rio do Frei Fernando&#8221;, sobre o di\u00e1rio da pris\u00e3o de um dos dominicanos, preso pela ditadura militar, no inicio dos anos 70. Na 5\u00aa feira, 10, \u00e0s 19 horas, no Cine Municipal de Cultura Goi\u00e2nia Ouro, (rua 09, Centro), haver\u00e1 a apresenta\u00e7\u00e3o de dois filmes: o &#8220;Ressignificar&#8221;, pr\u00eamio de melhor produ\u00e7\u00e3o goiana no XI FICA e &#8220;Dom H\u00e9lder C\u00e2mara, o santo rebelde&#8221;, de \u00c9rika Bauer, seguido de discuss\u00e3o e debate, com a presen\u00e7a da diretora e do bispo Dom Tom\u00e1s Baldu\u00edno. Na 6\u00aa feira, 11, \u00e0s 08, 30 h na Pra\u00e7a Universit\u00e1ria, todos est\u00e3o convidados para um ato p\u00fablico em defesa do Cerrado.<\/p>\n<p>A Agenda Latinoamericana Mundial 2010 nos convida a fazer de cada dia deste novo ano um tempo de gra\u00e7a e salva\u00e7\u00e3o (kayr\u00f3s), no qual viveremos a alegria de sermos salvos com o planeta. Quem vive o caminho da f\u00e9 reconhece que conosco est\u00e1 sempre Algu\u00e9m que se manifesta no amor que faz todas as criaturas existirem. Nos inspira a fazer do cuidado com a Terra, com a \u00c1gua e todos os seres vivos, uma forma de ora\u00e7\u00e3o e comunh\u00e3o com o mist\u00e9rio divino, presente e atuante no universo.<\/p>\n<div id=\"themify_builder_content-5048\" data-postid=\"5048\" class=\"themify_builder_content themify_builder_content-5048 themify_builder themify_builder_front\">\n\t<\/div>\n<!-- \/themify_builder_content -->","protected":false},"excerpt":{"rendered":"<p>Marcelo Barros O mundo inteiro est\u00e1 preocupado com a situa\u00e7\u00e3o do planeta Terra. Mesmo setores sociais que, antes, achavam as preocupa\u00e7\u00f5es dos ecologistas um tanto exageradas, atualmente se preocupam com o fato de que, somente no ano 2008, mais de 200 mil pessoas morreram v\u00edtimas de ciclones, terremotos e inunda\u00e7\u00f5es, sem falar que os preju\u00edzos [&hellip;]<\/p>\n","protected":false},"author":5,"featured_media":0,"comment_status":"open","ping_status":"open","sticky":false,"template":"","format":"standard","meta":{"ngg_post_thumbnail":0,"footnotes":""},"categories":[8],"tags":[1048,1049,104,468,470],"yoast_head":"<!-- This site is optimized with the Yoast SEO plugin v23.5 - https:\/\/yoast.com\/wordpress\/plugins\/seo\/ -->\n<title>Uma agenda para nos salvar com o Planeta - O Arcanjo no ar<\/title>\n<meta name=\"robots\" content=\"index, follow, max-snippet:-1, max-image-preview:large, max-video-preview:-1\" \/>\n<link rel=\"canonical\" href=\"https:\/\/www.oarcanjo.net\/site\/uma-agenda-para-nos-salvar-com-o-planeta\/\" \/>\n<meta property=\"og:locale\" content=\"pt_BR\" \/>\n<meta property=\"og:type\" content=\"article\" \/>\n<meta property=\"og:title\" content=\"Uma agenda para nos salvar com o Planeta - O Arcanjo no ar\" \/>\n<meta property=\"og:description\" content=\"Marcelo Barros O mundo inteiro est\u00e1 preocupado com a situa\u00e7\u00e3o do planeta Terra. Mesmo setores sociais que, antes, achavam as preocupa\u00e7\u00f5es dos ecologistas um tanto exageradas, atualmente se preocupam com o fato de que, somente no ano 2008, mais de 200 mil pessoas morreram v\u00edtimas de ciclones, terremotos e inunda\u00e7\u00f5es, sem falar que os preju\u00edzos [&hellip;]\" \/>\n<meta property=\"og:url\" content=\"https:\/\/www.oarcanjo.net\/site\/uma-agenda-para-nos-salvar-com-o-planeta\/\" \/>\n<meta property=\"og:site_name\" content=\"O Arcanjo no ar\" \/>\n<meta property=\"article:publisher\" content=\"https:\/\/www.facebook.com\/OArcanjoNoAr\/\" \/>\n<meta property=\"article:published_time\" content=\"2009-09-09T03:03:56+00:00\" \/>\n<meta property=\"og:image\" content=\"https:\/\/www.oarcanjo.net\/site\/wp-content\/uploads\/logo-o-arcanjo-no-ar-facebook.png\" \/>\n\t<meta property=\"og:image:width\" content=\"300\" \/>\n\t<meta property=\"og:image:height\" content=\"300\" \/>\n\t<meta property=\"og:image:type\" content=\"image\/png\" \/>\n<meta name=\"author\" content=\"editor\" \/>\n<meta name=\"twitter:card\" content=\"summary_large_image\" \/>\n<meta name=\"twitter:label1\" content=\"Escrito por\" \/>\n\t<meta name=\"twitter:data1\" content=\"editor\" \/>\n\t<meta name=\"twitter:label2\" content=\"Est. tempo de leitura\" \/>\n\t<meta name=\"twitter:data2\" content=\"4 minutos\" \/>\n<script type=\"application\/ld+json\" class=\"yoast-schema-graph\">{\"@context\":\"https:\/\/schema.org\",\"@graph\":[{\"@type\":\"Article\",\"@id\":\"https:\/\/www.oarcanjo.net\/site\/uma-agenda-para-nos-salvar-com-o-planeta\/#article\",\"isPartOf\":{\"@id\":\"https:\/\/www.oarcanjo.net\/site\/uma-agenda-para-nos-salvar-com-o-planeta\/\"},\"author\":{\"name\":\"editor\",\"@id\":\"https:\/\/www.oarcanjo.net\/site\/#\/schema\/person\/f7024d007863202483a31326673a0838\"},\"headline\":\"Uma agenda para nos salvar com o Planeta\",\"datePublished\":\"2009-09-09T03:03:56+00:00\",\"dateModified\":\"2009-09-09T03:03:56+00:00\",\"mainEntityOfPage\":{\"@id\":\"https:\/\/www.oarcanjo.net\/site\/uma-agenda-para-nos-salvar-com-o-planeta\/\"},\"wordCount\":734,\"commentCount\":0,\"publisher\":{\"@id\":\"https:\/\/www.oarcanjo.net\/site\/#organization\"},\"keywords\":[\"Agenda Latinoamericana\",\"Confer\u00eancia de Copenhague\",\"ecologia\",\"meio ambiente\",\"sustentabilidade\"],\"articleSection\":[\"Not\u00edcias\"],\"inLanguage\":\"pt-BR\",\"potentialAction\":[{\"@type\":\"CommentAction\",\"name\":\"Comment\",\"target\":[\"https:\/\/www.oarcanjo.net\/site\/uma-agenda-para-nos-salvar-com-o-planeta\/#respond\"]}]},{\"@type\":\"WebPage\",\"@id\":\"https:\/\/www.oarcanjo.net\/site\/uma-agenda-para-nos-salvar-com-o-planeta\/\",\"url\":\"https:\/\/www.oarcanjo.net\/site\/uma-agenda-para-nos-salvar-com-o-planeta\/\",\"name\":\"Uma agenda para nos salvar com o Planeta - O Arcanjo no ar\",\"isPartOf\":{\"@id\":\"https:\/\/www.oarcanjo.net\/site\/#website\"},\"datePublished\":\"2009-09-09T03:03:56+00:00\",\"dateModified\":\"2009-09-09T03:03:56+00:00\",\"breadcrumb\":{\"@id\":\"https:\/\/www.oarcanjo.net\/site\/uma-agenda-para-nos-salvar-com-o-planeta\/#breadcrumb\"},\"inLanguage\":\"pt-BR\",\"potentialAction\":[{\"@type\":\"ReadAction\",\"target\":[\"https:\/\/www.oarcanjo.net\/site\/uma-agenda-para-nos-salvar-com-o-planeta\/\"]}]},{\"@type\":\"BreadcrumbList\",\"@id\":\"https:\/\/www.oarcanjo.net\/site\/uma-agenda-para-nos-salvar-com-o-planeta\/#breadcrumb\",\"itemListElement\":[{\"@type\":\"ListItem\",\"position\":1,\"name\":\"In\u00edcio\",\"item\":\"https:\/\/www.oarcanjo.net\/site\/\"},{\"@type\":\"ListItem\",\"position\":2,\"name\":\"Uma agenda para nos salvar com o Planeta\"}]},{\"@type\":\"WebSite\",\"@id\":\"https:\/\/www.oarcanjo.net\/site\/#website\",\"url\":\"https:\/\/www.oarcanjo.net\/site\/\",\"name\":\"O Arcanjo no ar\",\"description\":\"Site da Par\u00f3quia S\u00e3o Miguel Arcanjo (Arquidiocese de SP)\",\"publisher\":{\"@id\":\"https:\/\/www.oarcanjo.net\/site\/#organization\"},\"potentialAction\":[{\"@type\":\"SearchAction\",\"target\":{\"@type\":\"EntryPoint\",\"urlTemplate\":\"https:\/\/www.oarcanjo.net\/site\/?s={search_term_string}\"},\"query-input\":{\"@type\":\"PropertyValueSpecification\",\"valueRequired\":true,\"valueName\":\"search_term_string\"}}],\"inLanguage\":\"pt-BR\"},{\"@type\":\"Organization\",\"@id\":\"https:\/\/www.oarcanjo.net\/site\/#organization\",\"name\":\"Par\u00f3quia S\u00e3o Miguel Arcanjo\",\"url\":\"https:\/\/www.oarcanjo.net\/site\/\",\"logo\":{\"@type\":\"ImageObject\",\"inLanguage\":\"pt-BR\",\"@id\":\"https:\/\/www.oarcanjo.net\/site\/#\/schema\/logo\/image\/\",\"url\":\"https:\/\/www.oarcanjo.net\/site\/wp-content\/uploads\/LogoOArcanjo.png\",\"contentUrl\":\"https:\/\/www.oarcanjo.net\/site\/wp-content\/uploads\/LogoOArcanjo.png\",\"width\":319,\"height\":99,\"caption\":\"Par\u00f3quia S\u00e3o Miguel Arcanjo\"},\"image\":{\"@id\":\"https:\/\/www.oarcanjo.net\/site\/#\/schema\/logo\/image\/\"},\"sameAs\":[\"https:\/\/www.facebook.com\/OArcanjoNoAr\/\"]},{\"@type\":\"Person\",\"@id\":\"https:\/\/www.oarcanjo.net\/site\/#\/schema\/person\/f7024d007863202483a31326673a0838\",\"name\":\"editor\",\"sameAs\":[\"http:\/\/www.oarcanjo.net\"]}]}<\/script>\n<!-- \/ Yoast SEO plugin. -->","yoast_head_json":{"title":"Uma agenda para nos salvar com o Planeta - O Arcanjo no ar","robots":{"index":"index","follow":"follow","max-snippet":"max-snippet:-1","max-image-preview":"max-image-preview:large","max-video-preview":"max-video-preview:-1"},"canonical":"https:\/\/www.oarcanjo.net\/site\/uma-agenda-para-nos-salvar-com-o-planeta\/","og_locale":"pt_BR","og_type":"article","og_title":"Uma agenda para nos salvar com o Planeta - O Arcanjo no ar","og_description":"Marcelo Barros O mundo inteiro est\u00e1 preocupado com a situa\u00e7\u00e3o do planeta Terra. Mesmo setores sociais que, antes, achavam as preocupa\u00e7\u00f5es dos ecologistas um tanto exageradas, atualmente se preocupam com o fato de que, somente no ano 2008, mais de 200 mil pessoas morreram v\u00edtimas de ciclones, terremotos e inunda\u00e7\u00f5es, sem falar que os preju\u00edzos [&hellip;]","og_url":"https:\/\/www.oarcanjo.net\/site\/uma-agenda-para-nos-salvar-com-o-planeta\/","og_site_name":"O Arcanjo no ar","article_publisher":"https:\/\/www.facebook.com\/OArcanjoNoAr\/","article_published_time":"2009-09-09T03:03:56+00:00","og_image":[{"width":300,"height":300,"url":"https:\/\/www.oarcanjo.net\/site\/wp-content\/uploads\/logo-o-arcanjo-no-ar-facebook.png","type":"image\/png"}],"author":"editor","twitter_card":"summary_large_image","twitter_misc":{"Escrito por":"editor","Est. tempo de leitura":"4 minutos"},"schema":{"@context":"https:\/\/schema.org","@graph":[{"@type":"Article","@id":"https:\/\/www.oarcanjo.net\/site\/uma-agenda-para-nos-salvar-com-o-planeta\/#article","isPartOf":{"@id":"https:\/\/www.oarcanjo.net\/site\/uma-agenda-para-nos-salvar-com-o-planeta\/"},"author":{"name":"editor","@id":"https:\/\/www.oarcanjo.net\/site\/#\/schema\/person\/f7024d007863202483a31326673a0838"},"headline":"Uma agenda para nos salvar com o Planeta","datePublished":"2009-09-09T03:03:56+00:00","dateModified":"2009-09-09T03:03:56+00:00","mainEntityOfPage":{"@id":"https:\/\/www.oarcanjo.net\/site\/uma-agenda-para-nos-salvar-com-o-planeta\/"},"wordCount":734,"commentCount":0,"publisher":{"@id":"https:\/\/www.oarcanjo.net\/site\/#organization"},"keywords":["Agenda Latinoamericana","Confer\u00eancia de Copenhague","ecologia","meio ambiente","sustentabilidade"],"articleSection":["Not\u00edcias"],"inLanguage":"pt-BR","potentialAction":[{"@type":"CommentAction","name":"Comment","target":["https:\/\/www.oarcanjo.net\/site\/uma-agenda-para-nos-salvar-com-o-planeta\/#respond"]}]},{"@type":"WebPage","@id":"https:\/\/www.oarcanjo.net\/site\/uma-agenda-para-nos-salvar-com-o-planeta\/","url":"https:\/\/www.oarcanjo.net\/site\/uma-agenda-para-nos-salvar-com-o-planeta\/","name":"Uma agenda para nos salvar com o Planeta - O Arcanjo no ar","isPartOf":{"@id":"https:\/\/www.oarcanjo.net\/site\/#website"},"datePublished":"2009-09-09T03:03:56+00:00","dateModified":"2009-09-09T03:03:56+00:00","breadcrumb":{"@id":"https:\/\/www.oarcanjo.net\/site\/uma-agenda-para-nos-salvar-com-o-planeta\/#breadcrumb"},"inLanguage":"pt-BR","potentialAction":[{"@type":"ReadAction","target":["https:\/\/www.oarcanjo.net\/site\/uma-agenda-para-nos-salvar-com-o-planeta\/"]}]},{"@type":"BreadcrumbList","@id":"https:\/\/www.oarcanjo.net\/site\/uma-agenda-para-nos-salvar-com-o-planeta\/#breadcrumb","itemListElement":[{"@type":"ListItem","position":1,"name":"In\u00edcio","item":"https:\/\/www.oarcanjo.net\/site\/"},{"@type":"ListItem","position":2,"name":"Uma agenda para nos salvar com o Planeta"}]},{"@type":"WebSite","@id":"https:\/\/www.oarcanjo.net\/site\/#website","url":"https:\/\/www.oarcanjo.net\/site\/","name":"O Arcanjo no ar","description":"Site da Par\u00f3quia S\u00e3o Miguel Arcanjo (Arquidiocese de SP)","publisher":{"@id":"https:\/\/www.oarcanjo.net\/site\/#organization"},"potentialAction":[{"@type":"SearchAction","target":{"@type":"EntryPoint","urlTemplate":"https:\/\/www.oarcanjo.net\/site\/?s={search_term_string}"},"query-input":{"@type":"PropertyValueSpecification","valueRequired":true,"valueName":"search_term_string"}}],"inLanguage":"pt-BR"},{"@type":"Organization","@id":"https:\/\/www.oarcanjo.net\/site\/#organization","name":"Par\u00f3quia S\u00e3o Miguel Arcanjo","url":"https:\/\/www.oarcanjo.net\/site\/","logo":{"@type":"ImageObject","inLanguage":"pt-BR","@id":"https:\/\/www.oarcanjo.net\/site\/#\/schema\/logo\/image\/","url":"https:\/\/www.oarcanjo.net\/site\/wp-content\/uploads\/LogoOArcanjo.png","contentUrl":"https:\/\/www.oarcanjo.net\/site\/wp-content\/uploads\/LogoOArcanjo.png","width":319,"height":99,"caption":"Par\u00f3quia S\u00e3o Miguel Arcanjo"},"image":{"@id":"https:\/\/www.oarcanjo.net\/site\/#\/schema\/logo\/image\/"},"sameAs":["https:\/\/www.facebook.com\/OArcanjoNoAr\/"]},{"@type":"Person","@id":"https:\/\/www.oarcanjo.net\/site\/#\/schema\/person\/f7024d007863202483a31326673a0838","name":"editor","sameAs":["http:\/\/www.oarcanjo.net"]}]}},"publishpress_future_action":{"enabled":false,"date":"2026-05-09 06:54:01","action":"category","newStatus":"draft","terms":[],"taxonomy":"category"},"publishpress_future_workflow_manual_trigger":{"enabledWorkflows":[]},"_links":{"self":[{"href":"https:\/\/www.oarcanjo.net\/site\/wp-json\/wp\/v2\/posts\/5048"}],"collection":[{"href":"https:\/\/www.oarcanjo.net\/site\/wp-json\/wp\/v2\/posts"}],"about":[{"href":"https:\/\/www.oarcanjo.net\/site\/wp-json\/wp\/v2\/types\/post"}],"author":[{"embeddable":true,"href":"https:\/\/www.oarcanjo.net\/site\/wp-json\/wp\/v2\/users\/5"}],"replies":[{"embeddable":true,"href":"https:\/\/www.oarcanjo.net\/site\/wp-json\/wp\/v2\/comments?post=5048"}],"version-history":[{"count":0,"href":"https:\/\/www.oarcanjo.net\/site\/wp-json\/wp\/v2\/posts\/5048\/revisions"}],"wp:attachment":[{"href":"https:\/\/www.oarcanjo.net\/site\/wp-json\/wp\/v2\/media?parent=5048"}],"wp:term":[{"taxonomy":"category","embeddable":true,"href":"https:\/\/www.oarcanjo.net\/site\/wp-json\/wp\/v2\/categories?post=5048"},{"taxonomy":"post_tag","embeddable":true,"href":"https:\/\/www.oarcanjo.net\/site\/wp-json\/wp\/v2\/tags?post=5048"}],"curies":[{"name":"wp","href":"https:\/\/api.w.org\/{rel}","templated":true}]}}