
{"id":5054,"date":"2009-09-08T14:11:54","date_gmt":"2009-09-08T17:11:54","guid":{"rendered":"http:\/\/www.oarcanjo.net\/site\/?p=5054"},"modified":"2009-09-09T00:14:17","modified_gmt":"2009-09-09T03:14:17","slug":"grito-dos-excluidos-e-excluidas-sai-fortalecido-em-2009","status":"publish","type":"post","link":"https:\/\/www.oarcanjo.net\/site\/grito-dos-excluidos-e-excluidas-sai-fortalecido-em-2009\/","title":{"rendered":"Grito dos Exclu\u00eddos e Exclu\u00eddas sai fortalecido em 2009"},"content":{"rendered":"<p>O Grito dos Exclu\u00eddos, atividade organizada h\u00e1 15 anos por v\u00e1rias pastorais sociais, organiza\u00e7\u00f5es e movimentos sociais, aconteceu no dia 7 em 25 estados e no Distrito Federal. Neste ano, a manifesta\u00e7\u00e3o tem como lema &#8220;Vida em primeiro lugar: a for\u00e7a da transforma\u00e7\u00e3o est\u00e1 na organiza\u00e7\u00e3o popular&#8221;. Segundo o arcebispo de Aparecida, dom Raymundo Damasceno, o Grito dos Exclu\u00eddos fortalece a participa\u00e7\u00e3o do povo para a concretiza\u00e7\u00e3o de uma verdadeira democracia.<\/p>\n<p>Uma das coordenadoras do Grito, Rosilene Wansetto, tamb\u00e9m falou neste sentido. Ela avalia que neste ano as atividades conclamaram a popula\u00e7\u00e3o para a organiza\u00e7\u00e3o popular em torno das necessidades dos trabalhadores e trabalhadoras. &#8220;Neste momento em que vivemos uma grande crise, com desemprego e diminui\u00e7\u00e3o dos sal\u00e1rios, cada vez mais \u00e9 necess\u00e1rio que o povo v\u00e1 \u00e0s ruas para reivindicar suas demandas e a amplia\u00e7\u00e3o dos direitos sociais&#8221;, afirmou ela.<\/p>\n<p>Em Manaus, no cora\u00e7\u00e3o da Amaz\u00f4nia, cerca de 4 mil manifestantes realizaram o Grito dos Exclu\u00eddos sob um sol de 40 graus e discutiram temas como o problema da privatiza\u00e7\u00e3o da \u00e1gua, do abastecimento, do transporte coletivo e da sa\u00fade p\u00fablica. Al\u00e9m disso, os manifestantes criticam a cria\u00e7\u00e3o do Porto das Lages, uma obra do Programa de Acelera\u00e7\u00e3o do Crescimento (PAC) a ser realizada na uni\u00e3o dos rios Negro e Solim\u00f5es. Segundo as lideran\u00e7as est\u00e1 acontecendo uma s\u00e9rie de amea\u00e7as e a criminaliza\u00e7\u00e3o de quem se manifesta contra a constru\u00e7\u00e3o do porto.<\/p>\n<p>Em Bel\u00e9m, cerca de 2500 pessoas se manifestaram no bairro Terra Firme, um dos pioneiros na realiza\u00e7\u00e3o do Pr\u00e9-Grito. L\u00e1 eles debateram sobre a pedofilia, a viol\u00eancia no estado e os encarcerados. J\u00e1 em Goi\u00e2nia (GO), o Grito discutiu principalmente sobre as dificuldades e a neglig\u00eancias do sistema prisional entre outros temas que foram trabalhados durante a caminhada no centro da cidade.<\/p>\n<p>Em Minas Gerais, as atividades aconteceram em pelo menos 21 cidades. Em Montes Claros, o Grito foi realizado por cerca de 2 mil pessoas de organiza\u00e7\u00f5es que comp\u00f5e a Assembl\u00e9ia Popular. L\u00e1 existe o Palanque do Eleitor, no espa\u00e7o os manifestantes criticaram a postura do prefeito, conhecido como o prefeito das lonas pretas, por n\u00e3o adotar uma pol\u00edtica de habita\u00e7\u00e3o, fornecendo apenas lonas pretas para as fam\u00edlias.<\/p>\n<p>Na cidade, tamb\u00e9m foram pautados os problemas com o transporte coletivo. &#8220;Existe uma a\u00e7\u00e3o no Minist\u00e9rio P\u00fablico que considera inconstitucional o valor cobrado na tarifa&#8221;, afirmou S\u00f4nia Gomes, da coordena\u00e7\u00e3o. Al\u00e9m disso, o Grito tamb\u00e9m debateu a reivindica\u00e7\u00e3o que pede uma pol\u00edtica aos catadores de material reciclado. Eles foram amea\u00e7ados pelo prefeito local de n\u00e3o poderem mais coletar. Os organizadores afirmaram tamb\u00e9m que tanto o prefeito quanto a guarda municipal foram truculentos e tentaram impedir a manifesta\u00e7\u00e3o da popula\u00e7\u00e3o.<\/p>\n<p>Em Cuiab\u00e1 (MT), centenas de manifestantes marcharam logo atr\u00e1s do desfile oficial de 7 de setembro. Eles requereram os direitos e a preserva\u00e7\u00e3o ambiental neste estado que \u00e9 um dos mais desmatados pelo agroneg\u00f3cio. Al\u00e9m disso, criticaram os conflitos agr\u00e1rios e o trabalho escravo. &#8220;S\u00f3 neste ano, tr\u00eas trabalhadores e uma ind\u00edgena foram mortos no estado e 200 trabalhadores foram resgatados do trabalho escravo, n\u00e3o podemos mais aceitar isso&#8221;, afirmou In\u00e1cio Werner, da coordena\u00e7\u00e3o do Grito. Quanto a isso, no Grito foi lan\u00e7ado o F\u00f3rum dos Defensores dos Direitos Humanos do Mato Grosso.<\/p>\n<p>Em Aracaju (SE), mais de 20 mil manifestantes dos movimentos sociais, pastorais e da C\u00e1ritas marcharam o percurso de 1 quil\u00f4metro por qualidade de vida. O Bispo auxiliar da arquidiocese, dom Henrique Costa, marchou com os manifestantes.<\/p>\n<p>No Santu\u00e1rio Nacional de Nossa Senhora Aparecida, interior de S\u00e3o Paulo, 80 mil romeiros participaram do Grito dos Exclu\u00eddos e da 22\u00aa Romaria do Trabalhador. Os participantes deram um cart\u00e3o vermelho \u00e0 viol\u00eancia sofrida pelas mulheres, jovens e crian\u00e7as. O cart\u00e3o vermelho tamb\u00e9m foi dado ao Golpe de Estado em Honduras e disseram basta \u00e0 corrup\u00e7\u00e3o e a impunidade e \u00e0 criminaliza\u00e7\u00e3o dos movimentos sociais e \u00e0s suas lideran\u00e7as. O ato em Aparecida se encerrou no final desta manh\u00e3 com uma missa na bas\u00edlica. O Arcebispo Dom Raymundo Damasceno pediu mais participa\u00e7\u00e3o da popula\u00e7\u00e3o para a concretiza\u00e7\u00e3o de uma verdadeira democracia.<\/p>\n<p>Em Bras\u00edlia, centenas de manifestantes realizaram o Grito dos Exclu\u00eddos em paralelo ao desfile oficial na Esplanada dos Minist\u00e9rios, do qual participaram 17 organiza\u00e7\u00f5es e movimentos sociais. Eles organizaram o Tribunal Popular e o segundo julgamento do Governo Arruda, que tem feito gastos vultuosos com propaganda. &#8220;Queremos que este dinheiro seja investido na constru\u00e7\u00e3o de moradias para o povo. Nesse julgamento, pela segunda vez foi dado o Impeachment do governador Arruda&#8221;, afirmou Thiago \u00c1vila, coordenador do ato.<\/p>\n<p>Em S\u00e3o Paulo, cerca de 6 mil pessoas participaram nesta manh\u00e3 das atividades do Grito dos Exclu\u00eddos, que incluiu uma missa na catedral S\u00e9. De l\u00e1 os participantes caminharam para o Monumento do Ipiranga, durante o trajeto, foram trabalhados temas como emprego, sal\u00e1rio, moradia, terra e direitos sociais. Eles tamb\u00e9m protestam contra a criminaliza\u00e7\u00e3o dos movimentos sociais. &#8220;Somos contra o processo de criminaliza\u00e7\u00e3o que os movimentos sociais e as lideran\u00e7as est\u00e3o sofrendo no pa\u00eds. Quem luta pelo direito dos trabalhadores n\u00e3o pode ser criminalizado pelas a\u00e7\u00f5es que realiza&#8221;, afirmou um dos coordenadores do ato.<\/p>\n<p>Em Vit\u00f3ria, no Esp\u00edrito Santo, cerca de 6 mil pessoas fizeram uma lavagem simb\u00f3lica das escadarias do Tribunal de Justi\u00e7a, Tribunal de Contas e da Assembl\u00e9ia Legislativa.  No estado, os eixos de debate da manifesta\u00e7\u00e3o foram a crise que assola os trabalhadores, a pol\u00edtica econ\u00f4mica e o desenvolvimento sustent\u00e1vel.<\/p>\n<p>No Cear\u00e1, o Grito dos Exclu\u00eddos foi realizado em pelo menos 16 munic\u00edpios. Em Fortaleza, cerca de 5 mil pessoas protestaram contra os altos pre\u00e7os da energia el\u00e9trica, eles tamb\u00e9m pediram a reestatiza\u00e7\u00e3o da Coelce, a distribuidora de energia el\u00e9trica do estado, e a aplica\u00e7\u00e3o da Tarifa Social de energia para as fam\u00edlias que consomem at\u00e9 140 kwh\/m\u00eas, o limite m\u00e1ximo estadual para enquadrarem-se na lei da Tarifa Social.<\/p>\n<p>Como balan\u00e7o deste ano, o coordenador nacional do Grito dos Exclu\u00eddos, Ari Alberti, avaliou que a manifesta\u00e7\u00e3o nos estados revelou mais uma vez que a cr\u00edtica \u00e0 falta de \u00e9tica na pol\u00edtica \u00e9 um dos pontos muito abordados. Al\u00e9m disso, segundo ele, neste ano, a criminaliza\u00e7\u00e3o das lideran\u00e7as e dos movimentos sociais foi um dos pontos de forte den\u00fancia nas mobiliza\u00e7\u00f5es. &#8220;Este \u00e9 um espa\u00e7o prop\u00edcio para a popula\u00e7\u00e3o se manifestar em defesa dos que lutam pela melhoria das condi\u00e7\u00f5es de vida das pessoas. H\u00e1 15 anos estamos nas ruas manifestando nossa posi\u00e7\u00e3o em favor da vida&#8221;, finalizou.<\/p>\n<div id=\"themify_builder_content-5054\" data-postid=\"5054\" class=\"themify_builder_content themify_builder_content-5054 themify_builder themify_builder_front\">\n\t<\/div>\n<!-- \/themify_builder_content -->","protected":false},"excerpt":{"rendered":"<p>O Grito dos Exclu\u00eddos, atividade organizada h\u00e1 15 anos por v\u00e1rias pastorais sociais, organiza\u00e7\u00f5es e movimentos sociais, aconteceu no dia 7 em 25 estados e no Distrito Federal. Neste ano, a manifesta\u00e7\u00e3o tem como lema &#8220;Vida em primeiro lugar: a for\u00e7a da transforma\u00e7\u00e3o est\u00e1 na organiza\u00e7\u00e3o popular&#8221;. Segundo o arcebispo de Aparecida, dom Raymundo Damasceno, [&hellip;]<\/p>\n","protected":false},"author":5,"featured_media":0,"comment_status":"open","ping_status":"open","sticky":false,"template":"","format":"standard","meta":{"ngg_post_thumbnail":0,"footnotes":""},"categories":[8],"tags":[873,44,1054,1022,1053],"yoast_head":"<!-- This site is optimized with the Yoast SEO plugin v23.5 - https:\/\/yoast.com\/wordpress\/plugins\/seo\/ -->\n<title>Grito dos Exclu\u00eddos e Exclu\u00eddas sai fortalecido em 2009 - O Arcanjo no ar<\/title>\n<meta name=\"robots\" content=\"index, follow, max-snippet:-1, max-image-preview:large, max-video-preview:-1\" \/>\n<link rel=\"canonical\" href=\"https:\/\/www.oarcanjo.net\/site\/grito-dos-excluidos-e-excluidas-sai-fortalecido-em-2009\/\" \/>\n<meta property=\"og:locale\" content=\"pt_BR\" \/>\n<meta property=\"og:type\" content=\"article\" \/>\n<meta property=\"og:title\" content=\"Grito dos Exclu\u00eddos e Exclu\u00eddas sai fortalecido em 2009 - O Arcanjo no ar\" \/>\n<meta property=\"og:description\" content=\"O Grito dos Exclu\u00eddos, atividade organizada h\u00e1 15 anos por v\u00e1rias pastorais sociais, organiza\u00e7\u00f5es e movimentos sociais, aconteceu no dia 7 em 25 estados e no Distrito Federal. Neste ano, a manifesta\u00e7\u00e3o tem como lema &#8220;Vida em primeiro lugar: a for\u00e7a da transforma\u00e7\u00e3o est\u00e1 na organiza\u00e7\u00e3o popular&#8221;. Segundo o arcebispo de Aparecida, dom Raymundo Damasceno, [&hellip;]\" \/>\n<meta property=\"og:url\" content=\"https:\/\/www.oarcanjo.net\/site\/grito-dos-excluidos-e-excluidas-sai-fortalecido-em-2009\/\" \/>\n<meta property=\"og:site_name\" content=\"O Arcanjo no ar\" \/>\n<meta property=\"article:publisher\" content=\"https:\/\/www.facebook.com\/OArcanjoNoAr\/\" \/>\n<meta property=\"article:published_time\" content=\"2009-09-08T17:11:54+00:00\" \/>\n<meta property=\"article:modified_time\" content=\"2009-09-09T03:14:17+00:00\" \/>\n<meta property=\"og:image\" content=\"https:\/\/www.oarcanjo.net\/site\/wp-content\/uploads\/logo-o-arcanjo-no-ar-facebook.png\" \/>\n\t<meta property=\"og:image:width\" content=\"300\" \/>\n\t<meta property=\"og:image:height\" content=\"300\" \/>\n\t<meta property=\"og:image:type\" content=\"image\/png\" \/>\n<meta name=\"author\" content=\"editor\" \/>\n<meta name=\"twitter:card\" content=\"summary_large_image\" \/>\n<meta name=\"twitter:label1\" content=\"Escrito por\" \/>\n\t<meta name=\"twitter:data1\" content=\"editor\" \/>\n\t<meta name=\"twitter:label2\" content=\"Est. tempo de leitura\" \/>\n\t<meta name=\"twitter:data2\" content=\"6 minutos\" \/>\n<script type=\"application\/ld+json\" class=\"yoast-schema-graph\">{\"@context\":\"https:\/\/schema.org\",\"@graph\":[{\"@type\":\"Article\",\"@id\":\"https:\/\/www.oarcanjo.net\/site\/grito-dos-excluidos-e-excluidas-sai-fortalecido-em-2009\/#article\",\"isPartOf\":{\"@id\":\"https:\/\/www.oarcanjo.net\/site\/grito-dos-excluidos-e-excluidas-sai-fortalecido-em-2009\/\"},\"author\":{\"name\":\"editor\",\"@id\":\"https:\/\/www.oarcanjo.net\/site\/#\/schema\/person\/f7024d007863202483a31326673a0838\"},\"headline\":\"Grito dos Exclu\u00eddos e Exclu\u00eddas sai fortalecido em 2009\",\"datePublished\":\"2009-09-08T17:11:54+00:00\",\"dateModified\":\"2009-09-09T03:14:17+00:00\",\"mainEntityOfPage\":{\"@id\":\"https:\/\/www.oarcanjo.net\/site\/grito-dos-excluidos-e-excluidas-sai-fortalecido-em-2009\/\"},\"wordCount\":1183,\"commentCount\":0,\"publisher\":{\"@id\":\"https:\/\/www.oarcanjo.net\/site\/#organization\"},\"keywords\":[\"Democracia\",\"grito dos exclu\u00eddos\",\"mobiliza\u00e7\u00e3o nacional\",\"participa\u00e7\u00e3o\",\"Vida em primeiro lugar\"],\"articleSection\":[\"Not\u00edcias\"],\"inLanguage\":\"pt-BR\",\"potentialAction\":[{\"@type\":\"CommentAction\",\"name\":\"Comment\",\"target\":[\"https:\/\/www.oarcanjo.net\/site\/grito-dos-excluidos-e-excluidas-sai-fortalecido-em-2009\/#respond\"]}]},{\"@type\":\"WebPage\",\"@id\":\"https:\/\/www.oarcanjo.net\/site\/grito-dos-excluidos-e-excluidas-sai-fortalecido-em-2009\/\",\"url\":\"https:\/\/www.oarcanjo.net\/site\/grito-dos-excluidos-e-excluidas-sai-fortalecido-em-2009\/\",\"name\":\"Grito dos Exclu\u00eddos e Exclu\u00eddas sai fortalecido em 2009 - O Arcanjo no ar\",\"isPartOf\":{\"@id\":\"https:\/\/www.oarcanjo.net\/site\/#website\"},\"datePublished\":\"2009-09-08T17:11:54+00:00\",\"dateModified\":\"2009-09-09T03:14:17+00:00\",\"breadcrumb\":{\"@id\":\"https:\/\/www.oarcanjo.net\/site\/grito-dos-excluidos-e-excluidas-sai-fortalecido-em-2009\/#breadcrumb\"},\"inLanguage\":\"pt-BR\",\"potentialAction\":[{\"@type\":\"ReadAction\",\"target\":[\"https:\/\/www.oarcanjo.net\/site\/grito-dos-excluidos-e-excluidas-sai-fortalecido-em-2009\/\"]}]},{\"@type\":\"BreadcrumbList\",\"@id\":\"https:\/\/www.oarcanjo.net\/site\/grito-dos-excluidos-e-excluidas-sai-fortalecido-em-2009\/#breadcrumb\",\"itemListElement\":[{\"@type\":\"ListItem\",\"position\":1,\"name\":\"In\u00edcio\",\"item\":\"https:\/\/www.oarcanjo.net\/site\/\"},{\"@type\":\"ListItem\",\"position\":2,\"name\":\"Grito dos Exclu\u00eddos e Exclu\u00eddas sai fortalecido em 2009\"}]},{\"@type\":\"WebSite\",\"@id\":\"https:\/\/www.oarcanjo.net\/site\/#website\",\"url\":\"https:\/\/www.oarcanjo.net\/site\/\",\"name\":\"O Arcanjo no ar\",\"description\":\"Site da Par\u00f3quia S\u00e3o Miguel Arcanjo (Arquidiocese de SP)\",\"publisher\":{\"@id\":\"https:\/\/www.oarcanjo.net\/site\/#organization\"},\"potentialAction\":[{\"@type\":\"SearchAction\",\"target\":{\"@type\":\"EntryPoint\",\"urlTemplate\":\"https:\/\/www.oarcanjo.net\/site\/?s={search_term_string}\"},\"query-input\":{\"@type\":\"PropertyValueSpecification\",\"valueRequired\":true,\"valueName\":\"search_term_string\"}}],\"inLanguage\":\"pt-BR\"},{\"@type\":\"Organization\",\"@id\":\"https:\/\/www.oarcanjo.net\/site\/#organization\",\"name\":\"Par\u00f3quia S\u00e3o Miguel Arcanjo\",\"url\":\"https:\/\/www.oarcanjo.net\/site\/\",\"logo\":{\"@type\":\"ImageObject\",\"inLanguage\":\"pt-BR\",\"@id\":\"https:\/\/www.oarcanjo.net\/site\/#\/schema\/logo\/image\/\",\"url\":\"https:\/\/www.oarcanjo.net\/site\/wp-content\/uploads\/LogoOArcanjo.png\",\"contentUrl\":\"https:\/\/www.oarcanjo.net\/site\/wp-content\/uploads\/LogoOArcanjo.png\",\"width\":319,\"height\":99,\"caption\":\"Par\u00f3quia S\u00e3o Miguel Arcanjo\"},\"image\":{\"@id\":\"https:\/\/www.oarcanjo.net\/site\/#\/schema\/logo\/image\/\"},\"sameAs\":[\"https:\/\/www.facebook.com\/OArcanjoNoAr\/\"]},{\"@type\":\"Person\",\"@id\":\"https:\/\/www.oarcanjo.net\/site\/#\/schema\/person\/f7024d007863202483a31326673a0838\",\"name\":\"editor\",\"sameAs\":[\"http:\/\/www.oarcanjo.net\"]}]}<\/script>\n<!-- \/ Yoast SEO plugin. -->","yoast_head_json":{"title":"Grito dos Exclu\u00eddos e Exclu\u00eddas sai fortalecido em 2009 - O Arcanjo no ar","robots":{"index":"index","follow":"follow","max-snippet":"max-snippet:-1","max-image-preview":"max-image-preview:large","max-video-preview":"max-video-preview:-1"},"canonical":"https:\/\/www.oarcanjo.net\/site\/grito-dos-excluidos-e-excluidas-sai-fortalecido-em-2009\/","og_locale":"pt_BR","og_type":"article","og_title":"Grito dos Exclu\u00eddos e Exclu\u00eddas sai fortalecido em 2009 - O Arcanjo no ar","og_description":"O Grito dos Exclu\u00eddos, atividade organizada h\u00e1 15 anos por v\u00e1rias pastorais sociais, organiza\u00e7\u00f5es e movimentos sociais, aconteceu no dia 7 em 25 estados e no Distrito Federal. Neste ano, a manifesta\u00e7\u00e3o tem como lema &#8220;Vida em primeiro lugar: a for\u00e7a da transforma\u00e7\u00e3o est\u00e1 na organiza\u00e7\u00e3o popular&#8221;. Segundo o arcebispo de Aparecida, dom Raymundo Damasceno, [&hellip;]","og_url":"https:\/\/www.oarcanjo.net\/site\/grito-dos-excluidos-e-excluidas-sai-fortalecido-em-2009\/","og_site_name":"O Arcanjo no ar","article_publisher":"https:\/\/www.facebook.com\/OArcanjoNoAr\/","article_published_time":"2009-09-08T17:11:54+00:00","article_modified_time":"2009-09-09T03:14:17+00:00","og_image":[{"width":300,"height":300,"url":"https:\/\/www.oarcanjo.net\/site\/wp-content\/uploads\/logo-o-arcanjo-no-ar-facebook.png","type":"image\/png"}],"author":"editor","twitter_card":"summary_large_image","twitter_misc":{"Escrito por":"editor","Est. tempo de leitura":"6 minutos"},"schema":{"@context":"https:\/\/schema.org","@graph":[{"@type":"Article","@id":"https:\/\/www.oarcanjo.net\/site\/grito-dos-excluidos-e-excluidas-sai-fortalecido-em-2009\/#article","isPartOf":{"@id":"https:\/\/www.oarcanjo.net\/site\/grito-dos-excluidos-e-excluidas-sai-fortalecido-em-2009\/"},"author":{"name":"editor","@id":"https:\/\/www.oarcanjo.net\/site\/#\/schema\/person\/f7024d007863202483a31326673a0838"},"headline":"Grito dos Exclu\u00eddos e Exclu\u00eddas sai fortalecido em 2009","datePublished":"2009-09-08T17:11:54+00:00","dateModified":"2009-09-09T03:14:17+00:00","mainEntityOfPage":{"@id":"https:\/\/www.oarcanjo.net\/site\/grito-dos-excluidos-e-excluidas-sai-fortalecido-em-2009\/"},"wordCount":1183,"commentCount":0,"publisher":{"@id":"https:\/\/www.oarcanjo.net\/site\/#organization"},"keywords":["Democracia","grito dos exclu\u00eddos","mobiliza\u00e7\u00e3o nacional","participa\u00e7\u00e3o","Vida em primeiro lugar"],"articleSection":["Not\u00edcias"],"inLanguage":"pt-BR","potentialAction":[{"@type":"CommentAction","name":"Comment","target":["https:\/\/www.oarcanjo.net\/site\/grito-dos-excluidos-e-excluidas-sai-fortalecido-em-2009\/#respond"]}]},{"@type":"WebPage","@id":"https:\/\/www.oarcanjo.net\/site\/grito-dos-excluidos-e-excluidas-sai-fortalecido-em-2009\/","url":"https:\/\/www.oarcanjo.net\/site\/grito-dos-excluidos-e-excluidas-sai-fortalecido-em-2009\/","name":"Grito dos Exclu\u00eddos e Exclu\u00eddas sai fortalecido em 2009 - O Arcanjo no ar","isPartOf":{"@id":"https:\/\/www.oarcanjo.net\/site\/#website"},"datePublished":"2009-09-08T17:11:54+00:00","dateModified":"2009-09-09T03:14:17+00:00","breadcrumb":{"@id":"https:\/\/www.oarcanjo.net\/site\/grito-dos-excluidos-e-excluidas-sai-fortalecido-em-2009\/#breadcrumb"},"inLanguage":"pt-BR","potentialAction":[{"@type":"ReadAction","target":["https:\/\/www.oarcanjo.net\/site\/grito-dos-excluidos-e-excluidas-sai-fortalecido-em-2009\/"]}]},{"@type":"BreadcrumbList","@id":"https:\/\/www.oarcanjo.net\/site\/grito-dos-excluidos-e-excluidas-sai-fortalecido-em-2009\/#breadcrumb","itemListElement":[{"@type":"ListItem","position":1,"name":"In\u00edcio","item":"https:\/\/www.oarcanjo.net\/site\/"},{"@type":"ListItem","position":2,"name":"Grito dos Exclu\u00eddos e Exclu\u00eddas sai fortalecido em 2009"}]},{"@type":"WebSite","@id":"https:\/\/www.oarcanjo.net\/site\/#website","url":"https:\/\/www.oarcanjo.net\/site\/","name":"O Arcanjo no ar","description":"Site da Par\u00f3quia S\u00e3o Miguel Arcanjo (Arquidiocese de SP)","publisher":{"@id":"https:\/\/www.oarcanjo.net\/site\/#organization"},"potentialAction":[{"@type":"SearchAction","target":{"@type":"EntryPoint","urlTemplate":"https:\/\/www.oarcanjo.net\/site\/?s={search_term_string}"},"query-input":{"@type":"PropertyValueSpecification","valueRequired":true,"valueName":"search_term_string"}}],"inLanguage":"pt-BR"},{"@type":"Organization","@id":"https:\/\/www.oarcanjo.net\/site\/#organization","name":"Par\u00f3quia S\u00e3o Miguel Arcanjo","url":"https:\/\/www.oarcanjo.net\/site\/","logo":{"@type":"ImageObject","inLanguage":"pt-BR","@id":"https:\/\/www.oarcanjo.net\/site\/#\/schema\/logo\/image\/","url":"https:\/\/www.oarcanjo.net\/site\/wp-content\/uploads\/LogoOArcanjo.png","contentUrl":"https:\/\/www.oarcanjo.net\/site\/wp-content\/uploads\/LogoOArcanjo.png","width":319,"height":99,"caption":"Par\u00f3quia S\u00e3o Miguel Arcanjo"},"image":{"@id":"https:\/\/www.oarcanjo.net\/site\/#\/schema\/logo\/image\/"},"sameAs":["https:\/\/www.facebook.com\/OArcanjoNoAr\/"]},{"@type":"Person","@id":"https:\/\/www.oarcanjo.net\/site\/#\/schema\/person\/f7024d007863202483a31326673a0838","name":"editor","sameAs":["http:\/\/www.oarcanjo.net"]}]}},"publishpress_future_action":{"enabled":false,"date":"2026-05-09 07:04:33","action":"category","newStatus":"draft","terms":[],"taxonomy":"category"},"publishpress_future_workflow_manual_trigger":{"enabledWorkflows":[]},"_links":{"self":[{"href":"https:\/\/www.oarcanjo.net\/site\/wp-json\/wp\/v2\/posts\/5054"}],"collection":[{"href":"https:\/\/www.oarcanjo.net\/site\/wp-json\/wp\/v2\/posts"}],"about":[{"href":"https:\/\/www.oarcanjo.net\/site\/wp-json\/wp\/v2\/types\/post"}],"author":[{"embeddable":true,"href":"https:\/\/www.oarcanjo.net\/site\/wp-json\/wp\/v2\/users\/5"}],"replies":[{"embeddable":true,"href":"https:\/\/www.oarcanjo.net\/site\/wp-json\/wp\/v2\/comments?post=5054"}],"version-history":[{"count":0,"href":"https:\/\/www.oarcanjo.net\/site\/wp-json\/wp\/v2\/posts\/5054\/revisions"}],"wp:attachment":[{"href":"https:\/\/www.oarcanjo.net\/site\/wp-json\/wp\/v2\/media?parent=5054"}],"wp:term":[{"taxonomy":"category","embeddable":true,"href":"https:\/\/www.oarcanjo.net\/site\/wp-json\/wp\/v2\/categories?post=5054"},{"taxonomy":"post_tag","embeddable":true,"href":"https:\/\/www.oarcanjo.net\/site\/wp-json\/wp\/v2\/tags?post=5054"}],"curies":[{"name":"wp","href":"https:\/\/api.w.org\/{rel}","templated":true}]}}