
{"id":5062,"date":"2009-09-10T04:57:28","date_gmt":"2009-09-10T07:57:28","guid":{"rendered":"http:\/\/www.oarcanjo.net\/site\/?p=5062"},"modified":"2009-09-10T07:09:25","modified_gmt":"2009-09-10T10:09:25","slug":"terco-dos-homens-peregrinacao-a-igreja-de-nossa-senhora-da-boa-morte","status":"publish","type":"post","link":"https:\/\/www.oarcanjo.net\/site\/terco-dos-homens-peregrinacao-a-igreja-de-nossa-senhora-da-boa-morte\/","title":{"rendered":"Ter\u00e7o dos Homens: peregrina\u00e7\u00e3o \u00e0 Igreja de Nossa Senhora da Boa Morte"},"content":{"rendered":"<p>Ter\u00e7o dos Homens. Os Homens que rezam. Igreja de Nossa Senhora da Boa Morte. Na sexta-feira, dia 04\/09\/09, os homens da Par\u00f3quia S\u00e3o Miguel fizeram uma peregrina\u00e7\u00e3o noturna \u00e0 Igreja da Boa Morte, que fica na Rua Tabatinguera n\u00ba 301, pr\u00f3xima da Catedral da S\u00e9, no Centro de S\u00e3o Paulo. <\/p>\n<p>Os homens foram rezar o Ter\u00e7o e tamb\u00e9m, na seq\u00fc\u00eancia, participar da Santa Missa que foi celebrada pelo Padre J\u00falio Lancelotti e pelo Di\u00e1cono Antonio Carlos. Algumas mulheres da Comunidade acompanharam essa peregrina\u00e7\u00e3o. No final conheceram as centen\u00e1rias imagens, tendo o Padre Julio contado a hist\u00f3ria de cada uma e tamb\u00e9m daquela bel\u00edssima Igreja, agora plenamente restaurada e que fica aberta 24 horas por dia.<\/p>\n<p><img loading=\"lazy\" decoding=\"async\" src=\"http:\/\/www.oarcanjo.net\/site\/wp-content\/uploads\/terco-homens-boa-morte-2009-equipe.JPG\" alt=\"Grupo do Ter\u00e7o dos homens na Igreja N. S. da Boa Morte\" title=\"Grupo do Ter\u00e7o dos homens na Igreja N. S. da Boa Morte\" width=\"350\" height=\"234\"><\/p>\n<p>No passado os escravos pediam uma boa morte, rezando na porta da igreja, antes de serem levados um pouco mais acima, para o Largo da Forca, local junto \u00e0 atual Igreja das Almas dos Enforcados.<\/p>\n<p>A Igreja guarda algumas imagens de beleza singular. Uma imagem do Cristo vinda do P\u00e1tio do Col\u00e9gio (s\u00e9c. XVI), Santo Expedito, Nossa Senhora das Dores, a das L\u00e1grimas, Menina, Assun\u00e7\u00e3o. Destacam-se a Nossa Senhora da Boa Morte ou do sono que espera a assun\u00e7\u00e3o de Maria (a Dormitio Mariae), bem como Nossa Senhora das L\u00e1grimas.<\/p>\n<p>As fotos mostram alguns momentos da peregrina\u00e7\u00e3o, como a sa\u00edda da Igreja S\u00e3o Miguel, o Ter\u00e7o, a celebra\u00e7\u00e3o e a visita \u00e0s imagens e a despedida na porta da Igreja de Nossa Senhora da Boa Morte.<\/p>\nngg_shortcode_0_placeholder\n<p><em>Fotos por Carlos Alberto Beatriz<\/em><\/p>\n<div id=\"themify_builder_content-5062\" data-postid=\"5062\" class=\"themify_builder_content themify_builder_content-5062 themify_builder themify_builder_front\">\n\t<\/div>\n<!-- \/themify_builder_content -->","protected":false},"excerpt":{"rendered":"<p>Ter\u00e7o dos Homens. Os Homens que rezam. Igreja de Nossa Senhora da Boa Morte. Na sexta-feira, dia 04\/09\/09, os homens da Par\u00f3quia S\u00e3o Miguel fizeram uma peregrina\u00e7\u00e3o noturna \u00e0 Igreja da Boa Morte, que fica na Rua Tabatinguera n\u00ba 301, pr\u00f3xima da Catedral da S\u00e9, no Centro de S\u00e3o Paulo. Os homens foram rezar o [&hellip;]<\/p>\n","protected":false},"author":5,"featured_media":0,"comment_status":"open","ping_status":"open","sticky":false,"template":"","format":"standard","meta":{"ngg_post_thumbnail":0,"footnotes":""},"categories":[8,7],"tags":[1056,298,297],"yoast_head":"<!-- This site is optimized with the Yoast SEO plugin v23.5 - https:\/\/yoast.com\/wordpress\/plugins\/seo\/ -->\n<title>Ter\u00e7o dos Homens: peregrina\u00e7\u00e3o \u00e0 Igreja de Nossa Senhora da Boa Morte - O Arcanjo no ar<\/title>\n<meta name=\"robots\" content=\"index, follow, max-snippet:-1, max-image-preview:large, max-video-preview:-1\" \/>\n<link rel=\"canonical\" href=\"https:\/\/www.oarcanjo.net\/site\/terco-dos-homens-peregrinacao-a-igreja-de-nossa-senhora-da-boa-morte\/\" \/>\n<meta property=\"og:locale\" content=\"pt_BR\" \/>\n<meta property=\"og:type\" content=\"article\" \/>\n<meta property=\"og:title\" content=\"Ter\u00e7o dos Homens: peregrina\u00e7\u00e3o \u00e0 Igreja de Nossa Senhora da Boa Morte - O Arcanjo no ar\" \/>\n<meta property=\"og:description\" content=\"Ter\u00e7o dos Homens. Os Homens que rezam. Igreja de Nossa Senhora da Boa Morte. Na sexta-feira, dia 04\/09\/09, os homens da Par\u00f3quia S\u00e3o Miguel fizeram uma peregrina\u00e7\u00e3o noturna \u00e0 Igreja da Boa Morte, que fica na Rua Tabatinguera n\u00ba 301, pr\u00f3xima da Catedral da S\u00e9, no Centro de S\u00e3o Paulo. Os homens foram rezar o [&hellip;]\" \/>\n<meta property=\"og:url\" content=\"https:\/\/www.oarcanjo.net\/site\/terco-dos-homens-peregrinacao-a-igreja-de-nossa-senhora-da-boa-morte\/\" \/>\n<meta property=\"og:site_name\" content=\"O Arcanjo no ar\" \/>\n<meta property=\"article:publisher\" content=\"https:\/\/www.facebook.com\/OArcanjoNoAr\/\" \/>\n<meta property=\"article:published_time\" content=\"2009-09-10T07:57:28+00:00\" \/>\n<meta property=\"article:modified_time\" content=\"2009-09-10T10:09:25+00:00\" \/>\n<meta property=\"og:image\" content=\"http:\/\/www.oarcanjo.net\/site\/wp-content\/uploads\/terco-homens-boa-morte-2009-equipe.JPG\" \/>\n<meta name=\"author\" content=\"editor\" \/>\n<meta name=\"twitter:card\" content=\"summary_large_image\" \/>\n<meta name=\"twitter:label1\" content=\"Escrito por\" \/>\n\t<meta name=\"twitter:data1\" content=\"editor\" \/>\n\t<meta name=\"twitter:label2\" content=\"Est. tempo de leitura\" \/>\n\t<meta name=\"twitter:data2\" content=\"1 minuto\" \/>\n<script type=\"application\/ld+json\" class=\"yoast-schema-graph\">{\"@context\":\"https:\/\/schema.org\",\"@graph\":[{\"@type\":\"Article\",\"@id\":\"https:\/\/www.oarcanjo.net\/site\/terco-dos-homens-peregrinacao-a-igreja-de-nossa-senhora-da-boa-morte\/#article\",\"isPartOf\":{\"@id\":\"https:\/\/www.oarcanjo.net\/site\/terco-dos-homens-peregrinacao-a-igreja-de-nossa-senhora-da-boa-morte\/\"},\"author\":{\"name\":\"editor\",\"@id\":\"https:\/\/www.oarcanjo.net\/site\/#\/schema\/person\/f7024d007863202483a31326673a0838\"},\"headline\":\"Ter\u00e7o dos Homens: peregrina\u00e7\u00e3o \u00e0 Igreja de Nossa Senhora da Boa Morte\",\"datePublished\":\"2009-09-10T07:57:28+00:00\",\"dateModified\":\"2009-09-10T10:09:25+00:00\",\"mainEntityOfPage\":{\"@id\":\"https:\/\/www.oarcanjo.net\/site\/terco-dos-homens-peregrinacao-a-igreja-de-nossa-senhora-da-boa-morte\/\"},\"wordCount\":284,\"commentCount\":7,\"publisher\":{\"@id\":\"https:\/\/www.oarcanjo.net\/site\/#organization\"},\"image\":{\"@id\":\"https:\/\/www.oarcanjo.net\/site\/terco-dos-homens-peregrinacao-a-igreja-de-nossa-senhora-da-boa-morte\/#primaryimage\"},\"thumbnailUrl\":\"http:\/\/www.oarcanjo.net\/site\/wp-content\/uploads\/terco-homens-boa-morte-2009-equipe.JPG\",\"keywords\":[\"Igreja de Nossa Senhora da Boa Morte\",\"peregrina\u00e7\u00e3o\",\"ter\u00e7o dos homens\"],\"articleSection\":[\"Not\u00edcias\",\"Rosto da comunidade\"],\"inLanguage\":\"pt-BR\",\"potentialAction\":[{\"@type\":\"CommentAction\",\"name\":\"Comment\",\"target\":[\"https:\/\/www.oarcanjo.net\/site\/terco-dos-homens-peregrinacao-a-igreja-de-nossa-senhora-da-boa-morte\/#respond\"]}]},{\"@type\":\"WebPage\",\"@id\":\"https:\/\/www.oarcanjo.net\/site\/terco-dos-homens-peregrinacao-a-igreja-de-nossa-senhora-da-boa-morte\/\",\"url\":\"https:\/\/www.oarcanjo.net\/site\/terco-dos-homens-peregrinacao-a-igreja-de-nossa-senhora-da-boa-morte\/\",\"name\":\"Ter\u00e7o dos Homens: peregrina\u00e7\u00e3o \u00e0 Igreja de Nossa Senhora da Boa Morte - O Arcanjo no ar\",\"isPartOf\":{\"@id\":\"https:\/\/www.oarcanjo.net\/site\/#website\"},\"primaryImageOfPage\":{\"@id\":\"https:\/\/www.oarcanjo.net\/site\/terco-dos-homens-peregrinacao-a-igreja-de-nossa-senhora-da-boa-morte\/#primaryimage\"},\"image\":{\"@id\":\"https:\/\/www.oarcanjo.net\/site\/terco-dos-homens-peregrinacao-a-igreja-de-nossa-senhora-da-boa-morte\/#primaryimage\"},\"thumbnailUrl\":\"http:\/\/www.oarcanjo.net\/site\/wp-content\/uploads\/terco-homens-boa-morte-2009-equipe.JPG\",\"datePublished\":\"2009-09-10T07:57:28+00:00\",\"dateModified\":\"2009-09-10T10:09:25+00:00\",\"breadcrumb\":{\"@id\":\"https:\/\/www.oarcanjo.net\/site\/terco-dos-homens-peregrinacao-a-igreja-de-nossa-senhora-da-boa-morte\/#breadcrumb\"},\"inLanguage\":\"pt-BR\",\"potentialAction\":[{\"@type\":\"ReadAction\",\"target\":[\"https:\/\/www.oarcanjo.net\/site\/terco-dos-homens-peregrinacao-a-igreja-de-nossa-senhora-da-boa-morte\/\"]}]},{\"@type\":\"ImageObject\",\"inLanguage\":\"pt-BR\",\"@id\":\"https:\/\/www.oarcanjo.net\/site\/terco-dos-homens-peregrinacao-a-igreja-de-nossa-senhora-da-boa-morte\/#primaryimage\",\"url\":\"https:\/\/www.oarcanjo.net\/site\/wp-content\/uploads\/terco-homens-boa-morte-2009-equipe.JPG\",\"contentUrl\":\"https:\/\/www.oarcanjo.net\/site\/wp-content\/uploads\/terco-homens-boa-morte-2009-equipe.JPG\",\"width\":\"350\",\"height\":\"234\"},{\"@type\":\"BreadcrumbList\",\"@id\":\"https:\/\/www.oarcanjo.net\/site\/terco-dos-homens-peregrinacao-a-igreja-de-nossa-senhora-da-boa-morte\/#breadcrumb\",\"itemListElement\":[{\"@type\":\"ListItem\",\"position\":1,\"name\":\"In\u00edcio\",\"item\":\"https:\/\/www.oarcanjo.net\/site\/\"},{\"@type\":\"ListItem\",\"position\":2,\"name\":\"Ter\u00e7o dos Homens: peregrina\u00e7\u00e3o \u00e0 Igreja de Nossa Senhora da Boa Morte\"}]},{\"@type\":\"WebSite\",\"@id\":\"https:\/\/www.oarcanjo.net\/site\/#website\",\"url\":\"https:\/\/www.oarcanjo.net\/site\/\",\"name\":\"O Arcanjo no ar\",\"description\":\"Site da Par\u00f3quia S\u00e3o Miguel Arcanjo (Arquidiocese de SP)\",\"publisher\":{\"@id\":\"https:\/\/www.oarcanjo.net\/site\/#organization\"},\"potentialAction\":[{\"@type\":\"SearchAction\",\"target\":{\"@type\":\"EntryPoint\",\"urlTemplate\":\"https:\/\/www.oarcanjo.net\/site\/?s={search_term_string}\"},\"query-input\":{\"@type\":\"PropertyValueSpecification\",\"valueRequired\":true,\"valueName\":\"search_term_string\"}}],\"inLanguage\":\"pt-BR\"},{\"@type\":\"Organization\",\"@id\":\"https:\/\/www.oarcanjo.net\/site\/#organization\",\"name\":\"Par\u00f3quia S\u00e3o Miguel Arcanjo\",\"url\":\"https:\/\/www.oarcanjo.net\/site\/\",\"logo\":{\"@type\":\"ImageObject\",\"inLanguage\":\"pt-BR\",\"@id\":\"https:\/\/www.oarcanjo.net\/site\/#\/schema\/logo\/image\/\",\"url\":\"https:\/\/www.oarcanjo.net\/site\/wp-content\/uploads\/LogoOArcanjo.png\",\"contentUrl\":\"https:\/\/www.oarcanjo.net\/site\/wp-content\/uploads\/LogoOArcanjo.png\",\"width\":319,\"height\":99,\"caption\":\"Par\u00f3quia S\u00e3o Miguel Arcanjo\"},\"image\":{\"@id\":\"https:\/\/www.oarcanjo.net\/site\/#\/schema\/logo\/image\/\"},\"sameAs\":[\"https:\/\/www.facebook.com\/OArcanjoNoAr\/\"]},{\"@type\":\"Person\",\"@id\":\"https:\/\/www.oarcanjo.net\/site\/#\/schema\/person\/f7024d007863202483a31326673a0838\",\"name\":\"editor\",\"sameAs\":[\"http:\/\/www.oarcanjo.net\"]}]}<\/script>\n<!-- \/ Yoast SEO plugin. -->","yoast_head_json":{"title":"Ter\u00e7o dos Homens: peregrina\u00e7\u00e3o \u00e0 Igreja de Nossa Senhora da Boa Morte - O Arcanjo no ar","robots":{"index":"index","follow":"follow","max-snippet":"max-snippet:-1","max-image-preview":"max-image-preview:large","max-video-preview":"max-video-preview:-1"},"canonical":"https:\/\/www.oarcanjo.net\/site\/terco-dos-homens-peregrinacao-a-igreja-de-nossa-senhora-da-boa-morte\/","og_locale":"pt_BR","og_type":"article","og_title":"Ter\u00e7o dos Homens: peregrina\u00e7\u00e3o \u00e0 Igreja de Nossa Senhora da Boa Morte - O Arcanjo no ar","og_description":"Ter\u00e7o dos Homens. Os Homens que rezam. Igreja de Nossa Senhora da Boa Morte. Na sexta-feira, dia 04\/09\/09, os homens da Par\u00f3quia S\u00e3o Miguel fizeram uma peregrina\u00e7\u00e3o noturna \u00e0 Igreja da Boa Morte, que fica na Rua Tabatinguera n\u00ba 301, pr\u00f3xima da Catedral da S\u00e9, no Centro de S\u00e3o Paulo. Os homens foram rezar o [&hellip;]","og_url":"https:\/\/www.oarcanjo.net\/site\/terco-dos-homens-peregrinacao-a-igreja-de-nossa-senhora-da-boa-morte\/","og_site_name":"O Arcanjo no ar","article_publisher":"https:\/\/www.facebook.com\/OArcanjoNoAr\/","article_published_time":"2009-09-10T07:57:28+00:00","article_modified_time":"2009-09-10T10:09:25+00:00","og_image":[{"url":"http:\/\/www.oarcanjo.net\/site\/wp-content\/uploads\/terco-homens-boa-morte-2009-equipe.JPG"}],"author":"editor","twitter_card":"summary_large_image","twitter_misc":{"Escrito por":"editor","Est. tempo de leitura":"1 minuto"},"schema":{"@context":"https:\/\/schema.org","@graph":[{"@type":"Article","@id":"https:\/\/www.oarcanjo.net\/site\/terco-dos-homens-peregrinacao-a-igreja-de-nossa-senhora-da-boa-morte\/#article","isPartOf":{"@id":"https:\/\/www.oarcanjo.net\/site\/terco-dos-homens-peregrinacao-a-igreja-de-nossa-senhora-da-boa-morte\/"},"author":{"name":"editor","@id":"https:\/\/www.oarcanjo.net\/site\/#\/schema\/person\/f7024d007863202483a31326673a0838"},"headline":"Ter\u00e7o dos Homens: peregrina\u00e7\u00e3o \u00e0 Igreja de Nossa Senhora da Boa Morte","datePublished":"2009-09-10T07:57:28+00:00","dateModified":"2009-09-10T10:09:25+00:00","mainEntityOfPage":{"@id":"https:\/\/www.oarcanjo.net\/site\/terco-dos-homens-peregrinacao-a-igreja-de-nossa-senhora-da-boa-morte\/"},"wordCount":284,"commentCount":7,"publisher":{"@id":"https:\/\/www.oarcanjo.net\/site\/#organization"},"image":{"@id":"https:\/\/www.oarcanjo.net\/site\/terco-dos-homens-peregrinacao-a-igreja-de-nossa-senhora-da-boa-morte\/#primaryimage"},"thumbnailUrl":"http:\/\/www.oarcanjo.net\/site\/wp-content\/uploads\/terco-homens-boa-morte-2009-equipe.JPG","keywords":["Igreja de Nossa Senhora da Boa Morte","peregrina\u00e7\u00e3o","ter\u00e7o dos homens"],"articleSection":["Not\u00edcias","Rosto da comunidade"],"inLanguage":"pt-BR","potentialAction":[{"@type":"CommentAction","name":"Comment","target":["https:\/\/www.oarcanjo.net\/site\/terco-dos-homens-peregrinacao-a-igreja-de-nossa-senhora-da-boa-morte\/#respond"]}]},{"@type":"WebPage","@id":"https:\/\/www.oarcanjo.net\/site\/terco-dos-homens-peregrinacao-a-igreja-de-nossa-senhora-da-boa-morte\/","url":"https:\/\/www.oarcanjo.net\/site\/terco-dos-homens-peregrinacao-a-igreja-de-nossa-senhora-da-boa-morte\/","name":"Ter\u00e7o dos Homens: peregrina\u00e7\u00e3o \u00e0 Igreja de Nossa Senhora da Boa Morte - O Arcanjo no ar","isPartOf":{"@id":"https:\/\/www.oarcanjo.net\/site\/#website"},"primaryImageOfPage":{"@id":"https:\/\/www.oarcanjo.net\/site\/terco-dos-homens-peregrinacao-a-igreja-de-nossa-senhora-da-boa-morte\/#primaryimage"},"image":{"@id":"https:\/\/www.oarcanjo.net\/site\/terco-dos-homens-peregrinacao-a-igreja-de-nossa-senhora-da-boa-morte\/#primaryimage"},"thumbnailUrl":"http:\/\/www.oarcanjo.net\/site\/wp-content\/uploads\/terco-homens-boa-morte-2009-equipe.JPG","datePublished":"2009-09-10T07:57:28+00:00","dateModified":"2009-09-10T10:09:25+00:00","breadcrumb":{"@id":"https:\/\/www.oarcanjo.net\/site\/terco-dos-homens-peregrinacao-a-igreja-de-nossa-senhora-da-boa-morte\/#breadcrumb"},"inLanguage":"pt-BR","potentialAction":[{"@type":"ReadAction","target":["https:\/\/www.oarcanjo.net\/site\/terco-dos-homens-peregrinacao-a-igreja-de-nossa-senhora-da-boa-morte\/"]}]},{"@type":"ImageObject","inLanguage":"pt-BR","@id":"https:\/\/www.oarcanjo.net\/site\/terco-dos-homens-peregrinacao-a-igreja-de-nossa-senhora-da-boa-morte\/#primaryimage","url":"https:\/\/www.oarcanjo.net\/site\/wp-content\/uploads\/terco-homens-boa-morte-2009-equipe.JPG","contentUrl":"https:\/\/www.oarcanjo.net\/site\/wp-content\/uploads\/terco-homens-boa-morte-2009-equipe.JPG","width":"350","height":"234"},{"@type":"BreadcrumbList","@id":"https:\/\/www.oarcanjo.net\/site\/terco-dos-homens-peregrinacao-a-igreja-de-nossa-senhora-da-boa-morte\/#breadcrumb","itemListElement":[{"@type":"ListItem","position":1,"name":"In\u00edcio","item":"https:\/\/www.oarcanjo.net\/site\/"},{"@type":"ListItem","position":2,"name":"Ter\u00e7o dos Homens: peregrina\u00e7\u00e3o \u00e0 Igreja de Nossa Senhora da Boa Morte"}]},{"@type":"WebSite","@id":"https:\/\/www.oarcanjo.net\/site\/#website","url":"https:\/\/www.oarcanjo.net\/site\/","name":"O Arcanjo no ar","description":"Site da Par\u00f3quia S\u00e3o Miguel Arcanjo (Arquidiocese de SP)","publisher":{"@id":"https:\/\/www.oarcanjo.net\/site\/#organization"},"potentialAction":[{"@type":"SearchAction","target":{"@type":"EntryPoint","urlTemplate":"https:\/\/www.oarcanjo.net\/site\/?s={search_term_string}"},"query-input":{"@type":"PropertyValueSpecification","valueRequired":true,"valueName":"search_term_string"}}],"inLanguage":"pt-BR"},{"@type":"Organization","@id":"https:\/\/www.oarcanjo.net\/site\/#organization","name":"Par\u00f3quia S\u00e3o Miguel Arcanjo","url":"https:\/\/www.oarcanjo.net\/site\/","logo":{"@type":"ImageObject","inLanguage":"pt-BR","@id":"https:\/\/www.oarcanjo.net\/site\/#\/schema\/logo\/image\/","url":"https:\/\/www.oarcanjo.net\/site\/wp-content\/uploads\/LogoOArcanjo.png","contentUrl":"https:\/\/www.oarcanjo.net\/site\/wp-content\/uploads\/LogoOArcanjo.png","width":319,"height":99,"caption":"Par\u00f3quia S\u00e3o Miguel Arcanjo"},"image":{"@id":"https:\/\/www.oarcanjo.net\/site\/#\/schema\/logo\/image\/"},"sameAs":["https:\/\/www.facebook.com\/OArcanjoNoAr\/"]},{"@type":"Person","@id":"https:\/\/www.oarcanjo.net\/site\/#\/schema\/person\/f7024d007863202483a31326673a0838","name":"editor","sameAs":["http:\/\/www.oarcanjo.net"]}]}},"publishpress_future_action":{"enabled":false,"date":"2026-05-09 07:04:33","action":"category","newStatus":"draft","terms":[],"taxonomy":"category"},"publishpress_future_workflow_manual_trigger":{"enabledWorkflows":[]},"_links":{"self":[{"href":"https:\/\/www.oarcanjo.net\/site\/wp-json\/wp\/v2\/posts\/5062"}],"collection":[{"href":"https:\/\/www.oarcanjo.net\/site\/wp-json\/wp\/v2\/posts"}],"about":[{"href":"https:\/\/www.oarcanjo.net\/site\/wp-json\/wp\/v2\/types\/post"}],"author":[{"embeddable":true,"href":"https:\/\/www.oarcanjo.net\/site\/wp-json\/wp\/v2\/users\/5"}],"replies":[{"embeddable":true,"href":"https:\/\/www.oarcanjo.net\/site\/wp-json\/wp\/v2\/comments?post=5062"}],"version-history":[{"count":0,"href":"https:\/\/www.oarcanjo.net\/site\/wp-json\/wp\/v2\/posts\/5062\/revisions"}],"wp:attachment":[{"href":"https:\/\/www.oarcanjo.net\/site\/wp-json\/wp\/v2\/media?parent=5062"}],"wp:term":[{"taxonomy":"category","embeddable":true,"href":"https:\/\/www.oarcanjo.net\/site\/wp-json\/wp\/v2\/categories?post=5062"},{"taxonomy":"post_tag","embeddable":true,"href":"https:\/\/www.oarcanjo.net\/site\/wp-json\/wp\/v2\/tags?post=5062"}],"curies":[{"name":"wp","href":"https:\/\/api.w.org\/{rel}","templated":true}]}}