
{"id":5071,"date":"2009-09-12T18:20:49","date_gmt":"2009-09-12T21:20:49","guid":{"rendered":"http:\/\/www.oarcanjo.net\/site\/?p=5071"},"modified":"2009-09-14T06:06:36","modified_gmt":"2009-09-14T09:06:36","slug":"quem-dizeis-que-eu-sou","status":"publish","type":"post","link":"https:\/\/www.oarcanjo.net\/site\/quem-dizeis-que-eu-sou\/","title":{"rendered":"Quem dizeis que EU SOU ?"},"content":{"rendered":"<p>A pergunta de JESUS \u00e9 um tanto desconcertante! Algu\u00e9m que te pergunta diretamente: Para voc\u00ea quem sou eu?<\/p>\n<p>O que significo para voc\u00ea? Que import\u00e2ncia tenho na sua vida?<\/p>\n<p>O Evangelho de Marcos quer responder a pergunta: Quem \u00e9 JESUS? e hoje traz, tamb\u00e9m, outra pergunta: Quem \u00e9 o d\u00edscipulo de JESUS?<\/p>\n<p>A resposta dos d\u00edscipulos mostra a dificuldade de entender a miss\u00e3o de JESUS e quem ELE \u00e9.<\/p>\n<p>Jo\u00e3o Batista, Elias, algum dos profetas, que Messias esperavam?<\/p>\n<p>Pedro declara: Tu \u00e9s o Messias!<\/p>\n<p>O Messias que segundo o discernimento de JESUS passar\u00e1 por terrivel sofrimento, rejei\u00e7\u00e3o e ser\u00e1 executado.<\/p>\n<p>O pr\u00f3prio Pedro n\u00e3o aceita um Messias assim, sofrido, rejeitado, condenado, executado. Assim n\u00e3o d\u00e1!!<\/p>\n<p>JESUS explica com toda claridade, n\u00e3o engana, n\u00e3o promete poder e sucesso.<\/p>\n<p>A CRUZ \u00e9 sinal de vida e liberdade, \u00e9 consequ\u00eancia da fidelidade ao PAI, n\u00e3o \u00e9 castigo ou vontade de DEUS, \u00e9 castigo e vontade dos homens que n\u00e3o querem mudar o sistema que domina e oprime os indefesos e fracos da hist\u00f3ria.<\/p>\n<p>DEUS n\u00e3o quer o sofrimento, n\u00e3o aceita a n\u00e3o ser o sofrimento que surge de toda resist\u00eancia contra o sofrimento.<\/p>\n<p>Por isso JESUS sofreu. Porque se posicionou firmemente ao lado de todas as v\u00edtimas do sofrimento\u00a0 humano, seja qual for a causa desse sofrimento. Esta \u00e9 a reflex\u00e3o do Pe. Castilho em seu livro sobre espiritualidade.<\/p>\n<p>Ser d\u00edscipulo de JESUS \u00e9 com ELE carregar a CRUZ, sem\u00a0 levar em conta a sua vida, para ganh\u00e1-la e n\u00e3o perd\u00ea-la.<\/p>\n<p>Quem em qualquer tempo posicionar-se a favor dos que sofrem em consequ\u00eancia das injusti\u00e7as e da maldade sofrer\u00e1, ser\u00e1 rejeitado.<\/p>\n<p>A CRUZ \u00e9 sinal dos que resistem em nome da vida, da vida dos fracos, indefesos e esquecidos, a CRUZ n\u00e3o \u00e9 vontade de DEUS mas resultado para quem se compromete com sua vontade de vida para todos, de partilha e solidariedade.<\/p>\n<p>O executado na CRUZ, o CRUCIFICADO \u00e9 o DEUS solid\u00e1rio que se faz pequeno e fraco e com sua morte e ressurrei\u00e7\u00e3o denuncia e anuncia.<\/p>\n<p>Denuncia a gan\u00e2ncia , o poder exercido com crueldade, a acumula\u00e7\u00e3o, o desprezo pelos fracos e pequenos.<\/p>\n<p>Anuncia\u00a0 o REINO de DEUS onde todos como irm\u00e3os viveremos livres de toda exclus\u00e3o!!<\/p>\n<p>Sempre tenho presente um pensamento de Santa Edith Stein: S\u00f3 conhece a cruz quem passa por ela. Am\u00e9m!!<\/p>\n<hr \/>\n<p>Assista \u00e0 homilia da Missa de 13\/09\/2009:<\/p>\n<p><video style=\"width: 100%; height: auto; aspect-ratio: 480\/334; border: none; overflow: hidden;\" controls>\n                <source src=\"mms:\/\/mms.bizmedia.com.br\/bizmedia\/Homilia20090913-final.wmv\" type=\"video\/x-ms-wmv\">\n                <source src=\"mms:\/\/mms.bizmedia.com.br\/bizmedia\/Homilia20090913-final.wmv\" type=\"video\/wmv\">\n                Your browser does not support the video tag.\n            <\/video><\/p>\n<div id=\"themify_builder_content-5071\" data-postid=\"5071\" class=\"themify_builder_content themify_builder_content-5071 themify_builder themify_builder_front\">\n\t<\/div>\n<!-- \/themify_builder_content -->","protected":false},"excerpt":{"rendered":"<p>A pergunta de JESUS \u00e9 um tanto desconcertante! Algu\u00e9m que te pergunta diretamente: Para voc\u00ea quem sou eu? O que significo para voc\u00ea? Que import\u00e2ncia tenho na sua vida? O Evangelho de Marcos quer responder a pergunta: Quem \u00e9 JESUS? e hoje traz, tamb\u00e9m, outra pergunta: Quem \u00e9 o d\u00edscipulo de JESUS? A resposta dos [&hellip;]<\/p>\n","protected":false},"author":4,"featured_media":0,"comment_status":"open","ping_status":"open","sticky":false,"template":"","format":"standard","meta":{"ngg_post_thumbnail":0,"footnotes":""},"categories":[4,475],"tags":[416,1045,68],"yoast_head":"<!-- This site is optimized with the Yoast SEO plugin v23.5 - https:\/\/yoast.com\/wordpress\/plugins\/seo\/ -->\n<title>Quem dizeis que EU SOU ? - O Arcanjo no ar<\/title>\n<meta name=\"robots\" content=\"index, follow, max-snippet:-1, max-image-preview:large, max-video-preview:-1\" \/>\n<link rel=\"canonical\" href=\"https:\/\/www.oarcanjo.net\/site\/quem-dizeis-que-eu-sou\/\" \/>\n<meta property=\"og:locale\" content=\"pt_BR\" \/>\n<meta property=\"og:type\" content=\"article\" \/>\n<meta property=\"og:title\" content=\"Quem dizeis que EU SOU ? - O Arcanjo no ar\" \/>\n<meta property=\"og:description\" content=\"A pergunta de JESUS \u00e9 um tanto desconcertante! Algu\u00e9m que te pergunta diretamente: Para voc\u00ea quem sou eu? O que significo para voc\u00ea? Que import\u00e2ncia tenho na sua vida? O Evangelho de Marcos quer responder a pergunta: Quem \u00e9 JESUS? e hoje traz, tamb\u00e9m, outra pergunta: Quem \u00e9 o d\u00edscipulo de JESUS? A resposta dos [&hellip;]\" \/>\n<meta property=\"og:url\" content=\"https:\/\/www.oarcanjo.net\/site\/quem-dizeis-que-eu-sou\/\" \/>\n<meta property=\"og:site_name\" content=\"O Arcanjo no ar\" \/>\n<meta property=\"article:publisher\" content=\"https:\/\/www.facebook.com\/OArcanjoNoAr\/\" \/>\n<meta property=\"article:published_time\" content=\"2009-09-12T21:20:49+00:00\" \/>\n<meta property=\"article:modified_time\" content=\"2009-09-14T09:06:36+00:00\" \/>\n<meta property=\"og:image\" content=\"https:\/\/www.oarcanjo.net\/site\/wp-content\/uploads\/logo-o-arcanjo-no-ar-facebook.png\" \/>\n\t<meta property=\"og:image:width\" content=\"300\" \/>\n\t<meta property=\"og:image:height\" content=\"300\" \/>\n\t<meta property=\"og:image:type\" content=\"image\/png\" \/>\n<meta name=\"author\" content=\"julio\" \/>\n<meta name=\"twitter:card\" content=\"summary_large_image\" \/>\n<meta name=\"twitter:label1\" content=\"Escrito por\" \/>\n\t<meta name=\"twitter:data1\" content=\"julio\" \/>\n\t<meta name=\"twitter:label2\" content=\"Est. tempo de leitura\" \/>\n\t<meta name=\"twitter:data2\" content=\"2 minutos\" \/>\n<script type=\"application\/ld+json\" class=\"yoast-schema-graph\">{\"@context\":\"https:\/\/schema.org\",\"@graph\":[{\"@type\":\"Article\",\"@id\":\"https:\/\/www.oarcanjo.net\/site\/quem-dizeis-que-eu-sou\/#article\",\"isPartOf\":{\"@id\":\"https:\/\/www.oarcanjo.net\/site\/quem-dizeis-que-eu-sou\/\"},\"author\":{\"name\":\"julio\",\"@id\":\"https:\/\/www.oarcanjo.net\/site\/#\/schema\/person\/d78ea01c648c91e29c364b516767079e\"},\"headline\":\"Quem dizeis que EU SOU ?\",\"datePublished\":\"2009-09-12T21:20:49+00:00\",\"dateModified\":\"2009-09-14T09:06:36+00:00\",\"mainEntityOfPage\":{\"@id\":\"https:\/\/www.oarcanjo.net\/site\/quem-dizeis-que-eu-sou\/\"},\"wordCount\":428,\"commentCount\":6,\"publisher\":{\"@id\":\"https:\/\/www.oarcanjo.net\/site\/#organization\"},\"keywords\":[\"cruz\",\"inclus\u00e3o\",\"ressurei\u00e7\u00e3o\"],\"articleSection\":[\"Blog\",\"Homilias\"],\"inLanguage\":\"pt-BR\",\"potentialAction\":[{\"@type\":\"CommentAction\",\"name\":\"Comment\",\"target\":[\"https:\/\/www.oarcanjo.net\/site\/quem-dizeis-que-eu-sou\/#respond\"]}]},{\"@type\":\"WebPage\",\"@id\":\"https:\/\/www.oarcanjo.net\/site\/quem-dizeis-que-eu-sou\/\",\"url\":\"https:\/\/www.oarcanjo.net\/site\/quem-dizeis-que-eu-sou\/\",\"name\":\"Quem dizeis que EU SOU ? - O Arcanjo no ar\",\"isPartOf\":{\"@id\":\"https:\/\/www.oarcanjo.net\/site\/#website\"},\"datePublished\":\"2009-09-12T21:20:49+00:00\",\"dateModified\":\"2009-09-14T09:06:36+00:00\",\"breadcrumb\":{\"@id\":\"https:\/\/www.oarcanjo.net\/site\/quem-dizeis-que-eu-sou\/#breadcrumb\"},\"inLanguage\":\"pt-BR\",\"potentialAction\":[{\"@type\":\"ReadAction\",\"target\":[\"https:\/\/www.oarcanjo.net\/site\/quem-dizeis-que-eu-sou\/\"]}]},{\"@type\":\"BreadcrumbList\",\"@id\":\"https:\/\/www.oarcanjo.net\/site\/quem-dizeis-que-eu-sou\/#breadcrumb\",\"itemListElement\":[{\"@type\":\"ListItem\",\"position\":1,\"name\":\"In\u00edcio\",\"item\":\"https:\/\/www.oarcanjo.net\/site\/\"},{\"@type\":\"ListItem\",\"position\":2,\"name\":\"Quem dizeis que EU SOU ?\"}]},{\"@type\":\"WebSite\",\"@id\":\"https:\/\/www.oarcanjo.net\/site\/#website\",\"url\":\"https:\/\/www.oarcanjo.net\/site\/\",\"name\":\"O Arcanjo no ar\",\"description\":\"Site da Par\u00f3quia S\u00e3o Miguel Arcanjo (Arquidiocese de SP)\",\"publisher\":{\"@id\":\"https:\/\/www.oarcanjo.net\/site\/#organization\"},\"potentialAction\":[{\"@type\":\"SearchAction\",\"target\":{\"@type\":\"EntryPoint\",\"urlTemplate\":\"https:\/\/www.oarcanjo.net\/site\/?s={search_term_string}\"},\"query-input\":{\"@type\":\"PropertyValueSpecification\",\"valueRequired\":true,\"valueName\":\"search_term_string\"}}],\"inLanguage\":\"pt-BR\"},{\"@type\":\"Organization\",\"@id\":\"https:\/\/www.oarcanjo.net\/site\/#organization\",\"name\":\"Par\u00f3quia S\u00e3o Miguel Arcanjo\",\"url\":\"https:\/\/www.oarcanjo.net\/site\/\",\"logo\":{\"@type\":\"ImageObject\",\"inLanguage\":\"pt-BR\",\"@id\":\"https:\/\/www.oarcanjo.net\/site\/#\/schema\/logo\/image\/\",\"url\":\"https:\/\/www.oarcanjo.net\/site\/wp-content\/uploads\/LogoOArcanjo.png\",\"contentUrl\":\"https:\/\/www.oarcanjo.net\/site\/wp-content\/uploads\/LogoOArcanjo.png\",\"width\":319,\"height\":99,\"caption\":\"Par\u00f3quia S\u00e3o Miguel Arcanjo\"},\"image\":{\"@id\":\"https:\/\/www.oarcanjo.net\/site\/#\/schema\/logo\/image\/\"},\"sameAs\":[\"https:\/\/www.facebook.com\/OArcanjoNoAr\/\"]},{\"@type\":\"Person\",\"@id\":\"https:\/\/www.oarcanjo.net\/site\/#\/schema\/person\/d78ea01c648c91e29c364b516767079e\",\"name\":\"julio\",\"sameAs\":[\"http:\/\/www.oarcanjo.net\"]}]}<\/script>\n<!-- \/ Yoast SEO plugin. -->","yoast_head_json":{"title":"Quem dizeis que EU SOU ? - O Arcanjo no ar","robots":{"index":"index","follow":"follow","max-snippet":"max-snippet:-1","max-image-preview":"max-image-preview:large","max-video-preview":"max-video-preview:-1"},"canonical":"https:\/\/www.oarcanjo.net\/site\/quem-dizeis-que-eu-sou\/","og_locale":"pt_BR","og_type":"article","og_title":"Quem dizeis que EU SOU ? - O Arcanjo no ar","og_description":"A pergunta de JESUS \u00e9 um tanto desconcertante! Algu\u00e9m que te pergunta diretamente: Para voc\u00ea quem sou eu? O que significo para voc\u00ea? Que import\u00e2ncia tenho na sua vida? O Evangelho de Marcos quer responder a pergunta: Quem \u00e9 JESUS? e hoje traz, tamb\u00e9m, outra pergunta: Quem \u00e9 o d\u00edscipulo de JESUS? A resposta dos [&hellip;]","og_url":"https:\/\/www.oarcanjo.net\/site\/quem-dizeis-que-eu-sou\/","og_site_name":"O Arcanjo no ar","article_publisher":"https:\/\/www.facebook.com\/OArcanjoNoAr\/","article_published_time":"2009-09-12T21:20:49+00:00","article_modified_time":"2009-09-14T09:06:36+00:00","og_image":[{"width":300,"height":300,"url":"https:\/\/www.oarcanjo.net\/site\/wp-content\/uploads\/logo-o-arcanjo-no-ar-facebook.png","type":"image\/png"}],"author":"julio","twitter_card":"summary_large_image","twitter_misc":{"Escrito por":"julio","Est. tempo de leitura":"2 minutos"},"schema":{"@context":"https:\/\/schema.org","@graph":[{"@type":"Article","@id":"https:\/\/www.oarcanjo.net\/site\/quem-dizeis-que-eu-sou\/#article","isPartOf":{"@id":"https:\/\/www.oarcanjo.net\/site\/quem-dizeis-que-eu-sou\/"},"author":{"name":"julio","@id":"https:\/\/www.oarcanjo.net\/site\/#\/schema\/person\/d78ea01c648c91e29c364b516767079e"},"headline":"Quem dizeis que EU SOU ?","datePublished":"2009-09-12T21:20:49+00:00","dateModified":"2009-09-14T09:06:36+00:00","mainEntityOfPage":{"@id":"https:\/\/www.oarcanjo.net\/site\/quem-dizeis-que-eu-sou\/"},"wordCount":428,"commentCount":6,"publisher":{"@id":"https:\/\/www.oarcanjo.net\/site\/#organization"},"keywords":["cruz","inclus\u00e3o","ressurei\u00e7\u00e3o"],"articleSection":["Blog","Homilias"],"inLanguage":"pt-BR","potentialAction":[{"@type":"CommentAction","name":"Comment","target":["https:\/\/www.oarcanjo.net\/site\/quem-dizeis-que-eu-sou\/#respond"]}]},{"@type":"WebPage","@id":"https:\/\/www.oarcanjo.net\/site\/quem-dizeis-que-eu-sou\/","url":"https:\/\/www.oarcanjo.net\/site\/quem-dizeis-que-eu-sou\/","name":"Quem dizeis que EU SOU ? - O Arcanjo no ar","isPartOf":{"@id":"https:\/\/www.oarcanjo.net\/site\/#website"},"datePublished":"2009-09-12T21:20:49+00:00","dateModified":"2009-09-14T09:06:36+00:00","breadcrumb":{"@id":"https:\/\/www.oarcanjo.net\/site\/quem-dizeis-que-eu-sou\/#breadcrumb"},"inLanguage":"pt-BR","potentialAction":[{"@type":"ReadAction","target":["https:\/\/www.oarcanjo.net\/site\/quem-dizeis-que-eu-sou\/"]}]},{"@type":"BreadcrumbList","@id":"https:\/\/www.oarcanjo.net\/site\/quem-dizeis-que-eu-sou\/#breadcrumb","itemListElement":[{"@type":"ListItem","position":1,"name":"In\u00edcio","item":"https:\/\/www.oarcanjo.net\/site\/"},{"@type":"ListItem","position":2,"name":"Quem dizeis que EU SOU ?"}]},{"@type":"WebSite","@id":"https:\/\/www.oarcanjo.net\/site\/#website","url":"https:\/\/www.oarcanjo.net\/site\/","name":"O Arcanjo no ar","description":"Site da Par\u00f3quia S\u00e3o Miguel Arcanjo (Arquidiocese de SP)","publisher":{"@id":"https:\/\/www.oarcanjo.net\/site\/#organization"},"potentialAction":[{"@type":"SearchAction","target":{"@type":"EntryPoint","urlTemplate":"https:\/\/www.oarcanjo.net\/site\/?s={search_term_string}"},"query-input":{"@type":"PropertyValueSpecification","valueRequired":true,"valueName":"search_term_string"}}],"inLanguage":"pt-BR"},{"@type":"Organization","@id":"https:\/\/www.oarcanjo.net\/site\/#organization","name":"Par\u00f3quia S\u00e3o Miguel Arcanjo","url":"https:\/\/www.oarcanjo.net\/site\/","logo":{"@type":"ImageObject","inLanguage":"pt-BR","@id":"https:\/\/www.oarcanjo.net\/site\/#\/schema\/logo\/image\/","url":"https:\/\/www.oarcanjo.net\/site\/wp-content\/uploads\/LogoOArcanjo.png","contentUrl":"https:\/\/www.oarcanjo.net\/site\/wp-content\/uploads\/LogoOArcanjo.png","width":319,"height":99,"caption":"Par\u00f3quia S\u00e3o Miguel Arcanjo"},"image":{"@id":"https:\/\/www.oarcanjo.net\/site\/#\/schema\/logo\/image\/"},"sameAs":["https:\/\/www.facebook.com\/OArcanjoNoAr\/"]},{"@type":"Person","@id":"https:\/\/www.oarcanjo.net\/site\/#\/schema\/person\/d78ea01c648c91e29c364b516767079e","name":"julio","sameAs":["http:\/\/www.oarcanjo.net"]}]}},"publishpress_future_action":{"enabled":false,"date":"2026-05-09 01:25:47","action":"category","newStatus":"draft","terms":[],"taxonomy":"category"},"publishpress_future_workflow_manual_trigger":{"enabledWorkflows":[]},"_links":{"self":[{"href":"https:\/\/www.oarcanjo.net\/site\/wp-json\/wp\/v2\/posts\/5071"}],"collection":[{"href":"https:\/\/www.oarcanjo.net\/site\/wp-json\/wp\/v2\/posts"}],"about":[{"href":"https:\/\/www.oarcanjo.net\/site\/wp-json\/wp\/v2\/types\/post"}],"author":[{"embeddable":true,"href":"https:\/\/www.oarcanjo.net\/site\/wp-json\/wp\/v2\/users\/4"}],"replies":[{"embeddable":true,"href":"https:\/\/www.oarcanjo.net\/site\/wp-json\/wp\/v2\/comments?post=5071"}],"version-history":[{"count":0,"href":"https:\/\/www.oarcanjo.net\/site\/wp-json\/wp\/v2\/posts\/5071\/revisions"}],"wp:attachment":[{"href":"https:\/\/www.oarcanjo.net\/site\/wp-json\/wp\/v2\/media?parent=5071"}],"wp:term":[{"taxonomy":"category","embeddable":true,"href":"https:\/\/www.oarcanjo.net\/site\/wp-json\/wp\/v2\/categories?post=5071"},{"taxonomy":"post_tag","embeddable":true,"href":"https:\/\/www.oarcanjo.net\/site\/wp-json\/wp\/v2\/tags?post=5071"}],"curies":[{"name":"wp","href":"https:\/\/api.w.org\/{rel}","templated":true}]}}