
{"id":5098,"date":"2009-09-15T22:53:59","date_gmt":"2009-09-16T01:53:59","guid":{"rendered":"http:\/\/www.oarcanjo.net\/site\/?p=5098"},"modified":"2009-09-16T00:13:52","modified_gmt":"2009-09-16T03:13:52","slug":"organizacao-da-festa-de-sao-miguel","status":"publish","type":"post","link":"https:\/\/www.oarcanjo.net\/site\/organizacao-da-festa-de-sao-miguel\/","title":{"rendered":"Organiza\u00e7\u00e3o da Festa de S\u00e3o Miguel"},"content":{"rendered":"<p>A tradicional festa de S\u00e3o Miguel est\u00e1 se aproximando e n\u00e3o vemos a hora de provar as del\u00edcias que teremos nas nossas barracas:<\/p>\n<p>\u00a0&#8211; <strong>Barraca de salgados<\/strong> &#8211; teremos pernil com molho ou vinagrete, beringela, cachorro quente, tortas etc.<\/p>\n<p>\u00a0&#8211; <strong>Barraca de doces<\/strong> &#8211; teremos bolos de todas as variedades, inclusive o famoso Bolo de S\u00e3o Miguel<\/p>\n<p>\u00a0&#8211; <strong>Barraca\u00a0de bebidas<\/strong> &#8211; teremos Coca-Cola, Guaran\u00e1, \u00e1gua t\u00f4nica e garrafinha de \u00e1gua<\/p>\n<p>\u00a0&#8211; A grande novidade \u00e9 que tamb\u00e9m\u00a0teremos deliciosos <strong>crepes de chocolate e queijo<\/strong><\/p>\n<p>Na barraca de salgados seremos atendidos pelas nossas amigas e volunt\u00e1rias <strong>Ang\u00e9lica<\/strong>, <strong>Marilurdes<\/strong>, <strong>Rita<\/strong> e <strong>Adua<\/strong>.<\/p>\n<p>Na barraca de doces seremos atendidos pelas nossas amigas e volunt\u00e1rias <strong>Beth<\/strong>, <strong>Diva<\/strong>, <strong>Marlene<\/strong>, <strong>Erc\u00edlia<\/strong> e <strong>Fel\u00edcia <\/strong>(veja a receita do<a href=\"http:\/\/www.oarcanjo.net\/site\/index.php\/receitas\/bolo-de-sao-miguel\/\"> Bolo de S\u00e3o Miguel<\/a>).<\/p>\n<p>Na barraca de bebidas seremos atendidos pelos nossos amigos e colaboradores <strong>Maria<\/strong>, <strong>Neide<\/strong>, <strong>Luizinho<\/strong>, <strong>T\u00e2nia<\/strong> e <strong>Joninho<\/strong>.<\/p>\n<p>Na barraca de crepe seremos atendidos pelos nossos amigos e colaboradores <strong>Helena<\/strong> e <strong>seu esposo<\/strong> e <strong>Danielle<\/strong>.<\/p>\n<p>Na barraca do caf\u00e9 e chocolate seremos atendidos pelas nossas amigas e colaboradoras <strong>Rosely<\/strong> e <strong>Rinalda<\/strong>.<\/p>\n<p>No nosso caixa est\u00e3o nossos amigos e colaboradores <strong>Pierre<\/strong>, <strong>Ros\u00e1ria<\/strong> e <strong>M\u00e9rcia<\/strong>.<\/p>\n<p>Ainda contamos com a colabora\u00e7\u00e3o de todos que puderem trazer latinhas de refrigerante at\u00e9 o dia 20 de setembro.<\/p>\n<p>O bispo em\u00e9rito de Blumenau e ex-bispo auxiliar da Arquidiocese de S\u00e3o Paulo presidir\u00e1 a missa das 15h. Haver\u00e1 celebra\u00e7\u00f5es tamb\u00e9m \u00e0s 7h30 e 20h.<\/p>\n<p>Para mais informa\u00e7\u00f5es, clique <a href=\"http:\/\/www.oarcanjo.net\/site\/index.php\/destaque\/festa-de-sao-miguel-arcanjo-participe\/\">aqui<\/a>.<\/p>\n<p><span style=\"color: #cc0000;\"><strong>ESTAMOS PRECISANDO MUITO DE M\u00c3O DE OBRA PARA A MONTAGEM E DESMONTAGEM DAS NOSSAS BARRACAS!<\/strong><\/span><\/p>\n<p><strong>Para mais esclarecimentos, falar com Vict\u00f3ria ou Tereza na secretaria.<\/strong><\/p>\n<div id=\"themify_builder_content-5098\" data-postid=\"5098\" class=\"themify_builder_content themify_builder_content-5098 themify_builder themify_builder_front\">\n\t<\/div>\n<!-- \/themify_builder_content -->","protected":false},"excerpt":{"rendered":"<p>A tradicional festa de S\u00e3o Miguel est\u00e1 se aproximando e n\u00e3o vemos a hora de provar as del\u00edcias que teremos nas nossas barracas: \u00a0&#8211; Barraca de salgados &#8211; teremos pernil com molho ou vinagrete, beringela, cachorro quente, tortas etc. \u00a0&#8211; Barraca de doces &#8211; teremos bolos de todas as variedades, inclusive o famoso Bolo de [&hellip;]<\/p>\n","protected":false},"author":5,"featured_media":0,"comment_status":"open","ping_status":"open","sticky":false,"template":"","format":"standard","meta":{"ngg_post_thumbnail":0,"footnotes":""},"categories":[3,8,7],"tags":[1019,1059],"yoast_head":"<!-- This site is optimized with the Yoast SEO plugin v23.5 - https:\/\/yoast.com\/wordpress\/plugins\/seo\/ -->\n<title>Organiza\u00e7\u00e3o da Festa de S\u00e3o Miguel - O Arcanjo no ar<\/title>\n<meta name=\"robots\" content=\"index, follow, max-snippet:-1, max-image-preview:large, max-video-preview:-1\" \/>\n<link rel=\"canonical\" href=\"https:\/\/www.oarcanjo.net\/site\/organizacao-da-festa-de-sao-miguel\/\" \/>\n<meta property=\"og:locale\" content=\"pt_BR\" \/>\n<meta property=\"og:type\" content=\"article\" \/>\n<meta property=\"og:title\" content=\"Organiza\u00e7\u00e3o da Festa de S\u00e3o Miguel - O Arcanjo no ar\" \/>\n<meta property=\"og:description\" content=\"A tradicional festa de S\u00e3o Miguel est\u00e1 se aproximando e n\u00e3o vemos a hora de provar as del\u00edcias que teremos nas nossas barracas: \u00a0&#8211; Barraca de salgados &#8211; teremos pernil com molho ou vinagrete, beringela, cachorro quente, tortas etc. \u00a0&#8211; Barraca de doces &#8211; teremos bolos de todas as variedades, inclusive o famoso Bolo de [&hellip;]\" \/>\n<meta property=\"og:url\" content=\"https:\/\/www.oarcanjo.net\/site\/organizacao-da-festa-de-sao-miguel\/\" \/>\n<meta property=\"og:site_name\" content=\"O Arcanjo no ar\" \/>\n<meta property=\"article:publisher\" content=\"https:\/\/www.facebook.com\/OArcanjoNoAr\/\" \/>\n<meta property=\"article:published_time\" content=\"2009-09-16T01:53:59+00:00\" \/>\n<meta property=\"article:modified_time\" content=\"2009-09-16T03:13:52+00:00\" \/>\n<meta property=\"og:image\" content=\"https:\/\/www.oarcanjo.net\/site\/wp-content\/uploads\/logo-o-arcanjo-no-ar-facebook.png\" \/>\n\t<meta property=\"og:image:width\" content=\"300\" \/>\n\t<meta property=\"og:image:height\" content=\"300\" \/>\n\t<meta property=\"og:image:type\" content=\"image\/png\" \/>\n<meta name=\"author\" content=\"editor\" \/>\n<meta name=\"twitter:card\" content=\"summary_large_image\" \/>\n<meta name=\"twitter:label1\" content=\"Escrito por\" \/>\n\t<meta name=\"twitter:data1\" content=\"editor\" \/>\n\t<meta name=\"twitter:label2\" content=\"Est. tempo de leitura\" \/>\n\t<meta name=\"twitter:data2\" content=\"1 minuto\" \/>\n<script type=\"application\/ld+json\" class=\"yoast-schema-graph\">{\"@context\":\"https:\/\/schema.org\",\"@graph\":[{\"@type\":\"Article\",\"@id\":\"https:\/\/www.oarcanjo.net\/site\/organizacao-da-festa-de-sao-miguel\/#article\",\"isPartOf\":{\"@id\":\"https:\/\/www.oarcanjo.net\/site\/organizacao-da-festa-de-sao-miguel\/\"},\"author\":{\"name\":\"editor\",\"@id\":\"https:\/\/www.oarcanjo.net\/site\/#\/schema\/person\/f7024d007863202483a31326673a0838\"},\"headline\":\"Organiza\u00e7\u00e3o da Festa de S\u00e3o Miguel\",\"datePublished\":\"2009-09-16T01:53:59+00:00\",\"dateModified\":\"2009-09-16T03:13:52+00:00\",\"mainEntityOfPage\":{\"@id\":\"https:\/\/www.oarcanjo.net\/site\/organizacao-da-festa-de-sao-miguel\/\"},\"wordCount\":292,\"commentCount\":7,\"publisher\":{\"@id\":\"https:\/\/www.oarcanjo.net\/site\/#organization\"},\"keywords\":[\"festa de S\u00e3o Miguel Arcanjo\",\"Organiza\u00e7\u00e3o\"],\"articleSection\":[\"Destaques\",\"Not\u00edcias\",\"Rosto da comunidade\"],\"inLanguage\":\"pt-BR\",\"potentialAction\":[{\"@type\":\"CommentAction\",\"name\":\"Comment\",\"target\":[\"https:\/\/www.oarcanjo.net\/site\/organizacao-da-festa-de-sao-miguel\/#respond\"]}]},{\"@type\":\"WebPage\",\"@id\":\"https:\/\/www.oarcanjo.net\/site\/organizacao-da-festa-de-sao-miguel\/\",\"url\":\"https:\/\/www.oarcanjo.net\/site\/organizacao-da-festa-de-sao-miguel\/\",\"name\":\"Organiza\u00e7\u00e3o da Festa de S\u00e3o Miguel - O Arcanjo no ar\",\"isPartOf\":{\"@id\":\"https:\/\/www.oarcanjo.net\/site\/#website\"},\"datePublished\":\"2009-09-16T01:53:59+00:00\",\"dateModified\":\"2009-09-16T03:13:52+00:00\",\"breadcrumb\":{\"@id\":\"https:\/\/www.oarcanjo.net\/site\/organizacao-da-festa-de-sao-miguel\/#breadcrumb\"},\"inLanguage\":\"pt-BR\",\"potentialAction\":[{\"@type\":\"ReadAction\",\"target\":[\"https:\/\/www.oarcanjo.net\/site\/organizacao-da-festa-de-sao-miguel\/\"]}]},{\"@type\":\"BreadcrumbList\",\"@id\":\"https:\/\/www.oarcanjo.net\/site\/organizacao-da-festa-de-sao-miguel\/#breadcrumb\",\"itemListElement\":[{\"@type\":\"ListItem\",\"position\":1,\"name\":\"In\u00edcio\",\"item\":\"https:\/\/www.oarcanjo.net\/site\/\"},{\"@type\":\"ListItem\",\"position\":2,\"name\":\"Organiza\u00e7\u00e3o da Festa de S\u00e3o Miguel\"}]},{\"@type\":\"WebSite\",\"@id\":\"https:\/\/www.oarcanjo.net\/site\/#website\",\"url\":\"https:\/\/www.oarcanjo.net\/site\/\",\"name\":\"O Arcanjo no ar\",\"description\":\"Site da Par\u00f3quia S\u00e3o Miguel Arcanjo (Arquidiocese de SP)\",\"publisher\":{\"@id\":\"https:\/\/www.oarcanjo.net\/site\/#organization\"},\"potentialAction\":[{\"@type\":\"SearchAction\",\"target\":{\"@type\":\"EntryPoint\",\"urlTemplate\":\"https:\/\/www.oarcanjo.net\/site\/?s={search_term_string}\"},\"query-input\":{\"@type\":\"PropertyValueSpecification\",\"valueRequired\":true,\"valueName\":\"search_term_string\"}}],\"inLanguage\":\"pt-BR\"},{\"@type\":\"Organization\",\"@id\":\"https:\/\/www.oarcanjo.net\/site\/#organization\",\"name\":\"Par\u00f3quia S\u00e3o Miguel Arcanjo\",\"url\":\"https:\/\/www.oarcanjo.net\/site\/\",\"logo\":{\"@type\":\"ImageObject\",\"inLanguage\":\"pt-BR\",\"@id\":\"https:\/\/www.oarcanjo.net\/site\/#\/schema\/logo\/image\/\",\"url\":\"https:\/\/www.oarcanjo.net\/site\/wp-content\/uploads\/LogoOArcanjo.png\",\"contentUrl\":\"https:\/\/www.oarcanjo.net\/site\/wp-content\/uploads\/LogoOArcanjo.png\",\"width\":319,\"height\":99,\"caption\":\"Par\u00f3quia S\u00e3o Miguel Arcanjo\"},\"image\":{\"@id\":\"https:\/\/www.oarcanjo.net\/site\/#\/schema\/logo\/image\/\"},\"sameAs\":[\"https:\/\/www.facebook.com\/OArcanjoNoAr\/\"]},{\"@type\":\"Person\",\"@id\":\"https:\/\/www.oarcanjo.net\/site\/#\/schema\/person\/f7024d007863202483a31326673a0838\",\"name\":\"editor\",\"sameAs\":[\"http:\/\/www.oarcanjo.net\"]}]}<\/script>\n<!-- \/ Yoast SEO plugin. -->","yoast_head_json":{"title":"Organiza\u00e7\u00e3o da Festa de S\u00e3o Miguel - O Arcanjo no ar","robots":{"index":"index","follow":"follow","max-snippet":"max-snippet:-1","max-image-preview":"max-image-preview:large","max-video-preview":"max-video-preview:-1"},"canonical":"https:\/\/www.oarcanjo.net\/site\/organizacao-da-festa-de-sao-miguel\/","og_locale":"pt_BR","og_type":"article","og_title":"Organiza\u00e7\u00e3o da Festa de S\u00e3o Miguel - O Arcanjo no ar","og_description":"A tradicional festa de S\u00e3o Miguel est\u00e1 se aproximando e n\u00e3o vemos a hora de provar as del\u00edcias que teremos nas nossas barracas: \u00a0&#8211; Barraca de salgados &#8211; teremos pernil com molho ou vinagrete, beringela, cachorro quente, tortas etc. \u00a0&#8211; Barraca de doces &#8211; teremos bolos de todas as variedades, inclusive o famoso Bolo de [&hellip;]","og_url":"https:\/\/www.oarcanjo.net\/site\/organizacao-da-festa-de-sao-miguel\/","og_site_name":"O Arcanjo no ar","article_publisher":"https:\/\/www.facebook.com\/OArcanjoNoAr\/","article_published_time":"2009-09-16T01:53:59+00:00","article_modified_time":"2009-09-16T03:13:52+00:00","og_image":[{"width":300,"height":300,"url":"https:\/\/www.oarcanjo.net\/site\/wp-content\/uploads\/logo-o-arcanjo-no-ar-facebook.png","type":"image\/png"}],"author":"editor","twitter_card":"summary_large_image","twitter_misc":{"Escrito por":"editor","Est. tempo de leitura":"1 minuto"},"schema":{"@context":"https:\/\/schema.org","@graph":[{"@type":"Article","@id":"https:\/\/www.oarcanjo.net\/site\/organizacao-da-festa-de-sao-miguel\/#article","isPartOf":{"@id":"https:\/\/www.oarcanjo.net\/site\/organizacao-da-festa-de-sao-miguel\/"},"author":{"name":"editor","@id":"https:\/\/www.oarcanjo.net\/site\/#\/schema\/person\/f7024d007863202483a31326673a0838"},"headline":"Organiza\u00e7\u00e3o da Festa de S\u00e3o Miguel","datePublished":"2009-09-16T01:53:59+00:00","dateModified":"2009-09-16T03:13:52+00:00","mainEntityOfPage":{"@id":"https:\/\/www.oarcanjo.net\/site\/organizacao-da-festa-de-sao-miguel\/"},"wordCount":292,"commentCount":7,"publisher":{"@id":"https:\/\/www.oarcanjo.net\/site\/#organization"},"keywords":["festa de S\u00e3o Miguel Arcanjo","Organiza\u00e7\u00e3o"],"articleSection":["Destaques","Not\u00edcias","Rosto da comunidade"],"inLanguage":"pt-BR","potentialAction":[{"@type":"CommentAction","name":"Comment","target":["https:\/\/www.oarcanjo.net\/site\/organizacao-da-festa-de-sao-miguel\/#respond"]}]},{"@type":"WebPage","@id":"https:\/\/www.oarcanjo.net\/site\/organizacao-da-festa-de-sao-miguel\/","url":"https:\/\/www.oarcanjo.net\/site\/organizacao-da-festa-de-sao-miguel\/","name":"Organiza\u00e7\u00e3o da Festa de S\u00e3o Miguel - O Arcanjo no ar","isPartOf":{"@id":"https:\/\/www.oarcanjo.net\/site\/#website"},"datePublished":"2009-09-16T01:53:59+00:00","dateModified":"2009-09-16T03:13:52+00:00","breadcrumb":{"@id":"https:\/\/www.oarcanjo.net\/site\/organizacao-da-festa-de-sao-miguel\/#breadcrumb"},"inLanguage":"pt-BR","potentialAction":[{"@type":"ReadAction","target":["https:\/\/www.oarcanjo.net\/site\/organizacao-da-festa-de-sao-miguel\/"]}]},{"@type":"BreadcrumbList","@id":"https:\/\/www.oarcanjo.net\/site\/organizacao-da-festa-de-sao-miguel\/#breadcrumb","itemListElement":[{"@type":"ListItem","position":1,"name":"In\u00edcio","item":"https:\/\/www.oarcanjo.net\/site\/"},{"@type":"ListItem","position":2,"name":"Organiza\u00e7\u00e3o da Festa de S\u00e3o Miguel"}]},{"@type":"WebSite","@id":"https:\/\/www.oarcanjo.net\/site\/#website","url":"https:\/\/www.oarcanjo.net\/site\/","name":"O Arcanjo no ar","description":"Site da Par\u00f3quia S\u00e3o Miguel Arcanjo (Arquidiocese de SP)","publisher":{"@id":"https:\/\/www.oarcanjo.net\/site\/#organization"},"potentialAction":[{"@type":"SearchAction","target":{"@type":"EntryPoint","urlTemplate":"https:\/\/www.oarcanjo.net\/site\/?s={search_term_string}"},"query-input":{"@type":"PropertyValueSpecification","valueRequired":true,"valueName":"search_term_string"}}],"inLanguage":"pt-BR"},{"@type":"Organization","@id":"https:\/\/www.oarcanjo.net\/site\/#organization","name":"Par\u00f3quia S\u00e3o Miguel Arcanjo","url":"https:\/\/www.oarcanjo.net\/site\/","logo":{"@type":"ImageObject","inLanguage":"pt-BR","@id":"https:\/\/www.oarcanjo.net\/site\/#\/schema\/logo\/image\/","url":"https:\/\/www.oarcanjo.net\/site\/wp-content\/uploads\/LogoOArcanjo.png","contentUrl":"https:\/\/www.oarcanjo.net\/site\/wp-content\/uploads\/LogoOArcanjo.png","width":319,"height":99,"caption":"Par\u00f3quia S\u00e3o Miguel Arcanjo"},"image":{"@id":"https:\/\/www.oarcanjo.net\/site\/#\/schema\/logo\/image\/"},"sameAs":["https:\/\/www.facebook.com\/OArcanjoNoAr\/"]},{"@type":"Person","@id":"https:\/\/www.oarcanjo.net\/site\/#\/schema\/person\/f7024d007863202483a31326673a0838","name":"editor","sameAs":["http:\/\/www.oarcanjo.net"]}]}},"publishpress_future_action":{"enabled":false,"date":"2026-05-09 04:50:31","action":"category","newStatus":"draft","terms":[],"taxonomy":"category"},"publishpress_future_workflow_manual_trigger":{"enabledWorkflows":[]},"_links":{"self":[{"href":"https:\/\/www.oarcanjo.net\/site\/wp-json\/wp\/v2\/posts\/5098"}],"collection":[{"href":"https:\/\/www.oarcanjo.net\/site\/wp-json\/wp\/v2\/posts"}],"about":[{"href":"https:\/\/www.oarcanjo.net\/site\/wp-json\/wp\/v2\/types\/post"}],"author":[{"embeddable":true,"href":"https:\/\/www.oarcanjo.net\/site\/wp-json\/wp\/v2\/users\/5"}],"replies":[{"embeddable":true,"href":"https:\/\/www.oarcanjo.net\/site\/wp-json\/wp\/v2\/comments?post=5098"}],"version-history":[{"count":0,"href":"https:\/\/www.oarcanjo.net\/site\/wp-json\/wp\/v2\/posts\/5098\/revisions"}],"wp:attachment":[{"href":"https:\/\/www.oarcanjo.net\/site\/wp-json\/wp\/v2\/media?parent=5098"}],"wp:term":[{"taxonomy":"category","embeddable":true,"href":"https:\/\/www.oarcanjo.net\/site\/wp-json\/wp\/v2\/categories?post=5098"},{"taxonomy":"post_tag","embeddable":true,"href":"https:\/\/www.oarcanjo.net\/site\/wp-json\/wp\/v2\/tags?post=5098"}],"curies":[{"name":"wp","href":"https:\/\/api.w.org\/{rel}","templated":true}]}}