
{"id":51103,"date":"2014-09-27T20:04:42","date_gmt":"2014-09-27T23:04:42","guid":{"rendered":"http:\/\/www.oarcanjo.net\/site\/?p=51103"},"modified":"2014-09-27T20:04:42","modified_gmt":"2014-09-27T23:04:42","slug":"sobre-padres-exorcistas","status":"publish","type":"post","link":"https:\/\/www.oarcanjo.net\/site\/sobre-padres-exorcistas\/","title":{"rendered":"Sobre Padres Exorcistas"},"content":{"rendered":"<p>Fernando Altemeyer Jr.<\/p>\n<p>Durante os vinte e oito anos do governo pastoral de Dom Paulo Evaristo Arns, hoje arcebispo em\u00e9rito, houve um s\u00f3 padre com mandato: Frei Gilberto da Silva Gorgulho, frade dominicano (recentemente falecido). Mas sempre houve padres que se diziam exorcistas. Eu mesmo conheci dois: Um no Belenzinho (padre Miguel) e outro no bairro do Tatuap\u00e9 (padre verbita alem\u00e3o). Ainda havia outros ao redor da cidade de S\u00e3o Paulo fazendo as coisas no paralelo. O curioso \u00e9 que estes e os atuais n\u00e3o seguem o ritual tal qual manda a igreja e muitas vezes n\u00e3o tem os requisitos para exercer tal fun\u00e7\u00e3o. \u00c9 mais para aparecer na televis\u00e3o do que para enfrentar o mal e ajudar terapeuticamente as pessoas.<\/p>\n<p>&#8220;De holofotes, s\u00f3 mesmo o capeta \u00e9 que gosta!\u201d<\/p>\n<p>Do ritual da Igreja Cat\u00f3lica est\u00e1 bem escrito na p\u00e1gina 6 que: &#8220;quem vai exercer o minist\u00e9rio de exorcista, n\u00e3o transforme a celebra\u00e7\u00e3o em espet\u00e1culo, pro\u00edbe a divulga\u00e7\u00e3o dos meios de comunica\u00e7\u00e3o e exorta a consultar peritos em ci\u00eancias m\u00e9dica e psiqui\u00e1trica que tenham senso das coisas espirituais&#8221;.<\/p>\n<p>E ainda no Ritual de Exorcismos, p\u00e1gina 17: &#8220;o minist\u00e9rio de exorcizar os atormentados \u00e9 concedido por peculiar e expressa licen\u00e7a do Ordin\u00e1rio local que, normalmente, ser\u00e1 o Bispo diocesano (CIC canon 1172). Essa licen\u00e7a s\u00f3 deve ser concedida a um sacerdote que se distinga pela piedade, ci\u00eancia, prud\u00eancia e integridade de vida e especificamente preparado para esta fun\u00e7\u00e3o.<\/p>\n<p>E na mesma p\u00e1gina 17: &#8220;.. o sacerdote tenha a necess\u00e1ria e m\u00e1xima circunspec\u00e7\u00e3o e prud\u00eancia.<\/p>\n<p>Este Ritual Romano renovado por decreto do Concilio Vaticano II foi promulgado por autoridade do papa Jo\u00e3o Paulo II &#8211; Ritual de Exorcismos e outras s\u00faplicas &#8211; tradu\u00e7\u00e3o portuguesa &#8211; S\u00e3o Paulo: Editora Paulus, 2a. edi\u00e7\u00e3o, 2008., promulgado por Cardeal Geraldo Majella Agnelo e apresenta\u00e7\u00e3o de Dom Manuel Jo\u00e3o Francisco, bispo de Chapec\u00f3 e presidente da Comiss\u00e3o Episcopal Pastoral para a Liturgia, da CNBB.<\/p>\n<p>O que foi mostrado no programa da TV Globo \u00e9 caracter\u00edstico de histeria coletiva! Uma patologia psiqui\u00e1trica convencional e de tratamento terap\u00eautico cientifico. Parecia ser mais sugest\u00e3o dos cl\u00e9rigos em suas igrejas ou templos, transformados em espet\u00e1culo. Em vez de ajudar criaram mais doentes e doen\u00e7as. N\u00e3o houve nenhum exorcismo. Foi s\u00f3 espet\u00e1culo. Nos dois casos mais longos permitiu-se inclusive imagens da televis\u00e3o o que \u00e9 terminantemente proibido.<\/p>\n<p>Resumindo: nenhum dos sacerdotes citados seguiu nenhuma norma do ritual que dizem conhecer e at\u00e9 ter feito curso em Roma.<\/p>\n<p>Os padres n\u00e3o pediram avalia\u00e7\u00f5es pr\u00e9vias de peritos. Um deles usou uma l\u00edngua estranha. Isto \u00e9 muito estranho. Que os bispos permitam isto \u00e9 mais estranho ainda. Seria bom que agora se pronunciassem depois que o caldo entornou. Lembro que n\u00e3o \u00e9 preciso fazer curso nenhum no Vaticano para este minist\u00e9rio. O que precisa \u00e9 bom senso e vida de f\u00e9 profunda.<\/p>\n<p>N\u00e3o me pareceu que os padres Lauro e Vanilson sejam doutores em Teologia. Ser\u00e1 que fizeram teologia? Quanto ao sacerdote do Rio de Janeiro chegou a divulgar o di\u00e1rio da mulher que se disse possu\u00edda, o que rigorosamente proibido. Rompeu com o sigilo. Isto \u00e9 impressionante! Tudo se transformou em um verdadeiro circo. Do jeito que o diabo gosta! O pat\u00e9tico ficou por conta de um borrifador de \u00e1gua benta para plantas: virou supersti\u00e7\u00e3o em torno dos chamados objetos necess\u00e1rios para o exorcismo. Tornou-se paganismo barato. Fizeram parecer necess\u00e1rio tudo o que o ritual pede que se evite. A mat\u00e9ria foi popular. J\u00e1 a catequese foi p\u00e9ssima e prestou um desservi\u00e7o \u00e0 evangeliza\u00e7\u00e3o e \u00e0 lucidez teol\u00f3gica. Voltamos ao menos cem anos atr\u00e1s. Um di\u00e1logo de surdos fazendo psic\u00f3logos e psiquiatras ficarem do outro lado quando o ritual \u00e9 expl\u00edcito em dizer que eles\/elas s\u00e3o os primeiros a serem consultados e n\u00e3o os \u00faltimos nem os concorrentes. Nada deve ser feito antes de m\u00e9dicos, psiquiatras e cientistas das \u00e1reas humanas se pronunciarem. Como o povo anda doente da mente nas metr\u00f3poles com tantas viol\u00eancias e press\u00e3o, certamente ir\u00e1 crescer a demanda e os padres que gostam de aparecer ter\u00e3o nisto um prato cheio. Deus nos proteja.<\/p>\n<p>N\u00e3o podemos cair no grave erro do satanismo, que v\u00ea a presen\u00e7a do Maligno em toda parte e submete as pessoas \u00e0 psicose do medo irracional. \u00c9 claro que sabemos e cremos que o Maligno existe e faz pessoas sofrer. Mas livra-las do Mal \u00e9 tarefa de todos e n\u00e3o de alguns e \u00e9 algo muito santo e profundo, n\u00e3o show.<\/p>\n<p>Agora todo mundo vai correr atr\u00e1s do kit anti-capeta em lugar de orar mais, buscar ser irm\u00e3o e ler a Palavra de Deus. Ca\u00edmos no paganismo vulgar.<\/p>\n<p>O Catecismo da Igreja Cat\u00f3lica nos ensina o que devemos proceder com prud\u00eancia e distinguir antes da celebra\u00e7\u00e3o de qualquer exorcismo, se ele \u00e9 de fato maligno ou uma doen\u00e7a.<\/p>\n<p>O que \u00e9 o mais importante na liturgia terap\u00eautica da Igreja \u00e9 que o rito do exorcismo &#8220;manifeste a f\u00e9 da Igreja e ningu\u00e9m possa consider\u00e1-lo uma a\u00e7\u00e3o m\u00e1gica ou supersticiosa&#8221;. \u00c9 exatamente o que n\u00e3o podia que foi mostrado e &#8220;vendido&#8221; para todos os que assistem ao Fant\u00e1stico. Foi um fant\u00e1stico show de supersti\u00e7\u00e3o e estrelismos. Prud\u00eancia dos padres foi zero. E a discri\u00e7\u00e3o pior que zero. Isso porque est\u00e1 escrito claramente na p\u00e1gina 19 da introdu\u00e7\u00e3o geral do Ritual: &#8220;Enquanto se faz o exorcismo, DE FORMA ALGUMA se d\u00ea espa\u00e7o a QUALQUER meio de comunica\u00e7\u00e3o social e at\u00e9, antes de fazer o exorcismo e depois de feito, o exorcista e os presentes N\u00c3O DIVULGUEM A NOTICIA, OBSERVANDO A NECESS\u00c1RIA DISCRI\u00c7\u00c3O.&#8221;<\/p>\n<p>E na pagina 21 do rito, n\u00famero 33: &#8220;Se for poss\u00edvel, o exorcismo seja feito num orat\u00f3rio ou em outro lugar adequado, SEPARADO DA MULTID\u00c3O, onde sobressaia a imagem do crucifixo. No local deve haver tamb\u00e9m uma imagem da Bem-aventurada Virgem Maria&#8221;.<\/p>\n<p>Pergunto eu, com todos os meus pecados e pelejando contra o mal: Por que nada foi dito sobre a ora\u00e7\u00e3o e o jejum dos tr\u00eas padres exorcistas? S\u00f3 muito jejum do sacerdote pode torna-lo capaz de enfrentar o mal. E todos que foram \u00e0s Igrejas fizeram jejum de quantas horas? E lhes foi pedido discri\u00e7\u00e3o e sil\u00eancio? Ou fazem propaganda para que haja sempre mais possessos e espet\u00e1culo?<\/p>\n<p>Aqui est\u00e1 o C\u00e2non 1172 \u2014 Ningu\u00e9m pode legitimamente exorcizar os possessos, a n\u00e3o ser com licen\u00e7a especial e expressa do Ordin\u00e1rio do lugar. \u00a7 2. Esta licen\u00e7a somente seja concedida pelo Ordin\u00e1rio do lugar a um presb\u00edtero dotado de piedade, ci\u00eancia, prud\u00eancia e integridade de vida\u201d.<\/p>\n<p>Resumindo: \u00c9 muito duro ser exorcista. Primeiro tem que ser santo. Falar mais do amor de Deus que da maldade do capeta. Isto raramente aparece na Rede Globo.<\/p>\n<div id=\"themify_builder_content-51103\" data-postid=\"51103\" class=\"themify_builder_content themify_builder_content-51103 themify_builder themify_builder_front\">\n\t<\/div>\n<!-- \/themify_builder_content -->","protected":false},"excerpt":{"rendered":"<p>Fernando Altemeyer Jr. Durante os vinte e oito anos do governo pastoral de Dom Paulo Evaristo Arns, hoje arcebispo em\u00e9rito, houve um s\u00f3 padre com mandato: Frei Gilberto da Silva Gorgulho, frade dominicano (recentemente falecido). Mas sempre houve padres que se diziam exorcistas. Eu mesmo conheci dois: Um no Belenzinho (padre Miguel) e outro no [&hellip;]<\/p>\n","protected":false},"author":5,"featured_media":0,"comment_status":"open","ping_status":"open","sticky":false,"template":"","format":"standard","meta":{"ngg_post_thumbnail":0,"footnotes":""},"categories":[9],"tags":[1849,3127,3126],"yoast_head":"<!-- This site is optimized with the Yoast SEO plugin v23.5 - https:\/\/yoast.com\/wordpress\/plugins\/seo\/ -->\n<title>Sobre Padres Exorcistas - O Arcanjo no ar<\/title>\n<meta name=\"robots\" content=\"index, follow, max-snippet:-1, max-image-preview:large, max-video-preview:-1\" \/>\n<link rel=\"canonical\" href=\"https:\/\/www.oarcanjo.net\/site\/sobre-padres-exorcistas\/\" \/>\n<meta property=\"og:locale\" content=\"pt_BR\" \/>\n<meta property=\"og:type\" content=\"article\" \/>\n<meta property=\"og:title\" content=\"Sobre Padres Exorcistas - O Arcanjo no ar\" \/>\n<meta property=\"og:description\" content=\"Fernando Altemeyer Jr. Durante os vinte e oito anos do governo pastoral de Dom Paulo Evaristo Arns, hoje arcebispo em\u00e9rito, houve um s\u00f3 padre com mandato: Frei Gilberto da Silva Gorgulho, frade dominicano (recentemente falecido). Mas sempre houve padres que se diziam exorcistas. Eu mesmo conheci dois: Um no Belenzinho (padre Miguel) e outro no [&hellip;]\" \/>\n<meta property=\"og:url\" content=\"https:\/\/www.oarcanjo.net\/site\/sobre-padres-exorcistas\/\" \/>\n<meta property=\"og:site_name\" content=\"O Arcanjo no ar\" \/>\n<meta property=\"article:publisher\" content=\"https:\/\/www.facebook.com\/OArcanjoNoAr\/\" \/>\n<meta property=\"article:published_time\" content=\"2014-09-27T23:04:42+00:00\" \/>\n<meta property=\"og:image\" content=\"https:\/\/www.oarcanjo.net\/site\/wp-content\/uploads\/logo-o-arcanjo-no-ar-facebook.png\" \/>\n\t<meta property=\"og:image:width\" content=\"300\" \/>\n\t<meta property=\"og:image:height\" content=\"300\" \/>\n\t<meta property=\"og:image:type\" content=\"image\/png\" \/>\n<meta name=\"author\" content=\"editor\" \/>\n<meta name=\"twitter:card\" content=\"summary_large_image\" \/>\n<meta name=\"twitter:label1\" content=\"Escrito por\" \/>\n\t<meta name=\"twitter:data1\" content=\"editor\" \/>\n\t<meta name=\"twitter:label2\" content=\"Est. tempo de leitura\" \/>\n\t<meta name=\"twitter:data2\" content=\"6 minutos\" \/>\n<script type=\"application\/ld+json\" class=\"yoast-schema-graph\">{\"@context\":\"https:\/\/schema.org\",\"@graph\":[{\"@type\":\"Article\",\"@id\":\"https:\/\/www.oarcanjo.net\/site\/sobre-padres-exorcistas\/#article\",\"isPartOf\":{\"@id\":\"https:\/\/www.oarcanjo.net\/site\/sobre-padres-exorcistas\/\"},\"author\":{\"name\":\"editor\",\"@id\":\"https:\/\/www.oarcanjo.net\/site\/#\/schema\/person\/f7024d007863202483a31326673a0838\"},\"headline\":\"Sobre Padres Exorcistas\",\"datePublished\":\"2014-09-27T23:04:42+00:00\",\"dateModified\":\"2014-09-27T23:04:42+00:00\",\"mainEntityOfPage\":{\"@id\":\"https:\/\/www.oarcanjo.net\/site\/sobre-padres-exorcistas\/\"},\"wordCount\":1194,\"commentCount\":1,\"publisher\":{\"@id\":\"https:\/\/www.oarcanjo.net\/site\/#organization\"},\"keywords\":[\"dem\u00f4nio\",\"diabo\",\"exorcismo\"],\"articleSection\":[\"Reflex\u00f5es\"],\"inLanguage\":\"pt-BR\",\"potentialAction\":[{\"@type\":\"CommentAction\",\"name\":\"Comment\",\"target\":[\"https:\/\/www.oarcanjo.net\/site\/sobre-padres-exorcistas\/#respond\"]}]},{\"@type\":\"WebPage\",\"@id\":\"https:\/\/www.oarcanjo.net\/site\/sobre-padres-exorcistas\/\",\"url\":\"https:\/\/www.oarcanjo.net\/site\/sobre-padres-exorcistas\/\",\"name\":\"Sobre Padres Exorcistas - O Arcanjo no ar\",\"isPartOf\":{\"@id\":\"https:\/\/www.oarcanjo.net\/site\/#website\"},\"datePublished\":\"2014-09-27T23:04:42+00:00\",\"dateModified\":\"2014-09-27T23:04:42+00:00\",\"breadcrumb\":{\"@id\":\"https:\/\/www.oarcanjo.net\/site\/sobre-padres-exorcistas\/#breadcrumb\"},\"inLanguage\":\"pt-BR\",\"potentialAction\":[{\"@type\":\"ReadAction\",\"target\":[\"https:\/\/www.oarcanjo.net\/site\/sobre-padres-exorcistas\/\"]}]},{\"@type\":\"BreadcrumbList\",\"@id\":\"https:\/\/www.oarcanjo.net\/site\/sobre-padres-exorcistas\/#breadcrumb\",\"itemListElement\":[{\"@type\":\"ListItem\",\"position\":1,\"name\":\"In\u00edcio\",\"item\":\"https:\/\/www.oarcanjo.net\/site\/\"},{\"@type\":\"ListItem\",\"position\":2,\"name\":\"Sobre Padres Exorcistas\"}]},{\"@type\":\"WebSite\",\"@id\":\"https:\/\/www.oarcanjo.net\/site\/#website\",\"url\":\"https:\/\/www.oarcanjo.net\/site\/\",\"name\":\"O Arcanjo no ar\",\"description\":\"Site da Par\u00f3quia S\u00e3o Miguel Arcanjo (Arquidiocese de SP)\",\"publisher\":{\"@id\":\"https:\/\/www.oarcanjo.net\/site\/#organization\"},\"potentialAction\":[{\"@type\":\"SearchAction\",\"target\":{\"@type\":\"EntryPoint\",\"urlTemplate\":\"https:\/\/www.oarcanjo.net\/site\/?s={search_term_string}\"},\"query-input\":{\"@type\":\"PropertyValueSpecification\",\"valueRequired\":true,\"valueName\":\"search_term_string\"}}],\"inLanguage\":\"pt-BR\"},{\"@type\":\"Organization\",\"@id\":\"https:\/\/www.oarcanjo.net\/site\/#organization\",\"name\":\"Par\u00f3quia S\u00e3o Miguel Arcanjo\",\"url\":\"https:\/\/www.oarcanjo.net\/site\/\",\"logo\":{\"@type\":\"ImageObject\",\"inLanguage\":\"pt-BR\",\"@id\":\"https:\/\/www.oarcanjo.net\/site\/#\/schema\/logo\/image\/\",\"url\":\"https:\/\/www.oarcanjo.net\/site\/wp-content\/uploads\/LogoOArcanjo.png\",\"contentUrl\":\"https:\/\/www.oarcanjo.net\/site\/wp-content\/uploads\/LogoOArcanjo.png\",\"width\":319,\"height\":99,\"caption\":\"Par\u00f3quia S\u00e3o Miguel Arcanjo\"},\"image\":{\"@id\":\"https:\/\/www.oarcanjo.net\/site\/#\/schema\/logo\/image\/\"},\"sameAs\":[\"https:\/\/www.facebook.com\/OArcanjoNoAr\/\"]},{\"@type\":\"Person\",\"@id\":\"https:\/\/www.oarcanjo.net\/site\/#\/schema\/person\/f7024d007863202483a31326673a0838\",\"name\":\"editor\",\"sameAs\":[\"http:\/\/www.oarcanjo.net\"]}]}<\/script>\n<!-- \/ Yoast SEO plugin. -->","yoast_head_json":{"title":"Sobre Padres Exorcistas - O Arcanjo no ar","robots":{"index":"index","follow":"follow","max-snippet":"max-snippet:-1","max-image-preview":"max-image-preview:large","max-video-preview":"max-video-preview:-1"},"canonical":"https:\/\/www.oarcanjo.net\/site\/sobre-padres-exorcistas\/","og_locale":"pt_BR","og_type":"article","og_title":"Sobre Padres Exorcistas - O Arcanjo no ar","og_description":"Fernando Altemeyer Jr. Durante os vinte e oito anos do governo pastoral de Dom Paulo Evaristo Arns, hoje arcebispo em\u00e9rito, houve um s\u00f3 padre com mandato: Frei Gilberto da Silva Gorgulho, frade dominicano (recentemente falecido). Mas sempre houve padres que se diziam exorcistas. Eu mesmo conheci dois: Um no Belenzinho (padre Miguel) e outro no [&hellip;]","og_url":"https:\/\/www.oarcanjo.net\/site\/sobre-padres-exorcistas\/","og_site_name":"O Arcanjo no ar","article_publisher":"https:\/\/www.facebook.com\/OArcanjoNoAr\/","article_published_time":"2014-09-27T23:04:42+00:00","og_image":[{"width":300,"height":300,"url":"https:\/\/www.oarcanjo.net\/site\/wp-content\/uploads\/logo-o-arcanjo-no-ar-facebook.png","type":"image\/png"}],"author":"editor","twitter_card":"summary_large_image","twitter_misc":{"Escrito por":"editor","Est. tempo de leitura":"6 minutos"},"schema":{"@context":"https:\/\/schema.org","@graph":[{"@type":"Article","@id":"https:\/\/www.oarcanjo.net\/site\/sobre-padres-exorcistas\/#article","isPartOf":{"@id":"https:\/\/www.oarcanjo.net\/site\/sobre-padres-exorcistas\/"},"author":{"name":"editor","@id":"https:\/\/www.oarcanjo.net\/site\/#\/schema\/person\/f7024d007863202483a31326673a0838"},"headline":"Sobre Padres Exorcistas","datePublished":"2014-09-27T23:04:42+00:00","dateModified":"2014-09-27T23:04:42+00:00","mainEntityOfPage":{"@id":"https:\/\/www.oarcanjo.net\/site\/sobre-padres-exorcistas\/"},"wordCount":1194,"commentCount":1,"publisher":{"@id":"https:\/\/www.oarcanjo.net\/site\/#organization"},"keywords":["dem\u00f4nio","diabo","exorcismo"],"articleSection":["Reflex\u00f5es"],"inLanguage":"pt-BR","potentialAction":[{"@type":"CommentAction","name":"Comment","target":["https:\/\/www.oarcanjo.net\/site\/sobre-padres-exorcistas\/#respond"]}]},{"@type":"WebPage","@id":"https:\/\/www.oarcanjo.net\/site\/sobre-padres-exorcistas\/","url":"https:\/\/www.oarcanjo.net\/site\/sobre-padres-exorcistas\/","name":"Sobre Padres Exorcistas - O Arcanjo no ar","isPartOf":{"@id":"https:\/\/www.oarcanjo.net\/site\/#website"},"datePublished":"2014-09-27T23:04:42+00:00","dateModified":"2014-09-27T23:04:42+00:00","breadcrumb":{"@id":"https:\/\/www.oarcanjo.net\/site\/sobre-padres-exorcistas\/#breadcrumb"},"inLanguage":"pt-BR","potentialAction":[{"@type":"ReadAction","target":["https:\/\/www.oarcanjo.net\/site\/sobre-padres-exorcistas\/"]}]},{"@type":"BreadcrumbList","@id":"https:\/\/www.oarcanjo.net\/site\/sobre-padres-exorcistas\/#breadcrumb","itemListElement":[{"@type":"ListItem","position":1,"name":"In\u00edcio","item":"https:\/\/www.oarcanjo.net\/site\/"},{"@type":"ListItem","position":2,"name":"Sobre Padres Exorcistas"}]},{"@type":"WebSite","@id":"https:\/\/www.oarcanjo.net\/site\/#website","url":"https:\/\/www.oarcanjo.net\/site\/","name":"O Arcanjo no ar","description":"Site da Par\u00f3quia S\u00e3o Miguel Arcanjo (Arquidiocese de SP)","publisher":{"@id":"https:\/\/www.oarcanjo.net\/site\/#organization"},"potentialAction":[{"@type":"SearchAction","target":{"@type":"EntryPoint","urlTemplate":"https:\/\/www.oarcanjo.net\/site\/?s={search_term_string}"},"query-input":{"@type":"PropertyValueSpecification","valueRequired":true,"valueName":"search_term_string"}}],"inLanguage":"pt-BR"},{"@type":"Organization","@id":"https:\/\/www.oarcanjo.net\/site\/#organization","name":"Par\u00f3quia S\u00e3o Miguel Arcanjo","url":"https:\/\/www.oarcanjo.net\/site\/","logo":{"@type":"ImageObject","inLanguage":"pt-BR","@id":"https:\/\/www.oarcanjo.net\/site\/#\/schema\/logo\/image\/","url":"https:\/\/www.oarcanjo.net\/site\/wp-content\/uploads\/LogoOArcanjo.png","contentUrl":"https:\/\/www.oarcanjo.net\/site\/wp-content\/uploads\/LogoOArcanjo.png","width":319,"height":99,"caption":"Par\u00f3quia S\u00e3o Miguel Arcanjo"},"image":{"@id":"https:\/\/www.oarcanjo.net\/site\/#\/schema\/logo\/image\/"},"sameAs":["https:\/\/www.facebook.com\/OArcanjoNoAr\/"]},{"@type":"Person","@id":"https:\/\/www.oarcanjo.net\/site\/#\/schema\/person\/f7024d007863202483a31326673a0838","name":"editor","sameAs":["http:\/\/www.oarcanjo.net"]}]}},"publishpress_future_action":{"enabled":false,"date":"2026-05-08 20:06:36","action":"category","newStatus":"draft","terms":[],"taxonomy":"category"},"publishpress_future_workflow_manual_trigger":{"enabledWorkflows":[]},"_links":{"self":[{"href":"https:\/\/www.oarcanjo.net\/site\/wp-json\/wp\/v2\/posts\/51103"}],"collection":[{"href":"https:\/\/www.oarcanjo.net\/site\/wp-json\/wp\/v2\/posts"}],"about":[{"href":"https:\/\/www.oarcanjo.net\/site\/wp-json\/wp\/v2\/types\/post"}],"author":[{"embeddable":true,"href":"https:\/\/www.oarcanjo.net\/site\/wp-json\/wp\/v2\/users\/5"}],"replies":[{"embeddable":true,"href":"https:\/\/www.oarcanjo.net\/site\/wp-json\/wp\/v2\/comments?post=51103"}],"version-history":[{"count":0,"href":"https:\/\/www.oarcanjo.net\/site\/wp-json\/wp\/v2\/posts\/51103\/revisions"}],"wp:attachment":[{"href":"https:\/\/www.oarcanjo.net\/site\/wp-json\/wp\/v2\/media?parent=51103"}],"wp:term":[{"taxonomy":"category","embeddable":true,"href":"https:\/\/www.oarcanjo.net\/site\/wp-json\/wp\/v2\/categories?post=51103"},{"taxonomy":"post_tag","embeddable":true,"href":"https:\/\/www.oarcanjo.net\/site\/wp-json\/wp\/v2\/tags?post=51103"}],"curies":[{"name":"wp","href":"https:\/\/api.w.org\/{rel}","templated":true}]}}