
{"id":51105,"date":"2014-09-28T00:26:15","date_gmt":"2014-09-28T03:26:15","guid":{"rendered":"http:\/\/www.oarcanjo.net\/site\/?p=51105"},"modified":"2014-09-28T00:26:15","modified_gmt":"2014-09-28T03:26:15","slug":"assembleia-do-setor-belem-2014","status":"publish","type":"post","link":"https:\/\/www.oarcanjo.net\/site\/assembleia-do-setor-belem-2014\/","title":{"rendered":"Assembleia do Setor Belem 2014"},"content":{"rendered":"<p style=\"text-align: justify;\">A Paroquia S\u00e3o Miguel teve participa\u00e7\u00e3o marcante na Assembleia\u00a0do Setor Bel\u00e9m 2014, que ocorreu nesta quinta-feira 25\/09\/14 na Paroquia S\u00e3o Rafael. Tamb\u00e9m estavam l\u00e1 representantes da Par\u00f3quia S\u00e3o Paulo Ap\u00f3stolo, Nossa Senhora de Lourdes,\u00a0Nossa Senhora do Bom Conselho, Santa Rita de C\u00e1ssia, S\u00e3o Jo\u00e3o Batista, S\u00e3o Jos\u00e9 e S\u00e3o Carlos Borromeu.<\/p>\n<p style=\"text-align: justify;\">Avalia\u00e7\u00f5es do passado e as perspectivas para o futuro, inclusive destacando o que foi bom no ano. Os grupos contando com\u00a0participantes das Par\u00f3quias trataram e responderam aos seguintes quesitos:<\/p>\n<p>Compreender a realidade da Par\u00f3quia e identificar quais as possibilidades e desafios que a urg\u00eancia para 2015 desperta.<\/p>\n<p>Indicar a realidade pastoral da Par\u00f3quia que melhor corresponde \u00e0 proposta das urg\u00eancias pastorais previstas para 2015.<\/p>\n<p>Indicar as prioridades para 2015.<\/p>\n<p>Vejam as fotos<\/p>\n<p><a href=\"http:\/\/www.oarcanjo.net\/site\/wp-content\/uploads\/DSC02323.jpg\"><img loading=\"lazy\" decoding=\"async\" class=\"alignright size-medium wp-image-51106\" src=\"http:\/\/www.oarcanjo.net\/site\/wp-content\/uploads\/DSC02323-300x162.jpg\" alt=\"DSC02323\" width=\"300\" height=\"162\" srcset=\"https:\/\/www.oarcanjo.net\/site\/wp-content\/uploads\/DSC02323-300x162.jpg 300w, https:\/\/www.oarcanjo.net\/site\/wp-content\/uploads\/DSC02323.jpg 645w\" sizes=\"(max-width: 300px) 100vw, 300px\" \/><\/a> <a href=\"http:\/\/www.oarcanjo.net\/site\/wp-content\/uploads\/DSC02326.jpg\"><img loading=\"lazy\" decoding=\"async\" class=\"alignright size-medium wp-image-51107\" src=\"http:\/\/www.oarcanjo.net\/site\/wp-content\/uploads\/DSC02326-300x168.jpg\" alt=\"DSC02326\" width=\"300\" height=\"168\" srcset=\"https:\/\/www.oarcanjo.net\/site\/wp-content\/uploads\/DSC02326-300x168.jpg 300w, https:\/\/www.oarcanjo.net\/site\/wp-content\/uploads\/DSC02326.jpg 645w\" sizes=\"(max-width: 300px) 100vw, 300px\" \/><\/a> <a href=\"http:\/\/www.oarcanjo.net\/site\/wp-content\/uploads\/DSC02327.jpg\"><img loading=\"lazy\" decoding=\"async\" class=\"alignright size-medium wp-image-51108\" src=\"http:\/\/www.oarcanjo.net\/site\/wp-content\/uploads\/DSC02327-300x175.jpg\" alt=\"DSC02327\" width=\"300\" height=\"175\" srcset=\"https:\/\/www.oarcanjo.net\/site\/wp-content\/uploads\/DSC02327-300x175.jpg 300w, https:\/\/www.oarcanjo.net\/site\/wp-content\/uploads\/DSC02327.jpg 645w\" sizes=\"(max-width: 300px) 100vw, 300px\" \/><\/a> <a href=\"http:\/\/www.oarcanjo.net\/site\/wp-content\/uploads\/DSC02329.jpg\"><img loading=\"lazy\" decoding=\"async\" class=\"alignright size-medium wp-image-51109\" src=\"http:\/\/www.oarcanjo.net\/site\/wp-content\/uploads\/DSC02329-300x188.jpg\" alt=\"DSC02329\" width=\"300\" height=\"188\" srcset=\"https:\/\/www.oarcanjo.net\/site\/wp-content\/uploads\/DSC02329-300x188.jpg 300w, https:\/\/www.oarcanjo.net\/site\/wp-content\/uploads\/DSC02329.jpg 645w\" sizes=\"(max-width: 300px) 100vw, 300px\" \/><\/a> <a href=\"http:\/\/www.oarcanjo.net\/site\/wp-content\/uploads\/DSC02331.jpg\"><img loading=\"lazy\" decoding=\"async\" class=\"alignright size-medium wp-image-51110\" src=\"http:\/\/www.oarcanjo.net\/site\/wp-content\/uploads\/DSC02331-300x172.jpg\" alt=\"DSC02331\" width=\"300\" height=\"172\" srcset=\"https:\/\/www.oarcanjo.net\/site\/wp-content\/uploads\/DSC02331-300x172.jpg 300w, https:\/\/www.oarcanjo.net\/site\/wp-content\/uploads\/DSC02331.jpg 645w\" sizes=\"(max-width: 300px) 100vw, 300px\" \/><\/a> <a href=\"http:\/\/www.oarcanjo.net\/site\/wp-content\/uploads\/DSC02332.jpg\"><img loading=\"lazy\" decoding=\"async\" class=\"alignright size-medium wp-image-51111\" src=\"http:\/\/www.oarcanjo.net\/site\/wp-content\/uploads\/DSC02332-300x157.jpg\" alt=\"DSC02332\" width=\"300\" height=\"157\" srcset=\"https:\/\/www.oarcanjo.net\/site\/wp-content\/uploads\/DSC02332-300x157.jpg 300w, https:\/\/www.oarcanjo.net\/site\/wp-content\/uploads\/DSC02332.jpg 645w\" sizes=\"(max-width: 300px) 100vw, 300px\" \/><\/a> <a href=\"http:\/\/www.oarcanjo.net\/site\/wp-content\/uploads\/DSC02334.jpg\"><img loading=\"lazy\" decoding=\"async\" class=\"alignright size-medium wp-image-51112\" src=\"http:\/\/www.oarcanjo.net\/site\/wp-content\/uploads\/DSC02334-300x168.jpg\" alt=\"DSC02334\" width=\"300\" height=\"168\" srcset=\"https:\/\/www.oarcanjo.net\/site\/wp-content\/uploads\/DSC02334-300x168.jpg 300w, https:\/\/www.oarcanjo.net\/site\/wp-content\/uploads\/DSC02334.jpg 645w\" sizes=\"(max-width: 300px) 100vw, 300px\" \/><\/a> <a href=\"http:\/\/www.oarcanjo.net\/site\/wp-content\/uploads\/DSC02337.jpg\"><img loading=\"lazy\" decoding=\"async\" class=\"alignright size-medium wp-image-51113\" src=\"http:\/\/www.oarcanjo.net\/site\/wp-content\/uploads\/DSC02337-300x168.jpg\" alt=\"DSC02337\" width=\"300\" height=\"168\" srcset=\"https:\/\/www.oarcanjo.net\/site\/wp-content\/uploads\/DSC02337-300x168.jpg 300w, https:\/\/www.oarcanjo.net\/site\/wp-content\/uploads\/DSC02337.jpg 645w\" sizes=\"(max-width: 300px) 100vw, 300px\" \/><\/a> <a href=\"http:\/\/www.oarcanjo.net\/site\/wp-content\/uploads\/DSC02340.jpg\"><img loading=\"lazy\" decoding=\"async\" class=\"alignright size-medium wp-image-51114\" src=\"http:\/\/www.oarcanjo.net\/site\/wp-content\/uploads\/DSC02340-300x180.jpg\" alt=\"DSC02340\" width=\"300\" height=\"180\" srcset=\"https:\/\/www.oarcanjo.net\/site\/wp-content\/uploads\/DSC02340-300x180.jpg 300w, https:\/\/www.oarcanjo.net\/site\/wp-content\/uploads\/DSC02340.jpg 645w\" sizes=\"(max-width: 300px) 100vw, 300px\" \/><\/a> <a href=\"http:\/\/www.oarcanjo.net\/site\/wp-content\/uploads\/DSC02342.jpg\"><img loading=\"lazy\" decoding=\"async\" class=\"alignright size-medium wp-image-51115\" src=\"http:\/\/www.oarcanjo.net\/site\/wp-content\/uploads\/DSC02342-300x164.jpg\" alt=\"DSC02342\" width=\"300\" height=\"164\" srcset=\"https:\/\/www.oarcanjo.net\/site\/wp-content\/uploads\/DSC02342-300x164.jpg 300w, https:\/\/www.oarcanjo.net\/site\/wp-content\/uploads\/DSC02342.jpg 645w\" sizes=\"(max-width: 300px) 100vw, 300px\" \/><\/a><\/p>\n<p style=\"text-align: justify;\">\n<div id=\"themify_builder_content-51105\" data-postid=\"51105\" class=\"themify_builder_content themify_builder_content-51105 themify_builder themify_builder_front\">\n\t<\/div>\n<!-- \/themify_builder_content -->","protected":false},"excerpt":{"rendered":"<p>A Paroquia S\u00e3o Miguel teve participa\u00e7\u00e3o marcante na Assembleia\u00a0do Setor Bel\u00e9m 2014, que ocorreu nesta quinta-feira 25\/09\/14 na Paroquia S\u00e3o Rafael. Tamb\u00e9m estavam l\u00e1 representantes da Par\u00f3quia S\u00e3o Paulo Ap\u00f3stolo, Nossa Senhora de Lourdes,\u00a0Nossa Senhora do Bom Conselho, Santa Rita de C\u00e1ssia, S\u00e3o Jo\u00e3o Batista, S\u00e3o Jos\u00e9 e S\u00e3o Carlos Borromeu. Avalia\u00e7\u00f5es do passado e [&hellip;]<\/p>\n","protected":false},"author":10,"featured_media":0,"comment_status":"open","ping_status":"open","sticky":false,"template":"","format":"standard","meta":{"ngg_post_thumbnail":0,"footnotes":""},"categories":[8],"tags":[],"yoast_head":"<!-- This site is optimized with the Yoast SEO plugin v23.5 - https:\/\/yoast.com\/wordpress\/plugins\/seo\/ -->\n<title>Assembleia do Setor Belem 2014 - O Arcanjo no ar<\/title>\n<meta name=\"robots\" content=\"index, follow, max-snippet:-1, max-image-preview:large, max-video-preview:-1\" \/>\n<link rel=\"canonical\" href=\"https:\/\/www.oarcanjo.net\/site\/assembleia-do-setor-belem-2014\/\" \/>\n<meta property=\"og:locale\" content=\"pt_BR\" \/>\n<meta property=\"og:type\" content=\"article\" \/>\n<meta property=\"og:title\" content=\"Assembleia do Setor Belem 2014 - O Arcanjo no ar\" \/>\n<meta property=\"og:description\" content=\"A Paroquia S\u00e3o Miguel teve participa\u00e7\u00e3o marcante na Assembleia\u00a0do Setor Bel\u00e9m 2014, que ocorreu nesta quinta-feira 25\/09\/14 na Paroquia S\u00e3o Rafael. Tamb\u00e9m estavam l\u00e1 representantes da Par\u00f3quia S\u00e3o Paulo Ap\u00f3stolo, Nossa Senhora de Lourdes,\u00a0Nossa Senhora do Bom Conselho, Santa Rita de C\u00e1ssia, S\u00e3o Jo\u00e3o Batista, S\u00e3o Jos\u00e9 e S\u00e3o Carlos Borromeu. Avalia\u00e7\u00f5es do passado e [&hellip;]\" \/>\n<meta property=\"og:url\" content=\"https:\/\/www.oarcanjo.net\/site\/assembleia-do-setor-belem-2014\/\" \/>\n<meta property=\"og:site_name\" content=\"O Arcanjo no ar\" \/>\n<meta property=\"article:publisher\" content=\"https:\/\/www.facebook.com\/OArcanjoNoAr\/\" \/>\n<meta property=\"article:published_time\" content=\"2014-09-28T03:26:15+00:00\" \/>\n<meta property=\"og:image\" content=\"http:\/\/www.oarcanjo.net\/site\/wp-content\/uploads\/DSC02323-300x162.jpg\" \/>\n<meta name=\"author\" content=\"carlos\" \/>\n<meta name=\"twitter:card\" content=\"summary_large_image\" \/>\n<meta name=\"twitter:label1\" content=\"Escrito por\" \/>\n\t<meta name=\"twitter:data1\" content=\"carlos\" \/>\n\t<meta name=\"twitter:label2\" content=\"Est. tempo de leitura\" \/>\n\t<meta name=\"twitter:data2\" content=\"1 minuto\" \/>\n<script type=\"application\/ld+json\" class=\"yoast-schema-graph\">{\"@context\":\"https:\/\/schema.org\",\"@graph\":[{\"@type\":\"Article\",\"@id\":\"https:\/\/www.oarcanjo.net\/site\/assembleia-do-setor-belem-2014\/#article\",\"isPartOf\":{\"@id\":\"https:\/\/www.oarcanjo.net\/site\/assembleia-do-setor-belem-2014\/\"},\"author\":{\"name\":\"carlos\",\"@id\":\"https:\/\/www.oarcanjo.net\/site\/#\/schema\/person\/f7870e710d8c8c30673de3a0ac2e451d\"},\"headline\":\"Assembleia do Setor Belem 2014\",\"datePublished\":\"2014-09-28T03:26:15+00:00\",\"dateModified\":\"2014-09-28T03:26:15+00:00\",\"mainEntityOfPage\":{\"@id\":\"https:\/\/www.oarcanjo.net\/site\/assembleia-do-setor-belem-2014\/\"},\"wordCount\":143,\"commentCount\":0,\"publisher\":{\"@id\":\"https:\/\/www.oarcanjo.net\/site\/#organization\"},\"image\":{\"@id\":\"https:\/\/www.oarcanjo.net\/site\/assembleia-do-setor-belem-2014\/#primaryimage\"},\"thumbnailUrl\":\"http:\/\/www.oarcanjo.net\/site\/wp-content\/uploads\/DSC02323-300x162.jpg\",\"articleSection\":[\"Not\u00edcias\"],\"inLanguage\":\"pt-BR\",\"potentialAction\":[{\"@type\":\"CommentAction\",\"name\":\"Comment\",\"target\":[\"https:\/\/www.oarcanjo.net\/site\/assembleia-do-setor-belem-2014\/#respond\"]}]},{\"@type\":\"WebPage\",\"@id\":\"https:\/\/www.oarcanjo.net\/site\/assembleia-do-setor-belem-2014\/\",\"url\":\"https:\/\/www.oarcanjo.net\/site\/assembleia-do-setor-belem-2014\/\",\"name\":\"Assembleia do Setor Belem 2014 - O Arcanjo no ar\",\"isPartOf\":{\"@id\":\"https:\/\/www.oarcanjo.net\/site\/#website\"},\"primaryImageOfPage\":{\"@id\":\"https:\/\/www.oarcanjo.net\/site\/assembleia-do-setor-belem-2014\/#primaryimage\"},\"image\":{\"@id\":\"https:\/\/www.oarcanjo.net\/site\/assembleia-do-setor-belem-2014\/#primaryimage\"},\"thumbnailUrl\":\"http:\/\/www.oarcanjo.net\/site\/wp-content\/uploads\/DSC02323-300x162.jpg\",\"datePublished\":\"2014-09-28T03:26:15+00:00\",\"dateModified\":\"2014-09-28T03:26:15+00:00\",\"breadcrumb\":{\"@id\":\"https:\/\/www.oarcanjo.net\/site\/assembleia-do-setor-belem-2014\/#breadcrumb\"},\"inLanguage\":\"pt-BR\",\"potentialAction\":[{\"@type\":\"ReadAction\",\"target\":[\"https:\/\/www.oarcanjo.net\/site\/assembleia-do-setor-belem-2014\/\"]}]},{\"@type\":\"ImageObject\",\"inLanguage\":\"pt-BR\",\"@id\":\"https:\/\/www.oarcanjo.net\/site\/assembleia-do-setor-belem-2014\/#primaryimage\",\"url\":\"https:\/\/www.oarcanjo.net\/site\/wp-content\/uploads\/DSC02323.jpg\",\"contentUrl\":\"https:\/\/www.oarcanjo.net\/site\/wp-content\/uploads\/DSC02323.jpg\",\"width\":645,\"height\":349},{\"@type\":\"BreadcrumbList\",\"@id\":\"https:\/\/www.oarcanjo.net\/site\/assembleia-do-setor-belem-2014\/#breadcrumb\",\"itemListElement\":[{\"@type\":\"ListItem\",\"position\":1,\"name\":\"In\u00edcio\",\"item\":\"https:\/\/www.oarcanjo.net\/site\/\"},{\"@type\":\"ListItem\",\"position\":2,\"name\":\"Assembleia do Setor Belem 2014\"}]},{\"@type\":\"WebSite\",\"@id\":\"https:\/\/www.oarcanjo.net\/site\/#website\",\"url\":\"https:\/\/www.oarcanjo.net\/site\/\",\"name\":\"O Arcanjo no ar\",\"description\":\"Site da Par\u00f3quia S\u00e3o Miguel Arcanjo (Arquidiocese de SP)\",\"publisher\":{\"@id\":\"https:\/\/www.oarcanjo.net\/site\/#organization\"},\"potentialAction\":[{\"@type\":\"SearchAction\",\"target\":{\"@type\":\"EntryPoint\",\"urlTemplate\":\"https:\/\/www.oarcanjo.net\/site\/?s={search_term_string}\"},\"query-input\":{\"@type\":\"PropertyValueSpecification\",\"valueRequired\":true,\"valueName\":\"search_term_string\"}}],\"inLanguage\":\"pt-BR\"},{\"@type\":\"Organization\",\"@id\":\"https:\/\/www.oarcanjo.net\/site\/#organization\",\"name\":\"Par\u00f3quia S\u00e3o Miguel Arcanjo\",\"url\":\"https:\/\/www.oarcanjo.net\/site\/\",\"logo\":{\"@type\":\"ImageObject\",\"inLanguage\":\"pt-BR\",\"@id\":\"https:\/\/www.oarcanjo.net\/site\/#\/schema\/logo\/image\/\",\"url\":\"https:\/\/www.oarcanjo.net\/site\/wp-content\/uploads\/LogoOArcanjo.png\",\"contentUrl\":\"https:\/\/www.oarcanjo.net\/site\/wp-content\/uploads\/LogoOArcanjo.png\",\"width\":319,\"height\":99,\"caption\":\"Par\u00f3quia S\u00e3o Miguel Arcanjo\"},\"image\":{\"@id\":\"https:\/\/www.oarcanjo.net\/site\/#\/schema\/logo\/image\/\"},\"sameAs\":[\"https:\/\/www.facebook.com\/OArcanjoNoAr\/\"]},{\"@type\":\"Person\",\"@id\":\"https:\/\/www.oarcanjo.net\/site\/#\/schema\/person\/f7870e710d8c8c30673de3a0ac2e451d\",\"name\":\"carlos\"}]}<\/script>\n<!-- \/ Yoast SEO plugin. -->","yoast_head_json":{"title":"Assembleia do Setor Belem 2014 - O Arcanjo no ar","robots":{"index":"index","follow":"follow","max-snippet":"max-snippet:-1","max-image-preview":"max-image-preview:large","max-video-preview":"max-video-preview:-1"},"canonical":"https:\/\/www.oarcanjo.net\/site\/assembleia-do-setor-belem-2014\/","og_locale":"pt_BR","og_type":"article","og_title":"Assembleia do Setor Belem 2014 - O Arcanjo no ar","og_description":"A Paroquia S\u00e3o Miguel teve participa\u00e7\u00e3o marcante na Assembleia\u00a0do Setor Bel\u00e9m 2014, que ocorreu nesta quinta-feira 25\/09\/14 na Paroquia S\u00e3o Rafael. Tamb\u00e9m estavam l\u00e1 representantes da Par\u00f3quia S\u00e3o Paulo Ap\u00f3stolo, Nossa Senhora de Lourdes,\u00a0Nossa Senhora do Bom Conselho, Santa Rita de C\u00e1ssia, S\u00e3o Jo\u00e3o Batista, S\u00e3o Jos\u00e9 e S\u00e3o Carlos Borromeu. Avalia\u00e7\u00f5es do passado e [&hellip;]","og_url":"https:\/\/www.oarcanjo.net\/site\/assembleia-do-setor-belem-2014\/","og_site_name":"O Arcanjo no ar","article_publisher":"https:\/\/www.facebook.com\/OArcanjoNoAr\/","article_published_time":"2014-09-28T03:26:15+00:00","og_image":[{"url":"http:\/\/www.oarcanjo.net\/site\/wp-content\/uploads\/DSC02323-300x162.jpg"}],"author":"carlos","twitter_card":"summary_large_image","twitter_misc":{"Escrito por":"carlos","Est. tempo de leitura":"1 minuto"},"schema":{"@context":"https:\/\/schema.org","@graph":[{"@type":"Article","@id":"https:\/\/www.oarcanjo.net\/site\/assembleia-do-setor-belem-2014\/#article","isPartOf":{"@id":"https:\/\/www.oarcanjo.net\/site\/assembleia-do-setor-belem-2014\/"},"author":{"name":"carlos","@id":"https:\/\/www.oarcanjo.net\/site\/#\/schema\/person\/f7870e710d8c8c30673de3a0ac2e451d"},"headline":"Assembleia do Setor Belem 2014","datePublished":"2014-09-28T03:26:15+00:00","dateModified":"2014-09-28T03:26:15+00:00","mainEntityOfPage":{"@id":"https:\/\/www.oarcanjo.net\/site\/assembleia-do-setor-belem-2014\/"},"wordCount":143,"commentCount":0,"publisher":{"@id":"https:\/\/www.oarcanjo.net\/site\/#organization"},"image":{"@id":"https:\/\/www.oarcanjo.net\/site\/assembleia-do-setor-belem-2014\/#primaryimage"},"thumbnailUrl":"http:\/\/www.oarcanjo.net\/site\/wp-content\/uploads\/DSC02323-300x162.jpg","articleSection":["Not\u00edcias"],"inLanguage":"pt-BR","potentialAction":[{"@type":"CommentAction","name":"Comment","target":["https:\/\/www.oarcanjo.net\/site\/assembleia-do-setor-belem-2014\/#respond"]}]},{"@type":"WebPage","@id":"https:\/\/www.oarcanjo.net\/site\/assembleia-do-setor-belem-2014\/","url":"https:\/\/www.oarcanjo.net\/site\/assembleia-do-setor-belem-2014\/","name":"Assembleia do Setor Belem 2014 - O Arcanjo no ar","isPartOf":{"@id":"https:\/\/www.oarcanjo.net\/site\/#website"},"primaryImageOfPage":{"@id":"https:\/\/www.oarcanjo.net\/site\/assembleia-do-setor-belem-2014\/#primaryimage"},"image":{"@id":"https:\/\/www.oarcanjo.net\/site\/assembleia-do-setor-belem-2014\/#primaryimage"},"thumbnailUrl":"http:\/\/www.oarcanjo.net\/site\/wp-content\/uploads\/DSC02323-300x162.jpg","datePublished":"2014-09-28T03:26:15+00:00","dateModified":"2014-09-28T03:26:15+00:00","breadcrumb":{"@id":"https:\/\/www.oarcanjo.net\/site\/assembleia-do-setor-belem-2014\/#breadcrumb"},"inLanguage":"pt-BR","potentialAction":[{"@type":"ReadAction","target":["https:\/\/www.oarcanjo.net\/site\/assembleia-do-setor-belem-2014\/"]}]},{"@type":"ImageObject","inLanguage":"pt-BR","@id":"https:\/\/www.oarcanjo.net\/site\/assembleia-do-setor-belem-2014\/#primaryimage","url":"https:\/\/www.oarcanjo.net\/site\/wp-content\/uploads\/DSC02323.jpg","contentUrl":"https:\/\/www.oarcanjo.net\/site\/wp-content\/uploads\/DSC02323.jpg","width":645,"height":349},{"@type":"BreadcrumbList","@id":"https:\/\/www.oarcanjo.net\/site\/assembleia-do-setor-belem-2014\/#breadcrumb","itemListElement":[{"@type":"ListItem","position":1,"name":"In\u00edcio","item":"https:\/\/www.oarcanjo.net\/site\/"},{"@type":"ListItem","position":2,"name":"Assembleia do Setor Belem 2014"}]},{"@type":"WebSite","@id":"https:\/\/www.oarcanjo.net\/site\/#website","url":"https:\/\/www.oarcanjo.net\/site\/","name":"O Arcanjo no ar","description":"Site da Par\u00f3quia S\u00e3o Miguel Arcanjo (Arquidiocese de SP)","publisher":{"@id":"https:\/\/www.oarcanjo.net\/site\/#organization"},"potentialAction":[{"@type":"SearchAction","target":{"@type":"EntryPoint","urlTemplate":"https:\/\/www.oarcanjo.net\/site\/?s={search_term_string}"},"query-input":{"@type":"PropertyValueSpecification","valueRequired":true,"valueName":"search_term_string"}}],"inLanguage":"pt-BR"},{"@type":"Organization","@id":"https:\/\/www.oarcanjo.net\/site\/#organization","name":"Par\u00f3quia S\u00e3o Miguel Arcanjo","url":"https:\/\/www.oarcanjo.net\/site\/","logo":{"@type":"ImageObject","inLanguage":"pt-BR","@id":"https:\/\/www.oarcanjo.net\/site\/#\/schema\/logo\/image\/","url":"https:\/\/www.oarcanjo.net\/site\/wp-content\/uploads\/LogoOArcanjo.png","contentUrl":"https:\/\/www.oarcanjo.net\/site\/wp-content\/uploads\/LogoOArcanjo.png","width":319,"height":99,"caption":"Par\u00f3quia S\u00e3o Miguel Arcanjo"},"image":{"@id":"https:\/\/www.oarcanjo.net\/site\/#\/schema\/logo\/image\/"},"sameAs":["https:\/\/www.facebook.com\/OArcanjoNoAr\/"]},{"@type":"Person","@id":"https:\/\/www.oarcanjo.net\/site\/#\/schema\/person\/f7870e710d8c8c30673de3a0ac2e451d","name":"carlos"}]}},"publishpress_future_action":{"enabled":false,"date":"2026-05-09 04:49:31","action":"category","newStatus":"draft","terms":[],"taxonomy":"category"},"publishpress_future_workflow_manual_trigger":{"enabledWorkflows":[]},"_links":{"self":[{"href":"https:\/\/www.oarcanjo.net\/site\/wp-json\/wp\/v2\/posts\/51105"}],"collection":[{"href":"https:\/\/www.oarcanjo.net\/site\/wp-json\/wp\/v2\/posts"}],"about":[{"href":"https:\/\/www.oarcanjo.net\/site\/wp-json\/wp\/v2\/types\/post"}],"author":[{"embeddable":true,"href":"https:\/\/www.oarcanjo.net\/site\/wp-json\/wp\/v2\/users\/10"}],"replies":[{"embeddable":true,"href":"https:\/\/www.oarcanjo.net\/site\/wp-json\/wp\/v2\/comments?post=51105"}],"version-history":[{"count":0,"href":"https:\/\/www.oarcanjo.net\/site\/wp-json\/wp\/v2\/posts\/51105\/revisions"}],"wp:attachment":[{"href":"https:\/\/www.oarcanjo.net\/site\/wp-json\/wp\/v2\/media?parent=51105"}],"wp:term":[{"taxonomy":"category","embeddable":true,"href":"https:\/\/www.oarcanjo.net\/site\/wp-json\/wp\/v2\/categories?post=51105"},{"taxonomy":"post_tag","embeddable":true,"href":"https:\/\/www.oarcanjo.net\/site\/wp-json\/wp\/v2\/tags?post=51105"}],"curies":[{"name":"wp","href":"https:\/\/api.w.org\/{rel}","templated":true}]}}