
{"id":5115,"date":"2009-09-16T00:24:23","date_gmt":"2009-09-16T03:24:23","guid":{"rendered":"http:\/\/www.oarcanjo.net\/site\/?p=5115"},"modified":"2009-09-16T14:44:48","modified_gmt":"2009-09-16T17:44:48","slug":"uma-arvorezinha-no-11-andar-de-um-predio","status":"publish","type":"post","link":"https:\/\/www.oarcanjo.net\/site\/uma-arvorezinha-no-11-andar-de-um-predio\/","title":{"rendered":"Uma arvorezinha no 11\u00ba andar de um pr\u00e9dio"},"content":{"rendered":"<p>A Pastoral Ecol\u00f3gica da Par\u00f3quia S\u00e3o Miguel Arcanjo deve perseverar, sobretudo porque a vida sempre arruma um caminho.<\/p>\n<p>Ao lado do Pr\u00e9dio Martinelli, no Centro, h\u00e1 um edif\u00edcio menor, onde uma arvorezinha geminou no seu topo, certamente por uma semente trazida por um passarinho. Est\u00e1 enraizada na lateral da parede, cresceu e agora sobrevive nessa \u201cselva de tijolos e concreto\u201d.<\/p>\n<p>A foto abaixo mostra o topo desse pr\u00e9dio com 11 andares, a arvorezinha mais a esquerda e ao fundo algumas pessoas\u00a0 na Rua L\u00edbero Badar\u00f3.<\/p>\n<p><img loading=\"lazy\" decoding=\"async\" title=\"Arvorezinha 11\u00ba andar\" src=\"http:\/\/www.oarcanjo.net\/site\/wp-content\/uploads\/arvorezinha-11-andar.jpg\" alt=\"Arvorezinha 11\u00ba andar\" width=\"450\" height=\"341\" \/><\/p>\n<p>\u00a0Esperamos que cada novo apartamento que venha a ser constru\u00eddo na Mooca tamb\u00e9m corresponda a uma nova \u00e1rvore, plantada na terra.<\/p>\n<p><em>Contribui\u00e7\u00e3o de Carlos Beatriz<\/em><\/p>\n<div id=\"themify_builder_content-5115\" data-postid=\"5115\" class=\"themify_builder_content themify_builder_content-5115 themify_builder themify_builder_front\">\n\t<\/div>\n<!-- \/themify_builder_content -->","protected":false},"excerpt":{"rendered":"<p>A Pastoral Ecol\u00f3gica da Par\u00f3quia S\u00e3o Miguel Arcanjo deve perseverar, sobretudo porque a vida sempre arruma um caminho. Ao lado do Pr\u00e9dio Martinelli, no Centro, h\u00e1 um edif\u00edcio menor, onde uma arvorezinha geminou no seu topo, certamente por uma semente trazida por um passarinho. Est\u00e1 enraizada na lateral da parede, cresceu e agora sobrevive nessa [&hellip;]<\/p>\n","protected":false},"author":5,"featured_media":0,"comment_status":"open","ping_status":"open","sticky":false,"template":"","format":"standard","meta":{"ngg_post_thumbnail":0,"footnotes":""},"categories":[395],"tags":[104,845],"yoast_head":"<!-- This site is optimized with the Yoast SEO plugin v23.5 - https:\/\/yoast.com\/wordpress\/plugins\/seo\/ -->\n<title>Uma arvorezinha no 11\u00ba andar de um pr\u00e9dio - O Arcanjo no ar<\/title>\n<meta name=\"robots\" content=\"index, follow, max-snippet:-1, max-image-preview:large, max-video-preview:-1\" \/>\n<link rel=\"canonical\" href=\"https:\/\/www.oarcanjo.net\/site\/uma-arvorezinha-no-11-andar-de-um-predio\/\" \/>\n<meta property=\"og:locale\" content=\"pt_BR\" \/>\n<meta property=\"og:type\" content=\"article\" \/>\n<meta property=\"og:title\" content=\"Uma arvorezinha no 11\u00ba andar de um pr\u00e9dio - O Arcanjo no ar\" \/>\n<meta property=\"og:description\" content=\"A Pastoral Ecol\u00f3gica da Par\u00f3quia S\u00e3o Miguel Arcanjo deve perseverar, sobretudo porque a vida sempre arruma um caminho. Ao lado do Pr\u00e9dio Martinelli, no Centro, h\u00e1 um edif\u00edcio menor, onde uma arvorezinha geminou no seu topo, certamente por uma semente trazida por um passarinho. Est\u00e1 enraizada na lateral da parede, cresceu e agora sobrevive nessa [&hellip;]\" \/>\n<meta property=\"og:url\" content=\"https:\/\/www.oarcanjo.net\/site\/uma-arvorezinha-no-11-andar-de-um-predio\/\" \/>\n<meta property=\"og:site_name\" content=\"O Arcanjo no ar\" \/>\n<meta property=\"article:publisher\" content=\"https:\/\/www.facebook.com\/OArcanjoNoAr\/\" \/>\n<meta property=\"article:published_time\" content=\"2009-09-16T03:24:23+00:00\" \/>\n<meta property=\"article:modified_time\" content=\"2009-09-16T17:44:48+00:00\" \/>\n<meta property=\"og:image\" content=\"http:\/\/www.oarcanjo.net\/site\/wp-content\/uploads\/arvorezinha-11-andar.jpg\" \/>\n<meta name=\"author\" content=\"editor\" \/>\n<meta name=\"twitter:card\" content=\"summary_large_image\" \/>\n<meta name=\"twitter:label1\" content=\"Escrito por\" \/>\n\t<meta name=\"twitter:data1\" content=\"editor\" \/>\n\t<meta name=\"twitter:label2\" content=\"Est. tempo de leitura\" \/>\n\t<meta name=\"twitter:data2\" content=\"1 minuto\" \/>\n<script type=\"application\/ld+json\" class=\"yoast-schema-graph\">{\"@context\":\"https:\/\/schema.org\",\"@graph\":[{\"@type\":\"Article\",\"@id\":\"https:\/\/www.oarcanjo.net\/site\/uma-arvorezinha-no-11-andar-de-um-predio\/#article\",\"isPartOf\":{\"@id\":\"https:\/\/www.oarcanjo.net\/site\/uma-arvorezinha-no-11-andar-de-um-predio\/\"},\"author\":{\"name\":\"editor\",\"@id\":\"https:\/\/www.oarcanjo.net\/site\/#\/schema\/person\/f7024d007863202483a31326673a0838\"},\"headline\":\"Uma arvorezinha no 11\u00ba andar de um pr\u00e9dio\",\"datePublished\":\"2009-09-16T03:24:23+00:00\",\"dateModified\":\"2009-09-16T17:44:48+00:00\",\"mainEntityOfPage\":{\"@id\":\"https:\/\/www.oarcanjo.net\/site\/uma-arvorezinha-no-11-andar-de-um-predio\/\"},\"wordCount\":127,\"commentCount\":0,\"publisher\":{\"@id\":\"https:\/\/www.oarcanjo.net\/site\/#organization\"},\"image\":{\"@id\":\"https:\/\/www.oarcanjo.net\/site\/uma-arvorezinha-no-11-andar-de-um-predio\/#primaryimage\"},\"thumbnailUrl\":\"http:\/\/www.oarcanjo.net\/site\/wp-content\/uploads\/arvorezinha-11-andar.jpg\",\"keywords\":[\"ecologia\",\"perseveran\u00e7a\"],\"articleSection\":[\"Jovens\"],\"inLanguage\":\"pt-BR\",\"potentialAction\":[{\"@type\":\"CommentAction\",\"name\":\"Comment\",\"target\":[\"https:\/\/www.oarcanjo.net\/site\/uma-arvorezinha-no-11-andar-de-um-predio\/#respond\"]}]},{\"@type\":\"WebPage\",\"@id\":\"https:\/\/www.oarcanjo.net\/site\/uma-arvorezinha-no-11-andar-de-um-predio\/\",\"url\":\"https:\/\/www.oarcanjo.net\/site\/uma-arvorezinha-no-11-andar-de-um-predio\/\",\"name\":\"Uma arvorezinha no 11\u00ba andar de um pr\u00e9dio - O Arcanjo no ar\",\"isPartOf\":{\"@id\":\"https:\/\/www.oarcanjo.net\/site\/#website\"},\"primaryImageOfPage\":{\"@id\":\"https:\/\/www.oarcanjo.net\/site\/uma-arvorezinha-no-11-andar-de-um-predio\/#primaryimage\"},\"image\":{\"@id\":\"https:\/\/www.oarcanjo.net\/site\/uma-arvorezinha-no-11-andar-de-um-predio\/#primaryimage\"},\"thumbnailUrl\":\"http:\/\/www.oarcanjo.net\/site\/wp-content\/uploads\/arvorezinha-11-andar.jpg\",\"datePublished\":\"2009-09-16T03:24:23+00:00\",\"dateModified\":\"2009-09-16T17:44:48+00:00\",\"breadcrumb\":{\"@id\":\"https:\/\/www.oarcanjo.net\/site\/uma-arvorezinha-no-11-andar-de-um-predio\/#breadcrumb\"},\"inLanguage\":\"pt-BR\",\"potentialAction\":[{\"@type\":\"ReadAction\",\"target\":[\"https:\/\/www.oarcanjo.net\/site\/uma-arvorezinha-no-11-andar-de-um-predio\/\"]}]},{\"@type\":\"ImageObject\",\"inLanguage\":\"pt-BR\",\"@id\":\"https:\/\/www.oarcanjo.net\/site\/uma-arvorezinha-no-11-andar-de-um-predio\/#primaryimage\",\"url\":\"https:\/\/www.oarcanjo.net\/site\/wp-content\/uploads\/arvorezinha-11-andar.jpg\",\"contentUrl\":\"https:\/\/www.oarcanjo.net\/site\/wp-content\/uploads\/arvorezinha-11-andar.jpg\",\"width\":\"450\",\"height\":\"341\"},{\"@type\":\"BreadcrumbList\",\"@id\":\"https:\/\/www.oarcanjo.net\/site\/uma-arvorezinha-no-11-andar-de-um-predio\/#breadcrumb\",\"itemListElement\":[{\"@type\":\"ListItem\",\"position\":1,\"name\":\"In\u00edcio\",\"item\":\"https:\/\/www.oarcanjo.net\/site\/\"},{\"@type\":\"ListItem\",\"position\":2,\"name\":\"Uma arvorezinha no 11\u00ba andar de um pr\u00e9dio\"}]},{\"@type\":\"WebSite\",\"@id\":\"https:\/\/www.oarcanjo.net\/site\/#website\",\"url\":\"https:\/\/www.oarcanjo.net\/site\/\",\"name\":\"O Arcanjo no ar\",\"description\":\"Site da Par\u00f3quia S\u00e3o Miguel Arcanjo (Arquidiocese de SP)\",\"publisher\":{\"@id\":\"https:\/\/www.oarcanjo.net\/site\/#organization\"},\"potentialAction\":[{\"@type\":\"SearchAction\",\"target\":{\"@type\":\"EntryPoint\",\"urlTemplate\":\"https:\/\/www.oarcanjo.net\/site\/?s={search_term_string}\"},\"query-input\":{\"@type\":\"PropertyValueSpecification\",\"valueRequired\":true,\"valueName\":\"search_term_string\"}}],\"inLanguage\":\"pt-BR\"},{\"@type\":\"Organization\",\"@id\":\"https:\/\/www.oarcanjo.net\/site\/#organization\",\"name\":\"Par\u00f3quia S\u00e3o Miguel Arcanjo\",\"url\":\"https:\/\/www.oarcanjo.net\/site\/\",\"logo\":{\"@type\":\"ImageObject\",\"inLanguage\":\"pt-BR\",\"@id\":\"https:\/\/www.oarcanjo.net\/site\/#\/schema\/logo\/image\/\",\"url\":\"https:\/\/www.oarcanjo.net\/site\/wp-content\/uploads\/LogoOArcanjo.png\",\"contentUrl\":\"https:\/\/www.oarcanjo.net\/site\/wp-content\/uploads\/LogoOArcanjo.png\",\"width\":319,\"height\":99,\"caption\":\"Par\u00f3quia S\u00e3o Miguel Arcanjo\"},\"image\":{\"@id\":\"https:\/\/www.oarcanjo.net\/site\/#\/schema\/logo\/image\/\"},\"sameAs\":[\"https:\/\/www.facebook.com\/OArcanjoNoAr\/\"]},{\"@type\":\"Person\",\"@id\":\"https:\/\/www.oarcanjo.net\/site\/#\/schema\/person\/f7024d007863202483a31326673a0838\",\"name\":\"editor\",\"sameAs\":[\"http:\/\/www.oarcanjo.net\"]}]}<\/script>\n<!-- \/ Yoast SEO plugin. -->","yoast_head_json":{"title":"Uma arvorezinha no 11\u00ba andar de um pr\u00e9dio - O Arcanjo no ar","robots":{"index":"index","follow":"follow","max-snippet":"max-snippet:-1","max-image-preview":"max-image-preview:large","max-video-preview":"max-video-preview:-1"},"canonical":"https:\/\/www.oarcanjo.net\/site\/uma-arvorezinha-no-11-andar-de-um-predio\/","og_locale":"pt_BR","og_type":"article","og_title":"Uma arvorezinha no 11\u00ba andar de um pr\u00e9dio - O Arcanjo no ar","og_description":"A Pastoral Ecol\u00f3gica da Par\u00f3quia S\u00e3o Miguel Arcanjo deve perseverar, sobretudo porque a vida sempre arruma um caminho. Ao lado do Pr\u00e9dio Martinelli, no Centro, h\u00e1 um edif\u00edcio menor, onde uma arvorezinha geminou no seu topo, certamente por uma semente trazida por um passarinho. Est\u00e1 enraizada na lateral da parede, cresceu e agora sobrevive nessa [&hellip;]","og_url":"https:\/\/www.oarcanjo.net\/site\/uma-arvorezinha-no-11-andar-de-um-predio\/","og_site_name":"O Arcanjo no ar","article_publisher":"https:\/\/www.facebook.com\/OArcanjoNoAr\/","article_published_time":"2009-09-16T03:24:23+00:00","article_modified_time":"2009-09-16T17:44:48+00:00","og_image":[{"url":"http:\/\/www.oarcanjo.net\/site\/wp-content\/uploads\/arvorezinha-11-andar.jpg"}],"author":"editor","twitter_card":"summary_large_image","twitter_misc":{"Escrito por":"editor","Est. tempo de leitura":"1 minuto"},"schema":{"@context":"https:\/\/schema.org","@graph":[{"@type":"Article","@id":"https:\/\/www.oarcanjo.net\/site\/uma-arvorezinha-no-11-andar-de-um-predio\/#article","isPartOf":{"@id":"https:\/\/www.oarcanjo.net\/site\/uma-arvorezinha-no-11-andar-de-um-predio\/"},"author":{"name":"editor","@id":"https:\/\/www.oarcanjo.net\/site\/#\/schema\/person\/f7024d007863202483a31326673a0838"},"headline":"Uma arvorezinha no 11\u00ba andar de um pr\u00e9dio","datePublished":"2009-09-16T03:24:23+00:00","dateModified":"2009-09-16T17:44:48+00:00","mainEntityOfPage":{"@id":"https:\/\/www.oarcanjo.net\/site\/uma-arvorezinha-no-11-andar-de-um-predio\/"},"wordCount":127,"commentCount":0,"publisher":{"@id":"https:\/\/www.oarcanjo.net\/site\/#organization"},"image":{"@id":"https:\/\/www.oarcanjo.net\/site\/uma-arvorezinha-no-11-andar-de-um-predio\/#primaryimage"},"thumbnailUrl":"http:\/\/www.oarcanjo.net\/site\/wp-content\/uploads\/arvorezinha-11-andar.jpg","keywords":["ecologia","perseveran\u00e7a"],"articleSection":["Jovens"],"inLanguage":"pt-BR","potentialAction":[{"@type":"CommentAction","name":"Comment","target":["https:\/\/www.oarcanjo.net\/site\/uma-arvorezinha-no-11-andar-de-um-predio\/#respond"]}]},{"@type":"WebPage","@id":"https:\/\/www.oarcanjo.net\/site\/uma-arvorezinha-no-11-andar-de-um-predio\/","url":"https:\/\/www.oarcanjo.net\/site\/uma-arvorezinha-no-11-andar-de-um-predio\/","name":"Uma arvorezinha no 11\u00ba andar de um pr\u00e9dio - O Arcanjo no ar","isPartOf":{"@id":"https:\/\/www.oarcanjo.net\/site\/#website"},"primaryImageOfPage":{"@id":"https:\/\/www.oarcanjo.net\/site\/uma-arvorezinha-no-11-andar-de-um-predio\/#primaryimage"},"image":{"@id":"https:\/\/www.oarcanjo.net\/site\/uma-arvorezinha-no-11-andar-de-um-predio\/#primaryimage"},"thumbnailUrl":"http:\/\/www.oarcanjo.net\/site\/wp-content\/uploads\/arvorezinha-11-andar.jpg","datePublished":"2009-09-16T03:24:23+00:00","dateModified":"2009-09-16T17:44:48+00:00","breadcrumb":{"@id":"https:\/\/www.oarcanjo.net\/site\/uma-arvorezinha-no-11-andar-de-um-predio\/#breadcrumb"},"inLanguage":"pt-BR","potentialAction":[{"@type":"ReadAction","target":["https:\/\/www.oarcanjo.net\/site\/uma-arvorezinha-no-11-andar-de-um-predio\/"]}]},{"@type":"ImageObject","inLanguage":"pt-BR","@id":"https:\/\/www.oarcanjo.net\/site\/uma-arvorezinha-no-11-andar-de-um-predio\/#primaryimage","url":"https:\/\/www.oarcanjo.net\/site\/wp-content\/uploads\/arvorezinha-11-andar.jpg","contentUrl":"https:\/\/www.oarcanjo.net\/site\/wp-content\/uploads\/arvorezinha-11-andar.jpg","width":"450","height":"341"},{"@type":"BreadcrumbList","@id":"https:\/\/www.oarcanjo.net\/site\/uma-arvorezinha-no-11-andar-de-um-predio\/#breadcrumb","itemListElement":[{"@type":"ListItem","position":1,"name":"In\u00edcio","item":"https:\/\/www.oarcanjo.net\/site\/"},{"@type":"ListItem","position":2,"name":"Uma arvorezinha no 11\u00ba andar de um pr\u00e9dio"}]},{"@type":"WebSite","@id":"https:\/\/www.oarcanjo.net\/site\/#website","url":"https:\/\/www.oarcanjo.net\/site\/","name":"O Arcanjo no ar","description":"Site da Par\u00f3quia S\u00e3o Miguel Arcanjo (Arquidiocese de SP)","publisher":{"@id":"https:\/\/www.oarcanjo.net\/site\/#organization"},"potentialAction":[{"@type":"SearchAction","target":{"@type":"EntryPoint","urlTemplate":"https:\/\/www.oarcanjo.net\/site\/?s={search_term_string}"},"query-input":{"@type":"PropertyValueSpecification","valueRequired":true,"valueName":"search_term_string"}}],"inLanguage":"pt-BR"},{"@type":"Organization","@id":"https:\/\/www.oarcanjo.net\/site\/#organization","name":"Par\u00f3quia S\u00e3o Miguel Arcanjo","url":"https:\/\/www.oarcanjo.net\/site\/","logo":{"@type":"ImageObject","inLanguage":"pt-BR","@id":"https:\/\/www.oarcanjo.net\/site\/#\/schema\/logo\/image\/","url":"https:\/\/www.oarcanjo.net\/site\/wp-content\/uploads\/LogoOArcanjo.png","contentUrl":"https:\/\/www.oarcanjo.net\/site\/wp-content\/uploads\/LogoOArcanjo.png","width":319,"height":99,"caption":"Par\u00f3quia S\u00e3o Miguel Arcanjo"},"image":{"@id":"https:\/\/www.oarcanjo.net\/site\/#\/schema\/logo\/image\/"},"sameAs":["https:\/\/www.facebook.com\/OArcanjoNoAr\/"]},{"@type":"Person","@id":"https:\/\/www.oarcanjo.net\/site\/#\/schema\/person\/f7024d007863202483a31326673a0838","name":"editor","sameAs":["http:\/\/www.oarcanjo.net"]}]}},"publishpress_future_action":{"enabled":false,"date":"2026-05-09 07:56:13","action":"category","newStatus":"draft","terms":[],"taxonomy":"category"},"publishpress_future_workflow_manual_trigger":{"enabledWorkflows":[]},"_links":{"self":[{"href":"https:\/\/www.oarcanjo.net\/site\/wp-json\/wp\/v2\/posts\/5115"}],"collection":[{"href":"https:\/\/www.oarcanjo.net\/site\/wp-json\/wp\/v2\/posts"}],"about":[{"href":"https:\/\/www.oarcanjo.net\/site\/wp-json\/wp\/v2\/types\/post"}],"author":[{"embeddable":true,"href":"https:\/\/www.oarcanjo.net\/site\/wp-json\/wp\/v2\/users\/5"}],"replies":[{"embeddable":true,"href":"https:\/\/www.oarcanjo.net\/site\/wp-json\/wp\/v2\/comments?post=5115"}],"version-history":[{"count":0,"href":"https:\/\/www.oarcanjo.net\/site\/wp-json\/wp\/v2\/posts\/5115\/revisions"}],"wp:attachment":[{"href":"https:\/\/www.oarcanjo.net\/site\/wp-json\/wp\/v2\/media?parent=5115"}],"wp:term":[{"taxonomy":"category","embeddable":true,"href":"https:\/\/www.oarcanjo.net\/site\/wp-json\/wp\/v2\/categories?post=5115"},{"taxonomy":"post_tag","embeddable":true,"href":"https:\/\/www.oarcanjo.net\/site\/wp-json\/wp\/v2\/tags?post=5115"}],"curies":[{"name":"wp","href":"https:\/\/api.w.org\/{rel}","templated":true}]}}