
{"id":5129,"date":"2009-09-17T08:19:53","date_gmt":"2009-09-17T11:19:53","guid":{"rendered":"http:\/\/www.oarcanjo.net\/site\/?p=5129"},"modified":"2009-09-21T09:42:49","modified_gmt":"2009-09-21T12:42:49","slug":"5129","status":"publish","type":"post","link":"https:\/\/www.oarcanjo.net\/site\/5129\/","title":{"rendered":"S\u00e3o Jos\u00e9 de Cupertino. Esplendor da Igreja!!!!"},"content":{"rendered":"<p>DIA 18 DE SETEMBRO \u00c9 DIA DE S\u00c3O JOS\u00c9 DE CUPERTINO, O SANTO QUE \u201cVOAVA\u201d UM HOMEM MUITO SOFRIDO E HUMILHADO, MAS UM SANTO MUITO QUERIDO\u2026 O SANTO DOS ESTUDANTES E DE TODOS N\u00d3S\u2026<\/p>\n<p><em>Texto enviado por Danilo Santana<\/em><\/p>\n<p><strong>Assim narra um autor a inf\u00e2ncia desse santo:<\/strong><\/p>\n<p><em>\u201cA natureza foi com ele uma madrasta: n\u00e3o lhe deu nem riqueza, nem sa\u00fade, nem talento, nem ouro, nem prest\u00edgio, nem nobreza\u2026 N\u00e3o teve sequer um ber\u00e7o no momento de vir ao mundo. Seus companheiros o desprezavam e todo o mundo se ria dele. Susteve-se largo tempo entre a vida e a morte, at\u00e9 que um ermit\u00e3o o esfregou com azeite e o curou. No entanto, continuou a ser olhado como o homem mais desgra\u00e7ado do mundo, por essa confus\u00e3o estranha de nossa linguagem, pois se em algo superabundava aquele menino, era precisamente na gra\u00e7a que o ia tirar da obscuridade e desprezo, para aureolar sua fronte com as luzes [at\u00e9 ali] inveross\u00edmeis da gl\u00f3ria\u201d<\/em> (1).<\/p>\n<p>\u00a0<strong>O in\u00fatil &#8220;boca-aberta&#8221;<\/strong><\/p>\n<p>Cupertino era uma pequena cidade no Reino de N\u00e1poles, na It\u00e1lia, entre Brindisi e Otranto, cerca do Golfo de Tarento. Nela vivia um piedoso carpinteiro, t\u00e3o pouco capaz que seu nome n\u00e3o foi retido pelos bi\u00f3grafos do filho. No momento em que sua esposa estava para dar \u00e0 luz, o casal teve que fugir dos agentes da Justi\u00e7a que procuravam o carpinteiro por d\u00edvidas n\u00e3o pagas. Foi assim que Jos\u00e9 teve a dita de, \u00e0 semelhan\u00e7a do Deus Menino, nascer no est\u00e1bulo que lhes serviu de ref\u00fagio, em 17 de junho de 1603.<\/p>\n<p>Crescendo, viu-se que o menino, sempre distra\u00eddo, era incapaz de manter um di\u00e1logo, de segurar algo sem deixar cair; enfim, na aula ficava pensando em outra coisa, numa atitude que mereceu-lhe o apelido de &#8220;boca-aberta&#8221;. Ningu\u00e9m podia acreditar que, por detr\u00e1s daquele exterior rid\u00edculo e quase idiota, escondiam-se pepitas de ouro que s\u00f3 t\u00eam valor no Reino celeste.<\/p>\n<p><strong>Fun\u00e7\u00e3o: zelador da mula conventual<\/strong><\/p>\n<p>Mal sabendo ler e, pior, escrever, aos 17 anos Jos\u00e9 pediu admiss\u00e3o no convento dos Franciscanos Conventuais, onde tinha dois tios. Mas foi recusado por sua apar\u00eancia t\u00e3o desfavor\u00e1vel. Os Capuchinhos aceitaram-no para experi\u00eancia, passando ele por todas as fun\u00e7\u00f5es. Mas Jos\u00e9 mostrava-se t\u00e3o estabanado, que quebrava tudo o que lhe davam. Quando ia p\u00f4r a mesa, bastava olhar para o Crucifixo, soltava um grito, largava os pratos \u2013 que se espatifavam no ch\u00e3o \u2013 enquanto ele entrava em \u00eaxtase. Com o pensamento \u201cnas nuvens\u201d, servia o p\u00e3o preto em vez do branco, porque \u201cn\u00e3o sabia distingui-los\u201d. Foi mandado embora descal\u00e7o e s\u00f3 com a roupa do corpo.<\/p>\n<p>Mal tinha sa\u00eddo do convento, c\u00e3es o atacaram, deixando seu h\u00e1bito em tiras. Andando pelos campos, pastores tomaram-no por um ladr\u00e3o, e ca\u00edram sobre ele a pauladas. Na estrada, foi perseguido por um cavaleiro que o julgava um espia.<\/p>\n<p>Chegando em lastim\u00e1vel estado a Cupertino, nenhum parente quis receb\u00ea-lo, considerando-o vagabundo; a pr\u00f3pria m\u00e3e (o pai tinha falecido) lan\u00e7ou-lhe em face: <em>\u201cSe te mandaram embora de uma casa santa, algo fizeste. Agora s\u00f3 te resta o c\u00e1rcere, o desterro, ou morrer de fome\u201d.<\/em><\/p>\n<p>Mas finalmente a genitora intercedeu por ele junto aos Conventuais, convencendo seus irm\u00e3os a receberem o sobrinho pelo menos para cuidar da mula do convento, revestido do h\u00e1bito da Ordem Terceira de S\u00e3o Francisco.<\/p>\n<p><strong>Ordena\u00e7\u00e3o sacerdotal, ap\u00f3s sucessivos fatos miraculosos<\/strong><\/p>\n<p>Aos poucos, entretanto, os religiosos foram observando aquele silencioso jovem, e descobrindo brasas que fumegavam sob a \u00e1spera cinza. Sempre alegre, sorridente e aceitando as humilha\u00e7\u00f5es com desapego ang\u00e9lico, sua linguagem revelava tocante simplicidade de cora\u00e7\u00e3o e pureza de alma. Obedecia incontinenti, e levava uma vida de mortifica\u00e7\u00e3o extraordin\u00e1ria. Viram que Jos\u00e9 tinha verdadeira piedade e voca\u00e7\u00e3o sacerdotal. Foi admitido aos estudos como postulante.<\/p>\n<p>O estudo foi-lhe uma cruz bem pesada, pois sua mem\u00f3ria era fraca e, sempre absorvido nas coisas divinas, n\u00e3o conseguia reter no dia seguinte uma palavra aprendida no anterior.<\/p>\n<p>A Provid\u00eancia queria dele amor, e n\u00e3o erudi\u00e7\u00e3o. O Bispo de Nardo, que apreciava sua virtude, foi lhe conferindo, sem dificuldade, as ordens menores e o subdiaconato.<\/p>\n<p>Mas n\u00e3o tinha jeito! \u2014 para o diaconato era necess\u00e1rio exame. Acontece que Jos\u00e9, por causa de sua devo\u00e7\u00e3o \u00e0 M\u00e3e de Deus, s\u00f3 conseguira reter na mem\u00f3ria uma passagem do Evangelho: a que diz \u201cbendito o seio que te portou\u201d, na qual meditava constantemente.<\/p>\n<p>E foi exatamente a que lhe tocou comentar! E ele o fez t\u00e3o magnificamente, como o faria o melhor dos te\u00f3logos!<\/p>\n<p>Para a ordena\u00e7\u00e3o, outra interven\u00e7\u00e3o miraculosa: o examinador, vendo que os 10 primeiros candidatos sa\u00edram-se magnificamente bem, julgou in\u00fatil examinar os demais!<\/p>\n<p><strong>Lutas e vis\u00f5es<\/strong><\/p>\n<p><img loading=\"lazy\" decoding=\"async\" title=\"S\u00e3o Jos\u00e9 de Cupertino\" src=\"http:\/\/www.oarcanjo.net\/site\/wp-content\/uploads\/im-sao-jose-cupertino-031.jpg\" alt=\"S\u00e3o Jos\u00e9 de Cupertino\" width=\"238\" height=\"350\" align=\"left\" \/>A partir de sua ordena\u00e7\u00e3o sacerdotal, Jos\u00e9 passou a <em>\u201cconsiderar-se como exilado do para\u00edso, e como condenado a habitar uma terra de inimigos. Por isso ele se prop\u00f4s a combater, e, pela luta, chegar ao C\u00e9u\u201d<\/em> (2).<\/p>\n<p>Para isso jejuava e flagelava-se, passando v\u00e1rios dias sem alimento, s\u00f3 com a Sagrada Eucaristia.<\/p>\n<p>O dem\u00f4nio agredia-o ora fisicamente, ora insinuava-lhe pensamentos de avareza ou de apego a algum objeto, tentando vencer sua virtude. O combate era t\u00e3o acirrado que mais tarde o Santo comentou: <em>\u201cN\u00e3o suspeitava que a trama das redes do diabo fossem t\u00e3o sutis. Agora compreendo perfeitamente que o m\u00e9rito da pobreza n\u00e3o est\u00e1 precisamente em n\u00e3o possuir nada, sen\u00e3o em n\u00e3o ter afeto \u00e0s coisas da Terra\u201d<\/em> (3). Jos\u00e9 gozava entretanto da companhia dos anjos, vendo-os muitas vezes pessoalmente e com eles conversando como de amigo a amigo. Sua devo\u00e7\u00e3o ao mist\u00e9rio da natividade de Nosso Senhor era profunda. Muitas vezes o Menino Jesus aparecia-lhe. Ele, tomando-O nos bra\u00e7os, acariciava-O e dizia as palavras mais ternas que podia conceber.<\/p>\n<p>Come\u00e7ou para S\u00e3o Jos\u00e9 de Cupertino, depois de dois anos de terr\u00edveis prova\u00e7\u00f5es, a s\u00e9rie de \u00eaxtases t\u00e3o extraordin\u00e1rios, como dificilmente se ouvira narrar antes e depois dele na Hagiografia. Bastava ouvir o nome de Jesus ou de Maria, que ele dava um grito e, literalmente, voava rumo ao objeto amado. Se estava na igreja, voava para junto do altar da Virgem ou do Sant\u00edssimo. Se no jardim, para o cimo de uma \u00e1rvore, permanecendo ajoelhado na ponta de um de seus galhos como se fosse o mais leve passarinho.<\/p>\n<p>Em Roma, quando ele se viu diante do Vig\u00e1rio de Cristo na Terra, entrou em \u00eaxtase, ficando suspenso no ar durante a audi\u00eancia, at\u00e9 que o Superior lhe ordenasse em nome da obedi\u00eancia que voltasse a si.<\/p>\n<p><strong>Ovelhas acompanham a Ladainha\u2026<\/strong><\/p>\n<p>Verdadeiramente imbu\u00eddo do esp\u00edrito de S\u00e3o Francisco, ocorreram com ele in\u00fameros fatos dignos de constarem nos Fioretti do Poverello de Assis. Certa vez, por exemplo, n\u00e3o estando os agricultores numa capela rural para a Ladainha, por causa da colheita, viu ao longe rebanhos que pastavam. Dirigindo-se aos animais, o Santo exclamou: <em>\u201cOvelhinhas de Deus, vinde aqui honrar a M\u00e3e de meu Deus, que \u00e9 tamb\u00e9m a vossa\u201d<\/em>. Deixando atr\u00e1s pasto, filhotes, tudo, elas acorreram em tumulto ao apelo de Jos\u00e9, sendo que naturalmente n\u00e3o podiam t\u00ea-lo ouvido devido \u00e0 dist\u00e2ncia. Entrando na capela, todas ca\u00edram de joelhos e, com um longo balido, respondiam \u00e0s invoca\u00e7\u00f5es da Ladainha dirigida pelo Santo.<\/p>\n<p>Outra vez, tendo uma peste dizimado os rebanhos, dirigiu-se, a pedido dos camponeses, de ovelha em ovelha morta, ordenando-lhes que se levantassem em nome de Jesus. E todas voltaram \u00e0 vida.<\/p>\n<p>\u00c0s freiras clarissas de sua cidade, mandou que um passarinho lhes cantasse durante o Of\u00edcio para incit\u00e1-las a faz\u00ea-lo bem.<\/p>\n<p><strong>Conselheiro dos grandes deste mundo<\/strong><\/p>\n<p>O Duque de Brunswick e de Hanover, o protestante Jo\u00e3o Frederico, ent\u00e3o com 25 anos, curioso, obteve do superior de Assis o favor de assistir a uma Missa do \u201csanto que voava\u201d. Jos\u00e9 n\u00e3o foi avisado de nada. Na hora de partir a H\u00f3stia, estranhamente n\u00e3o conseguia faz\u00ea-lo, pois esta oferecia resist\u00eancia. Aflito, os olhos em l\u00e1grimas, o Santo levitou alguns palmos acima do solo, e nessa posi\u00e7\u00e3o retrocedeu alguns passos, dirigindo a Deus fervorosa prece. P\u00f4de depois partir a H\u00f3stia com a costumeira facilidade.<\/p>\n<p>O Duque quis saber o motivo do sucedido. Jos\u00e9 respondeu ao Superior:<em> \u201cV\u00f3s trouxestes gente que tem o cora\u00e7\u00e3o muito duro e que se obstina em n\u00e3o crer no que ensina a Santa Madre Igreja. Esta \u00e9 a causa pela qual o Cordeiro sem mancha endureceu-Se em minhas m\u00e3os, de modo que n\u00e3o conseguia dividi-Lo\u201d.<\/em><\/p>\n<p>Obtendo licen\u00e7a para manter conversas e receber conselhos do Santo, o Duque foi testemunha de novo milagre. Durante outra Missa do Santo, viu na H\u00f3stia sagrada, durante a Eleva\u00e7\u00e3o, uma cruz negra. Frei Jos\u00e9 soltou um grito, e permaneceu suspenso no ar enquanto dizia olhando a cruz: <em>\u201cSenhor, esta \u00e9 vossa; n\u00e3o quero sen\u00e3o a vossa gl\u00f3ria. Tocai e abrandai, Senhor, esse cora\u00e7\u00e3o. Fazei com que seja aceito por vossa Divina Majestade\u201d.<\/em> Sua ora\u00e7\u00e3o foi aceita, pois o Duque de Brunswick converteu-se (4).<\/p>\n<p>Frei Jos\u00e9 chegou a um tal grau de discernimento dos esp\u00edritos, que parecia ler os cora\u00e7\u00f5es. Ele via as pessoas freq\u00fcentemente sob a forma do animal que representava o estado de sua alma. Ele sentia tamb\u00e9m os odores do pecado ou da virtude, de maneira que, chegando-se a um pecador, dizia: <em>\u201cCheiras mal. Vai te confessar\u201d.<\/em><\/p>\n<p><strong>Santidade atrai multid\u00f5es apesar dos obst\u00e1culos<\/strong><\/p>\n<p>Numa \u00e9poca em que a heresia de Lutero tentava fortemente penetrar nos pa\u00edses cat\u00f3licos, o Sagrado Tribunal da Inquisi\u00e7\u00e3o vigiava sobre qualquer anormalidade. Vendo as grandes multid\u00f5es que atra\u00eda Frei Jos\u00e9 de Cupertino, julgou prudente, de acordo com o Papa, retir\u00e1-lo para um convento menos conhecido, onde ele deveria viver praticamente recluso. Foi-lhe proibido falar com qualquer pessoa al\u00e9m dos religiosos do convento, e mesmo de escrever cartas a quem quer que fosse.<\/p>\n<p>Foi in\u00fatil. Embora o convento fosse constru\u00eddo na parte mais escarpada de uma montanha, isso n\u00e3o impediu que uma multid\u00e3o crescente para l\u00e1 se dirigisse \u201cpara ver o santo\u201d, de tal modo que nas cercanias come\u00e7aram a surgir hospedagens e com\u00e9rcio para atender os peregrinos. Frei Jos\u00e9 foi ent\u00e3o transferido para outro convento, e assim sucessivamente, at\u00e9 chegar ao de \u00d3simo, onde predisse que terminaria seus dias, o que ocorreu poucos anos depois, a 18 de setembro de 1663. A multid\u00e3o que passou a acorrer a seu t\u00famulo indicava sua fama de santidade.<\/p>\n<div id=\"attachment_5137\" style=\"width: 360px\" class=\"wp-caption alignnone\"><img loading=\"lazy\" decoding=\"async\" aria-describedby=\"caption-attachment-5137\" class=\"size-full wp-image-5137\" title=\"S\u00e3o Miguel Arcanjo feito por S\u00e3o Jos\u00e9 de Cupertino\" src=\"http:\/\/www.oarcanjo.net\/site\/wp-content\/uploads\/ft-sao-jose-cupertino-01.jpg\" alt=\"S\u00e3o Miguel Arcanjo feito por S\u00e3o Jos\u00e9 de Cupertino\" width=\"350\" height=\"459\" srcset=\"https:\/\/www.oarcanjo.net\/site\/wp-content\/uploads\/ft-sao-jose-cupertino-01.jpg 350w, https:\/\/www.oarcanjo.net\/site\/wp-content\/uploads\/ft-sao-jose-cupertino-01-228x300.jpg 228w\" sizes=\"(max-width: 350px) 100vw, 350px\" \/><p id=\"caption-attachment-5137\" class=\"wp-caption-text\">S\u00e3o Miguel Arcanjo feito por S\u00e3o Jos\u00e9 de Cupertino<\/p><\/div>\n<div id=\"attachment_5140\" style=\"width: 360px\" class=\"wp-caption alignnone\"><img loading=\"lazy\" decoding=\"async\" aria-describedby=\"caption-attachment-5140\" class=\"size-full wp-image-5140\" title=\"Corpo de S\u00e3o Jos\u00e9 de Cupertino\" src=\"http:\/\/www.oarcanjo.net\/site\/wp-content\/uploads\/ft-sao-jose-cupertino-021.jpg\" alt=\"Corpo de S\u00e3o Jos\u00e9 de Cupertino\" width=\"350\" height=\"263\" srcset=\"https:\/\/www.oarcanjo.net\/site\/wp-content\/uploads\/ft-sao-jose-cupertino-021.jpg 350w, https:\/\/www.oarcanjo.net\/site\/wp-content\/uploads\/ft-sao-jose-cupertino-021-300x225.jpg 300w\" sizes=\"(max-width: 350px) 100vw, 350px\" \/><p id=\"caption-attachment-5140\" class=\"wp-caption-text\">Corpo de S\u00e3o Jos\u00e9 de Cupertino<\/p><\/div>\n<p><em>Fotos de Danilo Santana retiradas na Igreja de S\u00e3o Jos\u00e9 de Cupertino em \u00d3simo<\/em><\/p>\n<p><strong>VIVA S\u00c3O JOSE DE CUPERTINO!!<\/strong><\/p>\n<div id=\"themify_builder_content-5129\" data-postid=\"5129\" class=\"themify_builder_content themify_builder_content-5129 themify_builder themify_builder_front\">\n\t<\/div>\n<!-- \/themify_builder_content -->","protected":false},"excerpt":{"rendered":"<p>DIA 18 DE SETEMBRO \u00c9 DIA DE S\u00c3O JOS\u00c9 DE CUPERTINO, O SANTO QUE \u201cVOAVA\u201d UM HOMEM MUITO SOFRIDO E HUMILHADO, MAS UM SANTO MUITO QUERIDO\u2026 O SANTO DOS ESTUDANTES E DE TODOS N\u00d3S\u2026 Texto enviado por Danilo Santana Assim narra um autor a inf\u00e2ncia desse santo: \u201cA natureza foi com ele uma madrasta: n\u00e3o [&hellip;]<\/p>\n","protected":false},"author":4,"featured_media":0,"comment_status":"open","ping_status":"open","sticky":false,"template":"","format":"standard","meta":{"ngg_post_thumbnail":0,"footnotes":""},"categories":[8],"tags":[1063,1062,1061],"yoast_head":"<!-- This site is optimized with the Yoast SEO plugin v23.5 - https:\/\/yoast.com\/wordpress\/plugins\/seo\/ -->\n<title>S\u00e3o Jos\u00e9 de Cupertino. Esplendor da Igreja!!!! - O Arcanjo no ar<\/title>\n<meta name=\"robots\" content=\"index, follow, max-snippet:-1, max-image-preview:large, max-video-preview:-1\" \/>\n<link rel=\"canonical\" href=\"https:\/\/www.oarcanjo.net\/site\/5129\/\" \/>\n<meta property=\"og:locale\" content=\"pt_BR\" \/>\n<meta property=\"og:type\" content=\"article\" \/>\n<meta property=\"og:title\" content=\"S\u00e3o Jos\u00e9 de Cupertino. Esplendor da Igreja!!!! - O Arcanjo no ar\" \/>\n<meta property=\"og:description\" content=\"DIA 18 DE SETEMBRO \u00c9 DIA DE S\u00c3O JOS\u00c9 DE CUPERTINO, O SANTO QUE \u201cVOAVA\u201d UM HOMEM MUITO SOFRIDO E HUMILHADO, MAS UM SANTO MUITO QUERIDO\u2026 O SANTO DOS ESTUDANTES E DE TODOS N\u00d3S\u2026 Texto enviado por Danilo Santana Assim narra um autor a inf\u00e2ncia desse santo: \u201cA natureza foi com ele uma madrasta: n\u00e3o [&hellip;]\" \/>\n<meta property=\"og:url\" content=\"https:\/\/www.oarcanjo.net\/site\/5129\/\" \/>\n<meta property=\"og:site_name\" content=\"O Arcanjo no ar\" \/>\n<meta property=\"article:publisher\" content=\"https:\/\/www.facebook.com\/OArcanjoNoAr\/\" \/>\n<meta property=\"article:published_time\" content=\"2009-09-17T11:19:53+00:00\" \/>\n<meta property=\"article:modified_time\" content=\"2009-09-21T12:42:49+00:00\" \/>\n<meta property=\"og:image\" content=\"http:\/\/www.oarcanjo.net\/site\/wp-content\/uploads\/im-sao-jose-cupertino-031.jpg\" \/>\n<meta name=\"author\" content=\"julio\" \/>\n<meta name=\"twitter:card\" content=\"summary_large_image\" \/>\n<meta name=\"twitter:label1\" content=\"Escrito por\" \/>\n\t<meta name=\"twitter:data1\" content=\"julio\" \/>\n\t<meta name=\"twitter:label2\" content=\"Est. tempo de leitura\" \/>\n\t<meta name=\"twitter:data2\" content=\"9 minutos\" \/>\n<script type=\"application\/ld+json\" class=\"yoast-schema-graph\">{\"@context\":\"https:\/\/schema.org\",\"@graph\":[{\"@type\":\"Article\",\"@id\":\"https:\/\/www.oarcanjo.net\/site\/5129\/#article\",\"isPartOf\":{\"@id\":\"https:\/\/www.oarcanjo.net\/site\/5129\/\"},\"author\":{\"name\":\"julio\",\"@id\":\"https:\/\/www.oarcanjo.net\/site\/#\/schema\/person\/d78ea01c648c91e29c364b516767079e\"},\"headline\":\"S\u00e3o Jos\u00e9 de Cupertino. Esplendor da Igreja!!!!\",\"datePublished\":\"2009-09-17T11:19:53+00:00\",\"dateModified\":\"2009-09-21T12:42:49+00:00\",\"mainEntityOfPage\":{\"@id\":\"https:\/\/www.oarcanjo.net\/site\/5129\/\"},\"wordCount\":1896,\"commentCount\":9,\"publisher\":{\"@id\":\"https:\/\/www.oarcanjo.net\/site\/#organization\"},\"image\":{\"@id\":\"https:\/\/www.oarcanjo.net\/site\/5129\/#primaryimage\"},\"thumbnailUrl\":\"http:\/\/www.oarcanjo.net\/site\/wp-content\/uploads\/im-sao-jose-cupertino-031.jpg\",\"keywords\":[\"Esplendor da Igreja\",\"O Santo que voava\",\"S\u00e3o Jos\u00e9 de Cupertino\"],\"articleSection\":[\"Not\u00edcias\"],\"inLanguage\":\"pt-BR\",\"potentialAction\":[{\"@type\":\"CommentAction\",\"name\":\"Comment\",\"target\":[\"https:\/\/www.oarcanjo.net\/site\/5129\/#respond\"]}]},{\"@type\":\"WebPage\",\"@id\":\"https:\/\/www.oarcanjo.net\/site\/5129\/\",\"url\":\"https:\/\/www.oarcanjo.net\/site\/5129\/\",\"name\":\"S\u00e3o Jos\u00e9 de Cupertino. Esplendor da Igreja!!!! - O Arcanjo no ar\",\"isPartOf\":{\"@id\":\"https:\/\/www.oarcanjo.net\/site\/#website\"},\"primaryImageOfPage\":{\"@id\":\"https:\/\/www.oarcanjo.net\/site\/5129\/#primaryimage\"},\"image\":{\"@id\":\"https:\/\/www.oarcanjo.net\/site\/5129\/#primaryimage\"},\"thumbnailUrl\":\"http:\/\/www.oarcanjo.net\/site\/wp-content\/uploads\/im-sao-jose-cupertino-031.jpg\",\"datePublished\":\"2009-09-17T11:19:53+00:00\",\"dateModified\":\"2009-09-21T12:42:49+00:00\",\"breadcrumb\":{\"@id\":\"https:\/\/www.oarcanjo.net\/site\/5129\/#breadcrumb\"},\"inLanguage\":\"pt-BR\",\"potentialAction\":[{\"@type\":\"ReadAction\",\"target\":[\"https:\/\/www.oarcanjo.net\/site\/5129\/\"]}]},{\"@type\":\"ImageObject\",\"inLanguage\":\"pt-BR\",\"@id\":\"https:\/\/www.oarcanjo.net\/site\/5129\/#primaryimage\",\"url\":\"https:\/\/www.oarcanjo.net\/site\/wp-content\/uploads\/im-sao-jose-cupertino-031.jpg\",\"contentUrl\":\"https:\/\/www.oarcanjo.net\/site\/wp-content\/uploads\/im-sao-jose-cupertino-031.jpg\",\"width\":\"238\",\"height\":\"350\",\"caption\":\"S\u00e3o Jos\u00e9 de Cupertino\"},{\"@type\":\"BreadcrumbList\",\"@id\":\"https:\/\/www.oarcanjo.net\/site\/5129\/#breadcrumb\",\"itemListElement\":[{\"@type\":\"ListItem\",\"position\":1,\"name\":\"In\u00edcio\",\"item\":\"https:\/\/www.oarcanjo.net\/site\/\"},{\"@type\":\"ListItem\",\"position\":2,\"name\":\"S\u00e3o Jos\u00e9 de Cupertino. Esplendor da Igreja!!!!\"}]},{\"@type\":\"WebSite\",\"@id\":\"https:\/\/www.oarcanjo.net\/site\/#website\",\"url\":\"https:\/\/www.oarcanjo.net\/site\/\",\"name\":\"O Arcanjo no ar\",\"description\":\"Site da Par\u00f3quia S\u00e3o Miguel Arcanjo (Arquidiocese de SP)\",\"publisher\":{\"@id\":\"https:\/\/www.oarcanjo.net\/site\/#organization\"},\"potentialAction\":[{\"@type\":\"SearchAction\",\"target\":{\"@type\":\"EntryPoint\",\"urlTemplate\":\"https:\/\/www.oarcanjo.net\/site\/?s={search_term_string}\"},\"query-input\":{\"@type\":\"PropertyValueSpecification\",\"valueRequired\":true,\"valueName\":\"search_term_string\"}}],\"inLanguage\":\"pt-BR\"},{\"@type\":\"Organization\",\"@id\":\"https:\/\/www.oarcanjo.net\/site\/#organization\",\"name\":\"Par\u00f3quia S\u00e3o Miguel Arcanjo\",\"url\":\"https:\/\/www.oarcanjo.net\/site\/\",\"logo\":{\"@type\":\"ImageObject\",\"inLanguage\":\"pt-BR\",\"@id\":\"https:\/\/www.oarcanjo.net\/site\/#\/schema\/logo\/image\/\",\"url\":\"https:\/\/www.oarcanjo.net\/site\/wp-content\/uploads\/LogoOArcanjo.png\",\"contentUrl\":\"https:\/\/www.oarcanjo.net\/site\/wp-content\/uploads\/LogoOArcanjo.png\",\"width\":319,\"height\":99,\"caption\":\"Par\u00f3quia S\u00e3o Miguel Arcanjo\"},\"image\":{\"@id\":\"https:\/\/www.oarcanjo.net\/site\/#\/schema\/logo\/image\/\"},\"sameAs\":[\"https:\/\/www.facebook.com\/OArcanjoNoAr\/\"]},{\"@type\":\"Person\",\"@id\":\"https:\/\/www.oarcanjo.net\/site\/#\/schema\/person\/d78ea01c648c91e29c364b516767079e\",\"name\":\"julio\",\"sameAs\":[\"http:\/\/www.oarcanjo.net\"]}]}<\/script>\n<!-- \/ Yoast SEO plugin. -->","yoast_head_json":{"title":"S\u00e3o Jos\u00e9 de Cupertino. Esplendor da Igreja!!!! - O Arcanjo no ar","robots":{"index":"index","follow":"follow","max-snippet":"max-snippet:-1","max-image-preview":"max-image-preview:large","max-video-preview":"max-video-preview:-1"},"canonical":"https:\/\/www.oarcanjo.net\/site\/5129\/","og_locale":"pt_BR","og_type":"article","og_title":"S\u00e3o Jos\u00e9 de Cupertino. Esplendor da Igreja!!!! - O Arcanjo no ar","og_description":"DIA 18 DE SETEMBRO \u00c9 DIA DE S\u00c3O JOS\u00c9 DE CUPERTINO, O SANTO QUE \u201cVOAVA\u201d UM HOMEM MUITO SOFRIDO E HUMILHADO, MAS UM SANTO MUITO QUERIDO\u2026 O SANTO DOS ESTUDANTES E DE TODOS N\u00d3S\u2026 Texto enviado por Danilo Santana Assim narra um autor a inf\u00e2ncia desse santo: \u201cA natureza foi com ele uma madrasta: n\u00e3o [&hellip;]","og_url":"https:\/\/www.oarcanjo.net\/site\/5129\/","og_site_name":"O Arcanjo no ar","article_publisher":"https:\/\/www.facebook.com\/OArcanjoNoAr\/","article_published_time":"2009-09-17T11:19:53+00:00","article_modified_time":"2009-09-21T12:42:49+00:00","og_image":[{"url":"http:\/\/www.oarcanjo.net\/site\/wp-content\/uploads\/im-sao-jose-cupertino-031.jpg"}],"author":"julio","twitter_card":"summary_large_image","twitter_misc":{"Escrito por":"julio","Est. tempo de leitura":"9 minutos"},"schema":{"@context":"https:\/\/schema.org","@graph":[{"@type":"Article","@id":"https:\/\/www.oarcanjo.net\/site\/5129\/#article","isPartOf":{"@id":"https:\/\/www.oarcanjo.net\/site\/5129\/"},"author":{"name":"julio","@id":"https:\/\/www.oarcanjo.net\/site\/#\/schema\/person\/d78ea01c648c91e29c364b516767079e"},"headline":"S\u00e3o Jos\u00e9 de Cupertino. Esplendor da Igreja!!!!","datePublished":"2009-09-17T11:19:53+00:00","dateModified":"2009-09-21T12:42:49+00:00","mainEntityOfPage":{"@id":"https:\/\/www.oarcanjo.net\/site\/5129\/"},"wordCount":1896,"commentCount":9,"publisher":{"@id":"https:\/\/www.oarcanjo.net\/site\/#organization"},"image":{"@id":"https:\/\/www.oarcanjo.net\/site\/5129\/#primaryimage"},"thumbnailUrl":"http:\/\/www.oarcanjo.net\/site\/wp-content\/uploads\/im-sao-jose-cupertino-031.jpg","keywords":["Esplendor da Igreja","O Santo que voava","S\u00e3o Jos\u00e9 de Cupertino"],"articleSection":["Not\u00edcias"],"inLanguage":"pt-BR","potentialAction":[{"@type":"CommentAction","name":"Comment","target":["https:\/\/www.oarcanjo.net\/site\/5129\/#respond"]}]},{"@type":"WebPage","@id":"https:\/\/www.oarcanjo.net\/site\/5129\/","url":"https:\/\/www.oarcanjo.net\/site\/5129\/","name":"S\u00e3o Jos\u00e9 de Cupertino. Esplendor da Igreja!!!! - O Arcanjo no ar","isPartOf":{"@id":"https:\/\/www.oarcanjo.net\/site\/#website"},"primaryImageOfPage":{"@id":"https:\/\/www.oarcanjo.net\/site\/5129\/#primaryimage"},"image":{"@id":"https:\/\/www.oarcanjo.net\/site\/5129\/#primaryimage"},"thumbnailUrl":"http:\/\/www.oarcanjo.net\/site\/wp-content\/uploads\/im-sao-jose-cupertino-031.jpg","datePublished":"2009-09-17T11:19:53+00:00","dateModified":"2009-09-21T12:42:49+00:00","breadcrumb":{"@id":"https:\/\/www.oarcanjo.net\/site\/5129\/#breadcrumb"},"inLanguage":"pt-BR","potentialAction":[{"@type":"ReadAction","target":["https:\/\/www.oarcanjo.net\/site\/5129\/"]}]},{"@type":"ImageObject","inLanguage":"pt-BR","@id":"https:\/\/www.oarcanjo.net\/site\/5129\/#primaryimage","url":"https:\/\/www.oarcanjo.net\/site\/wp-content\/uploads\/im-sao-jose-cupertino-031.jpg","contentUrl":"https:\/\/www.oarcanjo.net\/site\/wp-content\/uploads\/im-sao-jose-cupertino-031.jpg","width":"238","height":"350","caption":"S\u00e3o Jos\u00e9 de Cupertino"},{"@type":"BreadcrumbList","@id":"https:\/\/www.oarcanjo.net\/site\/5129\/#breadcrumb","itemListElement":[{"@type":"ListItem","position":1,"name":"In\u00edcio","item":"https:\/\/www.oarcanjo.net\/site\/"},{"@type":"ListItem","position":2,"name":"S\u00e3o Jos\u00e9 de Cupertino. Esplendor da Igreja!!!!"}]},{"@type":"WebSite","@id":"https:\/\/www.oarcanjo.net\/site\/#website","url":"https:\/\/www.oarcanjo.net\/site\/","name":"O Arcanjo no ar","description":"Site da Par\u00f3quia S\u00e3o Miguel Arcanjo (Arquidiocese de SP)","publisher":{"@id":"https:\/\/www.oarcanjo.net\/site\/#organization"},"potentialAction":[{"@type":"SearchAction","target":{"@type":"EntryPoint","urlTemplate":"https:\/\/www.oarcanjo.net\/site\/?s={search_term_string}"},"query-input":{"@type":"PropertyValueSpecification","valueRequired":true,"valueName":"search_term_string"}}],"inLanguage":"pt-BR"},{"@type":"Organization","@id":"https:\/\/www.oarcanjo.net\/site\/#organization","name":"Par\u00f3quia S\u00e3o Miguel Arcanjo","url":"https:\/\/www.oarcanjo.net\/site\/","logo":{"@type":"ImageObject","inLanguage":"pt-BR","@id":"https:\/\/www.oarcanjo.net\/site\/#\/schema\/logo\/image\/","url":"https:\/\/www.oarcanjo.net\/site\/wp-content\/uploads\/LogoOArcanjo.png","contentUrl":"https:\/\/www.oarcanjo.net\/site\/wp-content\/uploads\/LogoOArcanjo.png","width":319,"height":99,"caption":"Par\u00f3quia S\u00e3o Miguel Arcanjo"},"image":{"@id":"https:\/\/www.oarcanjo.net\/site\/#\/schema\/logo\/image\/"},"sameAs":["https:\/\/www.facebook.com\/OArcanjoNoAr\/"]},{"@type":"Person","@id":"https:\/\/www.oarcanjo.net\/site\/#\/schema\/person\/d78ea01c648c91e29c364b516767079e","name":"julio","sameAs":["http:\/\/www.oarcanjo.net"]}]}},"publishpress_future_action":{"enabled":false,"date":"2026-05-09 07:56:11","action":"category","newStatus":"draft","terms":[],"taxonomy":"category"},"publishpress_future_workflow_manual_trigger":{"enabledWorkflows":[]},"_links":{"self":[{"href":"https:\/\/www.oarcanjo.net\/site\/wp-json\/wp\/v2\/posts\/5129"}],"collection":[{"href":"https:\/\/www.oarcanjo.net\/site\/wp-json\/wp\/v2\/posts"}],"about":[{"href":"https:\/\/www.oarcanjo.net\/site\/wp-json\/wp\/v2\/types\/post"}],"author":[{"embeddable":true,"href":"https:\/\/www.oarcanjo.net\/site\/wp-json\/wp\/v2\/users\/4"}],"replies":[{"embeddable":true,"href":"https:\/\/www.oarcanjo.net\/site\/wp-json\/wp\/v2\/comments?post=5129"}],"version-history":[{"count":0,"href":"https:\/\/www.oarcanjo.net\/site\/wp-json\/wp\/v2\/posts\/5129\/revisions"}],"wp:attachment":[{"href":"https:\/\/www.oarcanjo.net\/site\/wp-json\/wp\/v2\/media?parent=5129"}],"wp:term":[{"taxonomy":"category","embeddable":true,"href":"https:\/\/www.oarcanjo.net\/site\/wp-json\/wp\/v2\/categories?post=5129"},{"taxonomy":"post_tag","embeddable":true,"href":"https:\/\/www.oarcanjo.net\/site\/wp-json\/wp\/v2\/tags?post=5129"}],"curies":[{"name":"wp","href":"https:\/\/api.w.org\/{rel}","templated":true}]}}