
{"id":5150,"date":"2009-09-17T17:58:16","date_gmt":"2009-09-17T20:58:16","guid":{"rendered":"http:\/\/www.oarcanjo.net\/site\/?p=5150"},"modified":"2009-09-21T09:50:22","modified_gmt":"2009-09-21T12:50:22","slug":"lancamento-da-pastoral-da-ecologia","status":"publish","type":"post","link":"https:\/\/www.oarcanjo.net\/site\/lancamento-da-pastoral-da-ecologia\/","title":{"rendered":"Lan\u00e7amento da Pastoral da Ecologia"},"content":{"rendered":"<p>Neste domingo, <span style=\"FONT-FAMILY: ; COLOR: #cc0000\"><strong>20 de setembro na missa das 10 horas<\/strong><\/span>, na capela S\u00e3o Judas Tadeu haver\u00e1 o lan\u00e7amento da <strong>Pastoral da Ecologia<\/strong> de nossa comunidade. Tamb\u00e9m haver\u00e1 a planta\u00e7\u00e3o de uma \u00e1rvore simb\u00f3lica como exemplo para que outras pessoas fa\u00e7am o mesmo. Que al\u00e9m desta \u00e1rvore plante tamb\u00e9m a ideia de preservar o meio ambiente. A <strong>Pastoral da Ecologia<\/strong> tem como objetivo cuidar do meio ambiente, chamar a aten\u00e7\u00e3o das pessoas para a situa\u00e7\u00e3o que se encontra nossa Terra que muita gente j\u00e1 esqueceu. Promever a\u00e7\u00f5es e discutir formas para melhorar nosso meio\u00a0ambiente.<\/p>\n<p>Ent\u00e3o, quem estiver interessado em participar, compare\u00e7a neste domingo dia <span style=\"color: #cc0000;\"><strong>20 de setembro na missa das 10 horas<\/strong><\/span> na capela S\u00e3o Judas Tadeu. E vamos \u00e0 luta por um meio ambiente melhor! A luta \u00e9 dif\u00edcil,\u00a0mas n\u00e3o imposs\u00edvel. Participe !!!<\/p>\n<p><img loading=\"lazy\" decoding=\"async\" class=\"aligncenter size-medium wp-image-5151\" src=\"http:\/\/www.oarcanjo.net\/site\/wp-content\/uploads\/Arvores-300x204.jpg\" alt=\"\" width=\"300\" height=\"204\" srcset=\"https:\/\/www.oarcanjo.net\/site\/wp-content\/uploads\/Arvores-300x204.jpg 300w, https:\/\/www.oarcanjo.net\/site\/wp-content\/uploads\/Arvores.jpg 613w\" sizes=\"(max-width: 300px) 100vw, 300px\" \/><\/p>\n<p>Nossa regi\u00e3o \u00e9 uma das &#8220;ilhas de calor&#8221; da cidade e\u00a0os efeitos negativos desse diagn\u00f3stico podem ser reduzidos com o plantio de \u00e1rvores. Al\u00e9m de mais agrad\u00e1vel visualmente, nosso ambiente pode ficar mais\u00a0confort\u00e1vel\u00a0pra se viver.<\/p>\n<p>Com a intensifica\u00e7\u00e3o das constru\u00e7\u00f5es, o adensamento dos bairros, a tend\u00eancia \u00e9 termos menos \u00e1reas perme\u00e1veis, o que agrava a situa\u00e7\u00e3o de vas\u00e3o das \u00e1guas nas temporadas de chuva. Quanto mais \u00e1reas verdes, menos chance de enchente.<\/p>\n<p>Queremos estimular a comunidade a participar do processo de arboriza\u00e7\u00e3o de nossos bairros. Plantar e cuidar!<\/p>\n<p>Todo cidad\u00e3o pode pegar mudas nos parques e viveiros da cidade para o plantio nas cal\u00e7adas e em casa. A\u00a0esp\u00e9cie mais apropriada para cada caso ser\u00e1 indicada pelos profissionais que trabalham nesses locais. A rela\u00e7\u00e3o\u00a0de onde retirar as\u00a0mudas dispon\u00edveis na nossa regi\u00e3o pode ser consultada neste link: <a href=\"http:\/\/www.oarcanjo.net\/site\/wp-content\/uploads\/Parques-viveiros-mudas-ZonaLeste1.pdf\" target=\"_blank\">http:\/\/www.oarcanjo.net\/site\/wp-content\/uploads\/Parques-viveiros-mudas-ZonaLeste1.pdf<\/a>.<\/p>\n<p>Para obter\u00a0instru\u00e7\u00f5es de preparo do local de plantio e cuidado com as \u00e1rvores, al\u00e9m do termo de responsabilidade que deve ser entregue no ato de retirada das mudas, clique <a href=\"http:\/\/www.oarcanjo.net\/site\/wp-content\/uploads\/cartilha-arborizacao-20091.pdf\" target=\"_blank\">aqui<\/a>.<\/p>\n<p>Mais bem estar e sa\u00fade pra comunidade!<\/p>\n<p><em>Colabora\u00e7\u00e3o: Miriam Meyer<\/em><\/p>\n<div id=\"themify_builder_content-5150\" data-postid=\"5150\" class=\"themify_builder_content themify_builder_content-5150 themify_builder themify_builder_front\">\n\t<\/div>\n<!-- \/themify_builder_content -->","protected":false},"excerpt":{"rendered":"<p>Neste domingo, 20 de setembro na missa das 10 horas, na capela S\u00e3o Judas Tadeu haver\u00e1 o lan\u00e7amento da Pastoral da Ecologia de nossa comunidade. Tamb\u00e9m haver\u00e1 a planta\u00e7\u00e3o de uma \u00e1rvore simb\u00f3lica como exemplo para que outras pessoas fa\u00e7am o mesmo. Que al\u00e9m desta \u00e1rvore plante tamb\u00e9m a ideia de preservar o meio ambiente. [&hellip;]<\/p>\n","protected":false},"author":12,"featured_media":0,"comment_status":"open","ping_status":"open","sticky":false,"template":"","format":"standard","meta":{"ngg_post_thumbnail":0,"footnotes":""},"categories":[395],"tags":[990],"yoast_head":"<!-- This site is optimized with the Yoast SEO plugin v23.5 - https:\/\/yoast.com\/wordpress\/plugins\/seo\/ -->\n<title>Lan\u00e7amento da Pastoral da Ecologia - O Arcanjo no ar<\/title>\n<meta name=\"robots\" content=\"index, follow, max-snippet:-1, max-image-preview:large, max-video-preview:-1\" \/>\n<link rel=\"canonical\" href=\"https:\/\/www.oarcanjo.net\/site\/lancamento-da-pastoral-da-ecologia\/\" \/>\n<meta property=\"og:locale\" content=\"pt_BR\" \/>\n<meta property=\"og:type\" content=\"article\" \/>\n<meta property=\"og:title\" content=\"Lan\u00e7amento da Pastoral da Ecologia - O Arcanjo no ar\" \/>\n<meta property=\"og:description\" content=\"Neste domingo, 20 de setembro na missa das 10 horas, na capela S\u00e3o Judas Tadeu haver\u00e1 o lan\u00e7amento da Pastoral da Ecologia de nossa comunidade. Tamb\u00e9m haver\u00e1 a planta\u00e7\u00e3o de uma \u00e1rvore simb\u00f3lica como exemplo para que outras pessoas fa\u00e7am o mesmo. Que al\u00e9m desta \u00e1rvore plante tamb\u00e9m a ideia de preservar o meio ambiente. [&hellip;]\" \/>\n<meta property=\"og:url\" content=\"https:\/\/www.oarcanjo.net\/site\/lancamento-da-pastoral-da-ecologia\/\" \/>\n<meta property=\"og:site_name\" content=\"O Arcanjo no ar\" \/>\n<meta property=\"article:publisher\" content=\"https:\/\/www.facebook.com\/OArcanjoNoAr\/\" \/>\n<meta property=\"article:published_time\" content=\"2009-09-17T20:58:16+00:00\" \/>\n<meta property=\"article:modified_time\" content=\"2009-09-21T12:50:22+00:00\" \/>\n<meta property=\"og:image\" content=\"http:\/\/www.oarcanjo.net\/site\/wp-content\/uploads\/Arvores-300x204.jpg\" \/>\n<meta name=\"author\" content=\"mariana\" \/>\n<meta name=\"twitter:card\" content=\"summary_large_image\" \/>\n<meta name=\"twitter:label1\" content=\"Escrito por\" \/>\n\t<meta name=\"twitter:data1\" content=\"mariana\" \/>\n\t<meta name=\"twitter:label2\" content=\"Est. tempo de leitura\" \/>\n\t<meta name=\"twitter:data2\" content=\"2 minutos\" \/>\n<script type=\"application\/ld+json\" class=\"yoast-schema-graph\">{\"@context\":\"https:\/\/schema.org\",\"@graph\":[{\"@type\":\"Article\",\"@id\":\"https:\/\/www.oarcanjo.net\/site\/lancamento-da-pastoral-da-ecologia\/#article\",\"isPartOf\":{\"@id\":\"https:\/\/www.oarcanjo.net\/site\/lancamento-da-pastoral-da-ecologia\/\"},\"author\":{\"name\":\"mariana\",\"@id\":\"https:\/\/www.oarcanjo.net\/site\/#\/schema\/person\/e54a5c62347067e278a5d0cf64f6a6e6\"},\"headline\":\"Lan\u00e7amento da Pastoral da Ecologia\",\"datePublished\":\"2009-09-17T20:58:16+00:00\",\"dateModified\":\"2009-09-21T12:50:22+00:00\",\"mainEntityOfPage\":{\"@id\":\"https:\/\/www.oarcanjo.net\/site\/lancamento-da-pastoral-da-ecologia\/\"},\"wordCount\":362,\"commentCount\":3,\"publisher\":{\"@id\":\"https:\/\/www.oarcanjo.net\/site\/#organization\"},\"image\":{\"@id\":\"https:\/\/www.oarcanjo.net\/site\/lancamento-da-pastoral-da-ecologia\/#primaryimage\"},\"thumbnailUrl\":\"http:\/\/www.oarcanjo.net\/site\/wp-content\/uploads\/Arvores-300x204.jpg\",\"keywords\":[\"Pastoral da Ecologia\"],\"articleSection\":[\"Jovens\"],\"inLanguage\":\"pt-BR\",\"potentialAction\":[{\"@type\":\"CommentAction\",\"name\":\"Comment\",\"target\":[\"https:\/\/www.oarcanjo.net\/site\/lancamento-da-pastoral-da-ecologia\/#respond\"]}]},{\"@type\":\"WebPage\",\"@id\":\"https:\/\/www.oarcanjo.net\/site\/lancamento-da-pastoral-da-ecologia\/\",\"url\":\"https:\/\/www.oarcanjo.net\/site\/lancamento-da-pastoral-da-ecologia\/\",\"name\":\"Lan\u00e7amento da Pastoral da Ecologia - O Arcanjo no ar\",\"isPartOf\":{\"@id\":\"https:\/\/www.oarcanjo.net\/site\/#website\"},\"primaryImageOfPage\":{\"@id\":\"https:\/\/www.oarcanjo.net\/site\/lancamento-da-pastoral-da-ecologia\/#primaryimage\"},\"image\":{\"@id\":\"https:\/\/www.oarcanjo.net\/site\/lancamento-da-pastoral-da-ecologia\/#primaryimage\"},\"thumbnailUrl\":\"http:\/\/www.oarcanjo.net\/site\/wp-content\/uploads\/Arvores-300x204.jpg\",\"datePublished\":\"2009-09-17T20:58:16+00:00\",\"dateModified\":\"2009-09-21T12:50:22+00:00\",\"breadcrumb\":{\"@id\":\"https:\/\/www.oarcanjo.net\/site\/lancamento-da-pastoral-da-ecologia\/#breadcrumb\"},\"inLanguage\":\"pt-BR\",\"potentialAction\":[{\"@type\":\"ReadAction\",\"target\":[\"https:\/\/www.oarcanjo.net\/site\/lancamento-da-pastoral-da-ecologia\/\"]}]},{\"@type\":\"ImageObject\",\"inLanguage\":\"pt-BR\",\"@id\":\"https:\/\/www.oarcanjo.net\/site\/lancamento-da-pastoral-da-ecologia\/#primaryimage\",\"url\":\"https:\/\/www.oarcanjo.net\/site\/wp-content\/uploads\/Arvores.jpg\",\"contentUrl\":\"https:\/\/www.oarcanjo.net\/site\/wp-content\/uploads\/Arvores.jpg\",\"width\":\"613\",\"height\":\"418\"},{\"@type\":\"BreadcrumbList\",\"@id\":\"https:\/\/www.oarcanjo.net\/site\/lancamento-da-pastoral-da-ecologia\/#breadcrumb\",\"itemListElement\":[{\"@type\":\"ListItem\",\"position\":1,\"name\":\"In\u00edcio\",\"item\":\"https:\/\/www.oarcanjo.net\/site\/\"},{\"@type\":\"ListItem\",\"position\":2,\"name\":\"Lan\u00e7amento da Pastoral da Ecologia\"}]},{\"@type\":\"WebSite\",\"@id\":\"https:\/\/www.oarcanjo.net\/site\/#website\",\"url\":\"https:\/\/www.oarcanjo.net\/site\/\",\"name\":\"O Arcanjo no ar\",\"description\":\"Site da Par\u00f3quia S\u00e3o Miguel Arcanjo (Arquidiocese de SP)\",\"publisher\":{\"@id\":\"https:\/\/www.oarcanjo.net\/site\/#organization\"},\"potentialAction\":[{\"@type\":\"SearchAction\",\"target\":{\"@type\":\"EntryPoint\",\"urlTemplate\":\"https:\/\/www.oarcanjo.net\/site\/?s={search_term_string}\"},\"query-input\":{\"@type\":\"PropertyValueSpecification\",\"valueRequired\":true,\"valueName\":\"search_term_string\"}}],\"inLanguage\":\"pt-BR\"},{\"@type\":\"Organization\",\"@id\":\"https:\/\/www.oarcanjo.net\/site\/#organization\",\"name\":\"Par\u00f3quia S\u00e3o Miguel Arcanjo\",\"url\":\"https:\/\/www.oarcanjo.net\/site\/\",\"logo\":{\"@type\":\"ImageObject\",\"inLanguage\":\"pt-BR\",\"@id\":\"https:\/\/www.oarcanjo.net\/site\/#\/schema\/logo\/image\/\",\"url\":\"https:\/\/www.oarcanjo.net\/site\/wp-content\/uploads\/LogoOArcanjo.png\",\"contentUrl\":\"https:\/\/www.oarcanjo.net\/site\/wp-content\/uploads\/LogoOArcanjo.png\",\"width\":319,\"height\":99,\"caption\":\"Par\u00f3quia S\u00e3o Miguel Arcanjo\"},\"image\":{\"@id\":\"https:\/\/www.oarcanjo.net\/site\/#\/schema\/logo\/image\/\"},\"sameAs\":[\"https:\/\/www.facebook.com\/OArcanjoNoAr\/\"]},{\"@type\":\"Person\",\"@id\":\"https:\/\/www.oarcanjo.net\/site\/#\/schema\/person\/e54a5c62347067e278a5d0cf64f6a6e6\",\"name\":\"mariana\"}]}<\/script>\n<!-- \/ Yoast SEO plugin. -->","yoast_head_json":{"title":"Lan\u00e7amento da Pastoral da Ecologia - O Arcanjo no ar","robots":{"index":"index","follow":"follow","max-snippet":"max-snippet:-1","max-image-preview":"max-image-preview:large","max-video-preview":"max-video-preview:-1"},"canonical":"https:\/\/www.oarcanjo.net\/site\/lancamento-da-pastoral-da-ecologia\/","og_locale":"pt_BR","og_type":"article","og_title":"Lan\u00e7amento da Pastoral da Ecologia - O Arcanjo no ar","og_description":"Neste domingo, 20 de setembro na missa das 10 horas, na capela S\u00e3o Judas Tadeu haver\u00e1 o lan\u00e7amento da Pastoral da Ecologia de nossa comunidade. Tamb\u00e9m haver\u00e1 a planta\u00e7\u00e3o de uma \u00e1rvore simb\u00f3lica como exemplo para que outras pessoas fa\u00e7am o mesmo. Que al\u00e9m desta \u00e1rvore plante tamb\u00e9m a ideia de preservar o meio ambiente. [&hellip;]","og_url":"https:\/\/www.oarcanjo.net\/site\/lancamento-da-pastoral-da-ecologia\/","og_site_name":"O Arcanjo no ar","article_publisher":"https:\/\/www.facebook.com\/OArcanjoNoAr\/","article_published_time":"2009-09-17T20:58:16+00:00","article_modified_time":"2009-09-21T12:50:22+00:00","og_image":[{"url":"http:\/\/www.oarcanjo.net\/site\/wp-content\/uploads\/Arvores-300x204.jpg"}],"author":"mariana","twitter_card":"summary_large_image","twitter_misc":{"Escrito por":"mariana","Est. tempo de leitura":"2 minutos"},"schema":{"@context":"https:\/\/schema.org","@graph":[{"@type":"Article","@id":"https:\/\/www.oarcanjo.net\/site\/lancamento-da-pastoral-da-ecologia\/#article","isPartOf":{"@id":"https:\/\/www.oarcanjo.net\/site\/lancamento-da-pastoral-da-ecologia\/"},"author":{"name":"mariana","@id":"https:\/\/www.oarcanjo.net\/site\/#\/schema\/person\/e54a5c62347067e278a5d0cf64f6a6e6"},"headline":"Lan\u00e7amento da Pastoral da Ecologia","datePublished":"2009-09-17T20:58:16+00:00","dateModified":"2009-09-21T12:50:22+00:00","mainEntityOfPage":{"@id":"https:\/\/www.oarcanjo.net\/site\/lancamento-da-pastoral-da-ecologia\/"},"wordCount":362,"commentCount":3,"publisher":{"@id":"https:\/\/www.oarcanjo.net\/site\/#organization"},"image":{"@id":"https:\/\/www.oarcanjo.net\/site\/lancamento-da-pastoral-da-ecologia\/#primaryimage"},"thumbnailUrl":"http:\/\/www.oarcanjo.net\/site\/wp-content\/uploads\/Arvores-300x204.jpg","keywords":["Pastoral da Ecologia"],"articleSection":["Jovens"],"inLanguage":"pt-BR","potentialAction":[{"@type":"CommentAction","name":"Comment","target":["https:\/\/www.oarcanjo.net\/site\/lancamento-da-pastoral-da-ecologia\/#respond"]}]},{"@type":"WebPage","@id":"https:\/\/www.oarcanjo.net\/site\/lancamento-da-pastoral-da-ecologia\/","url":"https:\/\/www.oarcanjo.net\/site\/lancamento-da-pastoral-da-ecologia\/","name":"Lan\u00e7amento da Pastoral da Ecologia - O Arcanjo no ar","isPartOf":{"@id":"https:\/\/www.oarcanjo.net\/site\/#website"},"primaryImageOfPage":{"@id":"https:\/\/www.oarcanjo.net\/site\/lancamento-da-pastoral-da-ecologia\/#primaryimage"},"image":{"@id":"https:\/\/www.oarcanjo.net\/site\/lancamento-da-pastoral-da-ecologia\/#primaryimage"},"thumbnailUrl":"http:\/\/www.oarcanjo.net\/site\/wp-content\/uploads\/Arvores-300x204.jpg","datePublished":"2009-09-17T20:58:16+00:00","dateModified":"2009-09-21T12:50:22+00:00","breadcrumb":{"@id":"https:\/\/www.oarcanjo.net\/site\/lancamento-da-pastoral-da-ecologia\/#breadcrumb"},"inLanguage":"pt-BR","potentialAction":[{"@type":"ReadAction","target":["https:\/\/www.oarcanjo.net\/site\/lancamento-da-pastoral-da-ecologia\/"]}]},{"@type":"ImageObject","inLanguage":"pt-BR","@id":"https:\/\/www.oarcanjo.net\/site\/lancamento-da-pastoral-da-ecologia\/#primaryimage","url":"https:\/\/www.oarcanjo.net\/site\/wp-content\/uploads\/Arvores.jpg","contentUrl":"https:\/\/www.oarcanjo.net\/site\/wp-content\/uploads\/Arvores.jpg","width":"613","height":"418"},{"@type":"BreadcrumbList","@id":"https:\/\/www.oarcanjo.net\/site\/lancamento-da-pastoral-da-ecologia\/#breadcrumb","itemListElement":[{"@type":"ListItem","position":1,"name":"In\u00edcio","item":"https:\/\/www.oarcanjo.net\/site\/"},{"@type":"ListItem","position":2,"name":"Lan\u00e7amento da Pastoral da Ecologia"}]},{"@type":"WebSite","@id":"https:\/\/www.oarcanjo.net\/site\/#website","url":"https:\/\/www.oarcanjo.net\/site\/","name":"O Arcanjo no ar","description":"Site da Par\u00f3quia S\u00e3o Miguel Arcanjo (Arquidiocese de SP)","publisher":{"@id":"https:\/\/www.oarcanjo.net\/site\/#organization"},"potentialAction":[{"@type":"SearchAction","target":{"@type":"EntryPoint","urlTemplate":"https:\/\/www.oarcanjo.net\/site\/?s={search_term_string}"},"query-input":{"@type":"PropertyValueSpecification","valueRequired":true,"valueName":"search_term_string"}}],"inLanguage":"pt-BR"},{"@type":"Organization","@id":"https:\/\/www.oarcanjo.net\/site\/#organization","name":"Par\u00f3quia S\u00e3o Miguel Arcanjo","url":"https:\/\/www.oarcanjo.net\/site\/","logo":{"@type":"ImageObject","inLanguage":"pt-BR","@id":"https:\/\/www.oarcanjo.net\/site\/#\/schema\/logo\/image\/","url":"https:\/\/www.oarcanjo.net\/site\/wp-content\/uploads\/LogoOArcanjo.png","contentUrl":"https:\/\/www.oarcanjo.net\/site\/wp-content\/uploads\/LogoOArcanjo.png","width":319,"height":99,"caption":"Par\u00f3quia S\u00e3o Miguel Arcanjo"},"image":{"@id":"https:\/\/www.oarcanjo.net\/site\/#\/schema\/logo\/image\/"},"sameAs":["https:\/\/www.facebook.com\/OArcanjoNoAr\/"]},{"@type":"Person","@id":"https:\/\/www.oarcanjo.net\/site\/#\/schema\/person\/e54a5c62347067e278a5d0cf64f6a6e6","name":"mariana"}]}},"publishpress_future_action":{"enabled":false,"date":"2026-05-07 01:30:54","action":"category","newStatus":"draft","terms":[],"taxonomy":"category"},"publishpress_future_workflow_manual_trigger":{"enabledWorkflows":[]},"_links":{"self":[{"href":"https:\/\/www.oarcanjo.net\/site\/wp-json\/wp\/v2\/posts\/5150"}],"collection":[{"href":"https:\/\/www.oarcanjo.net\/site\/wp-json\/wp\/v2\/posts"}],"about":[{"href":"https:\/\/www.oarcanjo.net\/site\/wp-json\/wp\/v2\/types\/post"}],"author":[{"embeddable":true,"href":"https:\/\/www.oarcanjo.net\/site\/wp-json\/wp\/v2\/users\/12"}],"replies":[{"embeddable":true,"href":"https:\/\/www.oarcanjo.net\/site\/wp-json\/wp\/v2\/comments?post=5150"}],"version-history":[{"count":0,"href":"https:\/\/www.oarcanjo.net\/site\/wp-json\/wp\/v2\/posts\/5150\/revisions"}],"wp:attachment":[{"href":"https:\/\/www.oarcanjo.net\/site\/wp-json\/wp\/v2\/media?parent=5150"}],"wp:term":[{"taxonomy":"category","embeddable":true,"href":"https:\/\/www.oarcanjo.net\/site\/wp-json\/wp\/v2\/categories?post=5150"},{"taxonomy":"post_tag","embeddable":true,"href":"https:\/\/www.oarcanjo.net\/site\/wp-json\/wp\/v2\/tags?post=5150"}],"curies":[{"name":"wp","href":"https:\/\/api.w.org\/{rel}","templated":true}]}}