
{"id":5153,"date":"2009-09-17T19:18:10","date_gmt":"2009-09-17T22:18:10","guid":{"rendered":"http:\/\/www.oarcanjo.net\/site\/?p=5153"},"modified":"2009-09-18T08:17:51","modified_gmt":"2009-09-18T11:17:51","slug":"sao-jose-de-cupertino","status":"publish","type":"post","link":"https:\/\/www.oarcanjo.net\/site\/sao-jose-de-cupertino\/","title":{"rendered":"S\u00e3o Jos\u00e9 de Cupertino!"},"content":{"rendered":"<p>Desde a minha inf\u00e2ncia apreciava a hist\u00f3ria de S\u00e3o Jos\u00e9 de Cupertino, que era chamado o Santo da Boca Aberta!<\/p>\n<p>Minha m\u00e3e que falou-me dele e desde que assisti o filme de sua vida nunca mais o esqueci. Era chamado por si mesmo e pelos outros de Frei Asno, o \u00faltimo dos \u00faltimos. Foi tratado com desprezo e crueldade, considerado retardado e imprest\u00e1vel por muitos, mas n\u00e3o por DEUS.<\/p>\n<p>Como nos diz S\u00e3o Paulo: DEUS escolhe os fracos para confundir os fortes, escolhe o que n\u00e3o \u00e9 para confundir o que \u00e9!<\/p>\n<p>At\u00e9 preso, escondido, proibido de comunicar-se com os outros foi, considerado e tratado como endemoniado, n\u00e3o perdia a paz e contemplando o AMOR de DEUS levitava, mesmo acorrentado\u00a0levitava. Mostrava que seu pensamento e sentimentos estavam longe, muito longe da crueldade, vaidade e do ego\u00edsmo dos que n\u00e3o o acolhiam, nem entendiam sequer o escutavam e se comoviam com suas dores sofrimentos e alegrias.<\/p>\n<p>Na \u00faltima vez que estive na It\u00e1lia consegui a alegria de ir a Osimo onde S\u00e3o Jos\u00e9 de Cupertino viveu seus \u00faltimos anos e onde morreu, onde se conservam seus despojos, sua cela e v\u00e1rios objetos pessoais.<\/p>\n<p>A Bas\u00edlica de S\u00e3o Jos\u00e9 de Cupertino \u00e9 Papal, bel\u00edssima e nos atinge profunda e intimamente, nos questiona e edifica.<\/p>\n<p>Este Santo com dificuldade de aprender e com ci\u00eancia infusa \u00e9 o protetor dos Estudantes, por sua sabedoria humilde e amorosa.<\/p>\n<p>Um Santo t\u00e3o humano que dormia junto dos animais e que dava conselho a Bispos, Cardeais e ao Papa, que brivcava com as crian\u00e7as, que quando era enganado sorria, que quando era tratado com crueldade n\u00e3o se vingava e perdoava e \u00e0s vezes nem percebia a maldade que lhe faziam.<\/p>\n<p>Enfim um ser humano que mergulhou no Divino e transformou a sua vida transformando os que tem coragem de como ELE amarem a DEUS de todo cora\u00e7\u00e3o.<\/p>\n<div id=\"themify_builder_content-5153\" data-postid=\"5153\" class=\"themify_builder_content themify_builder_content-5153 themify_builder themify_builder_front\">\n\t<\/div>\n<!-- \/themify_builder_content -->","protected":false},"excerpt":{"rendered":"<p>Desde a minha inf\u00e2ncia apreciava a hist\u00f3ria de S\u00e3o Jos\u00e9 de Cupertino, que era chamado o Santo da Boca Aberta! Minha m\u00e3e que falou-me dele e desde que assisti o filme de sua vida nunca mais o esqueci. Era chamado por si mesmo e pelos outros de Frei Asno, o \u00faltimo dos \u00faltimos. Foi tratado [&hellip;]<\/p>\n","protected":false},"author":4,"featured_media":0,"comment_status":"open","ping_status":"open","sticky":false,"template":"","format":"standard","meta":{"ngg_post_thumbnail":0,"footnotes":""},"categories":[4],"tags":[],"yoast_head":"<!-- This site is optimized with the Yoast SEO plugin v23.5 - https:\/\/yoast.com\/wordpress\/plugins\/seo\/ -->\n<title>S\u00e3o Jos\u00e9 de Cupertino! - O Arcanjo no ar<\/title>\n<meta name=\"robots\" content=\"index, follow, max-snippet:-1, max-image-preview:large, max-video-preview:-1\" \/>\n<link rel=\"canonical\" href=\"https:\/\/www.oarcanjo.net\/site\/sao-jose-de-cupertino\/\" \/>\n<meta property=\"og:locale\" content=\"pt_BR\" \/>\n<meta property=\"og:type\" content=\"article\" \/>\n<meta property=\"og:title\" content=\"S\u00e3o Jos\u00e9 de Cupertino! - O Arcanjo no ar\" \/>\n<meta property=\"og:description\" content=\"Desde a minha inf\u00e2ncia apreciava a hist\u00f3ria de S\u00e3o Jos\u00e9 de Cupertino, que era chamado o Santo da Boca Aberta! Minha m\u00e3e que falou-me dele e desde que assisti o filme de sua vida nunca mais o esqueci. Era chamado por si mesmo e pelos outros de Frei Asno, o \u00faltimo dos \u00faltimos. Foi tratado [&hellip;]\" \/>\n<meta property=\"og:url\" content=\"https:\/\/www.oarcanjo.net\/site\/sao-jose-de-cupertino\/\" \/>\n<meta property=\"og:site_name\" content=\"O Arcanjo no ar\" \/>\n<meta property=\"article:publisher\" content=\"https:\/\/www.facebook.com\/OArcanjoNoAr\/\" \/>\n<meta property=\"article:published_time\" content=\"2009-09-17T22:18:10+00:00\" \/>\n<meta property=\"article:modified_time\" content=\"2009-09-18T11:17:51+00:00\" \/>\n<meta property=\"og:image\" content=\"https:\/\/www.oarcanjo.net\/site\/wp-content\/uploads\/logo-o-arcanjo-no-ar-facebook.png\" \/>\n\t<meta property=\"og:image:width\" content=\"300\" \/>\n\t<meta property=\"og:image:height\" content=\"300\" \/>\n\t<meta property=\"og:image:type\" content=\"image\/png\" \/>\n<meta name=\"author\" content=\"julio\" \/>\n<meta name=\"twitter:card\" content=\"summary_large_image\" \/>\n<meta name=\"twitter:label1\" content=\"Escrito por\" \/>\n\t<meta name=\"twitter:data1\" content=\"julio\" \/>\n\t<meta name=\"twitter:label2\" content=\"Est. tempo de leitura\" \/>\n\t<meta name=\"twitter:data2\" content=\"2 minutos\" \/>\n<script type=\"application\/ld+json\" class=\"yoast-schema-graph\">{\"@context\":\"https:\/\/schema.org\",\"@graph\":[{\"@type\":\"Article\",\"@id\":\"https:\/\/www.oarcanjo.net\/site\/sao-jose-de-cupertino\/#article\",\"isPartOf\":{\"@id\":\"https:\/\/www.oarcanjo.net\/site\/sao-jose-de-cupertino\/\"},\"author\":{\"name\":\"julio\",\"@id\":\"https:\/\/www.oarcanjo.net\/site\/#\/schema\/person\/d78ea01c648c91e29c364b516767079e\"},\"headline\":\"S\u00e3o Jos\u00e9 de Cupertino!\",\"datePublished\":\"2009-09-17T22:18:10+00:00\",\"dateModified\":\"2009-09-18T11:17:51+00:00\",\"mainEntityOfPage\":{\"@id\":\"https:\/\/www.oarcanjo.net\/site\/sao-jose-de-cupertino\/\"},\"wordCount\":334,\"commentCount\":9,\"publisher\":{\"@id\":\"https:\/\/www.oarcanjo.net\/site\/#organization\"},\"articleSection\":[\"Blog\"],\"inLanguage\":\"pt-BR\",\"potentialAction\":[{\"@type\":\"CommentAction\",\"name\":\"Comment\",\"target\":[\"https:\/\/www.oarcanjo.net\/site\/sao-jose-de-cupertino\/#respond\"]}]},{\"@type\":\"WebPage\",\"@id\":\"https:\/\/www.oarcanjo.net\/site\/sao-jose-de-cupertino\/\",\"url\":\"https:\/\/www.oarcanjo.net\/site\/sao-jose-de-cupertino\/\",\"name\":\"S\u00e3o Jos\u00e9 de Cupertino! - O Arcanjo no ar\",\"isPartOf\":{\"@id\":\"https:\/\/www.oarcanjo.net\/site\/#website\"},\"datePublished\":\"2009-09-17T22:18:10+00:00\",\"dateModified\":\"2009-09-18T11:17:51+00:00\",\"breadcrumb\":{\"@id\":\"https:\/\/www.oarcanjo.net\/site\/sao-jose-de-cupertino\/#breadcrumb\"},\"inLanguage\":\"pt-BR\",\"potentialAction\":[{\"@type\":\"ReadAction\",\"target\":[\"https:\/\/www.oarcanjo.net\/site\/sao-jose-de-cupertino\/\"]}]},{\"@type\":\"BreadcrumbList\",\"@id\":\"https:\/\/www.oarcanjo.net\/site\/sao-jose-de-cupertino\/#breadcrumb\",\"itemListElement\":[{\"@type\":\"ListItem\",\"position\":1,\"name\":\"In\u00edcio\",\"item\":\"https:\/\/www.oarcanjo.net\/site\/\"},{\"@type\":\"ListItem\",\"position\":2,\"name\":\"S\u00e3o Jos\u00e9 de Cupertino!\"}]},{\"@type\":\"WebSite\",\"@id\":\"https:\/\/www.oarcanjo.net\/site\/#website\",\"url\":\"https:\/\/www.oarcanjo.net\/site\/\",\"name\":\"O Arcanjo no ar\",\"description\":\"Site da Par\u00f3quia S\u00e3o Miguel Arcanjo (Arquidiocese de SP)\",\"publisher\":{\"@id\":\"https:\/\/www.oarcanjo.net\/site\/#organization\"},\"potentialAction\":[{\"@type\":\"SearchAction\",\"target\":{\"@type\":\"EntryPoint\",\"urlTemplate\":\"https:\/\/www.oarcanjo.net\/site\/?s={search_term_string}\"},\"query-input\":{\"@type\":\"PropertyValueSpecification\",\"valueRequired\":true,\"valueName\":\"search_term_string\"}}],\"inLanguage\":\"pt-BR\"},{\"@type\":\"Organization\",\"@id\":\"https:\/\/www.oarcanjo.net\/site\/#organization\",\"name\":\"Par\u00f3quia S\u00e3o Miguel Arcanjo\",\"url\":\"https:\/\/www.oarcanjo.net\/site\/\",\"logo\":{\"@type\":\"ImageObject\",\"inLanguage\":\"pt-BR\",\"@id\":\"https:\/\/www.oarcanjo.net\/site\/#\/schema\/logo\/image\/\",\"url\":\"https:\/\/www.oarcanjo.net\/site\/wp-content\/uploads\/LogoOArcanjo.png\",\"contentUrl\":\"https:\/\/www.oarcanjo.net\/site\/wp-content\/uploads\/LogoOArcanjo.png\",\"width\":319,\"height\":99,\"caption\":\"Par\u00f3quia S\u00e3o Miguel Arcanjo\"},\"image\":{\"@id\":\"https:\/\/www.oarcanjo.net\/site\/#\/schema\/logo\/image\/\"},\"sameAs\":[\"https:\/\/www.facebook.com\/OArcanjoNoAr\/\"]},{\"@type\":\"Person\",\"@id\":\"https:\/\/www.oarcanjo.net\/site\/#\/schema\/person\/d78ea01c648c91e29c364b516767079e\",\"name\":\"julio\",\"sameAs\":[\"http:\/\/www.oarcanjo.net\"]}]}<\/script>\n<!-- \/ Yoast SEO plugin. -->","yoast_head_json":{"title":"S\u00e3o Jos\u00e9 de Cupertino! - O Arcanjo no ar","robots":{"index":"index","follow":"follow","max-snippet":"max-snippet:-1","max-image-preview":"max-image-preview:large","max-video-preview":"max-video-preview:-1"},"canonical":"https:\/\/www.oarcanjo.net\/site\/sao-jose-de-cupertino\/","og_locale":"pt_BR","og_type":"article","og_title":"S\u00e3o Jos\u00e9 de Cupertino! - O Arcanjo no ar","og_description":"Desde a minha inf\u00e2ncia apreciava a hist\u00f3ria de S\u00e3o Jos\u00e9 de Cupertino, que era chamado o Santo da Boca Aberta! Minha m\u00e3e que falou-me dele e desde que assisti o filme de sua vida nunca mais o esqueci. Era chamado por si mesmo e pelos outros de Frei Asno, o \u00faltimo dos \u00faltimos. Foi tratado [&hellip;]","og_url":"https:\/\/www.oarcanjo.net\/site\/sao-jose-de-cupertino\/","og_site_name":"O Arcanjo no ar","article_publisher":"https:\/\/www.facebook.com\/OArcanjoNoAr\/","article_published_time":"2009-09-17T22:18:10+00:00","article_modified_time":"2009-09-18T11:17:51+00:00","og_image":[{"width":300,"height":300,"url":"https:\/\/www.oarcanjo.net\/site\/wp-content\/uploads\/logo-o-arcanjo-no-ar-facebook.png","type":"image\/png"}],"author":"julio","twitter_card":"summary_large_image","twitter_misc":{"Escrito por":"julio","Est. tempo de leitura":"2 minutos"},"schema":{"@context":"https:\/\/schema.org","@graph":[{"@type":"Article","@id":"https:\/\/www.oarcanjo.net\/site\/sao-jose-de-cupertino\/#article","isPartOf":{"@id":"https:\/\/www.oarcanjo.net\/site\/sao-jose-de-cupertino\/"},"author":{"name":"julio","@id":"https:\/\/www.oarcanjo.net\/site\/#\/schema\/person\/d78ea01c648c91e29c364b516767079e"},"headline":"S\u00e3o Jos\u00e9 de Cupertino!","datePublished":"2009-09-17T22:18:10+00:00","dateModified":"2009-09-18T11:17:51+00:00","mainEntityOfPage":{"@id":"https:\/\/www.oarcanjo.net\/site\/sao-jose-de-cupertino\/"},"wordCount":334,"commentCount":9,"publisher":{"@id":"https:\/\/www.oarcanjo.net\/site\/#organization"},"articleSection":["Blog"],"inLanguage":"pt-BR","potentialAction":[{"@type":"CommentAction","name":"Comment","target":["https:\/\/www.oarcanjo.net\/site\/sao-jose-de-cupertino\/#respond"]}]},{"@type":"WebPage","@id":"https:\/\/www.oarcanjo.net\/site\/sao-jose-de-cupertino\/","url":"https:\/\/www.oarcanjo.net\/site\/sao-jose-de-cupertino\/","name":"S\u00e3o Jos\u00e9 de Cupertino! - O Arcanjo no ar","isPartOf":{"@id":"https:\/\/www.oarcanjo.net\/site\/#website"},"datePublished":"2009-09-17T22:18:10+00:00","dateModified":"2009-09-18T11:17:51+00:00","breadcrumb":{"@id":"https:\/\/www.oarcanjo.net\/site\/sao-jose-de-cupertino\/#breadcrumb"},"inLanguage":"pt-BR","potentialAction":[{"@type":"ReadAction","target":["https:\/\/www.oarcanjo.net\/site\/sao-jose-de-cupertino\/"]}]},{"@type":"BreadcrumbList","@id":"https:\/\/www.oarcanjo.net\/site\/sao-jose-de-cupertino\/#breadcrumb","itemListElement":[{"@type":"ListItem","position":1,"name":"In\u00edcio","item":"https:\/\/www.oarcanjo.net\/site\/"},{"@type":"ListItem","position":2,"name":"S\u00e3o Jos\u00e9 de Cupertino!"}]},{"@type":"WebSite","@id":"https:\/\/www.oarcanjo.net\/site\/#website","url":"https:\/\/www.oarcanjo.net\/site\/","name":"O Arcanjo no ar","description":"Site da Par\u00f3quia S\u00e3o Miguel Arcanjo (Arquidiocese de SP)","publisher":{"@id":"https:\/\/www.oarcanjo.net\/site\/#organization"},"potentialAction":[{"@type":"SearchAction","target":{"@type":"EntryPoint","urlTemplate":"https:\/\/www.oarcanjo.net\/site\/?s={search_term_string}"},"query-input":{"@type":"PropertyValueSpecification","valueRequired":true,"valueName":"search_term_string"}}],"inLanguage":"pt-BR"},{"@type":"Organization","@id":"https:\/\/www.oarcanjo.net\/site\/#organization","name":"Par\u00f3quia S\u00e3o Miguel Arcanjo","url":"https:\/\/www.oarcanjo.net\/site\/","logo":{"@type":"ImageObject","inLanguage":"pt-BR","@id":"https:\/\/www.oarcanjo.net\/site\/#\/schema\/logo\/image\/","url":"https:\/\/www.oarcanjo.net\/site\/wp-content\/uploads\/LogoOArcanjo.png","contentUrl":"https:\/\/www.oarcanjo.net\/site\/wp-content\/uploads\/LogoOArcanjo.png","width":319,"height":99,"caption":"Par\u00f3quia S\u00e3o Miguel Arcanjo"},"image":{"@id":"https:\/\/www.oarcanjo.net\/site\/#\/schema\/logo\/image\/"},"sameAs":["https:\/\/www.facebook.com\/OArcanjoNoAr\/"]},{"@type":"Person","@id":"https:\/\/www.oarcanjo.net\/site\/#\/schema\/person\/d78ea01c648c91e29c364b516767079e","name":"julio","sameAs":["http:\/\/www.oarcanjo.net"]}]}},"publishpress_future_action":{"enabled":false,"date":"2026-05-09 02:54:59","action":"category","newStatus":"draft","terms":[],"taxonomy":"category"},"publishpress_future_workflow_manual_trigger":{"enabledWorkflows":[]},"_links":{"self":[{"href":"https:\/\/www.oarcanjo.net\/site\/wp-json\/wp\/v2\/posts\/5153"}],"collection":[{"href":"https:\/\/www.oarcanjo.net\/site\/wp-json\/wp\/v2\/posts"}],"about":[{"href":"https:\/\/www.oarcanjo.net\/site\/wp-json\/wp\/v2\/types\/post"}],"author":[{"embeddable":true,"href":"https:\/\/www.oarcanjo.net\/site\/wp-json\/wp\/v2\/users\/4"}],"replies":[{"embeddable":true,"href":"https:\/\/www.oarcanjo.net\/site\/wp-json\/wp\/v2\/comments?post=5153"}],"version-history":[{"count":0,"href":"https:\/\/www.oarcanjo.net\/site\/wp-json\/wp\/v2\/posts\/5153\/revisions"}],"wp:attachment":[{"href":"https:\/\/www.oarcanjo.net\/site\/wp-json\/wp\/v2\/media?parent=5153"}],"wp:term":[{"taxonomy":"category","embeddable":true,"href":"https:\/\/www.oarcanjo.net\/site\/wp-json\/wp\/v2\/categories?post=5153"},{"taxonomy":"post_tag","embeddable":true,"href":"https:\/\/www.oarcanjo.net\/site\/wp-json\/wp\/v2\/tags?post=5153"}],"curies":[{"name":"wp","href":"https:\/\/api.w.org\/{rel}","templated":true}]}}