
{"id":51558,"date":"2017-10-22T00:47:47","date_gmt":"2017-10-22T02:47:47","guid":{"rendered":"http:\/\/www.oarcanjo.net\/site\/?p=51558"},"modified":"2017-08-11T14:58:26","modified_gmt":"2017-08-11T17:58:26","slug":"sao-joao-paulo-ii","status":"publish","type":"post","link":"https:\/\/www.oarcanjo.net\/site\/sao-joao-paulo-ii\/","title":{"rendered":"S\u00e3o Jo\u00e3o Paulo II"},"content":{"rendered":"<p><a href=\"http:\/\/img.cancaonova.com\/cnimages\/canais\/uploads\/sites\/11\/2014\/04\/papa_crianca.jpg\"><img loading=\"lazy\" decoding=\"async\" class=\"size-medium wp-image-111072\" src=\"http:\/\/img.cancaonova.com\/cnimages\/canais\/uploads\/sites\/11\/2014\/04\/papa_crianca-234x300.jpg\" alt=\"papa_crian\u00e7a\" width=\"234\" height=\"300\" \/><\/a><\/p>\n<p>22\u00a0 de Outubro<\/p>\n<p>Jo\u00e3o Paulo II (1920-2005) foi Papa da Igreja Cat\u00f3lica Apost\u00f3lica Romana. Teve papel importante para o fim do comunismo na Pol\u00f4nia e em v\u00e1rios pa\u00edses da Europa. Teve o terceiro maior pontificado, que iniciou em 16 de outubro de 1978 e s\u00f3 terminou em 2 de abril de 2005 com sua morte, permanecendo 26 anos como soberano da Cidade do Vaticano. De origem polonesa foi o \u00fanico papa n\u00e3o italiano depois do holand\u00eas Adriano VI em 1522. Sabia falar v\u00e1rios idiomas. Visitou 129 pa\u00edses durante seu pontificado. Esteve 4 vezes no Brasil onde visitou v\u00e1rias cidades e reuniu multid\u00f5es. Exerceu influencia para melhorar as rela\u00e7\u00f5es entre a religi\u00e3o cat\u00f3lica e outras religi\u00f5es.<\/p>\n<p>Jo\u00e3o Paulo II (1920-2005) foi Papa da Igreja Cat\u00f3lica Apost\u00f3lica Romana. Nasceu na pequena cidade de Wadowice na Pol\u00f4nia. Filho de Karol Wojtyla e de Kaczorowska, foi batizado com o nome de Karol J\u00f3sef Wojtyla. Ficou \u00f3rf\u00e3o aos 8 anos e perdeu seus dois irm\u00e3os mais velhos. Fez sua primeira comunh\u00e3o aos 9 anos de idade. Estudou na escola Marcin Wadowita e em 1938 muda-se para a Crac\u00f3via onde estuda na Universidade de Jaguel\u00f4nica e numa escola de teatro.<\/p>\n<p>Jo\u00e3o Paulo II teve que trabalhar, para evitar a deporta\u00e7\u00e3o para a Alemanha, quando as for\u00e7as nazistas fecharam a Universidade ap\u00f3s a invas\u00e3o da Pol\u00f4nia, na Segunda Guerra Mundial. Seu pai um suboficial do Ex\u00e9rcito Polon\u00eas morreu de ataque card\u00edaco em 1941. A partir de 1942 sentiu voca\u00e7\u00e3o para o sacerd\u00f3cio e estudou em semin\u00e1rio clandestino na Crac\u00f3via. Terminada a Guerra, continuou seus estudos na Faculdade de Teologia da Universidade de Jaguel\u00f4nica. Foi ordenado padre no dia 1 de novembro de 1946. Completou o curso universit\u00e1rio em Roma e doutorou-se em teologia na Universidade Cat\u00f3lica de Lublin. Foi nomeado bispo auxiliar na Crac\u00f3via em 1958, foi capel\u00e3o universit\u00e1rio e professor de \u00e9tica na Crac\u00f3via e Lublin.<\/p>\n<p>Em 1964, Wojtyla assume as fun\u00e7\u00f5es de arcebispo de Crac\u00f3via, e em 1967, chega a cardeal. Ativo participante no Conselho Vaticano Segundo, representou igualmente a Pol\u00f4nia em cinco Assembleias internacionais de bispos entre 1967 e 1977. Foi eleito Papa em 16 de Outubro de 1978, sucedendo a Jo\u00e3o Paulo I. Wojtyla adotou ent\u00e3o o nome Jo\u00e3o Paulo II. A 13 de Maio de 1981, foi atingido por um tiro e gravemente ferido durante uma tentativa de assassinato quando entrava na Pra\u00e7a de S\u00e3o Pedro, no Vaticano.<\/p>\n<p>Jo\u00e3o Paulo II publicou livros de poesia e, sob o pseud\u00f4nimo de Andrzej Jawien, escreveu uma pe\u00e7a de teatro, &#8220;A Loja do Ourives&#8221; em 1960. Os seus escritos \u00e9ticos e teol\u00f3gicos incluem &#8220;Amor Frutuoso e Respons\u00e1vel&#8221; e &#8220;Sinal de Contradi\u00e7\u00e3o&#8221;, ambos publicados em 1979. A sua primeira Enc\u00edclica, &#8220;Redemptor Hominis&#8221; (Redentor dos Homens) de 1979 explica a liga\u00e7\u00e3o entre a reden\u00e7\u00e3o por Cristo e a dignidade humana. Enc\u00edclicas posteriores defendem o poder da miseric\u00f3rdia na vida dos homens (1980); a import\u00e2ncia do trabalho como &#8220;forma de santifica\u00e7\u00e3o&#8221; (1981); a posi\u00e7\u00e3o da igreja na Europa de Leste (1985); os males do Marxismo, materialismo e ate\u00edsmo (1986); o papel da Virgem Maria como fonte da unidade Crist\u00e3 (1987); os efeitos destrutivos da rivalidade das superpot\u00eancias (1988); a necessidade de reconciliar o capitalismo com a justi\u00e7a social (1991) e uma argumenta\u00e7\u00e3o contra o relativismo moral (1993).<\/p>\n<p>A 11\u00aa enc\u00edclica de Jo\u00e3o Paulo II, &#8220;Evalegium Vitae&#8221; (1995), reitera a sua posi\u00e7\u00e3o contra o aborto, controle da natalidade, fertiliza\u00e7\u00e3o in vitro, engenharia gen\u00e9tica e eutan\u00e1sia. Defende tamb\u00e9m que a pena capital nunca \u00e9 justific\u00e1vel. A sua 12\u00aa enc\u00edclica, &#8220;Ut Unum Sint&#8221; (1995) se refere a temas que continuam a dividir as igrejas Crist\u00e3s, como os sacramentos da Eucaristia, o papel da Virgem Maria e a rela\u00e7\u00e3o entre as Escrituras e a tradi\u00e7\u00e3o.<\/p>\n<p>Nos anos 80 e 90, Jo\u00e3o Paulo II efetuou v\u00e1rias viagens, incluindo visitas a \u00c1frica, \u00c1sia e Am\u00e9rica; em Setembro de 1993 deslocou-se \u00e0s rep\u00fablicas do B\u00e1ltico na primeira visita papal a pa\u00edses da ex- Uni\u00e3o Sovi\u00e9tica. Jo\u00e3o Paulo II influenciou a restaura\u00e7\u00e3o da democracia e liberdades religiosas na Europa do Leste, especialmente na sua Pol\u00f4nia natal. Reagindo ferozmente \u00e0 dissid\u00eancia no interior da Igreja, reafirmou os ensinamentos Cat\u00f3licos Romanos contra a homossexualidade, aborto e m\u00e9todos &#8220;artificiais&#8221; de reprodu\u00e7\u00e3o humana e controle da natalidade, assim como a defesa do celibato dos padres.<\/p>\n<p>No ano 2000, o Ano Sagrado em que a Igreja refletiu os seus 2000 anos de Hist\u00f3ria, Jo\u00e3o Paulo II pediu perd\u00e3o pelos pecados cometidos por cat\u00f3lico romanos. Apesar de n\u00e3o ter mencionado erros espec\u00edficos, diversos cardeais reconheceram que o papa se referia \u00e0s injusti\u00e7as e intoler\u00e2ncia do passado relativamente aos n\u00e3o-cat\u00f3licos. Nestes males reconhece-se o per\u00edodo das Cruzadas, da Inquisi\u00e7\u00e3o e a apatia da igreja. O pedido de desculpas precedeu uma desloca\u00e7\u00e3o de Jo\u00e3o Paulo II \u00e0 Terra Santa.<\/p>\n<p>Jo\u00e3o Paulo II resistiu \u00e0 seculariza\u00e7\u00e3o da igreja. Ao redefinir as responsabilidades da laiciza\u00e7\u00e3o, dos padres e das ordens religiosas, rejeitou a ordena\u00e7\u00e3o das mulheres e op\u00f4s-se a participa\u00e7\u00e3o pol\u00edtica e a manuten\u00e7\u00e3o de cargos pol\u00edticos pelos padres. Os seus movimentos ecum\u00eanicos iniciais foram dirigidos para a Igreja Ortodoxa e para o Anglicanismo, e n\u00e3o para o Protestantismo Europeu. Atacado pelo Mal de Parkinson morreu aos 84 anos, no Vaticano, ap\u00f3s dois dias de agonia \u00e0s 21h37 de Roma, 16h37 de Bras\u00edlia, do dia 2 de abril de 2005 em seus aposentos no Pal\u00e1cio Apost\u00f3lico.<\/p>\n<p>Ora\u00e7\u00e3o a S\u00e3o Jo\u00e3o Paulo II<\/p>\n<p>\u00d3 <strong>S\u00e3o Jo\u00e3o Paulo<\/strong>,<br \/>\nda janela do c\u00e9u,<br \/>\nd\u00e1-nos a tua b\u00ean\u00e7\u00e3o!<\/p>\n<p>Aben\u00e7oa a Igreja,<br \/>\nque tu amaste, serviste e guiaste,<br \/>\nincentivando-a a caminhar corajosamente<br \/>\npelos caminhos do mundo,<br \/>\npara levar Jesus a todos<br \/>\ne todos a Jesus!<\/p>\n<p>Aben\u00e7oa os jovens,<br \/>\nque tamb\u00e9m foram tua grande paix\u00e3o.<br \/>\nAjuda-os a voltar a sonhar,<br \/>\nvoltar a dirigir o olhar ao alto<br \/>\npara encontrar a luz que<br \/>\nilumina os caminhos da vida na terra.<\/p>\n<p>Aben\u00e7oa as fam\u00edlias,<br \/>\naben\u00e7oa cada fam\u00edlia!<br \/>\nTu percebeste a a\u00e7\u00e3o de Satan\u00e1s<br \/>\ncontra esta preciosa e indispens\u00e1vel<br \/>\nfa\u00edsca do c\u00e9u que Deus<br \/>\nacendeu sobre a terra.<\/p>\n<p><strong>S\u00e3o Jo\u00e3o Paulo<\/strong>,<br \/>\ncom a tua intercess\u00e3o,<br \/>\nprotege as fam\u00edlias<br \/>\ne cada vida que nasce<br \/>\ndentro da fam\u00edlia.<\/p>\n<p>Roga pelo mundo inteiro,<br \/>\nainda marcado por tens\u00f5es,<br \/>\nguerras e injusti\u00e7as.<br \/>\nTu te opuseste \u00e0 guerra,<br \/>\ninvocando o di\u00e1logo e semeando o amor;<br \/>\nroga por n\u00f3s,<br \/>\npara que sejamos incans\u00e1veis<br \/>\nsemeadores de paz.<\/p>\n<p>\u00d3 <strong>S\u00e3o Jo\u00e3o Paulo<\/strong>,<br \/>\nda janela do c\u00e9u,<br \/>\nonde te vemos junto a Maria,<br \/>\nfaz descer sobre todos n\u00f3s<br \/>\na b\u00ean\u00e7\u00e3o de Deus!<\/p>\n<p>Am\u00e9m.<\/p>\n<p>&nbsp;<\/p>\n<p><strong>24 curiosidades sobre Jo\u00e3o Paulo II<\/strong><\/p>\n<p>1 \u2013 Al\u00e9m de ter sido o primeiro Papa polon\u00eas, foi o primeiro oriundo de um pa\u00eds comunista, enquanto ainda existia a \u201cCortina de Ferro\u201d na Europa. 2 \u2013 Foi um jovem que demonstrou grande interesse pelo teatro e pela literatura polonesa. 3 \u2013 Trabalhou duramente numa pedreira. 4 \u2013 Quando gozou de boa sa\u00fade foi praticante de esqui, montanhismo e remo. 5 \u2013 Foi o primeiro Papa a repetir nomes dos seus dois imediatos predecessores. 6 \u2013 Foi o \u00fanico Papa a ter sido atingido a tiro na rua. 7 \u2013 Foi o \u00fanico pont\u00edfice cat\u00f3lico que deu entrada num hospital p\u00fablico at\u00e9 hoje. 8 \u2013 Segundo uma pesquisa nos EUA, o que mais cativava na sua figura era o sorriso, a devo\u00e7\u00e3o mariana, o dom\u00ednio de v\u00e1rias l\u00ednguas e o seu amor \u00e0s crian\u00e7as e aos pobres. 9 \u2013 Jo\u00e3o Paulo II ocupou o primeiro lugar numa pesquisa que pedia a alunos do secund\u00e1rio de Portugal, Espanha e Am\u00e9rica Latina para indicarem a pessoa que mais admiravam. 10 \u2013 Confessava todas as Sextas-feiras Santas na Bas\u00edlica de S\u00e3o Pedro. 11 \u2013 Batizava na sua capela privada os filhos dos seus amigos ou dos seus mais modestos colaboradores. J\u00e1 casou um serralheiro com uma mecan\u00f3grafa. 12 \u2013 Em mar\u00e7o de 2003, o Vaticano apresentou o sexto livro de poemas m\u00edsticos escritos pelo Papa, o Tr\u00edptico romano. 13 \u2013 Realizou tr\u00eas exorcismos durante o pontificado, sendo o mais conhecido o realizado em uma jovem, em 1982, que se mostrou muito agitada durante a audi\u00eancia geral. 14 \u2013 No dia 13 de abril de 1986 realizou um gesto hist\u00f3rico ao visitar a sinagoga de Roma. 15 \u2013 Pediu perd\u00e3o pelas faltas humanas cometidas pela Igreja Cat\u00f3lica num discurso em 12 de mar\u00e7o de 2000, ano do Jubileu. 16 \u2013 Foi o primeiro Papa a ter rezado numa mesquita, na S\u00edria, um gesto que muitos setores mais conservadores n\u00e3o receberam de bom grado. 17 \u2013 Em maio de 2002 reuniu-se na Pra\u00e7a de S\u00e3o Pedro com centenas de antigas prostitutas, durante a audi\u00eancia geral. 18 \u2013 Nesse mesmo m\u00eas, depois do encontro ecum\u00eanico de ora\u00e7\u00e3o em Assis, enviou uma mensagem aos chefes de Estado convidando-os a adotar 10 compromissos pela paz mundial. 19 \u2013 Recebeu no Vaticano uma delega\u00e7\u00e3o oficial da Igreja Ortodoxa Grega, a primeira desde o cisma de 1054. 20 \u2013 Em agosto de 2002 celebrou uma Missa em Crac\u00f3via que reuniu 2 milh\u00f5es de fi\u00e9is, a maior de toda a hist\u00f3ria. 21 \u2013 No dia 14 de novembro de 2002 visitou o parlamento italiano, algo que o Papa n\u00e3o fazia h\u00e1 150 anos. O seu discurso foi t\u00e3o eloquente que o mafioso Benedetto Marciante, capo da Cosa Nostra, entregou-se \u00e0 pol\u00edcia romana. 22 \u2013 Os pensamentos do Papa est\u00e3o dispon\u00edveis por SMS em v\u00e1rios pa\u00edses. 23 \u2013 Em junho de 2003 completou as 100 viagens apost\u00f3licas, na Cro\u00e1cia. 24 \u2013 Uma montanha do Polo Sul tem o nome do Papa Jo\u00e3o Paulo II como homenagem aos seus 25 anos de pontificado.<\/p>\n<p><a href=\"http:\/\/www.jp2.org.br\/wp-content\/uploads\/2011\/11\/5.jpg\"><img loading=\"lazy\" decoding=\"async\" class=\"alignright size-medium wp-image-446\" title=\"5\" src=\"http:\/\/www.jp2.org.br\/wp-content\/uploads\/2011\/11\/5-223x300.jpg\" alt=\"\" width=\"223\" height=\"300\" \/><\/a><\/p>\n<p>&nbsp;<\/p>\n<p>&nbsp;<\/p>\n<p>&nbsp;<\/p>\n<p>&nbsp;<\/p>\n<p>&nbsp;<\/p>\n<p>&nbsp;<\/p>\n<p>&nbsp;<\/p>\n<p>&nbsp;<\/p>\n<p>&nbsp;<\/p>\n<p>&nbsp;<\/p>\n<p>&nbsp;<\/p>\n<p><a class=\"lightbox\" href=\"http:\/\/www.sidneysilva.com.br\/wp-content\/uploads\/2013\/07\/Joao-Paulo-II.jpg\"><img loading=\"lazy\" decoding=\"async\" class=\"size-full wp-image-17698\" title=\"Joao Paulo II\" src=\"http:\/\/www.sidneysilva.com.br\/wp-content\/uploads\/2013\/07\/Joao-Paulo-II.jpg\" alt=\"\" width=\"600\" height=\"338\" \/><\/a>\u00a0\u00a0\u00a0\u00a0\u00a0\u00a0\u00a0\u00a0\u00a0\u00a0 <img decoding=\"async\" class=\"span12\" src=\"http:\/\/www.aleteia.org\/image\/pt\/article\/oracao-a-sao-joao-paulo-ii-5824079504343040\/joven-abrazando-a-juan-pablo-ii_pt\/topic\" alt=\"\" \/><\/p>\n<p>&nbsp;<\/p>\n<p>&nbsp;<\/p>\n<p>&nbsp;<\/p>\n<div id=\"themify_builder_content-51558\" data-postid=\"51558\" class=\"themify_builder_content themify_builder_content-51558 themify_builder themify_builder_front\">\n\t<\/div>\n<!-- \/themify_builder_content -->","protected":false},"excerpt":{"rendered":"<p>22\u00a0 de Outubro Jo\u00e3o Paulo II (1920-2005) foi Papa da Igreja Cat\u00f3lica Apost\u00f3lica Romana. Teve papel importante para o fim do comunismo na Pol\u00f4nia e em v\u00e1rios pa\u00edses da Europa. Teve o terceiro maior pontificado, que iniciou em 16 de outubro de 1978 e s\u00f3 terminou em 2 de abril de 2005 com sua morte, [&hellip;]<\/p>\n","protected":false},"author":14,"featured_media":0,"comment_status":"open","ping_status":"open","sticky":false,"template":"","format":"standard","meta":{"ngg_post_thumbnail":0,"footnotes":""},"categories":[186],"tags":[],"yoast_head":"<!-- This site is optimized with the Yoast SEO plugin v23.5 - https:\/\/yoast.com\/wordpress\/plugins\/seo\/ -->\n<title>S\u00e3o Jo\u00e3o Paulo II - O Arcanjo no ar<\/title>\n<meta name=\"robots\" content=\"index, follow, max-snippet:-1, max-image-preview:large, max-video-preview:-1\" \/>\n<link rel=\"canonical\" href=\"https:\/\/www.oarcanjo.net\/site\/sao-joao-paulo-ii\/\" \/>\n<meta property=\"og:locale\" content=\"pt_BR\" \/>\n<meta property=\"og:type\" content=\"article\" \/>\n<meta property=\"og:title\" content=\"S\u00e3o Jo\u00e3o Paulo II - O Arcanjo no ar\" \/>\n<meta property=\"og:description\" content=\"22\u00a0 de Outubro Jo\u00e3o Paulo II (1920-2005) foi Papa da Igreja Cat\u00f3lica Apost\u00f3lica Romana. Teve papel importante para o fim do comunismo na Pol\u00f4nia e em v\u00e1rios pa\u00edses da Europa. Teve o terceiro maior pontificado, que iniciou em 16 de outubro de 1978 e s\u00f3 terminou em 2 de abril de 2005 com sua morte, [&hellip;]\" \/>\n<meta property=\"og:url\" content=\"https:\/\/www.oarcanjo.net\/site\/sao-joao-paulo-ii\/\" \/>\n<meta property=\"og:site_name\" content=\"O Arcanjo no ar\" \/>\n<meta property=\"article:publisher\" content=\"https:\/\/www.facebook.com\/OArcanjoNoAr\/\" \/>\n<meta property=\"article:published_time\" content=\"2017-10-22T02:47:47+00:00\" \/>\n<meta property=\"article:modified_time\" content=\"2017-08-11T17:58:26+00:00\" \/>\n<meta property=\"og:image\" content=\"http:\/\/img.cancaonova.com\/cnimages\/canais\/uploads\/sites\/11\/2014\/04\/papa_crianca-234x300.jpg\" \/>\n<meta name=\"author\" content=\"danilo\" \/>\n<meta name=\"twitter:card\" content=\"summary_large_image\" \/>\n<meta name=\"twitter:label1\" content=\"Escrito por\" \/>\n\t<meta name=\"twitter:data1\" content=\"danilo\" \/>\n\t<meta name=\"twitter:label2\" content=\"Est. tempo de leitura\" \/>\n\t<meta name=\"twitter:data2\" content=\"8 minutos\" \/>\n<script type=\"application\/ld+json\" class=\"yoast-schema-graph\">{\"@context\":\"https:\/\/schema.org\",\"@graph\":[{\"@type\":\"Article\",\"@id\":\"https:\/\/www.oarcanjo.net\/site\/sao-joao-paulo-ii\/#article\",\"isPartOf\":{\"@id\":\"https:\/\/www.oarcanjo.net\/site\/sao-joao-paulo-ii\/\"},\"author\":{\"name\":\"danilo\",\"@id\":\"https:\/\/www.oarcanjo.net\/site\/#\/schema\/person\/5eb9480bedd2f3c97e430ce128c29c6c\"},\"headline\":\"S\u00e3o Jo\u00e3o Paulo II\",\"datePublished\":\"2017-10-22T02:47:47+00:00\",\"dateModified\":\"2017-08-11T17:58:26+00:00\",\"mainEntityOfPage\":{\"@id\":\"https:\/\/www.oarcanjo.net\/site\/sao-joao-paulo-ii\/\"},\"wordCount\":1683,\"commentCount\":0,\"publisher\":{\"@id\":\"https:\/\/www.oarcanjo.net\/site\/#organization\"},\"image\":{\"@id\":\"https:\/\/www.oarcanjo.net\/site\/sao-joao-paulo-ii\/#primaryimage\"},\"thumbnailUrl\":\"http:\/\/img.cancaonova.com\/cnimages\/canais\/uploads\/sites\/11\/2014\/04\/papa_crianca-234x300.jpg\",\"articleSection\":[\"Testemunhos\"],\"inLanguage\":\"pt-BR\",\"potentialAction\":[{\"@type\":\"CommentAction\",\"name\":\"Comment\",\"target\":[\"https:\/\/www.oarcanjo.net\/site\/sao-joao-paulo-ii\/#respond\"]}]},{\"@type\":\"WebPage\",\"@id\":\"https:\/\/www.oarcanjo.net\/site\/sao-joao-paulo-ii\/\",\"url\":\"https:\/\/www.oarcanjo.net\/site\/sao-joao-paulo-ii\/\",\"name\":\"S\u00e3o Jo\u00e3o Paulo II - O Arcanjo no ar\",\"isPartOf\":{\"@id\":\"https:\/\/www.oarcanjo.net\/site\/#website\"},\"primaryImageOfPage\":{\"@id\":\"https:\/\/www.oarcanjo.net\/site\/sao-joao-paulo-ii\/#primaryimage\"},\"image\":{\"@id\":\"https:\/\/www.oarcanjo.net\/site\/sao-joao-paulo-ii\/#primaryimage\"},\"thumbnailUrl\":\"http:\/\/img.cancaonova.com\/cnimages\/canais\/uploads\/sites\/11\/2014\/04\/papa_crianca-234x300.jpg\",\"datePublished\":\"2017-10-22T02:47:47+00:00\",\"dateModified\":\"2017-08-11T17:58:26+00:00\",\"breadcrumb\":{\"@id\":\"https:\/\/www.oarcanjo.net\/site\/sao-joao-paulo-ii\/#breadcrumb\"},\"inLanguage\":\"pt-BR\",\"potentialAction\":[{\"@type\":\"ReadAction\",\"target\":[\"https:\/\/www.oarcanjo.net\/site\/sao-joao-paulo-ii\/\"]}]},{\"@type\":\"ImageObject\",\"inLanguage\":\"pt-BR\",\"@id\":\"https:\/\/www.oarcanjo.net\/site\/sao-joao-paulo-ii\/#primaryimage\",\"url\":\"http:\/\/img.cancaonova.com\/cnimages\/canais\/uploads\/sites\/11\/2014\/04\/papa_crianca-234x300.jpg\",\"contentUrl\":\"http:\/\/img.cancaonova.com\/cnimages\/canais\/uploads\/sites\/11\/2014\/04\/papa_crianca-234x300.jpg\"},{\"@type\":\"BreadcrumbList\",\"@id\":\"https:\/\/www.oarcanjo.net\/site\/sao-joao-paulo-ii\/#breadcrumb\",\"itemListElement\":[{\"@type\":\"ListItem\",\"position\":1,\"name\":\"In\u00edcio\",\"item\":\"https:\/\/www.oarcanjo.net\/site\/\"},{\"@type\":\"ListItem\",\"position\":2,\"name\":\"S\u00e3o Jo\u00e3o Paulo II\"}]},{\"@type\":\"WebSite\",\"@id\":\"https:\/\/www.oarcanjo.net\/site\/#website\",\"url\":\"https:\/\/www.oarcanjo.net\/site\/\",\"name\":\"O Arcanjo no ar\",\"description\":\"Site da Par\u00f3quia S\u00e3o Miguel Arcanjo (Arquidiocese de SP)\",\"publisher\":{\"@id\":\"https:\/\/www.oarcanjo.net\/site\/#organization\"},\"potentialAction\":[{\"@type\":\"SearchAction\",\"target\":{\"@type\":\"EntryPoint\",\"urlTemplate\":\"https:\/\/www.oarcanjo.net\/site\/?s={search_term_string}\"},\"query-input\":{\"@type\":\"PropertyValueSpecification\",\"valueRequired\":true,\"valueName\":\"search_term_string\"}}],\"inLanguage\":\"pt-BR\"},{\"@type\":\"Organization\",\"@id\":\"https:\/\/www.oarcanjo.net\/site\/#organization\",\"name\":\"Par\u00f3quia S\u00e3o Miguel Arcanjo\",\"url\":\"https:\/\/www.oarcanjo.net\/site\/\",\"logo\":{\"@type\":\"ImageObject\",\"inLanguage\":\"pt-BR\",\"@id\":\"https:\/\/www.oarcanjo.net\/site\/#\/schema\/logo\/image\/\",\"url\":\"https:\/\/www.oarcanjo.net\/site\/wp-content\/uploads\/LogoOArcanjo.png\",\"contentUrl\":\"https:\/\/www.oarcanjo.net\/site\/wp-content\/uploads\/LogoOArcanjo.png\",\"width\":319,\"height\":99,\"caption\":\"Par\u00f3quia S\u00e3o Miguel Arcanjo\"},\"image\":{\"@id\":\"https:\/\/www.oarcanjo.net\/site\/#\/schema\/logo\/image\/\"},\"sameAs\":[\"https:\/\/www.facebook.com\/OArcanjoNoAr\/\"]},{\"@type\":\"Person\",\"@id\":\"https:\/\/www.oarcanjo.net\/site\/#\/schema\/person\/5eb9480bedd2f3c97e430ce128c29c6c\",\"name\":\"danilo\"}]}<\/script>\n<!-- \/ Yoast SEO plugin. -->","yoast_head_json":{"title":"S\u00e3o Jo\u00e3o Paulo II - O Arcanjo no ar","robots":{"index":"index","follow":"follow","max-snippet":"max-snippet:-1","max-image-preview":"max-image-preview:large","max-video-preview":"max-video-preview:-1"},"canonical":"https:\/\/www.oarcanjo.net\/site\/sao-joao-paulo-ii\/","og_locale":"pt_BR","og_type":"article","og_title":"S\u00e3o Jo\u00e3o Paulo II - O Arcanjo no ar","og_description":"22\u00a0 de Outubro Jo\u00e3o Paulo II (1920-2005) foi Papa da Igreja Cat\u00f3lica Apost\u00f3lica Romana. Teve papel importante para o fim do comunismo na Pol\u00f4nia e em v\u00e1rios pa\u00edses da Europa. Teve o terceiro maior pontificado, que iniciou em 16 de outubro de 1978 e s\u00f3 terminou em 2 de abril de 2005 com sua morte, [&hellip;]","og_url":"https:\/\/www.oarcanjo.net\/site\/sao-joao-paulo-ii\/","og_site_name":"O Arcanjo no ar","article_publisher":"https:\/\/www.facebook.com\/OArcanjoNoAr\/","article_published_time":"2017-10-22T02:47:47+00:00","article_modified_time":"2017-08-11T17:58:26+00:00","og_image":[{"url":"http:\/\/img.cancaonova.com\/cnimages\/canais\/uploads\/sites\/11\/2014\/04\/papa_crianca-234x300.jpg"}],"author":"danilo","twitter_card":"summary_large_image","twitter_misc":{"Escrito por":"danilo","Est. tempo de leitura":"8 minutos"},"schema":{"@context":"https:\/\/schema.org","@graph":[{"@type":"Article","@id":"https:\/\/www.oarcanjo.net\/site\/sao-joao-paulo-ii\/#article","isPartOf":{"@id":"https:\/\/www.oarcanjo.net\/site\/sao-joao-paulo-ii\/"},"author":{"name":"danilo","@id":"https:\/\/www.oarcanjo.net\/site\/#\/schema\/person\/5eb9480bedd2f3c97e430ce128c29c6c"},"headline":"S\u00e3o Jo\u00e3o Paulo II","datePublished":"2017-10-22T02:47:47+00:00","dateModified":"2017-08-11T17:58:26+00:00","mainEntityOfPage":{"@id":"https:\/\/www.oarcanjo.net\/site\/sao-joao-paulo-ii\/"},"wordCount":1683,"commentCount":0,"publisher":{"@id":"https:\/\/www.oarcanjo.net\/site\/#organization"},"image":{"@id":"https:\/\/www.oarcanjo.net\/site\/sao-joao-paulo-ii\/#primaryimage"},"thumbnailUrl":"http:\/\/img.cancaonova.com\/cnimages\/canais\/uploads\/sites\/11\/2014\/04\/papa_crianca-234x300.jpg","articleSection":["Testemunhos"],"inLanguage":"pt-BR","potentialAction":[{"@type":"CommentAction","name":"Comment","target":["https:\/\/www.oarcanjo.net\/site\/sao-joao-paulo-ii\/#respond"]}]},{"@type":"WebPage","@id":"https:\/\/www.oarcanjo.net\/site\/sao-joao-paulo-ii\/","url":"https:\/\/www.oarcanjo.net\/site\/sao-joao-paulo-ii\/","name":"S\u00e3o Jo\u00e3o Paulo II - O Arcanjo no ar","isPartOf":{"@id":"https:\/\/www.oarcanjo.net\/site\/#website"},"primaryImageOfPage":{"@id":"https:\/\/www.oarcanjo.net\/site\/sao-joao-paulo-ii\/#primaryimage"},"image":{"@id":"https:\/\/www.oarcanjo.net\/site\/sao-joao-paulo-ii\/#primaryimage"},"thumbnailUrl":"http:\/\/img.cancaonova.com\/cnimages\/canais\/uploads\/sites\/11\/2014\/04\/papa_crianca-234x300.jpg","datePublished":"2017-10-22T02:47:47+00:00","dateModified":"2017-08-11T17:58:26+00:00","breadcrumb":{"@id":"https:\/\/www.oarcanjo.net\/site\/sao-joao-paulo-ii\/#breadcrumb"},"inLanguage":"pt-BR","potentialAction":[{"@type":"ReadAction","target":["https:\/\/www.oarcanjo.net\/site\/sao-joao-paulo-ii\/"]}]},{"@type":"ImageObject","inLanguage":"pt-BR","@id":"https:\/\/www.oarcanjo.net\/site\/sao-joao-paulo-ii\/#primaryimage","url":"http:\/\/img.cancaonova.com\/cnimages\/canais\/uploads\/sites\/11\/2014\/04\/papa_crianca-234x300.jpg","contentUrl":"http:\/\/img.cancaonova.com\/cnimages\/canais\/uploads\/sites\/11\/2014\/04\/papa_crianca-234x300.jpg"},{"@type":"BreadcrumbList","@id":"https:\/\/www.oarcanjo.net\/site\/sao-joao-paulo-ii\/#breadcrumb","itemListElement":[{"@type":"ListItem","position":1,"name":"In\u00edcio","item":"https:\/\/www.oarcanjo.net\/site\/"},{"@type":"ListItem","position":2,"name":"S\u00e3o Jo\u00e3o Paulo II"}]},{"@type":"WebSite","@id":"https:\/\/www.oarcanjo.net\/site\/#website","url":"https:\/\/www.oarcanjo.net\/site\/","name":"O Arcanjo no ar","description":"Site da Par\u00f3quia S\u00e3o Miguel Arcanjo (Arquidiocese de SP)","publisher":{"@id":"https:\/\/www.oarcanjo.net\/site\/#organization"},"potentialAction":[{"@type":"SearchAction","target":{"@type":"EntryPoint","urlTemplate":"https:\/\/www.oarcanjo.net\/site\/?s={search_term_string}"},"query-input":{"@type":"PropertyValueSpecification","valueRequired":true,"valueName":"search_term_string"}}],"inLanguage":"pt-BR"},{"@type":"Organization","@id":"https:\/\/www.oarcanjo.net\/site\/#organization","name":"Par\u00f3quia S\u00e3o Miguel Arcanjo","url":"https:\/\/www.oarcanjo.net\/site\/","logo":{"@type":"ImageObject","inLanguage":"pt-BR","@id":"https:\/\/www.oarcanjo.net\/site\/#\/schema\/logo\/image\/","url":"https:\/\/www.oarcanjo.net\/site\/wp-content\/uploads\/LogoOArcanjo.png","contentUrl":"https:\/\/www.oarcanjo.net\/site\/wp-content\/uploads\/LogoOArcanjo.png","width":319,"height":99,"caption":"Par\u00f3quia S\u00e3o Miguel Arcanjo"},"image":{"@id":"https:\/\/www.oarcanjo.net\/site\/#\/schema\/logo\/image\/"},"sameAs":["https:\/\/www.facebook.com\/OArcanjoNoAr\/"]},{"@type":"Person","@id":"https:\/\/www.oarcanjo.net\/site\/#\/schema\/person\/5eb9480bedd2f3c97e430ce128c29c6c","name":"danilo"}]}},"publishpress_future_action":{"enabled":false,"date":"2026-05-08 15:12:47","action":"category","newStatus":"draft","terms":[],"taxonomy":"category"},"publishpress_future_workflow_manual_trigger":{"enabledWorkflows":[]},"_links":{"self":[{"href":"https:\/\/www.oarcanjo.net\/site\/wp-json\/wp\/v2\/posts\/51558"}],"collection":[{"href":"https:\/\/www.oarcanjo.net\/site\/wp-json\/wp\/v2\/posts"}],"about":[{"href":"https:\/\/www.oarcanjo.net\/site\/wp-json\/wp\/v2\/types\/post"}],"author":[{"embeddable":true,"href":"https:\/\/www.oarcanjo.net\/site\/wp-json\/wp\/v2\/users\/14"}],"replies":[{"embeddable":true,"href":"https:\/\/www.oarcanjo.net\/site\/wp-json\/wp\/v2\/comments?post=51558"}],"version-history":[{"count":0,"href":"https:\/\/www.oarcanjo.net\/site\/wp-json\/wp\/v2\/posts\/51558\/revisions"}],"wp:attachment":[{"href":"https:\/\/www.oarcanjo.net\/site\/wp-json\/wp\/v2\/media?parent=51558"}],"wp:term":[{"taxonomy":"category","embeddable":true,"href":"https:\/\/www.oarcanjo.net\/site\/wp-json\/wp\/v2\/categories?post=51558"},{"taxonomy":"post_tag","embeddable":true,"href":"https:\/\/www.oarcanjo.net\/site\/wp-json\/wp\/v2\/tags?post=51558"}],"curies":[{"name":"wp","href":"https:\/\/api.w.org\/{rel}","templated":true}]}}