
{"id":5172,"date":"2009-10-03T08:00:18","date_gmt":"2009-10-03T11:00:18","guid":{"rendered":"http:\/\/www.oarcanjo.net\/site\/?p=5172"},"modified":"2009-09-22T11:51:42","modified_gmt":"2009-09-22T14:51:42","slug":"a-harmonia-em-francisco-de-assis","status":"publish","type":"post","link":"https:\/\/www.oarcanjo.net\/site\/a-harmonia-em-francisco-de-assis\/","title":{"rendered":"A harmonia em Francisco de Assis"},"content":{"rendered":"<p>Pe Geovane Saraiva<\/p>\n<p>S\u00e3o Francisco s\u00f3 viveu quarenta e quatro anos, de 1182 a 1226, mas foi o suficiente para anunciar o Evangelho em harmonia com todas as realidades existentes, come\u00e7ando com a pr\u00f3pria natureza, levando a todos e a tudo uma mensagem de paz. Por isso ele \u00e9 respeitado em todas as religi\u00f5es, pelo seu jeito de viver, totalmente encarnado e identificado com Nosso Senhor Jesus Cristo, como o arauto da paz verdadeira e duradoura. Da\u00ed a bel\u00edssima ora\u00e7\u00e3o atribu\u00edda ao pobrezinho de Assis: &#8220;Senhor, fazei-me instrumento da vossa paz&#8230;&#8221;.<\/p>\n<p>Francisco de Assis, quando jovem, sonhou com a gl\u00f3ria militar, chegando a participar de uma guerra entre as cidades de Assis e Per\u00fagia, mas n\u00e3o obtendo nenhum sucesso, a ponto pegar uma dura pris\u00e3o, por um ano. Ao iniciar uma nova aventura militar, passa por uma crise de consci\u00eancia, a ponto de ser questionado profundamente quanto \u00e0 a\u00e7\u00e3o militar. Voltou para sua terra natal e, aos poucos, foi amadurecendo nele uma radical convers\u00e3o.<\/p>\n<p>Deus o chamava a dizer: n\u00e3o as vaidades do mundo, n\u00e3o a gl\u00f3ria militar, n\u00e3o a ambi\u00e7\u00e3o do com\u00e9rcio. Mas sim a imita\u00e7\u00e3o radical da pobreza de Cristo. Francisco de Assis foi t\u00e3o profundo em viver o exerc\u00edcio da caridade, nos pobres, fazendo um firme prop\u00f3sito de nunca negar-lhes um aux\u00edlio ou esmola. N\u00e3o tendo nada, mas nada mesmo para oferecer a um mendigo, tirou o seu manto novo e o trocou pelo manto esfarrapado daquele pobre mendigo.<\/p>\n<p>Dois anos antes de morrer, com sua vontade louca de assemelhar-se ao Cristo, Deus entrou na sua vida de modo ainda mais profundo, atrav\u00e9s da chagas, ficando impresso no seu corpo os sinais da paix\u00e3o de Nosso Senhor Jesus Cristo, totalmente identificado com &#8220;Servo Sofredor&#8221; &#8211; &#8220;N\u00e3o sei se eras Francisco ou se Cristo eras&#8221;.<\/p>\n<p>O Santo de Assis acolheu sua miss\u00e3o, ao abra\u00e7ar o mist\u00e9rio da cruz, numa demonstra\u00e7\u00e3o de coragem e de f\u00e9 inabal\u00e1vel. Aceitou tudo por amor, canalizando dentro da virtude da humildade, com a clara consci\u00eancia de que todas as gra\u00e7as concedidas pelo o Esp\u00edrito Santo de Deus, a mais preciosa \u00e9 a ren\u00fancia.<\/p>\n<p>Francisco de Assis foi a figura humana mais importante e atraente do mil\u00eanio que passou, conhecido em todo planeta. E \u00e9 precisamente a partir dele que a f\u00e9 passou a ser vivida de um modo diferente, porque ele foi ao extremo, foi \u00e0s ra\u00edzes.<\/p>\n<p>No C\u00e2ntico das Criaturas vemos um Francisco de Assis amando e respeitando a criatura humana e, ao mesmo tempo, protegendo os animais e plantas, chamando-os com a maior ternura, de irm\u00e3os e irm\u00e3s. Para ele, tamb\u00e9m a chuva, o vento e o fogo deveriam ser carinhosamente respeitados como irm\u00e3os.<\/p>\n<div id=\"themify_builder_content-5172\" data-postid=\"5172\" class=\"themify_builder_content themify_builder_content-5172 themify_builder themify_builder_front\">\n\t<\/div>\n<!-- \/themify_builder_content -->","protected":false},"excerpt":{"rendered":"<p>Pe Geovane Saraiva S\u00e3o Francisco s\u00f3 viveu quarenta e quatro anos, de 1182 a 1226, mas foi o suficiente para anunciar o Evangelho em harmonia com todas as realidades existentes, come\u00e7ando com a pr\u00f3pria natureza, levando a todos e a tudo uma mensagem de paz. Por isso ele \u00e9 respeitado em todas as religi\u00f5es, pelo [&hellip;]<\/p>\n","protected":false},"author":5,"featured_media":0,"comment_status":"open","ping_status":"open","sticky":false,"template":"","format":"standard","meta":{"ngg_post_thumbnail":0,"footnotes":""},"categories":[8],"tags":[105,1068,100,104,1067,37,732],"yoast_head":"<!-- This site is optimized with the Yoast SEO plugin v23.5 - https:\/\/yoast.com\/wordpress\/plugins\/seo\/ -->\n<title>A harmonia em Francisco de Assis - O Arcanjo no ar<\/title>\n<meta name=\"robots\" content=\"index, follow, max-snippet:-1, max-image-preview:large, max-video-preview:-1\" \/>\n<link rel=\"canonical\" href=\"https:\/\/www.oarcanjo.net\/site\/a-harmonia-em-francisco-de-assis\/\" \/>\n<meta property=\"og:locale\" content=\"pt_BR\" \/>\n<meta property=\"og:type\" content=\"article\" \/>\n<meta property=\"og:title\" content=\"A harmonia em Francisco de Assis - O Arcanjo no ar\" \/>\n<meta property=\"og:description\" content=\"Pe Geovane Saraiva S\u00e3o Francisco s\u00f3 viveu quarenta e quatro anos, de 1182 a 1226, mas foi o suficiente para anunciar o Evangelho em harmonia com todas as realidades existentes, come\u00e7ando com a pr\u00f3pria natureza, levando a todos e a tudo uma mensagem de paz. Por isso ele \u00e9 respeitado em todas as religi\u00f5es, pelo [&hellip;]\" \/>\n<meta property=\"og:url\" content=\"https:\/\/www.oarcanjo.net\/site\/a-harmonia-em-francisco-de-assis\/\" \/>\n<meta property=\"og:site_name\" content=\"O Arcanjo no ar\" \/>\n<meta property=\"article:publisher\" content=\"https:\/\/www.facebook.com\/OArcanjoNoAr\/\" \/>\n<meta property=\"article:published_time\" content=\"2009-10-03T11:00:18+00:00\" \/>\n<meta property=\"article:modified_time\" content=\"2009-09-22T14:51:42+00:00\" \/>\n<meta property=\"og:image\" content=\"https:\/\/www.oarcanjo.net\/site\/wp-content\/uploads\/logo-o-arcanjo-no-ar-facebook.png\" \/>\n\t<meta property=\"og:image:width\" content=\"300\" \/>\n\t<meta property=\"og:image:height\" content=\"300\" \/>\n\t<meta property=\"og:image:type\" content=\"image\/png\" \/>\n<meta name=\"author\" content=\"editor\" \/>\n<meta name=\"twitter:card\" content=\"summary_large_image\" \/>\n<meta name=\"twitter:label1\" content=\"Escrito por\" \/>\n\t<meta name=\"twitter:data1\" content=\"editor\" \/>\n\t<meta name=\"twitter:label2\" content=\"Est. tempo de leitura\" \/>\n\t<meta name=\"twitter:data2\" content=\"2 minutos\" \/>\n<script type=\"application\/ld+json\" class=\"yoast-schema-graph\">{\"@context\":\"https:\/\/schema.org\",\"@graph\":[{\"@type\":\"Article\",\"@id\":\"https:\/\/www.oarcanjo.net\/site\/a-harmonia-em-francisco-de-assis\/#article\",\"isPartOf\":{\"@id\":\"https:\/\/www.oarcanjo.net\/site\/a-harmonia-em-francisco-de-assis\/\"},\"author\":{\"name\":\"editor\",\"@id\":\"https:\/\/www.oarcanjo.net\/site\/#\/schema\/person\/f7024d007863202483a31326673a0838\"},\"headline\":\"A harmonia em Francisco de Assis\",\"datePublished\":\"2009-10-03T11:00:18+00:00\",\"dateModified\":\"2009-09-22T14:51:42+00:00\",\"mainEntityOfPage\":{\"@id\":\"https:\/\/www.oarcanjo.net\/site\/a-harmonia-em-francisco-de-assis\/\"},\"wordCount\":488,\"commentCount\":1,\"publisher\":{\"@id\":\"https:\/\/www.oarcanjo.net\/site\/#organization\"},\"keywords\":[\"ambiente\",\"C\u00e2ntico das Criaturas\",\"caridade\",\"ecologia\",\"harmonia\",\"pobreza\",\"S\u00e3o Francisco de Assis\"],\"articleSection\":[\"Not\u00edcias\"],\"inLanguage\":\"pt-BR\",\"potentialAction\":[{\"@type\":\"CommentAction\",\"name\":\"Comment\",\"target\":[\"https:\/\/www.oarcanjo.net\/site\/a-harmonia-em-francisco-de-assis\/#respond\"]}]},{\"@type\":\"WebPage\",\"@id\":\"https:\/\/www.oarcanjo.net\/site\/a-harmonia-em-francisco-de-assis\/\",\"url\":\"https:\/\/www.oarcanjo.net\/site\/a-harmonia-em-francisco-de-assis\/\",\"name\":\"A harmonia em Francisco de Assis - O Arcanjo no ar\",\"isPartOf\":{\"@id\":\"https:\/\/www.oarcanjo.net\/site\/#website\"},\"datePublished\":\"2009-10-03T11:00:18+00:00\",\"dateModified\":\"2009-09-22T14:51:42+00:00\",\"breadcrumb\":{\"@id\":\"https:\/\/www.oarcanjo.net\/site\/a-harmonia-em-francisco-de-assis\/#breadcrumb\"},\"inLanguage\":\"pt-BR\",\"potentialAction\":[{\"@type\":\"ReadAction\",\"target\":[\"https:\/\/www.oarcanjo.net\/site\/a-harmonia-em-francisco-de-assis\/\"]}]},{\"@type\":\"BreadcrumbList\",\"@id\":\"https:\/\/www.oarcanjo.net\/site\/a-harmonia-em-francisco-de-assis\/#breadcrumb\",\"itemListElement\":[{\"@type\":\"ListItem\",\"position\":1,\"name\":\"In\u00edcio\",\"item\":\"https:\/\/www.oarcanjo.net\/site\/\"},{\"@type\":\"ListItem\",\"position\":2,\"name\":\"A harmonia em Francisco de Assis\"}]},{\"@type\":\"WebSite\",\"@id\":\"https:\/\/www.oarcanjo.net\/site\/#website\",\"url\":\"https:\/\/www.oarcanjo.net\/site\/\",\"name\":\"O Arcanjo no ar\",\"description\":\"Site da Par\u00f3quia S\u00e3o Miguel Arcanjo (Arquidiocese de SP)\",\"publisher\":{\"@id\":\"https:\/\/www.oarcanjo.net\/site\/#organization\"},\"potentialAction\":[{\"@type\":\"SearchAction\",\"target\":{\"@type\":\"EntryPoint\",\"urlTemplate\":\"https:\/\/www.oarcanjo.net\/site\/?s={search_term_string}\"},\"query-input\":{\"@type\":\"PropertyValueSpecification\",\"valueRequired\":true,\"valueName\":\"search_term_string\"}}],\"inLanguage\":\"pt-BR\"},{\"@type\":\"Organization\",\"@id\":\"https:\/\/www.oarcanjo.net\/site\/#organization\",\"name\":\"Par\u00f3quia S\u00e3o Miguel Arcanjo\",\"url\":\"https:\/\/www.oarcanjo.net\/site\/\",\"logo\":{\"@type\":\"ImageObject\",\"inLanguage\":\"pt-BR\",\"@id\":\"https:\/\/www.oarcanjo.net\/site\/#\/schema\/logo\/image\/\",\"url\":\"https:\/\/www.oarcanjo.net\/site\/wp-content\/uploads\/LogoOArcanjo.png\",\"contentUrl\":\"https:\/\/www.oarcanjo.net\/site\/wp-content\/uploads\/LogoOArcanjo.png\",\"width\":319,\"height\":99,\"caption\":\"Par\u00f3quia S\u00e3o Miguel Arcanjo\"},\"image\":{\"@id\":\"https:\/\/www.oarcanjo.net\/site\/#\/schema\/logo\/image\/\"},\"sameAs\":[\"https:\/\/www.facebook.com\/OArcanjoNoAr\/\"]},{\"@type\":\"Person\",\"@id\":\"https:\/\/www.oarcanjo.net\/site\/#\/schema\/person\/f7024d007863202483a31326673a0838\",\"name\":\"editor\",\"sameAs\":[\"http:\/\/www.oarcanjo.net\"]}]}<\/script>\n<!-- \/ Yoast SEO plugin. -->","yoast_head_json":{"title":"A harmonia em Francisco de Assis - O Arcanjo no ar","robots":{"index":"index","follow":"follow","max-snippet":"max-snippet:-1","max-image-preview":"max-image-preview:large","max-video-preview":"max-video-preview:-1"},"canonical":"https:\/\/www.oarcanjo.net\/site\/a-harmonia-em-francisco-de-assis\/","og_locale":"pt_BR","og_type":"article","og_title":"A harmonia em Francisco de Assis - O Arcanjo no ar","og_description":"Pe Geovane Saraiva S\u00e3o Francisco s\u00f3 viveu quarenta e quatro anos, de 1182 a 1226, mas foi o suficiente para anunciar o Evangelho em harmonia com todas as realidades existentes, come\u00e7ando com a pr\u00f3pria natureza, levando a todos e a tudo uma mensagem de paz. Por isso ele \u00e9 respeitado em todas as religi\u00f5es, pelo [&hellip;]","og_url":"https:\/\/www.oarcanjo.net\/site\/a-harmonia-em-francisco-de-assis\/","og_site_name":"O Arcanjo no ar","article_publisher":"https:\/\/www.facebook.com\/OArcanjoNoAr\/","article_published_time":"2009-10-03T11:00:18+00:00","article_modified_time":"2009-09-22T14:51:42+00:00","og_image":[{"width":300,"height":300,"url":"https:\/\/www.oarcanjo.net\/site\/wp-content\/uploads\/logo-o-arcanjo-no-ar-facebook.png","type":"image\/png"}],"author":"editor","twitter_card":"summary_large_image","twitter_misc":{"Escrito por":"editor","Est. tempo de leitura":"2 minutos"},"schema":{"@context":"https:\/\/schema.org","@graph":[{"@type":"Article","@id":"https:\/\/www.oarcanjo.net\/site\/a-harmonia-em-francisco-de-assis\/#article","isPartOf":{"@id":"https:\/\/www.oarcanjo.net\/site\/a-harmonia-em-francisco-de-assis\/"},"author":{"name":"editor","@id":"https:\/\/www.oarcanjo.net\/site\/#\/schema\/person\/f7024d007863202483a31326673a0838"},"headline":"A harmonia em Francisco de Assis","datePublished":"2009-10-03T11:00:18+00:00","dateModified":"2009-09-22T14:51:42+00:00","mainEntityOfPage":{"@id":"https:\/\/www.oarcanjo.net\/site\/a-harmonia-em-francisco-de-assis\/"},"wordCount":488,"commentCount":1,"publisher":{"@id":"https:\/\/www.oarcanjo.net\/site\/#organization"},"keywords":["ambiente","C\u00e2ntico das Criaturas","caridade","ecologia","harmonia","pobreza","S\u00e3o Francisco de Assis"],"articleSection":["Not\u00edcias"],"inLanguage":"pt-BR","potentialAction":[{"@type":"CommentAction","name":"Comment","target":["https:\/\/www.oarcanjo.net\/site\/a-harmonia-em-francisco-de-assis\/#respond"]}]},{"@type":"WebPage","@id":"https:\/\/www.oarcanjo.net\/site\/a-harmonia-em-francisco-de-assis\/","url":"https:\/\/www.oarcanjo.net\/site\/a-harmonia-em-francisco-de-assis\/","name":"A harmonia em Francisco de Assis - O Arcanjo no ar","isPartOf":{"@id":"https:\/\/www.oarcanjo.net\/site\/#website"},"datePublished":"2009-10-03T11:00:18+00:00","dateModified":"2009-09-22T14:51:42+00:00","breadcrumb":{"@id":"https:\/\/www.oarcanjo.net\/site\/a-harmonia-em-francisco-de-assis\/#breadcrumb"},"inLanguage":"pt-BR","potentialAction":[{"@type":"ReadAction","target":["https:\/\/www.oarcanjo.net\/site\/a-harmonia-em-francisco-de-assis\/"]}]},{"@type":"BreadcrumbList","@id":"https:\/\/www.oarcanjo.net\/site\/a-harmonia-em-francisco-de-assis\/#breadcrumb","itemListElement":[{"@type":"ListItem","position":1,"name":"In\u00edcio","item":"https:\/\/www.oarcanjo.net\/site\/"},{"@type":"ListItem","position":2,"name":"A harmonia em Francisco de Assis"}]},{"@type":"WebSite","@id":"https:\/\/www.oarcanjo.net\/site\/#website","url":"https:\/\/www.oarcanjo.net\/site\/","name":"O Arcanjo no ar","description":"Site da Par\u00f3quia S\u00e3o Miguel Arcanjo (Arquidiocese de SP)","publisher":{"@id":"https:\/\/www.oarcanjo.net\/site\/#organization"},"potentialAction":[{"@type":"SearchAction","target":{"@type":"EntryPoint","urlTemplate":"https:\/\/www.oarcanjo.net\/site\/?s={search_term_string}"},"query-input":{"@type":"PropertyValueSpecification","valueRequired":true,"valueName":"search_term_string"}}],"inLanguage":"pt-BR"},{"@type":"Organization","@id":"https:\/\/www.oarcanjo.net\/site\/#organization","name":"Par\u00f3quia S\u00e3o Miguel Arcanjo","url":"https:\/\/www.oarcanjo.net\/site\/","logo":{"@type":"ImageObject","inLanguage":"pt-BR","@id":"https:\/\/www.oarcanjo.net\/site\/#\/schema\/logo\/image\/","url":"https:\/\/www.oarcanjo.net\/site\/wp-content\/uploads\/LogoOArcanjo.png","contentUrl":"https:\/\/www.oarcanjo.net\/site\/wp-content\/uploads\/LogoOArcanjo.png","width":319,"height":99,"caption":"Par\u00f3quia S\u00e3o Miguel Arcanjo"},"image":{"@id":"https:\/\/www.oarcanjo.net\/site\/#\/schema\/logo\/image\/"},"sameAs":["https:\/\/www.facebook.com\/OArcanjoNoAr\/"]},{"@type":"Person","@id":"https:\/\/www.oarcanjo.net\/site\/#\/schema\/person\/f7024d007863202483a31326673a0838","name":"editor","sameAs":["http:\/\/www.oarcanjo.net"]}]}},"publishpress_future_action":{"enabled":false,"date":"2026-05-09 02:54:12","action":"category","newStatus":"draft","terms":[],"taxonomy":"category"},"publishpress_future_workflow_manual_trigger":{"enabledWorkflows":[]},"_links":{"self":[{"href":"https:\/\/www.oarcanjo.net\/site\/wp-json\/wp\/v2\/posts\/5172"}],"collection":[{"href":"https:\/\/www.oarcanjo.net\/site\/wp-json\/wp\/v2\/posts"}],"about":[{"href":"https:\/\/www.oarcanjo.net\/site\/wp-json\/wp\/v2\/types\/post"}],"author":[{"embeddable":true,"href":"https:\/\/www.oarcanjo.net\/site\/wp-json\/wp\/v2\/users\/5"}],"replies":[{"embeddable":true,"href":"https:\/\/www.oarcanjo.net\/site\/wp-json\/wp\/v2\/comments?post=5172"}],"version-history":[{"count":0,"href":"https:\/\/www.oarcanjo.net\/site\/wp-json\/wp\/v2\/posts\/5172\/revisions"}],"wp:attachment":[{"href":"https:\/\/www.oarcanjo.net\/site\/wp-json\/wp\/v2\/media?parent=5172"}],"wp:term":[{"taxonomy":"category","embeddable":true,"href":"https:\/\/www.oarcanjo.net\/site\/wp-json\/wp\/v2\/categories?post=5172"},{"taxonomy":"post_tag","embeddable":true,"href":"https:\/\/www.oarcanjo.net\/site\/wp-json\/wp\/v2\/tags?post=5172"}],"curies":[{"name":"wp","href":"https:\/\/api.w.org\/{rel}","templated":true}]}}