
{"id":52388,"date":"2014-10-05T18:07:01","date_gmt":"2014-10-05T21:07:01","guid":{"rendered":"http:\/\/www.oarcanjo.net\/site\/?p=52388"},"modified":"2014-10-05T18:09:37","modified_gmt":"2014-10-05T21:09:37","slug":"igreja-lanca-campanha-missao-para-libertar-no-mes-das-missoes","status":"publish","type":"post","link":"https:\/\/www.oarcanjo.net\/site\/igreja-lanca-campanha-missao-para-libertar-no-mes-das-missoes\/","title":{"rendered":"No M\u00eas das Miss\u00f5es, Igreja lan\u00e7a campanha &#8220;Miss\u00e3o para Libertar&#8221;"},"content":{"rendered":"<p><img loading=\"lazy\" decoding=\"async\" class=\"alignnone size-full wp-image-52391\" src=\"http:\/\/www.oarcanjo.net\/site\/wp-content\/uploads\/banner_chamada-campanha-2014.jpg\" alt=\"banner-campanha-missionaria-2014\" width=\"551\" height=\"273\" srcset=\"https:\/\/www.oarcanjo.net\/site\/wp-content\/uploads\/banner_chamada-campanha-2014.jpg 551w, https:\/\/www.oarcanjo.net\/site\/wp-content\/uploads\/banner_chamada-campanha-2014-300x148.jpg 300w\" sizes=\"(max-width: 551px) 100vw, 551px\" \/><\/p>\n<p>Outubro \u00e9 M\u00eas das Miss\u00f5es. Nesse per\u00edodo, a Igreja Cat\u00f3lica desenvolve a campanha mission\u00e1ria, que em 2014 tem como tema &#8220;<strong>Miss\u00e3o para libertar<\/strong>&#8220;, tratando do tr\u00e1fico humano e do trabalho escravo, quest\u00f5es abordadas tamb\u00e9m na Campanha da Fraternidade.<\/p>\n<p>Nas missas de domingo, 05\/10, a comunidade S\u00e3o Miguel Arcanjo distribuiu envelopes para coletar apoio \u00e0 campanha e as crian\u00e7as receberam um cofrinho para participar. Mais detalhes nos avisos paroquiais da semana:<\/p>\n<p><iframe loading=\"lazy\" src=\"\/\/www.youtube.com\/embed\/cVMlZ-dkp4w?rel=0\" width=\"640\" height=\"360\" frameborder=\"0\" allowfullscreen=\"allowfullscreen\"><\/iframe><\/p>\n<p>Grava\u00e7\u00e3o realizada na missa das 10h na capela da Universidade S\u00e3o Judas Tadeu, em S\u00e3o Paulo.<\/p>\n<div id=\"themify_builder_content-52388\" data-postid=\"52388\" class=\"themify_builder_content themify_builder_content-52388 themify_builder themify_builder_front\">\n\t<\/div>\n<!-- \/themify_builder_content -->","protected":false},"excerpt":{"rendered":"<p>Outubro \u00e9 M\u00eas das Miss\u00f5es. Nesse per\u00edodo, a Igreja Cat\u00f3lica desenvolve a campanha mission\u00e1ria, que em 2014 tem como tema &#8220;Miss\u00e3o para libertar&#8220;, tratando do tr\u00e1fico humano e do trabalho escravo, quest\u00f5es abordadas tamb\u00e9m na Campanha da Fraternidade. Nas missas de domingo, 05\/10, a comunidade S\u00e3o Miguel Arcanjo distribuiu envelopes para coletar apoio \u00e0 campanha [&hellip;]<\/p>\n","protected":false},"author":5,"featured_media":0,"comment_status":"open","ping_status":"open","sticky":false,"template":"","format":"standard","meta":{"ngg_post_thumbnail":0,"footnotes":""},"categories":[476,8],"tags":[2100,560,3131,691,2857],"yoast_head":"<!-- This site is optimized with the Yoast SEO plugin v23.5 - https:\/\/yoast.com\/wordpress\/plugins\/seo\/ -->\n<title>No M\u00eas das Miss\u00f5es, Igreja lan\u00e7a campanha &quot;Miss\u00e3o para Libertar&quot; - O Arcanjo no ar<\/title>\n<meta name=\"robots\" content=\"index, follow, max-snippet:-1, max-image-preview:large, max-video-preview:-1\" \/>\n<link rel=\"canonical\" href=\"https:\/\/www.oarcanjo.net\/site\/igreja-lanca-campanha-missao-para-libertar-no-mes-das-missoes\/\" \/>\n<meta property=\"og:locale\" content=\"pt_BR\" \/>\n<meta property=\"og:type\" content=\"article\" \/>\n<meta property=\"og:title\" content=\"No M\u00eas das Miss\u00f5es, Igreja lan\u00e7a campanha &quot;Miss\u00e3o para Libertar&quot; - O Arcanjo no ar\" \/>\n<meta property=\"og:description\" content=\"Outubro \u00e9 M\u00eas das Miss\u00f5es. Nesse per\u00edodo, a Igreja Cat\u00f3lica desenvolve a campanha mission\u00e1ria, que em 2014 tem como tema &#8220;Miss\u00e3o para libertar&#8220;, tratando do tr\u00e1fico humano e do trabalho escravo, quest\u00f5es abordadas tamb\u00e9m na Campanha da Fraternidade. Nas missas de domingo, 05\/10, a comunidade S\u00e3o Miguel Arcanjo distribuiu envelopes para coletar apoio \u00e0 campanha [&hellip;]\" \/>\n<meta property=\"og:url\" content=\"https:\/\/www.oarcanjo.net\/site\/igreja-lanca-campanha-missao-para-libertar-no-mes-das-missoes\/\" \/>\n<meta property=\"og:site_name\" content=\"O Arcanjo no ar\" \/>\n<meta property=\"article:publisher\" content=\"https:\/\/www.facebook.com\/OArcanjoNoAr\/\" \/>\n<meta property=\"article:published_time\" content=\"2014-10-05T21:07:01+00:00\" \/>\n<meta property=\"article:modified_time\" content=\"2014-10-05T21:09:37+00:00\" \/>\n<meta property=\"og:image\" content=\"http:\/\/www.oarcanjo.net\/site\/wp-content\/uploads\/banner_chamada-campanha-2014.jpg\" \/>\n<meta name=\"author\" content=\"editor\" \/>\n<meta name=\"twitter:card\" content=\"summary_large_image\" \/>\n<meta name=\"twitter:label1\" content=\"Escrito por\" \/>\n\t<meta name=\"twitter:data1\" content=\"editor\" \/>\n<script type=\"application\/ld+json\" class=\"yoast-schema-graph\">{\"@context\":\"https:\/\/schema.org\",\"@graph\":[{\"@type\":\"Article\",\"@id\":\"https:\/\/www.oarcanjo.net\/site\/igreja-lanca-campanha-missao-para-libertar-no-mes-das-missoes\/#article\",\"isPartOf\":{\"@id\":\"https:\/\/www.oarcanjo.net\/site\/igreja-lanca-campanha-missao-para-libertar-no-mes-das-missoes\/\"},\"author\":{\"name\":\"editor\",\"@id\":\"https:\/\/www.oarcanjo.net\/site\/#\/schema\/person\/f7024d007863202483a31326673a0838\"},\"headline\":\"No M\u00eas das Miss\u00f5es, Igreja lan\u00e7a campanha &#8220;Miss\u00e3o para Libertar&#8221;\",\"datePublished\":\"2014-10-05T21:07:01+00:00\",\"dateModified\":\"2014-10-05T21:09:37+00:00\",\"mainEntityOfPage\":{\"@id\":\"https:\/\/www.oarcanjo.net\/site\/igreja-lanca-campanha-missao-para-libertar-no-mes-das-missoes\/\"},\"wordCount\":110,\"commentCount\":0,\"publisher\":{\"@id\":\"https:\/\/www.oarcanjo.net\/site\/#organization\"},\"image\":{\"@id\":\"https:\/\/www.oarcanjo.net\/site\/igreja-lanca-campanha-missao-para-libertar-no-mes-das-missoes\/#primaryimage\"},\"thumbnailUrl\":\"http:\/\/www.oarcanjo.net\/site\/wp-content\/uploads\/banner_chamada-campanha-2014.jpg\",\"keywords\":[\"Campanha Mission\u00e1ria\",\"escravid\u00e3o\",\"M\u00eas da Miss\u00f5es\",\"trabalho escravo\",\"tr\u00e1fico humano\"],\"articleSection\":[\"Avisos\",\"Not\u00edcias\"],\"inLanguage\":\"pt-BR\",\"potentialAction\":[{\"@type\":\"CommentAction\",\"name\":\"Comment\",\"target\":[\"https:\/\/www.oarcanjo.net\/site\/igreja-lanca-campanha-missao-para-libertar-no-mes-das-missoes\/#respond\"]}]},{\"@type\":\"WebPage\",\"@id\":\"https:\/\/www.oarcanjo.net\/site\/igreja-lanca-campanha-missao-para-libertar-no-mes-das-missoes\/\",\"url\":\"https:\/\/www.oarcanjo.net\/site\/igreja-lanca-campanha-missao-para-libertar-no-mes-das-missoes\/\",\"name\":\"No M\u00eas das Miss\u00f5es, Igreja lan\u00e7a campanha \\\"Miss\u00e3o para Libertar\\\" - O Arcanjo no ar\",\"isPartOf\":{\"@id\":\"https:\/\/www.oarcanjo.net\/site\/#website\"},\"primaryImageOfPage\":{\"@id\":\"https:\/\/www.oarcanjo.net\/site\/igreja-lanca-campanha-missao-para-libertar-no-mes-das-missoes\/#primaryimage\"},\"image\":{\"@id\":\"https:\/\/www.oarcanjo.net\/site\/igreja-lanca-campanha-missao-para-libertar-no-mes-das-missoes\/#primaryimage\"},\"thumbnailUrl\":\"http:\/\/www.oarcanjo.net\/site\/wp-content\/uploads\/banner_chamada-campanha-2014.jpg\",\"datePublished\":\"2014-10-05T21:07:01+00:00\",\"dateModified\":\"2014-10-05T21:09:37+00:00\",\"breadcrumb\":{\"@id\":\"https:\/\/www.oarcanjo.net\/site\/igreja-lanca-campanha-missao-para-libertar-no-mes-das-missoes\/#breadcrumb\"},\"inLanguage\":\"pt-BR\",\"potentialAction\":[{\"@type\":\"ReadAction\",\"target\":[\"https:\/\/www.oarcanjo.net\/site\/igreja-lanca-campanha-missao-para-libertar-no-mes-das-missoes\/\"]}]},{\"@type\":\"ImageObject\",\"inLanguage\":\"pt-BR\",\"@id\":\"https:\/\/www.oarcanjo.net\/site\/igreja-lanca-campanha-missao-para-libertar-no-mes-das-missoes\/#primaryimage\",\"url\":\"https:\/\/www.oarcanjo.net\/site\/wp-content\/uploads\/banner_chamada-campanha-2014.jpg\",\"contentUrl\":\"https:\/\/www.oarcanjo.net\/site\/wp-content\/uploads\/banner_chamada-campanha-2014.jpg\",\"width\":551,\"height\":273},{\"@type\":\"BreadcrumbList\",\"@id\":\"https:\/\/www.oarcanjo.net\/site\/igreja-lanca-campanha-missao-para-libertar-no-mes-das-missoes\/#breadcrumb\",\"itemListElement\":[{\"@type\":\"ListItem\",\"position\":1,\"name\":\"In\u00edcio\",\"item\":\"https:\/\/www.oarcanjo.net\/site\/\"},{\"@type\":\"ListItem\",\"position\":2,\"name\":\"No M\u00eas das Miss\u00f5es, Igreja lan\u00e7a campanha &#8220;Miss\u00e3o para Libertar&#8221;\"}]},{\"@type\":\"WebSite\",\"@id\":\"https:\/\/www.oarcanjo.net\/site\/#website\",\"url\":\"https:\/\/www.oarcanjo.net\/site\/\",\"name\":\"O Arcanjo no ar\",\"description\":\"Site da Par\u00f3quia S\u00e3o Miguel Arcanjo (Arquidiocese de SP)\",\"publisher\":{\"@id\":\"https:\/\/www.oarcanjo.net\/site\/#organization\"},\"potentialAction\":[{\"@type\":\"SearchAction\",\"target\":{\"@type\":\"EntryPoint\",\"urlTemplate\":\"https:\/\/www.oarcanjo.net\/site\/?s={search_term_string}\"},\"query-input\":{\"@type\":\"PropertyValueSpecification\",\"valueRequired\":true,\"valueName\":\"search_term_string\"}}],\"inLanguage\":\"pt-BR\"},{\"@type\":\"Organization\",\"@id\":\"https:\/\/www.oarcanjo.net\/site\/#organization\",\"name\":\"Par\u00f3quia S\u00e3o Miguel Arcanjo\",\"url\":\"https:\/\/www.oarcanjo.net\/site\/\",\"logo\":{\"@type\":\"ImageObject\",\"inLanguage\":\"pt-BR\",\"@id\":\"https:\/\/www.oarcanjo.net\/site\/#\/schema\/logo\/image\/\",\"url\":\"https:\/\/www.oarcanjo.net\/site\/wp-content\/uploads\/LogoOArcanjo.png\",\"contentUrl\":\"https:\/\/www.oarcanjo.net\/site\/wp-content\/uploads\/LogoOArcanjo.png\",\"width\":319,\"height\":99,\"caption\":\"Par\u00f3quia S\u00e3o Miguel Arcanjo\"},\"image\":{\"@id\":\"https:\/\/www.oarcanjo.net\/site\/#\/schema\/logo\/image\/\"},\"sameAs\":[\"https:\/\/www.facebook.com\/OArcanjoNoAr\/\"]},{\"@type\":\"Person\",\"@id\":\"https:\/\/www.oarcanjo.net\/site\/#\/schema\/person\/f7024d007863202483a31326673a0838\",\"name\":\"editor\",\"sameAs\":[\"http:\/\/www.oarcanjo.net\"]}]}<\/script>\n<!-- \/ Yoast SEO plugin. -->","yoast_head_json":{"title":"No M\u00eas das Miss\u00f5es, Igreja lan\u00e7a campanha \"Miss\u00e3o para Libertar\" - O Arcanjo no ar","robots":{"index":"index","follow":"follow","max-snippet":"max-snippet:-1","max-image-preview":"max-image-preview:large","max-video-preview":"max-video-preview:-1"},"canonical":"https:\/\/www.oarcanjo.net\/site\/igreja-lanca-campanha-missao-para-libertar-no-mes-das-missoes\/","og_locale":"pt_BR","og_type":"article","og_title":"No M\u00eas das Miss\u00f5es, Igreja lan\u00e7a campanha \"Miss\u00e3o para Libertar\" - O Arcanjo no ar","og_description":"Outubro \u00e9 M\u00eas das Miss\u00f5es. Nesse per\u00edodo, a Igreja Cat\u00f3lica desenvolve a campanha mission\u00e1ria, que em 2014 tem como tema &#8220;Miss\u00e3o para libertar&#8220;, tratando do tr\u00e1fico humano e do trabalho escravo, quest\u00f5es abordadas tamb\u00e9m na Campanha da Fraternidade. Nas missas de domingo, 05\/10, a comunidade S\u00e3o Miguel Arcanjo distribuiu envelopes para coletar apoio \u00e0 campanha [&hellip;]","og_url":"https:\/\/www.oarcanjo.net\/site\/igreja-lanca-campanha-missao-para-libertar-no-mes-das-missoes\/","og_site_name":"O Arcanjo no ar","article_publisher":"https:\/\/www.facebook.com\/OArcanjoNoAr\/","article_published_time":"2014-10-05T21:07:01+00:00","article_modified_time":"2014-10-05T21:09:37+00:00","og_image":[{"url":"http:\/\/www.oarcanjo.net\/site\/wp-content\/uploads\/banner_chamada-campanha-2014.jpg"}],"author":"editor","twitter_card":"summary_large_image","twitter_misc":{"Escrito por":"editor"},"schema":{"@context":"https:\/\/schema.org","@graph":[{"@type":"Article","@id":"https:\/\/www.oarcanjo.net\/site\/igreja-lanca-campanha-missao-para-libertar-no-mes-das-missoes\/#article","isPartOf":{"@id":"https:\/\/www.oarcanjo.net\/site\/igreja-lanca-campanha-missao-para-libertar-no-mes-das-missoes\/"},"author":{"name":"editor","@id":"https:\/\/www.oarcanjo.net\/site\/#\/schema\/person\/f7024d007863202483a31326673a0838"},"headline":"No M\u00eas das Miss\u00f5es, Igreja lan\u00e7a campanha &#8220;Miss\u00e3o para Libertar&#8221;","datePublished":"2014-10-05T21:07:01+00:00","dateModified":"2014-10-05T21:09:37+00:00","mainEntityOfPage":{"@id":"https:\/\/www.oarcanjo.net\/site\/igreja-lanca-campanha-missao-para-libertar-no-mes-das-missoes\/"},"wordCount":110,"commentCount":0,"publisher":{"@id":"https:\/\/www.oarcanjo.net\/site\/#organization"},"image":{"@id":"https:\/\/www.oarcanjo.net\/site\/igreja-lanca-campanha-missao-para-libertar-no-mes-das-missoes\/#primaryimage"},"thumbnailUrl":"http:\/\/www.oarcanjo.net\/site\/wp-content\/uploads\/banner_chamada-campanha-2014.jpg","keywords":["Campanha Mission\u00e1ria","escravid\u00e3o","M\u00eas da Miss\u00f5es","trabalho escravo","tr\u00e1fico humano"],"articleSection":["Avisos","Not\u00edcias"],"inLanguage":"pt-BR","potentialAction":[{"@type":"CommentAction","name":"Comment","target":["https:\/\/www.oarcanjo.net\/site\/igreja-lanca-campanha-missao-para-libertar-no-mes-das-missoes\/#respond"]}]},{"@type":"WebPage","@id":"https:\/\/www.oarcanjo.net\/site\/igreja-lanca-campanha-missao-para-libertar-no-mes-das-missoes\/","url":"https:\/\/www.oarcanjo.net\/site\/igreja-lanca-campanha-missao-para-libertar-no-mes-das-missoes\/","name":"No M\u00eas das Miss\u00f5es, Igreja lan\u00e7a campanha \"Miss\u00e3o para Libertar\" - O Arcanjo no ar","isPartOf":{"@id":"https:\/\/www.oarcanjo.net\/site\/#website"},"primaryImageOfPage":{"@id":"https:\/\/www.oarcanjo.net\/site\/igreja-lanca-campanha-missao-para-libertar-no-mes-das-missoes\/#primaryimage"},"image":{"@id":"https:\/\/www.oarcanjo.net\/site\/igreja-lanca-campanha-missao-para-libertar-no-mes-das-missoes\/#primaryimage"},"thumbnailUrl":"http:\/\/www.oarcanjo.net\/site\/wp-content\/uploads\/banner_chamada-campanha-2014.jpg","datePublished":"2014-10-05T21:07:01+00:00","dateModified":"2014-10-05T21:09:37+00:00","breadcrumb":{"@id":"https:\/\/www.oarcanjo.net\/site\/igreja-lanca-campanha-missao-para-libertar-no-mes-das-missoes\/#breadcrumb"},"inLanguage":"pt-BR","potentialAction":[{"@type":"ReadAction","target":["https:\/\/www.oarcanjo.net\/site\/igreja-lanca-campanha-missao-para-libertar-no-mes-das-missoes\/"]}]},{"@type":"ImageObject","inLanguage":"pt-BR","@id":"https:\/\/www.oarcanjo.net\/site\/igreja-lanca-campanha-missao-para-libertar-no-mes-das-missoes\/#primaryimage","url":"https:\/\/www.oarcanjo.net\/site\/wp-content\/uploads\/banner_chamada-campanha-2014.jpg","contentUrl":"https:\/\/www.oarcanjo.net\/site\/wp-content\/uploads\/banner_chamada-campanha-2014.jpg","width":551,"height":273},{"@type":"BreadcrumbList","@id":"https:\/\/www.oarcanjo.net\/site\/igreja-lanca-campanha-missao-para-libertar-no-mes-das-missoes\/#breadcrumb","itemListElement":[{"@type":"ListItem","position":1,"name":"In\u00edcio","item":"https:\/\/www.oarcanjo.net\/site\/"},{"@type":"ListItem","position":2,"name":"No M\u00eas das Miss\u00f5es, Igreja lan\u00e7a campanha &#8220;Miss\u00e3o para Libertar&#8221;"}]},{"@type":"WebSite","@id":"https:\/\/www.oarcanjo.net\/site\/#website","url":"https:\/\/www.oarcanjo.net\/site\/","name":"O Arcanjo no ar","description":"Site da Par\u00f3quia S\u00e3o Miguel Arcanjo (Arquidiocese de SP)","publisher":{"@id":"https:\/\/www.oarcanjo.net\/site\/#organization"},"potentialAction":[{"@type":"SearchAction","target":{"@type":"EntryPoint","urlTemplate":"https:\/\/www.oarcanjo.net\/site\/?s={search_term_string}"},"query-input":{"@type":"PropertyValueSpecification","valueRequired":true,"valueName":"search_term_string"}}],"inLanguage":"pt-BR"},{"@type":"Organization","@id":"https:\/\/www.oarcanjo.net\/site\/#organization","name":"Par\u00f3quia S\u00e3o Miguel Arcanjo","url":"https:\/\/www.oarcanjo.net\/site\/","logo":{"@type":"ImageObject","inLanguage":"pt-BR","@id":"https:\/\/www.oarcanjo.net\/site\/#\/schema\/logo\/image\/","url":"https:\/\/www.oarcanjo.net\/site\/wp-content\/uploads\/LogoOArcanjo.png","contentUrl":"https:\/\/www.oarcanjo.net\/site\/wp-content\/uploads\/LogoOArcanjo.png","width":319,"height":99,"caption":"Par\u00f3quia S\u00e3o Miguel Arcanjo"},"image":{"@id":"https:\/\/www.oarcanjo.net\/site\/#\/schema\/logo\/image\/"},"sameAs":["https:\/\/www.facebook.com\/OArcanjoNoAr\/"]},{"@type":"Person","@id":"https:\/\/www.oarcanjo.net\/site\/#\/schema\/person\/f7024d007863202483a31326673a0838","name":"editor","sameAs":["http:\/\/www.oarcanjo.net"]}]}},"publishpress_future_action":{"enabled":false,"date":"2026-05-09 00:35:10","action":"category","newStatus":"draft","terms":[],"taxonomy":"category"},"publishpress_future_workflow_manual_trigger":{"enabledWorkflows":[]},"_links":{"self":[{"href":"https:\/\/www.oarcanjo.net\/site\/wp-json\/wp\/v2\/posts\/52388"}],"collection":[{"href":"https:\/\/www.oarcanjo.net\/site\/wp-json\/wp\/v2\/posts"}],"about":[{"href":"https:\/\/www.oarcanjo.net\/site\/wp-json\/wp\/v2\/types\/post"}],"author":[{"embeddable":true,"href":"https:\/\/www.oarcanjo.net\/site\/wp-json\/wp\/v2\/users\/5"}],"replies":[{"embeddable":true,"href":"https:\/\/www.oarcanjo.net\/site\/wp-json\/wp\/v2\/comments?post=52388"}],"version-history":[{"count":0,"href":"https:\/\/www.oarcanjo.net\/site\/wp-json\/wp\/v2\/posts\/52388\/revisions"}],"wp:attachment":[{"href":"https:\/\/www.oarcanjo.net\/site\/wp-json\/wp\/v2\/media?parent=52388"}],"wp:term":[{"taxonomy":"category","embeddable":true,"href":"https:\/\/www.oarcanjo.net\/site\/wp-json\/wp\/v2\/categories?post=52388"},{"taxonomy":"post_tag","embeddable":true,"href":"https:\/\/www.oarcanjo.net\/site\/wp-json\/wp\/v2\/tags?post=52388"}],"curies":[{"name":"wp","href":"https:\/\/api.w.org\/{rel}","templated":true}]}}