
{"id":5248,"date":"2009-09-20T20:44:25","date_gmt":"2009-09-20T23:44:25","guid":{"rendered":"http:\/\/www.oarcanjo.net\/site\/?p=5248"},"modified":"2009-09-21T09:39:40","modified_gmt":"2009-09-21T12:39:40","slug":"pastoral-da-ecologia-planta-arvore-simbolica","status":"publish","type":"post","link":"https:\/\/www.oarcanjo.net\/site\/pastoral-da-ecologia-planta-arvore-simbolica\/","title":{"rendered":"Pastoral da Ecologia planta \u00e1rvore simb\u00f3lica"},"content":{"rendered":"<p>Integrantes da comunidade S\u00e3o Miguel Arcanjo plantaram no domingo, v\u00e9spera do Dia da \u00c1rvore, uma muda ao lado da capela da Universidade S\u00e3o Judas Tadeu, como ato simb\u00f3lico da rec\u00e9m-criada Pastoral da Ecologia.<\/p>\n<p><img loading=\"lazy\" decoding=\"async\" class=\"alignnone size-full wp-image-5250\" title=\"Lan\u00e7amento Pastoral da Ecologia\" src=\"http:\/\/www.oarcanjo.net\/site\/wp-content\/uploads\/20090920-01-350.jpg\" alt=\"Lan\u00e7amento Pastoral da Ecologia\" width=\"350\" height=\"263\" srcset=\"https:\/\/www.oarcanjo.net\/site\/wp-content\/uploads\/20090920-01-350.jpg 350w, https:\/\/www.oarcanjo.net\/site\/wp-content\/uploads\/20090920-01-350-300x225.jpg 300w\" sizes=\"(max-width: 350px) 100vw, 350px\" \/><\/p>\n<p>A planta escolhida foi uma bauhinia,\u00a0conhecida como &#8220;pata de vaca&#8221;, a qual \u00e9 usada como medicamento caseiro.<\/p>\n<p>Veja como foi o ato:<\/p>\n<p><video style=\"width: 100%; height: auto; aspect-ratio: 480\/334; border: none; overflow: hidden;\" controls>\n                <source src=\"mms:\/\/mms.bizmedia.com.br\/bizmedia\/PastoralEcologia20090920-final.wmv\" type=\"video\/x-ms-wmv\">\n                <source src=\"mms:\/\/mms.bizmedia.com.br\/bizmedia\/PastoralEcologia20090920-final.wmv\" type=\"video\/wmv\">\n                Your browser does not support the video tag.\n            <\/video><\/p>\n<p>Para ver mais informa\u00e7\u00f5es sobre onde obter mudas e fazer o plantio, clique <a href=\"http:\/\/www.oarcanjo.net\/site\/index.php\/destaque\/lancamento-da-pastoral-da-ecologia\">aqui<\/a>.<\/p>\n<div id=\"themify_builder_content-5248\" data-postid=\"5248\" class=\"themify_builder_content themify_builder_content-5248 themify_builder themify_builder_front\">\n\t<\/div>\n<!-- \/themify_builder_content -->","protected":false},"excerpt":{"rendered":"<p>Integrantes da comunidade S\u00e3o Miguel Arcanjo plantaram no domingo, v\u00e9spera do Dia da \u00c1rvore, uma muda ao lado da capela da Universidade S\u00e3o Judas Tadeu, como ato simb\u00f3lico da rec\u00e9m-criada Pastoral da Ecologia. A planta escolhida foi uma bauhinia,\u00a0conhecida como &#8220;pata de vaca&#8221;, a qual \u00e9 usada como medicamento caseiro. Veja como foi o ato: [&hellip;]<\/p>\n","protected":false},"author":5,"featured_media":0,"comment_status":"open","ping_status":"open","sticky":false,"template":"","format":"standard","meta":{"ngg_post_thumbnail":0,"footnotes":""},"categories":[3,8],"tags":[105,1075,1074,104,470],"yoast_head":"<!-- This site is optimized with the Yoast SEO plugin v23.5 - https:\/\/yoast.com\/wordpress\/plugins\/seo\/ -->\n<title>Pastoral da Ecologia planta \u00e1rvore simb\u00f3lica - O Arcanjo no ar<\/title>\n<meta name=\"robots\" content=\"index, follow, max-snippet:-1, max-image-preview:large, max-video-preview:-1\" \/>\n<link rel=\"canonical\" href=\"https:\/\/www.oarcanjo.net\/site\/pastoral-da-ecologia-planta-arvore-simbolica\/\" \/>\n<meta property=\"og:locale\" content=\"pt_BR\" \/>\n<meta property=\"og:type\" content=\"article\" \/>\n<meta property=\"og:title\" content=\"Pastoral da Ecologia planta \u00e1rvore simb\u00f3lica - O Arcanjo no ar\" \/>\n<meta property=\"og:description\" content=\"Integrantes da comunidade S\u00e3o Miguel Arcanjo plantaram no domingo, v\u00e9spera do Dia da \u00c1rvore, uma muda ao lado da capela da Universidade S\u00e3o Judas Tadeu, como ato simb\u00f3lico da rec\u00e9m-criada Pastoral da Ecologia. A planta escolhida foi uma bauhinia,\u00a0conhecida como &#8220;pata de vaca&#8221;, a qual \u00e9 usada como medicamento caseiro. Veja como foi o ato: [&hellip;]\" \/>\n<meta property=\"og:url\" content=\"https:\/\/www.oarcanjo.net\/site\/pastoral-da-ecologia-planta-arvore-simbolica\/\" \/>\n<meta property=\"og:site_name\" content=\"O Arcanjo no ar\" \/>\n<meta property=\"article:publisher\" content=\"https:\/\/www.facebook.com\/OArcanjoNoAr\/\" \/>\n<meta property=\"article:published_time\" content=\"2009-09-20T23:44:25+00:00\" \/>\n<meta property=\"article:modified_time\" content=\"2009-09-21T12:39:40+00:00\" \/>\n<meta property=\"og:image\" content=\"http:\/\/www.oarcanjo.net\/site\/wp-content\/uploads\/20090920-01-350.jpg\" \/>\n<meta name=\"author\" content=\"editor\" \/>\n<meta name=\"twitter:card\" content=\"summary_large_image\" \/>\n<meta name=\"twitter:label1\" content=\"Escrito por\" \/>\n\t<meta name=\"twitter:data1\" content=\"editor\" \/>\n<script type=\"application\/ld+json\" class=\"yoast-schema-graph\">{\"@context\":\"https:\/\/schema.org\",\"@graph\":[{\"@type\":\"Article\",\"@id\":\"https:\/\/www.oarcanjo.net\/site\/pastoral-da-ecologia-planta-arvore-simbolica\/#article\",\"isPartOf\":{\"@id\":\"https:\/\/www.oarcanjo.net\/site\/pastoral-da-ecologia-planta-arvore-simbolica\/\"},\"author\":{\"name\":\"editor\",\"@id\":\"https:\/\/www.oarcanjo.net\/site\/#\/schema\/person\/f7024d007863202483a31326673a0838\"},\"headline\":\"Pastoral da Ecologia planta \u00e1rvore simb\u00f3lica\",\"datePublished\":\"2009-09-20T23:44:25+00:00\",\"dateModified\":\"2009-09-21T12:39:40+00:00\",\"mainEntityOfPage\":{\"@id\":\"https:\/\/www.oarcanjo.net\/site\/pastoral-da-ecologia-planta-arvore-simbolica\/\"},\"wordCount\":93,\"commentCount\":4,\"publisher\":{\"@id\":\"https:\/\/www.oarcanjo.net\/site\/#organization\"},\"image\":{\"@id\":\"https:\/\/www.oarcanjo.net\/site\/pastoral-da-ecologia-planta-arvore-simbolica\/#primaryimage\"},\"thumbnailUrl\":\"http:\/\/www.oarcanjo.net\/site\/wp-content\/uploads\/20090920-01-350.jpg\",\"keywords\":[\"ambiente\",\"capela da Universidade S\u00e3o Judas Tadeu\",\"dia da \u00e1rvore\",\"ecologia\",\"sustentabilidade\"],\"articleSection\":[\"Destaques\",\"Not\u00edcias\"],\"inLanguage\":\"pt-BR\",\"potentialAction\":[{\"@type\":\"CommentAction\",\"name\":\"Comment\",\"target\":[\"https:\/\/www.oarcanjo.net\/site\/pastoral-da-ecologia-planta-arvore-simbolica\/#respond\"]}]},{\"@type\":\"WebPage\",\"@id\":\"https:\/\/www.oarcanjo.net\/site\/pastoral-da-ecologia-planta-arvore-simbolica\/\",\"url\":\"https:\/\/www.oarcanjo.net\/site\/pastoral-da-ecologia-planta-arvore-simbolica\/\",\"name\":\"Pastoral da Ecologia planta \u00e1rvore simb\u00f3lica - O Arcanjo no ar\",\"isPartOf\":{\"@id\":\"https:\/\/www.oarcanjo.net\/site\/#website\"},\"primaryImageOfPage\":{\"@id\":\"https:\/\/www.oarcanjo.net\/site\/pastoral-da-ecologia-planta-arvore-simbolica\/#primaryimage\"},\"image\":{\"@id\":\"https:\/\/www.oarcanjo.net\/site\/pastoral-da-ecologia-planta-arvore-simbolica\/#primaryimage\"},\"thumbnailUrl\":\"http:\/\/www.oarcanjo.net\/site\/wp-content\/uploads\/20090920-01-350.jpg\",\"datePublished\":\"2009-09-20T23:44:25+00:00\",\"dateModified\":\"2009-09-21T12:39:40+00:00\",\"breadcrumb\":{\"@id\":\"https:\/\/www.oarcanjo.net\/site\/pastoral-da-ecologia-planta-arvore-simbolica\/#breadcrumb\"},\"inLanguage\":\"pt-BR\",\"potentialAction\":[{\"@type\":\"ReadAction\",\"target\":[\"https:\/\/www.oarcanjo.net\/site\/pastoral-da-ecologia-planta-arvore-simbolica\/\"]}]},{\"@type\":\"ImageObject\",\"inLanguage\":\"pt-BR\",\"@id\":\"https:\/\/www.oarcanjo.net\/site\/pastoral-da-ecologia-planta-arvore-simbolica\/#primaryimage\",\"url\":\"https:\/\/www.oarcanjo.net\/site\/wp-content\/uploads\/20090920-01-350.jpg\",\"contentUrl\":\"https:\/\/www.oarcanjo.net\/site\/wp-content\/uploads\/20090920-01-350.jpg\",\"width\":\"350\",\"height\":\"263\"},{\"@type\":\"BreadcrumbList\",\"@id\":\"https:\/\/www.oarcanjo.net\/site\/pastoral-da-ecologia-planta-arvore-simbolica\/#breadcrumb\",\"itemListElement\":[{\"@type\":\"ListItem\",\"position\":1,\"name\":\"In\u00edcio\",\"item\":\"https:\/\/www.oarcanjo.net\/site\/\"},{\"@type\":\"ListItem\",\"position\":2,\"name\":\"Pastoral da Ecologia planta \u00e1rvore simb\u00f3lica\"}]},{\"@type\":\"WebSite\",\"@id\":\"https:\/\/www.oarcanjo.net\/site\/#website\",\"url\":\"https:\/\/www.oarcanjo.net\/site\/\",\"name\":\"O Arcanjo no ar\",\"description\":\"Site da Par\u00f3quia S\u00e3o Miguel Arcanjo (Arquidiocese de SP)\",\"publisher\":{\"@id\":\"https:\/\/www.oarcanjo.net\/site\/#organization\"},\"potentialAction\":[{\"@type\":\"SearchAction\",\"target\":{\"@type\":\"EntryPoint\",\"urlTemplate\":\"https:\/\/www.oarcanjo.net\/site\/?s={search_term_string}\"},\"query-input\":{\"@type\":\"PropertyValueSpecification\",\"valueRequired\":true,\"valueName\":\"search_term_string\"}}],\"inLanguage\":\"pt-BR\"},{\"@type\":\"Organization\",\"@id\":\"https:\/\/www.oarcanjo.net\/site\/#organization\",\"name\":\"Par\u00f3quia S\u00e3o Miguel Arcanjo\",\"url\":\"https:\/\/www.oarcanjo.net\/site\/\",\"logo\":{\"@type\":\"ImageObject\",\"inLanguage\":\"pt-BR\",\"@id\":\"https:\/\/www.oarcanjo.net\/site\/#\/schema\/logo\/image\/\",\"url\":\"https:\/\/www.oarcanjo.net\/site\/wp-content\/uploads\/LogoOArcanjo.png\",\"contentUrl\":\"https:\/\/www.oarcanjo.net\/site\/wp-content\/uploads\/LogoOArcanjo.png\",\"width\":319,\"height\":99,\"caption\":\"Par\u00f3quia S\u00e3o Miguel Arcanjo\"},\"image\":{\"@id\":\"https:\/\/www.oarcanjo.net\/site\/#\/schema\/logo\/image\/\"},\"sameAs\":[\"https:\/\/www.facebook.com\/OArcanjoNoAr\/\"]},{\"@type\":\"Person\",\"@id\":\"https:\/\/www.oarcanjo.net\/site\/#\/schema\/person\/f7024d007863202483a31326673a0838\",\"name\":\"editor\",\"sameAs\":[\"http:\/\/www.oarcanjo.net\"]}]}<\/script>\n<!-- \/ Yoast SEO plugin. -->","yoast_head_json":{"title":"Pastoral da Ecologia planta \u00e1rvore simb\u00f3lica - O Arcanjo no ar","robots":{"index":"index","follow":"follow","max-snippet":"max-snippet:-1","max-image-preview":"max-image-preview:large","max-video-preview":"max-video-preview:-1"},"canonical":"https:\/\/www.oarcanjo.net\/site\/pastoral-da-ecologia-planta-arvore-simbolica\/","og_locale":"pt_BR","og_type":"article","og_title":"Pastoral da Ecologia planta \u00e1rvore simb\u00f3lica - O Arcanjo no ar","og_description":"Integrantes da comunidade S\u00e3o Miguel Arcanjo plantaram no domingo, v\u00e9spera do Dia da \u00c1rvore, uma muda ao lado da capela da Universidade S\u00e3o Judas Tadeu, como ato simb\u00f3lico da rec\u00e9m-criada Pastoral da Ecologia. A planta escolhida foi uma bauhinia,\u00a0conhecida como &#8220;pata de vaca&#8221;, a qual \u00e9 usada como medicamento caseiro. Veja como foi o ato: [&hellip;]","og_url":"https:\/\/www.oarcanjo.net\/site\/pastoral-da-ecologia-planta-arvore-simbolica\/","og_site_name":"O Arcanjo no ar","article_publisher":"https:\/\/www.facebook.com\/OArcanjoNoAr\/","article_published_time":"2009-09-20T23:44:25+00:00","article_modified_time":"2009-09-21T12:39:40+00:00","og_image":[{"url":"http:\/\/www.oarcanjo.net\/site\/wp-content\/uploads\/20090920-01-350.jpg"}],"author":"editor","twitter_card":"summary_large_image","twitter_misc":{"Escrito por":"editor"},"schema":{"@context":"https:\/\/schema.org","@graph":[{"@type":"Article","@id":"https:\/\/www.oarcanjo.net\/site\/pastoral-da-ecologia-planta-arvore-simbolica\/#article","isPartOf":{"@id":"https:\/\/www.oarcanjo.net\/site\/pastoral-da-ecologia-planta-arvore-simbolica\/"},"author":{"name":"editor","@id":"https:\/\/www.oarcanjo.net\/site\/#\/schema\/person\/f7024d007863202483a31326673a0838"},"headline":"Pastoral da Ecologia planta \u00e1rvore simb\u00f3lica","datePublished":"2009-09-20T23:44:25+00:00","dateModified":"2009-09-21T12:39:40+00:00","mainEntityOfPage":{"@id":"https:\/\/www.oarcanjo.net\/site\/pastoral-da-ecologia-planta-arvore-simbolica\/"},"wordCount":93,"commentCount":4,"publisher":{"@id":"https:\/\/www.oarcanjo.net\/site\/#organization"},"image":{"@id":"https:\/\/www.oarcanjo.net\/site\/pastoral-da-ecologia-planta-arvore-simbolica\/#primaryimage"},"thumbnailUrl":"http:\/\/www.oarcanjo.net\/site\/wp-content\/uploads\/20090920-01-350.jpg","keywords":["ambiente","capela da Universidade S\u00e3o Judas Tadeu","dia da \u00e1rvore","ecologia","sustentabilidade"],"articleSection":["Destaques","Not\u00edcias"],"inLanguage":"pt-BR","potentialAction":[{"@type":"CommentAction","name":"Comment","target":["https:\/\/www.oarcanjo.net\/site\/pastoral-da-ecologia-planta-arvore-simbolica\/#respond"]}]},{"@type":"WebPage","@id":"https:\/\/www.oarcanjo.net\/site\/pastoral-da-ecologia-planta-arvore-simbolica\/","url":"https:\/\/www.oarcanjo.net\/site\/pastoral-da-ecologia-planta-arvore-simbolica\/","name":"Pastoral da Ecologia planta \u00e1rvore simb\u00f3lica - O Arcanjo no ar","isPartOf":{"@id":"https:\/\/www.oarcanjo.net\/site\/#website"},"primaryImageOfPage":{"@id":"https:\/\/www.oarcanjo.net\/site\/pastoral-da-ecologia-planta-arvore-simbolica\/#primaryimage"},"image":{"@id":"https:\/\/www.oarcanjo.net\/site\/pastoral-da-ecologia-planta-arvore-simbolica\/#primaryimage"},"thumbnailUrl":"http:\/\/www.oarcanjo.net\/site\/wp-content\/uploads\/20090920-01-350.jpg","datePublished":"2009-09-20T23:44:25+00:00","dateModified":"2009-09-21T12:39:40+00:00","breadcrumb":{"@id":"https:\/\/www.oarcanjo.net\/site\/pastoral-da-ecologia-planta-arvore-simbolica\/#breadcrumb"},"inLanguage":"pt-BR","potentialAction":[{"@type":"ReadAction","target":["https:\/\/www.oarcanjo.net\/site\/pastoral-da-ecologia-planta-arvore-simbolica\/"]}]},{"@type":"ImageObject","inLanguage":"pt-BR","@id":"https:\/\/www.oarcanjo.net\/site\/pastoral-da-ecologia-planta-arvore-simbolica\/#primaryimage","url":"https:\/\/www.oarcanjo.net\/site\/wp-content\/uploads\/20090920-01-350.jpg","contentUrl":"https:\/\/www.oarcanjo.net\/site\/wp-content\/uploads\/20090920-01-350.jpg","width":"350","height":"263"},{"@type":"BreadcrumbList","@id":"https:\/\/www.oarcanjo.net\/site\/pastoral-da-ecologia-planta-arvore-simbolica\/#breadcrumb","itemListElement":[{"@type":"ListItem","position":1,"name":"In\u00edcio","item":"https:\/\/www.oarcanjo.net\/site\/"},{"@type":"ListItem","position":2,"name":"Pastoral da Ecologia planta \u00e1rvore simb\u00f3lica"}]},{"@type":"WebSite","@id":"https:\/\/www.oarcanjo.net\/site\/#website","url":"https:\/\/www.oarcanjo.net\/site\/","name":"O Arcanjo no ar","description":"Site da Par\u00f3quia S\u00e3o Miguel Arcanjo (Arquidiocese de SP)","publisher":{"@id":"https:\/\/www.oarcanjo.net\/site\/#organization"},"potentialAction":[{"@type":"SearchAction","target":{"@type":"EntryPoint","urlTemplate":"https:\/\/www.oarcanjo.net\/site\/?s={search_term_string}"},"query-input":{"@type":"PropertyValueSpecification","valueRequired":true,"valueName":"search_term_string"}}],"inLanguage":"pt-BR"},{"@type":"Organization","@id":"https:\/\/www.oarcanjo.net\/site\/#organization","name":"Par\u00f3quia S\u00e3o Miguel Arcanjo","url":"https:\/\/www.oarcanjo.net\/site\/","logo":{"@type":"ImageObject","inLanguage":"pt-BR","@id":"https:\/\/www.oarcanjo.net\/site\/#\/schema\/logo\/image\/","url":"https:\/\/www.oarcanjo.net\/site\/wp-content\/uploads\/LogoOArcanjo.png","contentUrl":"https:\/\/www.oarcanjo.net\/site\/wp-content\/uploads\/LogoOArcanjo.png","width":319,"height":99,"caption":"Par\u00f3quia S\u00e3o Miguel Arcanjo"},"image":{"@id":"https:\/\/www.oarcanjo.net\/site\/#\/schema\/logo\/image\/"},"sameAs":["https:\/\/www.facebook.com\/OArcanjoNoAr\/"]},{"@type":"Person","@id":"https:\/\/www.oarcanjo.net\/site\/#\/schema\/person\/f7024d007863202483a31326673a0838","name":"editor","sameAs":["http:\/\/www.oarcanjo.net"]}]}},"publishpress_future_action":{"enabled":false,"date":"2026-05-09 04:40:24","action":"category","newStatus":"draft","terms":[],"taxonomy":"category"},"publishpress_future_workflow_manual_trigger":{"enabledWorkflows":[]},"_links":{"self":[{"href":"https:\/\/www.oarcanjo.net\/site\/wp-json\/wp\/v2\/posts\/5248"}],"collection":[{"href":"https:\/\/www.oarcanjo.net\/site\/wp-json\/wp\/v2\/posts"}],"about":[{"href":"https:\/\/www.oarcanjo.net\/site\/wp-json\/wp\/v2\/types\/post"}],"author":[{"embeddable":true,"href":"https:\/\/www.oarcanjo.net\/site\/wp-json\/wp\/v2\/users\/5"}],"replies":[{"embeddable":true,"href":"https:\/\/www.oarcanjo.net\/site\/wp-json\/wp\/v2\/comments?post=5248"}],"version-history":[{"count":0,"href":"https:\/\/www.oarcanjo.net\/site\/wp-json\/wp\/v2\/posts\/5248\/revisions"}],"wp:attachment":[{"href":"https:\/\/www.oarcanjo.net\/site\/wp-json\/wp\/v2\/media?parent=5248"}],"wp:term":[{"taxonomy":"category","embeddable":true,"href":"https:\/\/www.oarcanjo.net\/site\/wp-json\/wp\/v2\/categories?post=5248"},{"taxonomy":"post_tag","embeddable":true,"href":"https:\/\/www.oarcanjo.net\/site\/wp-json\/wp\/v2\/tags?post=5248"}],"curies":[{"name":"wp","href":"https:\/\/api.w.org\/{rel}","templated":true}]}}