
{"id":52483,"date":"2014-10-10T07:46:02","date_gmt":"2014-10-10T10:46:02","guid":{"rendered":"http:\/\/www.oarcanjo.net\/site\/?p=52483"},"modified":"2014-10-31T21:41:47","modified_gmt":"2014-10-31T23:41:47","slug":"pe-julio-e-convidado-para-missa-solene-pelos-500-anos-de-santa-madre-teresa","status":"publish","type":"post","link":"https:\/\/www.oarcanjo.net\/site\/pe-julio-e-convidado-para-missa-solene-pelos-500-anos-de-santa-madre-teresa\/","title":{"rendered":"Pe. Julio \u00e9 convidado para Missa Solene pelos 500 anos de Santa Madre Teresa"},"content":{"rendered":"<p>No dia 18 de outubro, \u00e0s 8h, ser\u00e1 celebrada Missa Solene em comemora\u00e7\u00e3o pelo V Centen\u00e1rio de Santa Teresa, no mosteiro carmelita, com a rel\u00edquia do bast\u00e3o que acompanhou a Santa\u00a0durante suas in\u00fameras funda\u00e7\u00f5es na Espanha.<\/p>\n<p>Segue \u00edtegra do\u00a0convite enviado ao Pe. Julio:<\/p>\n<iframe src=\"\/\/docs.google.com\/viewer?url=http%3A%2F%2Fwww.oarcanjo.net%2Fsite%2Fwp-content%2Fuploads%2Fconvite-missa-ordem-dos-carmelitas-descalcos.pdf&hl=pt_BR&embedded=true\" class=\"gde-frame\" style=\"width:100%; height:700px; border: none;\" scrolling=\"no\"><\/iframe>\n<p class=\"gde-text\"><a href=\"http:\/\/www.oarcanjo.net\/site\/wp-content\/uploads\/convite-missa-ordem-dos-carmelitas-descalcos.pdf\" class=\"gde-link\">Download (PDF)<\/a><\/p>\n<div id=\"themify_builder_content-52483\" data-postid=\"52483\" class=\"themify_builder_content themify_builder_content-52483 themify_builder themify_builder_front\">\n\t<\/div>\n<!-- \/themify_builder_content -->","protected":false},"excerpt":{"rendered":"<p>No dia 18 de outubro, \u00e0s 8h, ser\u00e1 celebrada Missa Solene em comemora\u00e7\u00e3o pelo V Centen\u00e1rio de Santa Teresa, no mosteiro carmelita, com a rel\u00edquia do bast\u00e3o que acompanhou a Santa\u00a0durante suas in\u00fameras funda\u00e7\u00f5es na Espanha. Segue \u00edtegra do\u00a0convite enviado ao Pe. Julio:<\/p>\n","protected":false},"author":3,"featured_media":52486,"comment_status":"open","ping_status":"open","sticky":false,"template":"","format":"standard","meta":{"ngg_post_thumbnail":0,"footnotes":""},"categories":[8],"tags":[49,3134,3133,3132],"yoast_head":"<!-- This site is optimized with the Yoast SEO plugin v23.5 - https:\/\/yoast.com\/wordpress\/plugins\/seo\/ -->\n<title>Pe. Julio \u00e9 convidado para Missa Solene pelos 500 anos de Santa Madre Teresa - O Arcanjo no ar<\/title>\n<meta name=\"robots\" content=\"index, follow, max-snippet:-1, max-image-preview:large, max-video-preview:-1\" \/>\n<link rel=\"canonical\" href=\"https:\/\/www.oarcanjo.net\/site\/pe-julio-e-convidado-para-missa-solene-pelos-500-anos-de-santa-madre-teresa\/\" \/>\n<meta property=\"og:locale\" content=\"pt_BR\" \/>\n<meta property=\"og:type\" content=\"article\" \/>\n<meta property=\"og:title\" content=\"Pe. Julio \u00e9 convidado para Missa Solene pelos 500 anos de Santa Madre Teresa - O Arcanjo no ar\" \/>\n<meta property=\"og:description\" content=\"No dia 18 de outubro, \u00e0s 8h, ser\u00e1 celebrada Missa Solene em comemora\u00e7\u00e3o pelo V Centen\u00e1rio de Santa Teresa, no mosteiro carmelita, com a rel\u00edquia do bast\u00e3o que acompanhou a Santa\u00a0durante suas in\u00fameras funda\u00e7\u00f5es na Espanha. Segue \u00edtegra do\u00a0convite enviado ao Pe. Julio:\" \/>\n<meta property=\"og:url\" content=\"https:\/\/www.oarcanjo.net\/site\/pe-julio-e-convidado-para-missa-solene-pelos-500-anos-de-santa-madre-teresa\/\" \/>\n<meta property=\"og:site_name\" content=\"O Arcanjo no ar\" \/>\n<meta property=\"article:publisher\" content=\"https:\/\/www.facebook.com\/OArcanjoNoAr\/\" \/>\n<meta property=\"article:published_time\" content=\"2014-10-10T10:46:02+00:00\" \/>\n<meta property=\"article:modified_time\" content=\"2014-10-31T23:41:47+00:00\" \/>\n<meta property=\"og:image\" content=\"https:\/\/www.oarcanjo.net\/site\/wp-content\/uploads\/banner-v-centenario-santa-teresa-jesus-out-2014.jpg\" \/>\n\t<meta property=\"og:image:width\" content=\"700\" \/>\n\t<meta property=\"og:image:height\" content=\"320\" \/>\n\t<meta property=\"og:image:type\" content=\"image\/jpeg\" \/>\n<meta name=\"author\" content=\"miriam.meyer\" \/>\n<meta name=\"twitter:card\" content=\"summary_large_image\" \/>\n<meta name=\"twitter:label1\" content=\"Escrito por\" \/>\n\t<meta name=\"twitter:data1\" content=\"miriam.meyer\" \/>\n<script type=\"application\/ld+json\" class=\"yoast-schema-graph\">{\"@context\":\"https:\/\/schema.org\",\"@graph\":[{\"@type\":\"Article\",\"@id\":\"https:\/\/www.oarcanjo.net\/site\/pe-julio-e-convidado-para-missa-solene-pelos-500-anos-de-santa-madre-teresa\/#article\",\"isPartOf\":{\"@id\":\"https:\/\/www.oarcanjo.net\/site\/pe-julio-e-convidado-para-missa-solene-pelos-500-anos-de-santa-madre-teresa\/\"},\"author\":{\"name\":\"miriam.meyer\",\"@id\":\"https:\/\/www.oarcanjo.net\/site\/#\/schema\/person\/ce0fba3450314a09c6442cfee983a3d8\"},\"headline\":\"Pe. Julio \u00e9 convidado para Missa Solene pelos 500 anos de Santa Madre Teresa\",\"datePublished\":\"2014-10-10T10:46:02+00:00\",\"dateModified\":\"2014-10-31T23:41:47+00:00\",\"mainEntityOfPage\":{\"@id\":\"https:\/\/www.oarcanjo.net\/site\/pe-julio-e-convidado-para-missa-solene-pelos-500-anos-de-santa-madre-teresa\/\"},\"wordCount\":73,\"commentCount\":0,\"publisher\":{\"@id\":\"https:\/\/www.oarcanjo.net\/site\/#organization\"},\"image\":{\"@id\":\"https:\/\/www.oarcanjo.net\/site\/pe-julio-e-convidado-para-missa-solene-pelos-500-anos-de-santa-madre-teresa\/#primaryimage\"},\"thumbnailUrl\":\"https:\/\/www.oarcanjo.net\/site\/wp-content\/uploads\/banner-v-centenario-santa-teresa-jesus-out-2014.jpg\",\"keywords\":[\"\u00c1vila\",\"Ordem dos Carmelitas Descal\u00e7os\",\"Rel\u00edquia\",\"V Centen\u00e1rio de Santa Teresa\"],\"articleSection\":[\"Not\u00edcias\"],\"inLanguage\":\"pt-BR\",\"potentialAction\":[{\"@type\":\"CommentAction\",\"name\":\"Comment\",\"target\":[\"https:\/\/www.oarcanjo.net\/site\/pe-julio-e-convidado-para-missa-solene-pelos-500-anos-de-santa-madre-teresa\/#respond\"]}]},{\"@type\":\"WebPage\",\"@id\":\"https:\/\/www.oarcanjo.net\/site\/pe-julio-e-convidado-para-missa-solene-pelos-500-anos-de-santa-madre-teresa\/\",\"url\":\"https:\/\/www.oarcanjo.net\/site\/pe-julio-e-convidado-para-missa-solene-pelos-500-anos-de-santa-madre-teresa\/\",\"name\":\"Pe. Julio \u00e9 convidado para Missa Solene pelos 500 anos de Santa Madre Teresa - O Arcanjo no ar\",\"isPartOf\":{\"@id\":\"https:\/\/www.oarcanjo.net\/site\/#website\"},\"primaryImageOfPage\":{\"@id\":\"https:\/\/www.oarcanjo.net\/site\/pe-julio-e-convidado-para-missa-solene-pelos-500-anos-de-santa-madre-teresa\/#primaryimage\"},\"image\":{\"@id\":\"https:\/\/www.oarcanjo.net\/site\/pe-julio-e-convidado-para-missa-solene-pelos-500-anos-de-santa-madre-teresa\/#primaryimage\"},\"thumbnailUrl\":\"https:\/\/www.oarcanjo.net\/site\/wp-content\/uploads\/banner-v-centenario-santa-teresa-jesus-out-2014.jpg\",\"datePublished\":\"2014-10-10T10:46:02+00:00\",\"dateModified\":\"2014-10-31T23:41:47+00:00\",\"breadcrumb\":{\"@id\":\"https:\/\/www.oarcanjo.net\/site\/pe-julio-e-convidado-para-missa-solene-pelos-500-anos-de-santa-madre-teresa\/#breadcrumb\"},\"inLanguage\":\"pt-BR\",\"potentialAction\":[{\"@type\":\"ReadAction\",\"target\":[\"https:\/\/www.oarcanjo.net\/site\/pe-julio-e-convidado-para-missa-solene-pelos-500-anos-de-santa-madre-teresa\/\"]}]},{\"@type\":\"ImageObject\",\"inLanguage\":\"pt-BR\",\"@id\":\"https:\/\/www.oarcanjo.net\/site\/pe-julio-e-convidado-para-missa-solene-pelos-500-anos-de-santa-madre-teresa\/#primaryimage\",\"url\":\"https:\/\/www.oarcanjo.net\/site\/wp-content\/uploads\/banner-v-centenario-santa-teresa-jesus-out-2014.jpg\",\"contentUrl\":\"https:\/\/www.oarcanjo.net\/site\/wp-content\/uploads\/banner-v-centenario-santa-teresa-jesus-out-2014.jpg\",\"width\":700,\"height\":320},{\"@type\":\"BreadcrumbList\",\"@id\":\"https:\/\/www.oarcanjo.net\/site\/pe-julio-e-convidado-para-missa-solene-pelos-500-anos-de-santa-madre-teresa\/#breadcrumb\",\"itemListElement\":[{\"@type\":\"ListItem\",\"position\":1,\"name\":\"In\u00edcio\",\"item\":\"https:\/\/www.oarcanjo.net\/site\/\"},{\"@type\":\"ListItem\",\"position\":2,\"name\":\"Pe. Julio \u00e9 convidado para Missa Solene pelos 500 anos de Santa Madre Teresa\"}]},{\"@type\":\"WebSite\",\"@id\":\"https:\/\/www.oarcanjo.net\/site\/#website\",\"url\":\"https:\/\/www.oarcanjo.net\/site\/\",\"name\":\"O Arcanjo no ar\",\"description\":\"Site da Par\u00f3quia S\u00e3o Miguel Arcanjo (Arquidiocese de SP)\",\"publisher\":{\"@id\":\"https:\/\/www.oarcanjo.net\/site\/#organization\"},\"potentialAction\":[{\"@type\":\"SearchAction\",\"target\":{\"@type\":\"EntryPoint\",\"urlTemplate\":\"https:\/\/www.oarcanjo.net\/site\/?s={search_term_string}\"},\"query-input\":{\"@type\":\"PropertyValueSpecification\",\"valueRequired\":true,\"valueName\":\"search_term_string\"}}],\"inLanguage\":\"pt-BR\"},{\"@type\":\"Organization\",\"@id\":\"https:\/\/www.oarcanjo.net\/site\/#organization\",\"name\":\"Par\u00f3quia S\u00e3o Miguel Arcanjo\",\"url\":\"https:\/\/www.oarcanjo.net\/site\/\",\"logo\":{\"@type\":\"ImageObject\",\"inLanguage\":\"pt-BR\",\"@id\":\"https:\/\/www.oarcanjo.net\/site\/#\/schema\/logo\/image\/\",\"url\":\"https:\/\/www.oarcanjo.net\/site\/wp-content\/uploads\/LogoOArcanjo.png\",\"contentUrl\":\"https:\/\/www.oarcanjo.net\/site\/wp-content\/uploads\/LogoOArcanjo.png\",\"width\":319,\"height\":99,\"caption\":\"Par\u00f3quia S\u00e3o Miguel Arcanjo\"},\"image\":{\"@id\":\"https:\/\/www.oarcanjo.net\/site\/#\/schema\/logo\/image\/\"},\"sameAs\":[\"https:\/\/www.facebook.com\/OArcanjoNoAr\/\"]},{\"@type\":\"Person\",\"@id\":\"https:\/\/www.oarcanjo.net\/site\/#\/schema\/person\/ce0fba3450314a09c6442cfee983a3d8\",\"name\":\"miriam.meyer\"}]}<\/script>\n<!-- \/ Yoast SEO plugin. -->","yoast_head_json":{"title":"Pe. Julio \u00e9 convidado para Missa Solene pelos 500 anos de Santa Madre Teresa - O Arcanjo no ar","robots":{"index":"index","follow":"follow","max-snippet":"max-snippet:-1","max-image-preview":"max-image-preview:large","max-video-preview":"max-video-preview:-1"},"canonical":"https:\/\/www.oarcanjo.net\/site\/pe-julio-e-convidado-para-missa-solene-pelos-500-anos-de-santa-madre-teresa\/","og_locale":"pt_BR","og_type":"article","og_title":"Pe. Julio \u00e9 convidado para Missa Solene pelos 500 anos de Santa Madre Teresa - O Arcanjo no ar","og_description":"No dia 18 de outubro, \u00e0s 8h, ser\u00e1 celebrada Missa Solene em comemora\u00e7\u00e3o pelo V Centen\u00e1rio de Santa Teresa, no mosteiro carmelita, com a rel\u00edquia do bast\u00e3o que acompanhou a Santa\u00a0durante suas in\u00fameras funda\u00e7\u00f5es na Espanha. Segue \u00edtegra do\u00a0convite enviado ao Pe. Julio:","og_url":"https:\/\/www.oarcanjo.net\/site\/pe-julio-e-convidado-para-missa-solene-pelos-500-anos-de-santa-madre-teresa\/","og_site_name":"O Arcanjo no ar","article_publisher":"https:\/\/www.facebook.com\/OArcanjoNoAr\/","article_published_time":"2014-10-10T10:46:02+00:00","article_modified_time":"2014-10-31T23:41:47+00:00","og_image":[{"width":700,"height":320,"url":"https:\/\/www.oarcanjo.net\/site\/wp-content\/uploads\/banner-v-centenario-santa-teresa-jesus-out-2014.jpg","type":"image\/jpeg"}],"author":"miriam.meyer","twitter_card":"summary_large_image","twitter_misc":{"Escrito por":"miriam.meyer"},"schema":{"@context":"https:\/\/schema.org","@graph":[{"@type":"Article","@id":"https:\/\/www.oarcanjo.net\/site\/pe-julio-e-convidado-para-missa-solene-pelos-500-anos-de-santa-madre-teresa\/#article","isPartOf":{"@id":"https:\/\/www.oarcanjo.net\/site\/pe-julio-e-convidado-para-missa-solene-pelos-500-anos-de-santa-madre-teresa\/"},"author":{"name":"miriam.meyer","@id":"https:\/\/www.oarcanjo.net\/site\/#\/schema\/person\/ce0fba3450314a09c6442cfee983a3d8"},"headline":"Pe. Julio \u00e9 convidado para Missa Solene pelos 500 anos de Santa Madre Teresa","datePublished":"2014-10-10T10:46:02+00:00","dateModified":"2014-10-31T23:41:47+00:00","mainEntityOfPage":{"@id":"https:\/\/www.oarcanjo.net\/site\/pe-julio-e-convidado-para-missa-solene-pelos-500-anos-de-santa-madre-teresa\/"},"wordCount":73,"commentCount":0,"publisher":{"@id":"https:\/\/www.oarcanjo.net\/site\/#organization"},"image":{"@id":"https:\/\/www.oarcanjo.net\/site\/pe-julio-e-convidado-para-missa-solene-pelos-500-anos-de-santa-madre-teresa\/#primaryimage"},"thumbnailUrl":"https:\/\/www.oarcanjo.net\/site\/wp-content\/uploads\/banner-v-centenario-santa-teresa-jesus-out-2014.jpg","keywords":["\u00c1vila","Ordem dos Carmelitas Descal\u00e7os","Rel\u00edquia","V Centen\u00e1rio de Santa Teresa"],"articleSection":["Not\u00edcias"],"inLanguage":"pt-BR","potentialAction":[{"@type":"CommentAction","name":"Comment","target":["https:\/\/www.oarcanjo.net\/site\/pe-julio-e-convidado-para-missa-solene-pelos-500-anos-de-santa-madre-teresa\/#respond"]}]},{"@type":"WebPage","@id":"https:\/\/www.oarcanjo.net\/site\/pe-julio-e-convidado-para-missa-solene-pelos-500-anos-de-santa-madre-teresa\/","url":"https:\/\/www.oarcanjo.net\/site\/pe-julio-e-convidado-para-missa-solene-pelos-500-anos-de-santa-madre-teresa\/","name":"Pe. Julio \u00e9 convidado para Missa Solene pelos 500 anos de Santa Madre Teresa - O Arcanjo no ar","isPartOf":{"@id":"https:\/\/www.oarcanjo.net\/site\/#website"},"primaryImageOfPage":{"@id":"https:\/\/www.oarcanjo.net\/site\/pe-julio-e-convidado-para-missa-solene-pelos-500-anos-de-santa-madre-teresa\/#primaryimage"},"image":{"@id":"https:\/\/www.oarcanjo.net\/site\/pe-julio-e-convidado-para-missa-solene-pelos-500-anos-de-santa-madre-teresa\/#primaryimage"},"thumbnailUrl":"https:\/\/www.oarcanjo.net\/site\/wp-content\/uploads\/banner-v-centenario-santa-teresa-jesus-out-2014.jpg","datePublished":"2014-10-10T10:46:02+00:00","dateModified":"2014-10-31T23:41:47+00:00","breadcrumb":{"@id":"https:\/\/www.oarcanjo.net\/site\/pe-julio-e-convidado-para-missa-solene-pelos-500-anos-de-santa-madre-teresa\/#breadcrumb"},"inLanguage":"pt-BR","potentialAction":[{"@type":"ReadAction","target":["https:\/\/www.oarcanjo.net\/site\/pe-julio-e-convidado-para-missa-solene-pelos-500-anos-de-santa-madre-teresa\/"]}]},{"@type":"ImageObject","inLanguage":"pt-BR","@id":"https:\/\/www.oarcanjo.net\/site\/pe-julio-e-convidado-para-missa-solene-pelos-500-anos-de-santa-madre-teresa\/#primaryimage","url":"https:\/\/www.oarcanjo.net\/site\/wp-content\/uploads\/banner-v-centenario-santa-teresa-jesus-out-2014.jpg","contentUrl":"https:\/\/www.oarcanjo.net\/site\/wp-content\/uploads\/banner-v-centenario-santa-teresa-jesus-out-2014.jpg","width":700,"height":320},{"@type":"BreadcrumbList","@id":"https:\/\/www.oarcanjo.net\/site\/pe-julio-e-convidado-para-missa-solene-pelos-500-anos-de-santa-madre-teresa\/#breadcrumb","itemListElement":[{"@type":"ListItem","position":1,"name":"In\u00edcio","item":"https:\/\/www.oarcanjo.net\/site\/"},{"@type":"ListItem","position":2,"name":"Pe. Julio \u00e9 convidado para Missa Solene pelos 500 anos de Santa Madre Teresa"}]},{"@type":"WebSite","@id":"https:\/\/www.oarcanjo.net\/site\/#website","url":"https:\/\/www.oarcanjo.net\/site\/","name":"O Arcanjo no ar","description":"Site da Par\u00f3quia S\u00e3o Miguel Arcanjo (Arquidiocese de SP)","publisher":{"@id":"https:\/\/www.oarcanjo.net\/site\/#organization"},"potentialAction":[{"@type":"SearchAction","target":{"@type":"EntryPoint","urlTemplate":"https:\/\/www.oarcanjo.net\/site\/?s={search_term_string}"},"query-input":{"@type":"PropertyValueSpecification","valueRequired":true,"valueName":"search_term_string"}}],"inLanguage":"pt-BR"},{"@type":"Organization","@id":"https:\/\/www.oarcanjo.net\/site\/#organization","name":"Par\u00f3quia S\u00e3o Miguel Arcanjo","url":"https:\/\/www.oarcanjo.net\/site\/","logo":{"@type":"ImageObject","inLanguage":"pt-BR","@id":"https:\/\/www.oarcanjo.net\/site\/#\/schema\/logo\/image\/","url":"https:\/\/www.oarcanjo.net\/site\/wp-content\/uploads\/LogoOArcanjo.png","contentUrl":"https:\/\/www.oarcanjo.net\/site\/wp-content\/uploads\/LogoOArcanjo.png","width":319,"height":99,"caption":"Par\u00f3quia S\u00e3o Miguel Arcanjo"},"image":{"@id":"https:\/\/www.oarcanjo.net\/site\/#\/schema\/logo\/image\/"},"sameAs":["https:\/\/www.facebook.com\/OArcanjoNoAr\/"]},{"@type":"Person","@id":"https:\/\/www.oarcanjo.net\/site\/#\/schema\/person\/ce0fba3450314a09c6442cfee983a3d8","name":"miriam.meyer"}]}},"publishpress_future_action":{"enabled":false,"date":"2026-05-09 00:28:57","action":"category","newStatus":"draft","terms":[],"taxonomy":"category"},"publishpress_future_workflow_manual_trigger":{"enabledWorkflows":[]},"_links":{"self":[{"href":"https:\/\/www.oarcanjo.net\/site\/wp-json\/wp\/v2\/posts\/52483"}],"collection":[{"href":"https:\/\/www.oarcanjo.net\/site\/wp-json\/wp\/v2\/posts"}],"about":[{"href":"https:\/\/www.oarcanjo.net\/site\/wp-json\/wp\/v2\/types\/post"}],"author":[{"embeddable":true,"href":"https:\/\/www.oarcanjo.net\/site\/wp-json\/wp\/v2\/users\/3"}],"replies":[{"embeddable":true,"href":"https:\/\/www.oarcanjo.net\/site\/wp-json\/wp\/v2\/comments?post=52483"}],"version-history":[{"count":0,"href":"https:\/\/www.oarcanjo.net\/site\/wp-json\/wp\/v2\/posts\/52483\/revisions"}],"wp:featuredmedia":[{"embeddable":true,"href":"https:\/\/www.oarcanjo.net\/site\/wp-json\/wp\/v2\/media\/52486"}],"wp:attachment":[{"href":"https:\/\/www.oarcanjo.net\/site\/wp-json\/wp\/v2\/media?parent=52483"}],"wp:term":[{"taxonomy":"category","embeddable":true,"href":"https:\/\/www.oarcanjo.net\/site\/wp-json\/wp\/v2\/categories?post=52483"},{"taxonomy":"post_tag","embeddable":true,"href":"https:\/\/www.oarcanjo.net\/site\/wp-json\/wp\/v2\/tags?post=52483"}],"curies":[{"name":"wp","href":"https:\/\/api.w.org\/{rel}","templated":true}]}}