
{"id":52548,"date":"2014-10-12T23:56:36","date_gmt":"2014-10-13T02:56:36","guid":{"rendered":"http:\/\/www.oarcanjo.net\/site\/?p=52548"},"modified":"2014-10-13T00:22:13","modified_gmt":"2014-10-13T03:22:13","slug":"comunidade-se-solidariza-com-vitimas-de-incendio-na-favelinha-da-21-de-abril","status":"publish","type":"post","link":"https:\/\/www.oarcanjo.net\/site\/comunidade-se-solidariza-com-vitimas-de-incendio-na-favelinha-da-21-de-abril\/","title":{"rendered":"Comunidade se solidariza com v\u00edtimas de inc\u00eandio na favela da 21 de abril"},"content":{"rendered":"<p>A comunidade S\u00e3o Miguel Arcanjo organizou uma campanha de apoio e solidariedade \u00e0s v\u00edtimas do inc\u00eandio na favela da 21 de abril, ocorrido sexta-feira. No final da missa das 7h de s\u00e1bado, 11\/10, Jos\u00e9, um dos feridos, esteve na igreja pedindo ajuda. Foi socorrido e levado ao hospital, onde permanece internado para tratar as queimaduras.<\/p>\n<p>Na missa das 10h de domingo, alguns moradores da favela, entre eles o menino Jesus, relataram a situa\u00e7\u00e3o em que se encontram e pediram a doa\u00e7\u00e3o de \u00e1gua e leite. Pe. Julio refor\u00e7ou o apelo e convidou os paroquianos a fazer uma carreata com as doa\u00e7\u00f5es at\u00e9 o local do inc\u00eandio. A comunidade se comunicou pelo Facebook e pelos grupos de WhatsApp e \u00e0s 15h a igreja estava lotada de \u00e1gua, leite e outros produtos. Dezenas de carros e volunt\u00e1rios foram at\u00e9 a favela levar o material.<\/p>\n<p>Os moradores agradeceram o apoio e muitos se emocionaram com a presen\u00e7a do Pe. Julio, conhecido de v\u00e1rios deles.<\/p>\n<p>Quem ainda quiser e tiver condi\u00e7\u00f5es de ajudar, pode levar a colabora\u00e7\u00e3o na par\u00f3quia, nos seguintes hor\u00e1rios: de segunda, ter\u00e7a, quinta e sexta-feira, das 7h30 \u00e0s 17h30. S\u00e1bado, das 7h30 \u00e0s 11h30. Domingo, ap\u00f3s \u00e0s 17h.<\/p>\nngg_shortcode_0_placeholder\n<p>Nos avisos da semana, o Pe. Julio relembrou momentos dessa mobiliza\u00e7\u00e3o. Antes, falou da continuidade dos estudos b\u00edblicos aos domingos, \u00e0s 17h, do almo\u00e7o com os jovens que ser\u00e1 realizado no pr\u00f3ximo domingo, 19\/10, e da campanha mission\u00e1ria que este ano tem como tema o tr\u00e1fico humano e o trabalho escravo:<\/p>\n<p><iframe loading=\"lazy\" src=\"\/\/www.youtube.com\/embed\/CdAWGXOwSDQ?rel=0\" width=\"640\" height=\"360\" frameborder=\"0\" allowfullscreen=\"allowfullscreen\"><\/iframe><\/p>\n<p>No final da missa da solenidade de Nossa Senhora Aparecida, o Pe. Julio percorreu a igreja S\u00e3o Miguel Arcanjo com a imagem de Maria para que os fieis pudessem agradecer e homenagear a m\u00e3e de Jesus.<\/p>\n<p><iframe loading=\"lazy\" src=\"\/\/www.youtube.com\/embed\/DwP-KcLENFM?rel=0\" width=\"640\" height=\"360\" frameborder=\"0\" allowfullscreen=\"allowfullscreen\"><\/iframe><\/p>\n<div id=\"themify_builder_content-52548\" data-postid=\"52548\" class=\"themify_builder_content themify_builder_content-52548 themify_builder themify_builder_front\">\n\t<\/div>\n<!-- \/themify_builder_content -->","protected":false},"excerpt":{"rendered":"<p>A comunidade S\u00e3o Miguel Arcanjo organizou uma campanha de apoio e solidariedade \u00e0s v\u00edtimas do inc\u00eandio na favela da 21 de abril, ocorrido sexta-feira. No final da missa das 7h de s\u00e1bado, 11\/10, Jos\u00e9, um dos feridos, esteve na igreja pedindo ajuda. Foi socorrido e levado ao hospital, onde permanece internado para tratar as queimaduras. [&hellip;]<\/p>\n","protected":false},"author":5,"featured_media":52558,"comment_status":"open","ping_status":"open","sticky":false,"template":"","format":"standard","meta":{"ngg_post_thumbnail":0,"footnotes":""},"categories":[476,3,8],"tags":[3138,2389,1937,1938,418,698,349,1728,46,88],"yoast_head":"<!-- This site is optimized with the Yoast SEO plugin v23.5 - https:\/\/yoast.com\/wordpress\/plugins\/seo\/ -->\n<title>Comunidade se solidariza com v\u00edtimas de inc\u00eandio na favela da 21 de abril - O Arcanjo no ar<\/title>\n<meta name=\"robots\" content=\"index, follow, max-snippet:-1, max-image-preview:large, max-video-preview:-1\" \/>\n<link rel=\"canonical\" href=\"https:\/\/www.oarcanjo.net\/site\/comunidade-se-solidariza-com-vitimas-de-incendio-na-favelinha-da-21-de-abril\/\" \/>\n<meta property=\"og:locale\" content=\"pt_BR\" \/>\n<meta property=\"og:type\" content=\"article\" \/>\n<meta property=\"og:title\" content=\"Comunidade se solidariza com v\u00edtimas de inc\u00eandio na favela da 21 de abril - O Arcanjo no ar\" \/>\n<meta property=\"og:description\" content=\"A comunidade S\u00e3o Miguel Arcanjo organizou uma campanha de apoio e solidariedade \u00e0s v\u00edtimas do inc\u00eandio na favela da 21 de abril, ocorrido sexta-feira. No final da missa das 7h de s\u00e1bado, 11\/10, Jos\u00e9, um dos feridos, esteve na igreja pedindo ajuda. Foi socorrido e levado ao hospital, onde permanece internado para tratar as queimaduras. [&hellip;]\" \/>\n<meta property=\"og:url\" content=\"https:\/\/www.oarcanjo.net\/site\/comunidade-se-solidariza-com-vitimas-de-incendio-na-favelinha-da-21-de-abril\/\" \/>\n<meta property=\"og:site_name\" content=\"O Arcanjo no ar\" \/>\n<meta property=\"article:publisher\" content=\"https:\/\/www.facebook.com\/OArcanjoNoAr\/\" \/>\n<meta property=\"article:published_time\" content=\"2014-10-13T02:56:36+00:00\" \/>\n<meta property=\"article:modified_time\" content=\"2014-10-13T03:22:13+00:00\" \/>\n<meta property=\"og:image\" content=\"https:\/\/www.oarcanjo.net\/site\/wp-content\/uploads\/banner-caravana-favela-21-abril-out-2014.jpg\" \/>\n\t<meta property=\"og:image:width\" content=\"700\" \/>\n\t<meta property=\"og:image:height\" content=\"320\" \/>\n\t<meta property=\"og:image:type\" content=\"image\/jpeg\" \/>\n<meta name=\"author\" content=\"editor\" \/>\n<meta name=\"twitter:card\" content=\"summary_large_image\" \/>\n<meta name=\"twitter:label1\" content=\"Escrito por\" \/>\n\t<meta name=\"twitter:data1\" content=\"editor\" \/>\n\t<meta name=\"twitter:label2\" content=\"Est. tempo de leitura\" \/>\n\t<meta name=\"twitter:data2\" content=\"2 minutos\" \/>\n<script type=\"application\/ld+json\" class=\"yoast-schema-graph\">{\"@context\":\"https:\/\/schema.org\",\"@graph\":[{\"@type\":\"Article\",\"@id\":\"https:\/\/www.oarcanjo.net\/site\/comunidade-se-solidariza-com-vitimas-de-incendio-na-favelinha-da-21-de-abril\/#article\",\"isPartOf\":{\"@id\":\"https:\/\/www.oarcanjo.net\/site\/comunidade-se-solidariza-com-vitimas-de-incendio-na-favelinha-da-21-de-abril\/\"},\"author\":{\"name\":\"editor\",\"@id\":\"https:\/\/www.oarcanjo.net\/site\/#\/schema\/person\/f7024d007863202483a31326673a0838\"},\"headline\":\"Comunidade se solidariza com v\u00edtimas de inc\u00eandio na favela da 21 de abril\",\"datePublished\":\"2014-10-13T02:56:36+00:00\",\"dateModified\":\"2014-10-13T03:22:13+00:00\",\"mainEntityOfPage\":{\"@id\":\"https:\/\/www.oarcanjo.net\/site\/comunidade-se-solidariza-com-vitimas-de-incendio-na-favelinha-da-21-de-abril\/\"},\"wordCount\":324,\"commentCount\":0,\"publisher\":{\"@id\":\"https:\/\/www.oarcanjo.net\/site\/#organization\"},\"image\":{\"@id\":\"https:\/\/www.oarcanjo.net\/site\/comunidade-se-solidariza-com-vitimas-de-incendio-na-favelinha-da-21-de-abril\/#primaryimage\"},\"thumbnailUrl\":\"https:\/\/www.oarcanjo.net\/site\/wp-content\/uploads\/banner-caravana-favela-21-abril-out-2014.jpg\",\"keywords\":[\"Favela 21 de Abril\",\"inc\u00eandio\",\"JMJ\",\"Jornada Mundial da Juventude\",\"jovem\",\"m\u00e3e de Jesus\",\"Maria\",\"m\u00eas das miss\u00f5es\",\"nossa senhora\",\"solidariedade\"],\"articleSection\":[\"Avisos\",\"Destaques\",\"Not\u00edcias\"],\"inLanguage\":\"pt-BR\",\"potentialAction\":[{\"@type\":\"CommentAction\",\"name\":\"Comment\",\"target\":[\"https:\/\/www.oarcanjo.net\/site\/comunidade-se-solidariza-com-vitimas-de-incendio-na-favelinha-da-21-de-abril\/#respond\"]}]},{\"@type\":\"WebPage\",\"@id\":\"https:\/\/www.oarcanjo.net\/site\/comunidade-se-solidariza-com-vitimas-de-incendio-na-favelinha-da-21-de-abril\/\",\"url\":\"https:\/\/www.oarcanjo.net\/site\/comunidade-se-solidariza-com-vitimas-de-incendio-na-favelinha-da-21-de-abril\/\",\"name\":\"Comunidade se solidariza com v\u00edtimas de inc\u00eandio na favela da 21 de abril - O Arcanjo no ar\",\"isPartOf\":{\"@id\":\"https:\/\/www.oarcanjo.net\/site\/#website\"},\"primaryImageOfPage\":{\"@id\":\"https:\/\/www.oarcanjo.net\/site\/comunidade-se-solidariza-com-vitimas-de-incendio-na-favelinha-da-21-de-abril\/#primaryimage\"},\"image\":{\"@id\":\"https:\/\/www.oarcanjo.net\/site\/comunidade-se-solidariza-com-vitimas-de-incendio-na-favelinha-da-21-de-abril\/#primaryimage\"},\"thumbnailUrl\":\"https:\/\/www.oarcanjo.net\/site\/wp-content\/uploads\/banner-caravana-favela-21-abril-out-2014.jpg\",\"datePublished\":\"2014-10-13T02:56:36+00:00\",\"dateModified\":\"2014-10-13T03:22:13+00:00\",\"breadcrumb\":{\"@id\":\"https:\/\/www.oarcanjo.net\/site\/comunidade-se-solidariza-com-vitimas-de-incendio-na-favelinha-da-21-de-abril\/#breadcrumb\"},\"inLanguage\":\"pt-BR\",\"potentialAction\":[{\"@type\":\"ReadAction\",\"target\":[\"https:\/\/www.oarcanjo.net\/site\/comunidade-se-solidariza-com-vitimas-de-incendio-na-favelinha-da-21-de-abril\/\"]}]},{\"@type\":\"ImageObject\",\"inLanguage\":\"pt-BR\",\"@id\":\"https:\/\/www.oarcanjo.net\/site\/comunidade-se-solidariza-com-vitimas-de-incendio-na-favelinha-da-21-de-abril\/#primaryimage\",\"url\":\"https:\/\/www.oarcanjo.net\/site\/wp-content\/uploads\/banner-caravana-favela-21-abril-out-2014.jpg\",\"contentUrl\":\"https:\/\/www.oarcanjo.net\/site\/wp-content\/uploads\/banner-caravana-favela-21-abril-out-2014.jpg\",\"width\":700,\"height\":320},{\"@type\":\"BreadcrumbList\",\"@id\":\"https:\/\/www.oarcanjo.net\/site\/comunidade-se-solidariza-com-vitimas-de-incendio-na-favelinha-da-21-de-abril\/#breadcrumb\",\"itemListElement\":[{\"@type\":\"ListItem\",\"position\":1,\"name\":\"In\u00edcio\",\"item\":\"https:\/\/www.oarcanjo.net\/site\/\"},{\"@type\":\"ListItem\",\"position\":2,\"name\":\"Comunidade se solidariza com v\u00edtimas de inc\u00eandio na favela da 21 de abril\"}]},{\"@type\":\"WebSite\",\"@id\":\"https:\/\/www.oarcanjo.net\/site\/#website\",\"url\":\"https:\/\/www.oarcanjo.net\/site\/\",\"name\":\"O Arcanjo no ar\",\"description\":\"Site da Par\u00f3quia S\u00e3o Miguel Arcanjo (Arquidiocese de SP)\",\"publisher\":{\"@id\":\"https:\/\/www.oarcanjo.net\/site\/#organization\"},\"potentialAction\":[{\"@type\":\"SearchAction\",\"target\":{\"@type\":\"EntryPoint\",\"urlTemplate\":\"https:\/\/www.oarcanjo.net\/site\/?s={search_term_string}\"},\"query-input\":{\"@type\":\"PropertyValueSpecification\",\"valueRequired\":true,\"valueName\":\"search_term_string\"}}],\"inLanguage\":\"pt-BR\"},{\"@type\":\"Organization\",\"@id\":\"https:\/\/www.oarcanjo.net\/site\/#organization\",\"name\":\"Par\u00f3quia S\u00e3o Miguel Arcanjo\",\"url\":\"https:\/\/www.oarcanjo.net\/site\/\",\"logo\":{\"@type\":\"ImageObject\",\"inLanguage\":\"pt-BR\",\"@id\":\"https:\/\/www.oarcanjo.net\/site\/#\/schema\/logo\/image\/\",\"url\":\"https:\/\/www.oarcanjo.net\/site\/wp-content\/uploads\/LogoOArcanjo.png\",\"contentUrl\":\"https:\/\/www.oarcanjo.net\/site\/wp-content\/uploads\/LogoOArcanjo.png\",\"width\":319,\"height\":99,\"caption\":\"Par\u00f3quia S\u00e3o Miguel Arcanjo\"},\"image\":{\"@id\":\"https:\/\/www.oarcanjo.net\/site\/#\/schema\/logo\/image\/\"},\"sameAs\":[\"https:\/\/www.facebook.com\/OArcanjoNoAr\/\"]},{\"@type\":\"Person\",\"@id\":\"https:\/\/www.oarcanjo.net\/site\/#\/schema\/person\/f7024d007863202483a31326673a0838\",\"name\":\"editor\",\"sameAs\":[\"http:\/\/www.oarcanjo.net\"]}]}<\/script>\n<!-- \/ Yoast SEO plugin. -->","yoast_head_json":{"title":"Comunidade se solidariza com v\u00edtimas de inc\u00eandio na favela da 21 de abril - O Arcanjo no ar","robots":{"index":"index","follow":"follow","max-snippet":"max-snippet:-1","max-image-preview":"max-image-preview:large","max-video-preview":"max-video-preview:-1"},"canonical":"https:\/\/www.oarcanjo.net\/site\/comunidade-se-solidariza-com-vitimas-de-incendio-na-favelinha-da-21-de-abril\/","og_locale":"pt_BR","og_type":"article","og_title":"Comunidade se solidariza com v\u00edtimas de inc\u00eandio na favela da 21 de abril - O Arcanjo no ar","og_description":"A comunidade S\u00e3o Miguel Arcanjo organizou uma campanha de apoio e solidariedade \u00e0s v\u00edtimas do inc\u00eandio na favela da 21 de abril, ocorrido sexta-feira. No final da missa das 7h de s\u00e1bado, 11\/10, Jos\u00e9, um dos feridos, esteve na igreja pedindo ajuda. Foi socorrido e levado ao hospital, onde permanece internado para tratar as queimaduras. [&hellip;]","og_url":"https:\/\/www.oarcanjo.net\/site\/comunidade-se-solidariza-com-vitimas-de-incendio-na-favelinha-da-21-de-abril\/","og_site_name":"O Arcanjo no ar","article_publisher":"https:\/\/www.facebook.com\/OArcanjoNoAr\/","article_published_time":"2014-10-13T02:56:36+00:00","article_modified_time":"2014-10-13T03:22:13+00:00","og_image":[{"width":700,"height":320,"url":"https:\/\/www.oarcanjo.net\/site\/wp-content\/uploads\/banner-caravana-favela-21-abril-out-2014.jpg","type":"image\/jpeg"}],"author":"editor","twitter_card":"summary_large_image","twitter_misc":{"Escrito por":"editor","Est. tempo de leitura":"2 minutos"},"schema":{"@context":"https:\/\/schema.org","@graph":[{"@type":"Article","@id":"https:\/\/www.oarcanjo.net\/site\/comunidade-se-solidariza-com-vitimas-de-incendio-na-favelinha-da-21-de-abril\/#article","isPartOf":{"@id":"https:\/\/www.oarcanjo.net\/site\/comunidade-se-solidariza-com-vitimas-de-incendio-na-favelinha-da-21-de-abril\/"},"author":{"name":"editor","@id":"https:\/\/www.oarcanjo.net\/site\/#\/schema\/person\/f7024d007863202483a31326673a0838"},"headline":"Comunidade se solidariza com v\u00edtimas de inc\u00eandio na favela da 21 de abril","datePublished":"2014-10-13T02:56:36+00:00","dateModified":"2014-10-13T03:22:13+00:00","mainEntityOfPage":{"@id":"https:\/\/www.oarcanjo.net\/site\/comunidade-se-solidariza-com-vitimas-de-incendio-na-favelinha-da-21-de-abril\/"},"wordCount":324,"commentCount":0,"publisher":{"@id":"https:\/\/www.oarcanjo.net\/site\/#organization"},"image":{"@id":"https:\/\/www.oarcanjo.net\/site\/comunidade-se-solidariza-com-vitimas-de-incendio-na-favelinha-da-21-de-abril\/#primaryimage"},"thumbnailUrl":"https:\/\/www.oarcanjo.net\/site\/wp-content\/uploads\/banner-caravana-favela-21-abril-out-2014.jpg","keywords":["Favela 21 de Abril","inc\u00eandio","JMJ","Jornada Mundial da Juventude","jovem","m\u00e3e de Jesus","Maria","m\u00eas das miss\u00f5es","nossa senhora","solidariedade"],"articleSection":["Avisos","Destaques","Not\u00edcias"],"inLanguage":"pt-BR","potentialAction":[{"@type":"CommentAction","name":"Comment","target":["https:\/\/www.oarcanjo.net\/site\/comunidade-se-solidariza-com-vitimas-de-incendio-na-favelinha-da-21-de-abril\/#respond"]}]},{"@type":"WebPage","@id":"https:\/\/www.oarcanjo.net\/site\/comunidade-se-solidariza-com-vitimas-de-incendio-na-favelinha-da-21-de-abril\/","url":"https:\/\/www.oarcanjo.net\/site\/comunidade-se-solidariza-com-vitimas-de-incendio-na-favelinha-da-21-de-abril\/","name":"Comunidade se solidariza com v\u00edtimas de inc\u00eandio na favela da 21 de abril - O Arcanjo no ar","isPartOf":{"@id":"https:\/\/www.oarcanjo.net\/site\/#website"},"primaryImageOfPage":{"@id":"https:\/\/www.oarcanjo.net\/site\/comunidade-se-solidariza-com-vitimas-de-incendio-na-favelinha-da-21-de-abril\/#primaryimage"},"image":{"@id":"https:\/\/www.oarcanjo.net\/site\/comunidade-se-solidariza-com-vitimas-de-incendio-na-favelinha-da-21-de-abril\/#primaryimage"},"thumbnailUrl":"https:\/\/www.oarcanjo.net\/site\/wp-content\/uploads\/banner-caravana-favela-21-abril-out-2014.jpg","datePublished":"2014-10-13T02:56:36+00:00","dateModified":"2014-10-13T03:22:13+00:00","breadcrumb":{"@id":"https:\/\/www.oarcanjo.net\/site\/comunidade-se-solidariza-com-vitimas-de-incendio-na-favelinha-da-21-de-abril\/#breadcrumb"},"inLanguage":"pt-BR","potentialAction":[{"@type":"ReadAction","target":["https:\/\/www.oarcanjo.net\/site\/comunidade-se-solidariza-com-vitimas-de-incendio-na-favelinha-da-21-de-abril\/"]}]},{"@type":"ImageObject","inLanguage":"pt-BR","@id":"https:\/\/www.oarcanjo.net\/site\/comunidade-se-solidariza-com-vitimas-de-incendio-na-favelinha-da-21-de-abril\/#primaryimage","url":"https:\/\/www.oarcanjo.net\/site\/wp-content\/uploads\/banner-caravana-favela-21-abril-out-2014.jpg","contentUrl":"https:\/\/www.oarcanjo.net\/site\/wp-content\/uploads\/banner-caravana-favela-21-abril-out-2014.jpg","width":700,"height":320},{"@type":"BreadcrumbList","@id":"https:\/\/www.oarcanjo.net\/site\/comunidade-se-solidariza-com-vitimas-de-incendio-na-favelinha-da-21-de-abril\/#breadcrumb","itemListElement":[{"@type":"ListItem","position":1,"name":"In\u00edcio","item":"https:\/\/www.oarcanjo.net\/site\/"},{"@type":"ListItem","position":2,"name":"Comunidade se solidariza com v\u00edtimas de inc\u00eandio na favela da 21 de abril"}]},{"@type":"WebSite","@id":"https:\/\/www.oarcanjo.net\/site\/#website","url":"https:\/\/www.oarcanjo.net\/site\/","name":"O Arcanjo no ar","description":"Site da Par\u00f3quia S\u00e3o Miguel Arcanjo (Arquidiocese de SP)","publisher":{"@id":"https:\/\/www.oarcanjo.net\/site\/#organization"},"potentialAction":[{"@type":"SearchAction","target":{"@type":"EntryPoint","urlTemplate":"https:\/\/www.oarcanjo.net\/site\/?s={search_term_string}"},"query-input":{"@type":"PropertyValueSpecification","valueRequired":true,"valueName":"search_term_string"}}],"inLanguage":"pt-BR"},{"@type":"Organization","@id":"https:\/\/www.oarcanjo.net\/site\/#organization","name":"Par\u00f3quia S\u00e3o Miguel Arcanjo","url":"https:\/\/www.oarcanjo.net\/site\/","logo":{"@type":"ImageObject","inLanguage":"pt-BR","@id":"https:\/\/www.oarcanjo.net\/site\/#\/schema\/logo\/image\/","url":"https:\/\/www.oarcanjo.net\/site\/wp-content\/uploads\/LogoOArcanjo.png","contentUrl":"https:\/\/www.oarcanjo.net\/site\/wp-content\/uploads\/LogoOArcanjo.png","width":319,"height":99,"caption":"Par\u00f3quia S\u00e3o Miguel Arcanjo"},"image":{"@id":"https:\/\/www.oarcanjo.net\/site\/#\/schema\/logo\/image\/"},"sameAs":["https:\/\/www.facebook.com\/OArcanjoNoAr\/"]},{"@type":"Person","@id":"https:\/\/www.oarcanjo.net\/site\/#\/schema\/person\/f7024d007863202483a31326673a0838","name":"editor","sameAs":["http:\/\/www.oarcanjo.net"]}]}},"publishpress_future_action":{"enabled":false,"date":"2026-05-08 21:43:17","action":"category","newStatus":"draft","terms":[],"taxonomy":"category"},"publishpress_future_workflow_manual_trigger":{"enabledWorkflows":[]},"_links":{"self":[{"href":"https:\/\/www.oarcanjo.net\/site\/wp-json\/wp\/v2\/posts\/52548"}],"collection":[{"href":"https:\/\/www.oarcanjo.net\/site\/wp-json\/wp\/v2\/posts"}],"about":[{"href":"https:\/\/www.oarcanjo.net\/site\/wp-json\/wp\/v2\/types\/post"}],"author":[{"embeddable":true,"href":"https:\/\/www.oarcanjo.net\/site\/wp-json\/wp\/v2\/users\/5"}],"replies":[{"embeddable":true,"href":"https:\/\/www.oarcanjo.net\/site\/wp-json\/wp\/v2\/comments?post=52548"}],"version-history":[{"count":0,"href":"https:\/\/www.oarcanjo.net\/site\/wp-json\/wp\/v2\/posts\/52548\/revisions"}],"wp:featuredmedia":[{"embeddable":true,"href":"https:\/\/www.oarcanjo.net\/site\/wp-json\/wp\/v2\/media\/52558"}],"wp:attachment":[{"href":"https:\/\/www.oarcanjo.net\/site\/wp-json\/wp\/v2\/media?parent=52548"}],"wp:term":[{"taxonomy":"category","embeddable":true,"href":"https:\/\/www.oarcanjo.net\/site\/wp-json\/wp\/v2\/categories?post=52548"},{"taxonomy":"post_tag","embeddable":true,"href":"https:\/\/www.oarcanjo.net\/site\/wp-json\/wp\/v2\/tags?post=52548"}],"curies":[{"name":"wp","href":"https:\/\/api.w.org\/{rel}","templated":true}]}}