
{"id":52564,"date":"2014-10-13T08:52:54","date_gmt":"2014-10-13T11:52:54","guid":{"rendered":"http:\/\/www.oarcanjo.net\/site\/?p=52564"},"modified":"2014-10-13T09:26:13","modified_gmt":"2014-10-13T12:26:13","slug":"nao-ficar-fechado-nos-sistemas-abrir-se-as-surpresas-de-deus-papa-em-santa-marta","status":"publish","type":"post","link":"https:\/\/www.oarcanjo.net\/site\/nao-ficar-fechado-nos-sistemas-abrir-se-as-surpresas-de-deus-papa-em-santa-marta\/","title":{"rendered":"N\u00e3o ficar fechado nos sistemas, abrir-se \u00e0s surpresas de Deus: Papa em Santa Marta"},"content":{"rendered":"<p>Abrir-se \u00e0s surpresas de Deus, sem se fechar aos sinais dos tempos \u2013 pediu o Papa Francisco na missa desta manh\u00e3, 13 de outubro,\u00a0na Casa de Santa Marta. Comentando as palavras de Jesus aos doutores da lei, o Papa exortou os fi\u00e9is a n\u00e3o permanecerem apegados \u00e0s pr\u00f3prias ideias mas a caminharem com o Senhor, encontrando sempre coisas novas\u2026<\/p>\n<p>Porque estes doutores da lei n\u00e3o percebiam os sinais dos tempos e pediam um sinal extraordin\u00e1rio\u2026E por que \u00e9 que n\u00e3o percebiam? Antes de mais, porque estavam fechados. Fechados no seu sistema, tinham sistematizado muito bem a lei, uma obra prima. Todos os judeus sabiam o que que se podia fazer e o que n\u00e3o se podia fazer, at\u00e9 onde se podia ir. Tudo bem arrumado. E assim estavam seguros.<\/p>\n<p>N\u00e3o percebiam que Deus \u00e9 o Deus das surpresas, que Deus \u00e9 sempre novo. Nunca se renega a si mesmo, nunca diz que o tinha dito era errado, nunca, mas sempre nos surpreende. Eles n\u00e3o percebiam isto e fechavam-se naquele sistema feito com tanta boa vontade e pediam a Jesus: \u2018D\u00e1-nos um sinal! E n\u00e3o percebiam os muitos sinais que Jesus fazia e que indicavam que o tempo estava maduro. Fechados!<\/p>\n<p>Em segundo lugar, tinham esquecido que eram um povo a caminho. Em caminho. E quando se caminha, quando uma pessoa vai pelo caminho, sempre encontra coisas novas, que n\u00e3o conhecia.<\/p>\n<p>Os doutores da lei, fechados em si mesmos, &#8220;n\u00e3o tinham percebido que a lei que defendiam e amavam era uma pedagogia que havia de levar a Jesus Cristo.&#8221; Se a lei n\u00e3o nos aproxima de Jesus Cristo \u00e9 uma lei morta.<\/p>\n<p>Isto deve fazer-nos pensar: estou apegado \u00e0s minhas coisas, \u00e0s minhas ideias, fechado. Ou estou aberto ao Deus das surpresas? Sou uma pessoa fechada, ou uma pessoa que caminha? Creio em Jesus Cristo? \u2026 Sou capaz de captar os sinais dos tempos e ser fiel \u00e0 voz do Senhor que neles se manifesta? Podemos fazer-nos hoje estas perguntas e pedir ao Senhor um cora\u00e7\u00e3o que ame a lei, porque a Lei \u00e9 de Deus. E que ame tamb\u00e9m as surpresas de Deus, sabendo que esta lei santa n\u00e3o \u00e9 finalizada a si mesma.<\/p>\n<p><em>Fonte: News.Va<\/em><\/p>\n<div id=\"themify_builder_content-52564\" data-postid=\"52564\" class=\"themify_builder_content themify_builder_content-52564 themify_builder themify_builder_front\">\n\t<\/div>\n<!-- \/themify_builder_content -->","protected":false},"excerpt":{"rendered":"<p>Abrir-se \u00e0s surpresas de Deus, sem se fechar aos sinais dos tempos \u2013 pediu o Papa Francisco na missa desta manh\u00e3, 13 de outubro,\u00a0na Casa de Santa Marta. Comentando as palavras de Jesus aos doutores da lei, o Papa exortou os fi\u00e9is a n\u00e3o permanecerem apegados \u00e0s pr\u00f3prias ideias mas a caminharem com o Senhor, [&hellip;]<\/p>\n","protected":false},"author":3,"featured_media":0,"comment_status":"open","ping_status":"open","sticky":false,"template":"","format":"standard","meta":{"ngg_post_thumbnail":0,"footnotes":""},"categories":[9],"tags":[3139,962,719,2433,3140],"yoast_head":"<!-- This site is optimized with the Yoast SEO plugin v23.5 - https:\/\/yoast.com\/wordpress\/plugins\/seo\/ -->\n<title>N\u00e3o ficar fechado nos sistemas, abrir-se \u00e0s surpresas de Deus: Papa em Santa Marta - O Arcanjo no ar<\/title>\n<meta name=\"robots\" content=\"index, follow, max-snippet:-1, max-image-preview:large, max-video-preview:-1\" \/>\n<link rel=\"canonical\" href=\"https:\/\/www.oarcanjo.net\/site\/nao-ficar-fechado-nos-sistemas-abrir-se-as-surpresas-de-deus-papa-em-santa-marta\/\" \/>\n<meta property=\"og:locale\" content=\"pt_BR\" \/>\n<meta property=\"og:type\" content=\"article\" \/>\n<meta property=\"og:title\" content=\"N\u00e3o ficar fechado nos sistemas, abrir-se \u00e0s surpresas de Deus: Papa em Santa Marta - O Arcanjo no ar\" \/>\n<meta property=\"og:description\" content=\"Abrir-se \u00e0s surpresas de Deus, sem se fechar aos sinais dos tempos \u2013 pediu o Papa Francisco na missa desta manh\u00e3, 13 de outubro,\u00a0na Casa de Santa Marta. Comentando as palavras de Jesus aos doutores da lei, o Papa exortou os fi\u00e9is a n\u00e3o permanecerem apegados \u00e0s pr\u00f3prias ideias mas a caminharem com o Senhor, [&hellip;]\" \/>\n<meta property=\"og:url\" content=\"https:\/\/www.oarcanjo.net\/site\/nao-ficar-fechado-nos-sistemas-abrir-se-as-surpresas-de-deus-papa-em-santa-marta\/\" \/>\n<meta property=\"og:site_name\" content=\"O Arcanjo no ar\" \/>\n<meta property=\"article:publisher\" content=\"https:\/\/www.facebook.com\/OArcanjoNoAr\/\" \/>\n<meta property=\"article:published_time\" content=\"2014-10-13T11:52:54+00:00\" \/>\n<meta property=\"article:modified_time\" content=\"2014-10-13T12:26:13+00:00\" \/>\n<meta property=\"og:image\" content=\"https:\/\/www.oarcanjo.net\/site\/wp-content\/uploads\/logo-o-arcanjo-no-ar-facebook.png\" \/>\n\t<meta property=\"og:image:width\" content=\"300\" \/>\n\t<meta property=\"og:image:height\" content=\"300\" \/>\n\t<meta property=\"og:image:type\" content=\"image\/png\" \/>\n<meta name=\"author\" content=\"miriam.meyer\" \/>\n<meta name=\"twitter:card\" content=\"summary_large_image\" \/>\n<meta name=\"twitter:label1\" content=\"Escrito por\" \/>\n\t<meta name=\"twitter:data1\" content=\"miriam.meyer\" \/>\n\t<meta name=\"twitter:label2\" content=\"Est. tempo de leitura\" \/>\n\t<meta name=\"twitter:data2\" content=\"2 minutos\" \/>\n<script type=\"application\/ld+json\" class=\"yoast-schema-graph\">{\"@context\":\"https:\/\/schema.org\",\"@graph\":[{\"@type\":\"Article\",\"@id\":\"https:\/\/www.oarcanjo.net\/site\/nao-ficar-fechado-nos-sistemas-abrir-se-as-surpresas-de-deus-papa-em-santa-marta\/#article\",\"isPartOf\":{\"@id\":\"https:\/\/www.oarcanjo.net\/site\/nao-ficar-fechado-nos-sistemas-abrir-se-as-surpresas-de-deus-papa-em-santa-marta\/\"},\"author\":{\"name\":\"miriam.meyer\",\"@id\":\"https:\/\/www.oarcanjo.net\/site\/#\/schema\/person\/ce0fba3450314a09c6442cfee983a3d8\"},\"headline\":\"N\u00e3o ficar fechado nos sistemas, abrir-se \u00e0s surpresas de Deus: Papa em Santa Marta\",\"datePublished\":\"2014-10-13T11:52:54+00:00\",\"dateModified\":\"2014-10-13T12:26:13+00:00\",\"mainEntityOfPage\":{\"@id\":\"https:\/\/www.oarcanjo.net\/site\/nao-ficar-fechado-nos-sistemas-abrir-se-as-surpresas-de-deus-papa-em-santa-marta\/\"},\"wordCount\":391,\"commentCount\":0,\"publisher\":{\"@id\":\"https:\/\/www.oarcanjo.net\/site\/#organization\"},\"keywords\":[\"Abertura\",\"Caminho\",\"mudan\u00e7a\",\"Papa Francisco\",\"Surpresas\"],\"articleSection\":[\"Reflex\u00f5es\"],\"inLanguage\":\"pt-BR\",\"potentialAction\":[{\"@type\":\"CommentAction\",\"name\":\"Comment\",\"target\":[\"https:\/\/www.oarcanjo.net\/site\/nao-ficar-fechado-nos-sistemas-abrir-se-as-surpresas-de-deus-papa-em-santa-marta\/#respond\"]}]},{\"@type\":\"WebPage\",\"@id\":\"https:\/\/www.oarcanjo.net\/site\/nao-ficar-fechado-nos-sistemas-abrir-se-as-surpresas-de-deus-papa-em-santa-marta\/\",\"url\":\"https:\/\/www.oarcanjo.net\/site\/nao-ficar-fechado-nos-sistemas-abrir-se-as-surpresas-de-deus-papa-em-santa-marta\/\",\"name\":\"N\u00e3o ficar fechado nos sistemas, abrir-se \u00e0s surpresas de Deus: Papa em Santa Marta - O Arcanjo no ar\",\"isPartOf\":{\"@id\":\"https:\/\/www.oarcanjo.net\/site\/#website\"},\"datePublished\":\"2014-10-13T11:52:54+00:00\",\"dateModified\":\"2014-10-13T12:26:13+00:00\",\"breadcrumb\":{\"@id\":\"https:\/\/www.oarcanjo.net\/site\/nao-ficar-fechado-nos-sistemas-abrir-se-as-surpresas-de-deus-papa-em-santa-marta\/#breadcrumb\"},\"inLanguage\":\"pt-BR\",\"potentialAction\":[{\"@type\":\"ReadAction\",\"target\":[\"https:\/\/www.oarcanjo.net\/site\/nao-ficar-fechado-nos-sistemas-abrir-se-as-surpresas-de-deus-papa-em-santa-marta\/\"]}]},{\"@type\":\"BreadcrumbList\",\"@id\":\"https:\/\/www.oarcanjo.net\/site\/nao-ficar-fechado-nos-sistemas-abrir-se-as-surpresas-de-deus-papa-em-santa-marta\/#breadcrumb\",\"itemListElement\":[{\"@type\":\"ListItem\",\"position\":1,\"name\":\"In\u00edcio\",\"item\":\"https:\/\/www.oarcanjo.net\/site\/\"},{\"@type\":\"ListItem\",\"position\":2,\"name\":\"N\u00e3o ficar fechado nos sistemas, abrir-se \u00e0s surpresas de Deus: Papa em Santa Marta\"}]},{\"@type\":\"WebSite\",\"@id\":\"https:\/\/www.oarcanjo.net\/site\/#website\",\"url\":\"https:\/\/www.oarcanjo.net\/site\/\",\"name\":\"O Arcanjo no ar\",\"description\":\"Site da Par\u00f3quia S\u00e3o Miguel Arcanjo (Arquidiocese de SP)\",\"publisher\":{\"@id\":\"https:\/\/www.oarcanjo.net\/site\/#organization\"},\"potentialAction\":[{\"@type\":\"SearchAction\",\"target\":{\"@type\":\"EntryPoint\",\"urlTemplate\":\"https:\/\/www.oarcanjo.net\/site\/?s={search_term_string}\"},\"query-input\":{\"@type\":\"PropertyValueSpecification\",\"valueRequired\":true,\"valueName\":\"search_term_string\"}}],\"inLanguage\":\"pt-BR\"},{\"@type\":\"Organization\",\"@id\":\"https:\/\/www.oarcanjo.net\/site\/#organization\",\"name\":\"Par\u00f3quia S\u00e3o Miguel Arcanjo\",\"url\":\"https:\/\/www.oarcanjo.net\/site\/\",\"logo\":{\"@type\":\"ImageObject\",\"inLanguage\":\"pt-BR\",\"@id\":\"https:\/\/www.oarcanjo.net\/site\/#\/schema\/logo\/image\/\",\"url\":\"https:\/\/www.oarcanjo.net\/site\/wp-content\/uploads\/LogoOArcanjo.png\",\"contentUrl\":\"https:\/\/www.oarcanjo.net\/site\/wp-content\/uploads\/LogoOArcanjo.png\",\"width\":319,\"height\":99,\"caption\":\"Par\u00f3quia S\u00e3o Miguel Arcanjo\"},\"image\":{\"@id\":\"https:\/\/www.oarcanjo.net\/site\/#\/schema\/logo\/image\/\"},\"sameAs\":[\"https:\/\/www.facebook.com\/OArcanjoNoAr\/\"]},{\"@type\":\"Person\",\"@id\":\"https:\/\/www.oarcanjo.net\/site\/#\/schema\/person\/ce0fba3450314a09c6442cfee983a3d8\",\"name\":\"miriam.meyer\"}]}<\/script>\n<!-- \/ Yoast SEO plugin. -->","yoast_head_json":{"title":"N\u00e3o ficar fechado nos sistemas, abrir-se \u00e0s surpresas de Deus: Papa em Santa Marta - O Arcanjo no ar","robots":{"index":"index","follow":"follow","max-snippet":"max-snippet:-1","max-image-preview":"max-image-preview:large","max-video-preview":"max-video-preview:-1"},"canonical":"https:\/\/www.oarcanjo.net\/site\/nao-ficar-fechado-nos-sistemas-abrir-se-as-surpresas-de-deus-papa-em-santa-marta\/","og_locale":"pt_BR","og_type":"article","og_title":"N\u00e3o ficar fechado nos sistemas, abrir-se \u00e0s surpresas de Deus: Papa em Santa Marta - O Arcanjo no ar","og_description":"Abrir-se \u00e0s surpresas de Deus, sem se fechar aos sinais dos tempos \u2013 pediu o Papa Francisco na missa desta manh\u00e3, 13 de outubro,\u00a0na Casa de Santa Marta. Comentando as palavras de Jesus aos doutores da lei, o Papa exortou os fi\u00e9is a n\u00e3o permanecerem apegados \u00e0s pr\u00f3prias ideias mas a caminharem com o Senhor, [&hellip;]","og_url":"https:\/\/www.oarcanjo.net\/site\/nao-ficar-fechado-nos-sistemas-abrir-se-as-surpresas-de-deus-papa-em-santa-marta\/","og_site_name":"O Arcanjo no ar","article_publisher":"https:\/\/www.facebook.com\/OArcanjoNoAr\/","article_published_time":"2014-10-13T11:52:54+00:00","article_modified_time":"2014-10-13T12:26:13+00:00","og_image":[{"width":300,"height":300,"url":"https:\/\/www.oarcanjo.net\/site\/wp-content\/uploads\/logo-o-arcanjo-no-ar-facebook.png","type":"image\/png"}],"author":"miriam.meyer","twitter_card":"summary_large_image","twitter_misc":{"Escrito por":"miriam.meyer","Est. tempo de leitura":"2 minutos"},"schema":{"@context":"https:\/\/schema.org","@graph":[{"@type":"Article","@id":"https:\/\/www.oarcanjo.net\/site\/nao-ficar-fechado-nos-sistemas-abrir-se-as-surpresas-de-deus-papa-em-santa-marta\/#article","isPartOf":{"@id":"https:\/\/www.oarcanjo.net\/site\/nao-ficar-fechado-nos-sistemas-abrir-se-as-surpresas-de-deus-papa-em-santa-marta\/"},"author":{"name":"miriam.meyer","@id":"https:\/\/www.oarcanjo.net\/site\/#\/schema\/person\/ce0fba3450314a09c6442cfee983a3d8"},"headline":"N\u00e3o ficar fechado nos sistemas, abrir-se \u00e0s surpresas de Deus: Papa em Santa Marta","datePublished":"2014-10-13T11:52:54+00:00","dateModified":"2014-10-13T12:26:13+00:00","mainEntityOfPage":{"@id":"https:\/\/www.oarcanjo.net\/site\/nao-ficar-fechado-nos-sistemas-abrir-se-as-surpresas-de-deus-papa-em-santa-marta\/"},"wordCount":391,"commentCount":0,"publisher":{"@id":"https:\/\/www.oarcanjo.net\/site\/#organization"},"keywords":["Abertura","Caminho","mudan\u00e7a","Papa Francisco","Surpresas"],"articleSection":["Reflex\u00f5es"],"inLanguage":"pt-BR","potentialAction":[{"@type":"CommentAction","name":"Comment","target":["https:\/\/www.oarcanjo.net\/site\/nao-ficar-fechado-nos-sistemas-abrir-se-as-surpresas-de-deus-papa-em-santa-marta\/#respond"]}]},{"@type":"WebPage","@id":"https:\/\/www.oarcanjo.net\/site\/nao-ficar-fechado-nos-sistemas-abrir-se-as-surpresas-de-deus-papa-em-santa-marta\/","url":"https:\/\/www.oarcanjo.net\/site\/nao-ficar-fechado-nos-sistemas-abrir-se-as-surpresas-de-deus-papa-em-santa-marta\/","name":"N\u00e3o ficar fechado nos sistemas, abrir-se \u00e0s surpresas de Deus: Papa em Santa Marta - O Arcanjo no ar","isPartOf":{"@id":"https:\/\/www.oarcanjo.net\/site\/#website"},"datePublished":"2014-10-13T11:52:54+00:00","dateModified":"2014-10-13T12:26:13+00:00","breadcrumb":{"@id":"https:\/\/www.oarcanjo.net\/site\/nao-ficar-fechado-nos-sistemas-abrir-se-as-surpresas-de-deus-papa-em-santa-marta\/#breadcrumb"},"inLanguage":"pt-BR","potentialAction":[{"@type":"ReadAction","target":["https:\/\/www.oarcanjo.net\/site\/nao-ficar-fechado-nos-sistemas-abrir-se-as-surpresas-de-deus-papa-em-santa-marta\/"]}]},{"@type":"BreadcrumbList","@id":"https:\/\/www.oarcanjo.net\/site\/nao-ficar-fechado-nos-sistemas-abrir-se-as-surpresas-de-deus-papa-em-santa-marta\/#breadcrumb","itemListElement":[{"@type":"ListItem","position":1,"name":"In\u00edcio","item":"https:\/\/www.oarcanjo.net\/site\/"},{"@type":"ListItem","position":2,"name":"N\u00e3o ficar fechado nos sistemas, abrir-se \u00e0s surpresas de Deus: Papa em Santa Marta"}]},{"@type":"WebSite","@id":"https:\/\/www.oarcanjo.net\/site\/#website","url":"https:\/\/www.oarcanjo.net\/site\/","name":"O Arcanjo no ar","description":"Site da Par\u00f3quia S\u00e3o Miguel Arcanjo (Arquidiocese de SP)","publisher":{"@id":"https:\/\/www.oarcanjo.net\/site\/#organization"},"potentialAction":[{"@type":"SearchAction","target":{"@type":"EntryPoint","urlTemplate":"https:\/\/www.oarcanjo.net\/site\/?s={search_term_string}"},"query-input":{"@type":"PropertyValueSpecification","valueRequired":true,"valueName":"search_term_string"}}],"inLanguage":"pt-BR"},{"@type":"Organization","@id":"https:\/\/www.oarcanjo.net\/site\/#organization","name":"Par\u00f3quia S\u00e3o Miguel Arcanjo","url":"https:\/\/www.oarcanjo.net\/site\/","logo":{"@type":"ImageObject","inLanguage":"pt-BR","@id":"https:\/\/www.oarcanjo.net\/site\/#\/schema\/logo\/image\/","url":"https:\/\/www.oarcanjo.net\/site\/wp-content\/uploads\/LogoOArcanjo.png","contentUrl":"https:\/\/www.oarcanjo.net\/site\/wp-content\/uploads\/LogoOArcanjo.png","width":319,"height":99,"caption":"Par\u00f3quia S\u00e3o Miguel Arcanjo"},"image":{"@id":"https:\/\/www.oarcanjo.net\/site\/#\/schema\/logo\/image\/"},"sameAs":["https:\/\/www.facebook.com\/OArcanjoNoAr\/"]},{"@type":"Person","@id":"https:\/\/www.oarcanjo.net\/site\/#\/schema\/person\/ce0fba3450314a09c6442cfee983a3d8","name":"miriam.meyer"}]}},"publishpress_future_action":{"enabled":false,"date":"2026-05-08 20:22:03","action":"category","newStatus":"draft","terms":[],"taxonomy":"category"},"publishpress_future_workflow_manual_trigger":{"enabledWorkflows":[]},"_links":{"self":[{"href":"https:\/\/www.oarcanjo.net\/site\/wp-json\/wp\/v2\/posts\/52564"}],"collection":[{"href":"https:\/\/www.oarcanjo.net\/site\/wp-json\/wp\/v2\/posts"}],"about":[{"href":"https:\/\/www.oarcanjo.net\/site\/wp-json\/wp\/v2\/types\/post"}],"author":[{"embeddable":true,"href":"https:\/\/www.oarcanjo.net\/site\/wp-json\/wp\/v2\/users\/3"}],"replies":[{"embeddable":true,"href":"https:\/\/www.oarcanjo.net\/site\/wp-json\/wp\/v2\/comments?post=52564"}],"version-history":[{"count":0,"href":"https:\/\/www.oarcanjo.net\/site\/wp-json\/wp\/v2\/posts\/52564\/revisions"}],"wp:attachment":[{"href":"https:\/\/www.oarcanjo.net\/site\/wp-json\/wp\/v2\/media?parent=52564"}],"wp:term":[{"taxonomy":"category","embeddable":true,"href":"https:\/\/www.oarcanjo.net\/site\/wp-json\/wp\/v2\/categories?post=52564"},{"taxonomy":"post_tag","embeddable":true,"href":"https:\/\/www.oarcanjo.net\/site\/wp-json\/wp\/v2\/tags?post=52564"}],"curies":[{"name":"wp","href":"https:\/\/api.w.org\/{rel}","templated":true}]}}