
{"id":52566,"date":"2014-10-13T08:05:10","date_gmt":"2014-10-13T11:05:10","guid":{"rendered":"http:\/\/www.oarcanjo.net\/site\/?p=52566"},"modified":"2014-10-13T09:27:27","modified_gmt":"2014-10-13T12:27:27","slug":"angelus-nao-devemos-reduzir-o-reino-de-deus-a-uma-igrejinha","status":"publish","type":"post","link":"https:\/\/www.oarcanjo.net\/site\/angelus-nao-devemos-reduzir-o-reino-de-deus-a-uma-igrejinha\/","title":{"rendered":"Angelus: n\u00e3o devemos reduzir o Reino de Deus a uma &#8216;igrejinha&#8217;"},"content":{"rendered":"<p>Domingo \u00e9 dia de Ora\u00e7\u00e3o Mariana. O Papa Francisco, da janela do seu escrit\u00f3rio, dirigiu-se \u00e0 Pra\u00e7a S\u00e3o Pedro lotada de fi\u00e9is e peregrinos, e falou de fazer Igreja num sentido amplo e para todos. Nada de fazer \u2018igrejinhas\u2019, de modo particular.<\/p>\n<p>O Pont\u00edfice come\u00e7ou o Angelus lembrando do Evangelho de Mateus deste domingo, quando Jesus fala da resposta que vem dada ao convite de Deus, representado por um rei, para participar de uma festa de casamento. Um convite que tem tr\u00eas caracter\u00edsticas fundamentais: a gratuidade, a amplid\u00e3o e a universalidade.<\/p>\n<p>Os convidados s\u00e3o tantos, continua o Papa, mas acontece alguma coisa de surpreendente: nenhum dos escolhidos aceita participar da festa, \u201cpois tem algo a fazer. Na verdade, alguns demonstram indiferen\u00e7a, estranheza e at\u00e9 chatea\u00e7\u00e3o. Deus \u00e9 bom conosco, nos oferece gratuitamente a sua amizade, a sua alegria, a salva\u00e7\u00e3o, mas, tantas vezes, n\u00e3o acolhemos os seus donos, colocamos em primeiro lugar as nossas preocupa\u00e7\u00f5es materiais, os nossos interesses.\u201d Alguns convidados, continua o Pont\u00edfice, at\u00e9 mesmo maltratam e matam os servos que levam o convite. Mas, n\u00e3o obstante a falta de ades\u00e3o aos chamados, o projeto de Deus n\u00e3o se interrompe.<\/p>\n<p>\u201cDiante da recusa dos primeiros convidados, Ele n\u00e3o desanima, n\u00e3o suspende a festa, mas reprop\u00f5e o convite, ampliando, al\u00e9m do limite racional, e envia os seus servos nas pra\u00e7as e nas encruzilhadas das estradas para juntar aqueles que encontram. Trata-se de pessoas normais, pobres, abandonados e deserdados, at\u00e9 mesmo, bons e ruins \u2013 at\u00e9 os ruins s\u00e3o convidados -, sem distin\u00e7\u00e3o. E a sala se enche de \u2018exclu\u00eddos\u2019. O Evangelho encontra uma acolhida inesperada em tantos outros cora\u00e7\u00f5es.\u201d<\/p>\n<p>A qualquer um, afirma o Papa Francisco, \u201cse d\u00e1 a possibilidade de responder\u201d ao convite de Deus. E vice-versa, \u201cnenhum, tem o direito de se sentir privilegiado ou de reivindicar um convite exclusivo\u201d: \u201cTudo isso nos induz a vencer o h\u00e1bito de nos colocarmos comodamente no centro, come faziam os chefes dos sacerdotes e os fariseus. Isso n\u00e3o se deve fazer: n\u00f3s precisamos nos abrir \u00e0s periferias, reconhecendo que at\u00e9 quem est\u00e1 nas margens, at\u00e9 mesmo aquele que \u00e9 rejeitado e desprezado da sociedade \u00e9 objeto da generosidade de Deus.\u201d<\/p>\n<p>E ter uma generosidade como aquela de Deus, que chega a enxergar quem normalmente \u00e9 invis\u00edvel, impede, insiste o Papa, de insistir num outro tipo de erro:<\/p>\n<p>\u201cTodos somos chamados a n\u00e3o reduzir o Reino de Deus aos limites da \u2018igrejinha\u2019: a nossa \u2018igrejinha\u2019\u2026 N\u00e3o serve isso! Mas a dilatar a Igreja \u00e0s dimens\u00f5es do Reino de Deus. Somente uma condi\u00e7\u00e3o: vestir o vestido de noiva, isto \u00e9, testemunhar a caridade concreta a Deus e ao pr\u00f3ximo.\u201d (AC)<\/p>\n<p><em>Fonte: News.Va<\/em><\/p>\n<div id=\"themify_builder_content-52566\" data-postid=\"52566\" class=\"themify_builder_content themify_builder_content-52566 themify_builder themify_builder_front\">\n\t<\/div>\n<!-- \/themify_builder_content -->","protected":false},"excerpt":{"rendered":"<p>Domingo \u00e9 dia de Ora\u00e7\u00e3o Mariana. O Papa Francisco, da janela do seu escrit\u00f3rio, dirigiu-se \u00e0 Pra\u00e7a S\u00e3o Pedro lotada de fi\u00e9is e peregrinos, e falou de fazer Igreja num sentido amplo e para todos. Nada de fazer \u2018igrejinhas\u2019, de modo particular. O Pont\u00edfice come\u00e7ou o Angelus lembrando do Evangelho de Mateus deste domingo, quando [&hellip;]<\/p>\n","protected":false},"author":3,"featured_media":0,"comment_status":"open","ping_status":"open","sticky":false,"template":"","format":"standard","meta":{"ngg_post_thumbnail":0,"footnotes":""},"categories":[9],"tags":[2264,100,254,3141,2433,799],"yoast_head":"<!-- This site is optimized with the Yoast SEO plugin v23.5 - https:\/\/yoast.com\/wordpress\/plugins\/seo\/ -->\n<title>Angelus: n\u00e3o devemos reduzir o Reino de Deus a uma &#039;igrejinha&#039; - O Arcanjo no ar<\/title>\n<meta name=\"robots\" content=\"index, follow, max-snippet:-1, max-image-preview:large, max-video-preview:-1\" \/>\n<link rel=\"canonical\" href=\"https:\/\/www.oarcanjo.net\/site\/angelus-nao-devemos-reduzir-o-reino-de-deus-a-uma-igrejinha\/\" \/>\n<meta property=\"og:locale\" content=\"pt_BR\" \/>\n<meta property=\"og:type\" content=\"article\" \/>\n<meta property=\"og:title\" content=\"Angelus: n\u00e3o devemos reduzir o Reino de Deus a uma &#039;igrejinha&#039; - O Arcanjo no ar\" \/>\n<meta property=\"og:description\" content=\"Domingo \u00e9 dia de Ora\u00e7\u00e3o Mariana. O Papa Francisco, da janela do seu escrit\u00f3rio, dirigiu-se \u00e0 Pra\u00e7a S\u00e3o Pedro lotada de fi\u00e9is e peregrinos, e falou de fazer Igreja num sentido amplo e para todos. Nada de fazer \u2018igrejinhas\u2019, de modo particular. O Pont\u00edfice come\u00e7ou o Angelus lembrando do Evangelho de Mateus deste domingo, quando [&hellip;]\" \/>\n<meta property=\"og:url\" content=\"https:\/\/www.oarcanjo.net\/site\/angelus-nao-devemos-reduzir-o-reino-de-deus-a-uma-igrejinha\/\" \/>\n<meta property=\"og:site_name\" content=\"O Arcanjo no ar\" \/>\n<meta property=\"article:publisher\" content=\"https:\/\/www.facebook.com\/OArcanjoNoAr\/\" \/>\n<meta property=\"article:published_time\" content=\"2014-10-13T11:05:10+00:00\" \/>\n<meta property=\"article:modified_time\" content=\"2014-10-13T12:27:27+00:00\" \/>\n<meta property=\"og:image\" content=\"https:\/\/www.oarcanjo.net\/site\/wp-content\/uploads\/logo-o-arcanjo-no-ar-facebook.png\" \/>\n\t<meta property=\"og:image:width\" content=\"300\" \/>\n\t<meta property=\"og:image:height\" content=\"300\" \/>\n\t<meta property=\"og:image:type\" content=\"image\/png\" \/>\n<meta name=\"author\" content=\"miriam.meyer\" \/>\n<meta name=\"twitter:card\" content=\"summary_large_image\" \/>\n<meta name=\"twitter:label1\" content=\"Escrito por\" \/>\n\t<meta name=\"twitter:data1\" content=\"miriam.meyer\" \/>\n\t<meta name=\"twitter:label2\" content=\"Est. tempo de leitura\" \/>\n\t<meta name=\"twitter:data2\" content=\"2 minutos\" \/>\n<script type=\"application\/ld+json\" class=\"yoast-schema-graph\">{\"@context\":\"https:\/\/schema.org\",\"@graph\":[{\"@type\":\"Article\",\"@id\":\"https:\/\/www.oarcanjo.net\/site\/angelus-nao-devemos-reduzir-o-reino-de-deus-a-uma-igrejinha\/#article\",\"isPartOf\":{\"@id\":\"https:\/\/www.oarcanjo.net\/site\/angelus-nao-devemos-reduzir-o-reino-de-deus-a-uma-igrejinha\/\"},\"author\":{\"name\":\"miriam.meyer\",\"@id\":\"https:\/\/www.oarcanjo.net\/site\/#\/schema\/person\/ce0fba3450314a09c6442cfee983a3d8\"},\"headline\":\"Angelus: n\u00e3o devemos reduzir o Reino de Deus a uma &#8216;igrejinha&#8217;\",\"datePublished\":\"2014-10-13T11:05:10+00:00\",\"dateModified\":\"2014-10-13T12:27:27+00:00\",\"mainEntityOfPage\":{\"@id\":\"https:\/\/www.oarcanjo.net\/site\/angelus-nao-devemos-reduzir-o-reino-de-deus-a-uma-igrejinha\/\"},\"wordCount\":482,\"commentCount\":0,\"publisher\":{\"@id\":\"https:\/\/www.oarcanjo.net\/site\/#organization\"},\"keywords\":[\"Angelus\",\"caridade\",\"casamento\",\"Igrejinha\",\"Papa Francisco\",\"servi\u00e7o\"],\"articleSection\":[\"Reflex\u00f5es\"],\"inLanguage\":\"pt-BR\",\"potentialAction\":[{\"@type\":\"CommentAction\",\"name\":\"Comment\",\"target\":[\"https:\/\/www.oarcanjo.net\/site\/angelus-nao-devemos-reduzir-o-reino-de-deus-a-uma-igrejinha\/#respond\"]}]},{\"@type\":\"WebPage\",\"@id\":\"https:\/\/www.oarcanjo.net\/site\/angelus-nao-devemos-reduzir-o-reino-de-deus-a-uma-igrejinha\/\",\"url\":\"https:\/\/www.oarcanjo.net\/site\/angelus-nao-devemos-reduzir-o-reino-de-deus-a-uma-igrejinha\/\",\"name\":\"Angelus: n\u00e3o devemos reduzir o Reino de Deus a uma 'igrejinha' - O Arcanjo no ar\",\"isPartOf\":{\"@id\":\"https:\/\/www.oarcanjo.net\/site\/#website\"},\"datePublished\":\"2014-10-13T11:05:10+00:00\",\"dateModified\":\"2014-10-13T12:27:27+00:00\",\"breadcrumb\":{\"@id\":\"https:\/\/www.oarcanjo.net\/site\/angelus-nao-devemos-reduzir-o-reino-de-deus-a-uma-igrejinha\/#breadcrumb\"},\"inLanguage\":\"pt-BR\",\"potentialAction\":[{\"@type\":\"ReadAction\",\"target\":[\"https:\/\/www.oarcanjo.net\/site\/angelus-nao-devemos-reduzir-o-reino-de-deus-a-uma-igrejinha\/\"]}]},{\"@type\":\"BreadcrumbList\",\"@id\":\"https:\/\/www.oarcanjo.net\/site\/angelus-nao-devemos-reduzir-o-reino-de-deus-a-uma-igrejinha\/#breadcrumb\",\"itemListElement\":[{\"@type\":\"ListItem\",\"position\":1,\"name\":\"In\u00edcio\",\"item\":\"https:\/\/www.oarcanjo.net\/site\/\"},{\"@type\":\"ListItem\",\"position\":2,\"name\":\"Angelus: n\u00e3o devemos reduzir o Reino de Deus a uma &#8216;igrejinha&#8217;\"}]},{\"@type\":\"WebSite\",\"@id\":\"https:\/\/www.oarcanjo.net\/site\/#website\",\"url\":\"https:\/\/www.oarcanjo.net\/site\/\",\"name\":\"O Arcanjo no ar\",\"description\":\"Site da Par\u00f3quia S\u00e3o Miguel Arcanjo (Arquidiocese de SP)\",\"publisher\":{\"@id\":\"https:\/\/www.oarcanjo.net\/site\/#organization\"},\"potentialAction\":[{\"@type\":\"SearchAction\",\"target\":{\"@type\":\"EntryPoint\",\"urlTemplate\":\"https:\/\/www.oarcanjo.net\/site\/?s={search_term_string}\"},\"query-input\":{\"@type\":\"PropertyValueSpecification\",\"valueRequired\":true,\"valueName\":\"search_term_string\"}}],\"inLanguage\":\"pt-BR\"},{\"@type\":\"Organization\",\"@id\":\"https:\/\/www.oarcanjo.net\/site\/#organization\",\"name\":\"Par\u00f3quia S\u00e3o Miguel Arcanjo\",\"url\":\"https:\/\/www.oarcanjo.net\/site\/\",\"logo\":{\"@type\":\"ImageObject\",\"inLanguage\":\"pt-BR\",\"@id\":\"https:\/\/www.oarcanjo.net\/site\/#\/schema\/logo\/image\/\",\"url\":\"https:\/\/www.oarcanjo.net\/site\/wp-content\/uploads\/LogoOArcanjo.png\",\"contentUrl\":\"https:\/\/www.oarcanjo.net\/site\/wp-content\/uploads\/LogoOArcanjo.png\",\"width\":319,\"height\":99,\"caption\":\"Par\u00f3quia S\u00e3o Miguel Arcanjo\"},\"image\":{\"@id\":\"https:\/\/www.oarcanjo.net\/site\/#\/schema\/logo\/image\/\"},\"sameAs\":[\"https:\/\/www.facebook.com\/OArcanjoNoAr\/\"]},{\"@type\":\"Person\",\"@id\":\"https:\/\/www.oarcanjo.net\/site\/#\/schema\/person\/ce0fba3450314a09c6442cfee983a3d8\",\"name\":\"miriam.meyer\"}]}<\/script>\n<!-- \/ Yoast SEO plugin. -->","yoast_head_json":{"title":"Angelus: n\u00e3o devemos reduzir o Reino de Deus a uma 'igrejinha' - O Arcanjo no ar","robots":{"index":"index","follow":"follow","max-snippet":"max-snippet:-1","max-image-preview":"max-image-preview:large","max-video-preview":"max-video-preview:-1"},"canonical":"https:\/\/www.oarcanjo.net\/site\/angelus-nao-devemos-reduzir-o-reino-de-deus-a-uma-igrejinha\/","og_locale":"pt_BR","og_type":"article","og_title":"Angelus: n\u00e3o devemos reduzir o Reino de Deus a uma 'igrejinha' - O Arcanjo no ar","og_description":"Domingo \u00e9 dia de Ora\u00e7\u00e3o Mariana. O Papa Francisco, da janela do seu escrit\u00f3rio, dirigiu-se \u00e0 Pra\u00e7a S\u00e3o Pedro lotada de fi\u00e9is e peregrinos, e falou de fazer Igreja num sentido amplo e para todos. Nada de fazer \u2018igrejinhas\u2019, de modo particular. O Pont\u00edfice come\u00e7ou o Angelus lembrando do Evangelho de Mateus deste domingo, quando [&hellip;]","og_url":"https:\/\/www.oarcanjo.net\/site\/angelus-nao-devemos-reduzir-o-reino-de-deus-a-uma-igrejinha\/","og_site_name":"O Arcanjo no ar","article_publisher":"https:\/\/www.facebook.com\/OArcanjoNoAr\/","article_published_time":"2014-10-13T11:05:10+00:00","article_modified_time":"2014-10-13T12:27:27+00:00","og_image":[{"width":300,"height":300,"url":"https:\/\/www.oarcanjo.net\/site\/wp-content\/uploads\/logo-o-arcanjo-no-ar-facebook.png","type":"image\/png"}],"author":"miriam.meyer","twitter_card":"summary_large_image","twitter_misc":{"Escrito por":"miriam.meyer","Est. tempo de leitura":"2 minutos"},"schema":{"@context":"https:\/\/schema.org","@graph":[{"@type":"Article","@id":"https:\/\/www.oarcanjo.net\/site\/angelus-nao-devemos-reduzir-o-reino-de-deus-a-uma-igrejinha\/#article","isPartOf":{"@id":"https:\/\/www.oarcanjo.net\/site\/angelus-nao-devemos-reduzir-o-reino-de-deus-a-uma-igrejinha\/"},"author":{"name":"miriam.meyer","@id":"https:\/\/www.oarcanjo.net\/site\/#\/schema\/person\/ce0fba3450314a09c6442cfee983a3d8"},"headline":"Angelus: n\u00e3o devemos reduzir o Reino de Deus a uma &#8216;igrejinha&#8217;","datePublished":"2014-10-13T11:05:10+00:00","dateModified":"2014-10-13T12:27:27+00:00","mainEntityOfPage":{"@id":"https:\/\/www.oarcanjo.net\/site\/angelus-nao-devemos-reduzir-o-reino-de-deus-a-uma-igrejinha\/"},"wordCount":482,"commentCount":0,"publisher":{"@id":"https:\/\/www.oarcanjo.net\/site\/#organization"},"keywords":["Angelus","caridade","casamento","Igrejinha","Papa Francisco","servi\u00e7o"],"articleSection":["Reflex\u00f5es"],"inLanguage":"pt-BR","potentialAction":[{"@type":"CommentAction","name":"Comment","target":["https:\/\/www.oarcanjo.net\/site\/angelus-nao-devemos-reduzir-o-reino-de-deus-a-uma-igrejinha\/#respond"]}]},{"@type":"WebPage","@id":"https:\/\/www.oarcanjo.net\/site\/angelus-nao-devemos-reduzir-o-reino-de-deus-a-uma-igrejinha\/","url":"https:\/\/www.oarcanjo.net\/site\/angelus-nao-devemos-reduzir-o-reino-de-deus-a-uma-igrejinha\/","name":"Angelus: n\u00e3o devemos reduzir o Reino de Deus a uma 'igrejinha' - O Arcanjo no ar","isPartOf":{"@id":"https:\/\/www.oarcanjo.net\/site\/#website"},"datePublished":"2014-10-13T11:05:10+00:00","dateModified":"2014-10-13T12:27:27+00:00","breadcrumb":{"@id":"https:\/\/www.oarcanjo.net\/site\/angelus-nao-devemos-reduzir-o-reino-de-deus-a-uma-igrejinha\/#breadcrumb"},"inLanguage":"pt-BR","potentialAction":[{"@type":"ReadAction","target":["https:\/\/www.oarcanjo.net\/site\/angelus-nao-devemos-reduzir-o-reino-de-deus-a-uma-igrejinha\/"]}]},{"@type":"BreadcrumbList","@id":"https:\/\/www.oarcanjo.net\/site\/angelus-nao-devemos-reduzir-o-reino-de-deus-a-uma-igrejinha\/#breadcrumb","itemListElement":[{"@type":"ListItem","position":1,"name":"In\u00edcio","item":"https:\/\/www.oarcanjo.net\/site\/"},{"@type":"ListItem","position":2,"name":"Angelus: n\u00e3o devemos reduzir o Reino de Deus a uma &#8216;igrejinha&#8217;"}]},{"@type":"WebSite","@id":"https:\/\/www.oarcanjo.net\/site\/#website","url":"https:\/\/www.oarcanjo.net\/site\/","name":"O Arcanjo no ar","description":"Site da Par\u00f3quia S\u00e3o Miguel Arcanjo (Arquidiocese de SP)","publisher":{"@id":"https:\/\/www.oarcanjo.net\/site\/#organization"},"potentialAction":[{"@type":"SearchAction","target":{"@type":"EntryPoint","urlTemplate":"https:\/\/www.oarcanjo.net\/site\/?s={search_term_string}"},"query-input":{"@type":"PropertyValueSpecification","valueRequired":true,"valueName":"search_term_string"}}],"inLanguage":"pt-BR"},{"@type":"Organization","@id":"https:\/\/www.oarcanjo.net\/site\/#organization","name":"Par\u00f3quia S\u00e3o Miguel Arcanjo","url":"https:\/\/www.oarcanjo.net\/site\/","logo":{"@type":"ImageObject","inLanguage":"pt-BR","@id":"https:\/\/www.oarcanjo.net\/site\/#\/schema\/logo\/image\/","url":"https:\/\/www.oarcanjo.net\/site\/wp-content\/uploads\/LogoOArcanjo.png","contentUrl":"https:\/\/www.oarcanjo.net\/site\/wp-content\/uploads\/LogoOArcanjo.png","width":319,"height":99,"caption":"Par\u00f3quia S\u00e3o Miguel Arcanjo"},"image":{"@id":"https:\/\/www.oarcanjo.net\/site\/#\/schema\/logo\/image\/"},"sameAs":["https:\/\/www.facebook.com\/OArcanjoNoAr\/"]},{"@type":"Person","@id":"https:\/\/www.oarcanjo.net\/site\/#\/schema\/person\/ce0fba3450314a09c6442cfee983a3d8","name":"miriam.meyer"}]}},"publishpress_future_action":{"enabled":false,"date":"2026-05-08 20:22:44","action":"category","newStatus":"draft","terms":[],"taxonomy":"category"},"publishpress_future_workflow_manual_trigger":{"enabledWorkflows":[]},"_links":{"self":[{"href":"https:\/\/www.oarcanjo.net\/site\/wp-json\/wp\/v2\/posts\/52566"}],"collection":[{"href":"https:\/\/www.oarcanjo.net\/site\/wp-json\/wp\/v2\/posts"}],"about":[{"href":"https:\/\/www.oarcanjo.net\/site\/wp-json\/wp\/v2\/types\/post"}],"author":[{"embeddable":true,"href":"https:\/\/www.oarcanjo.net\/site\/wp-json\/wp\/v2\/users\/3"}],"replies":[{"embeddable":true,"href":"https:\/\/www.oarcanjo.net\/site\/wp-json\/wp\/v2\/comments?post=52566"}],"version-history":[{"count":0,"href":"https:\/\/www.oarcanjo.net\/site\/wp-json\/wp\/v2\/posts\/52566\/revisions"}],"wp:attachment":[{"href":"https:\/\/www.oarcanjo.net\/site\/wp-json\/wp\/v2\/media?parent=52566"}],"wp:term":[{"taxonomy":"category","embeddable":true,"href":"https:\/\/www.oarcanjo.net\/site\/wp-json\/wp\/v2\/categories?post=52566"},{"taxonomy":"post_tag","embeddable":true,"href":"https:\/\/www.oarcanjo.net\/site\/wp-json\/wp\/v2\/tags?post=52566"}],"curies":[{"name":"wp","href":"https:\/\/api.w.org\/{rel}","templated":true}]}}