
{"id":5283,"date":"2009-09-22T10:02:35","date_gmt":"2009-09-22T13:02:35","guid":{"rendered":"http:\/\/www.oarcanjo.net\/site\/?p=5283"},"modified":"2009-09-22T11:17:02","modified_gmt":"2009-09-22T14:17:02","slug":"manifesto-em-defesa-da-democracia-e-do-mst","status":"publish","type":"post","link":"https:\/\/www.oarcanjo.net\/site\/manifesto-em-defesa-da-democracia-e-do-mst\/","title":{"rendered":"Manifesto em defesa do MST"},"content":{"rendered":"<p>Secretaria Nacional do Movimento dos Trabalhadores Rurais Sem Terra<\/p>\n<p>Bastou realizarmos mais uma jornada de lutas &#8211; cobrando o cumprimento de uma pauta de reivindica\u00e7\u00f5es apresentada ao governo Lula ainda em 2005 \u2013 e exigirmos a atualiza\u00e7\u00e3o dos \u00edndices de produtividade agr\u00edcola, como estabelece a Constitui\u00e7\u00e3o Federal para que viesse a rea\u00e7\u00e3o.<\/p>\n<p>Os setores mais conservadores do Congresso e da sociedade, liderados pela senadora K\u00e1tia Abreu (DEM\/TO) e os deputados federais Ronaldo Caiado (DEM-GO) e Onyx Lorenzoni (DEM-RS), que come\u00e7aram a orquestrar uma nova ofensiva contra o MST.<\/p>\n<p>Na semana passada, os parlamentares ruralistas protocolaram mais uma CPI (Comiss\u00e3o Parlamentar de Inqu\u00e9rito) contra o MST &#8211; a terceira em menos de 5 anos. \u00c9 exatamente uma repres\u00e1lia \u00e0 nossa ousadia de solicitar a atualiza\u00e7\u00e3o dos \u00edndices de produtividade agr\u00edcola, que poder\u00e1 beneficiar os propriet\u00e1rios rurais que realmente produzem em nosso pa\u00eds.<\/p>\n<p>Os que n\u00e3o produzem, certamente, aprovados os novos \u00edndices, ter\u00e3o dificuldades de acessar os recursos dos cofres p\u00fablicos. Assim, os \u201cmodernos\u201d defensores do agroneg\u00f3cio n\u00e3o apenas defendem uma agricultura atrasada, em defesa pr\u00f3pria, como tamb\u00e9m expressam, mais uma vez, seu car\u00e1ter anti-social e parasit\u00e1rio dos recursos p\u00fablicos.<\/p>\n<p>Os ruralistas, agora parlamentares, alegam que h\u00e1 uma malversa\u00e7\u00e3o dos recursos p\u00fablicos destinados \u00e0 Reforma Agr\u00e1ria para justificar essa CPI. \u00c9 um direito deles fazer esse questionamento e elogiamos a disposi\u00e7\u00e3o de prezar pelos recursos  p\u00fablicos.<\/p>\n<p>Mesmo sabendo que a Confedera\u00e7\u00e3o Nacional da Agricultura (CNA), que a senadora K\u00e1tia Abreu preside, financiou a campanha eleitoral da senadora e at\u00e9 hoje n\u00e3o foi investigada. Mas se h\u00e1 problemas com esses recursos p\u00fablicos, para que serve o Tribunal de Contas da Uni\u00e3o (TCU), subordinado ao Congresso Nacional, ou a Receita Federal?<\/p>\n<p>H\u00e1 a necessidade de criar uma nova CPI ou os objetivos s\u00e3o apenas imobilizar um movimento social e ocupar espa\u00e7os na m\u00eddia para inibir a bandeira da Reforma Agr\u00e1ria? Parlamentares identificados ou coniventes com esses objetivos \u00e9 que n\u00e3o faltam.<\/p>\n<p>Mas se n\u00e3o nos faltam inimigos da Reforma Agr\u00e1ria, fortalecidos pol\u00edtica e economicamente h\u00e1 cinco s\u00e9culos pela exist\u00eancia do latif\u00fandio, tamb\u00e9m n\u00e3o nos faltam solidariedade e apoio de incans\u00e1veis e valorosas lutadoras e lutadores da Reforma Agr\u00e1ria.<\/p>\n<p>E por iniciativa de companheiros que nunca nos faltam, principalmente nas horas mais dif\u00edceis, surgiu um Manifesto em Defesa da Democracia e do MST. O nosso muito obrigado pela iniciativa desses companheiros.<\/p>\n<p>Agradecemos a iniciativa dos companheiros Pl\u00ednio de Arruda Sampaio, Osvaldo Russo, Hamilton Pereira, Al\u00edpio Freire e Heloisa Fernandes, por  escrever o manifesto e fazer o levantamento de assinaturas.<\/p>\n<p>Temos orgulho de receber o apoio e palavras de carinho de Ant\u00f4nio C\u00e2ndido, Leandro Konder, F\u00e1bio Konder Comparato, Fernando Morais, Jacques Alfonsin e Nilo Batista. Do exterior, recebemos o sopro da solidariedade de Eduardo Galeano (Uruguai), Istv\u00e1n M\u00e9sz\u00e1ros (Hungria), Miguel Urbano (Portugal) e Vandana Shiva (\u00cdndia).<\/p>\n<p>Da Igreja, recebemos a ora\u00e7\u00e3o de Dom Ladislau Biernaski (Presidente da CPT), Dom Pedro Casald\u00e1liga (bispo em\u00e9rito da Prelazia de S\u00e3o F\u00e9lix do Araguaia), Reverendo Carlos Alberto Tom\u00e9 da Silva (Anglicano, Capel\u00e3o Militar), Dom Tom\u00e1s Balduino, Frei Betto e Leonardo Boff.<\/p>\n<p>As entidades da classe trabalhadora do nosso pa\u00eds tamb\u00e9m est\u00e3o do nosso lado contra essa ofensiva. Os partidos de esquerda manifestaram solidariedade contra a manobra dos parlamentares da extrema-direita<\/p>\n<p>Al\u00e9m desses companheiros e companheiras, agradecemos as mais de 400 pessoas que j\u00e1 assinaram o nosso manifesto. Mais do que o conte\u00fado expresso no manifesto, a companhia de voc\u00eas, e de todas e todos que o subscrever, atesta que estamos na luta e no caminho certo.<\/p>\n<p>Poder\u00e1 tardar, por conta da mentalidade retr\u00f3grada e latifundi\u00e1ria da elite brasileira, mas conquistaremos um Brasil socialmente justo, democr\u00e1tico e com igualdade.<\/p>\n<p>Abaixo segue o link do Manifesto. Assine-o e promova sua divulga\u00e7\u00e3o. Para assinar, entre em: <a title=\"Manifesto em defesa do MST\" href=\"http:\/\/www.petitiononline.com\/manifmst\/petition.html\" target=\"_blank\">http:\/\/www.petitiononline.com\/manifmst\/petition.html<\/a><\/p>\n<div id=\"themify_builder_content-5283\" data-postid=\"5283\" class=\"themify_builder_content themify_builder_content-5283 themify_builder themify_builder_front\">\n\t<\/div>\n<!-- \/themify_builder_content -->","protected":false},"excerpt":{"rendered":"<p>Secretaria Nacional do Movimento dos Trabalhadores Rurais Sem Terra Bastou realizarmos mais uma jornada de lutas &#8211; cobrando o cumprimento de uma pauta de reivindica\u00e7\u00f5es apresentada ao governo Lula ainda em 2005 \u2013 e exigirmos a atualiza\u00e7\u00e3o dos \u00edndices de produtividade agr\u00edcola, como estabelece a Constitui\u00e7\u00e3o Federal para que viesse a rea\u00e7\u00e3o. Os setores mais [&hellip;]<\/p>\n","protected":false},"author":5,"featured_media":0,"comment_status":"open","ping_status":"open","sticky":false,"template":"","format":"standard","meta":{"ngg_post_thumbnail":0,"footnotes":""},"categories":[8],"tags":[873,53,1080,292,293,1081,483,88],"yoast_head":"<!-- This site is optimized with the Yoast SEO plugin v23.5 - https:\/\/yoast.com\/wordpress\/plugins\/seo\/ -->\n<title>Manifesto em defesa do MST - O Arcanjo no ar<\/title>\n<meta name=\"robots\" content=\"index, follow, max-snippet:-1, max-image-preview:large, max-video-preview:-1\" \/>\n<link rel=\"canonical\" href=\"https:\/\/www.oarcanjo.net\/site\/manifesto-em-defesa-da-democracia-e-do-mst\/\" \/>\n<meta property=\"og:locale\" content=\"pt_BR\" \/>\n<meta property=\"og:type\" content=\"article\" \/>\n<meta property=\"og:title\" content=\"Manifesto em defesa do MST - O Arcanjo no ar\" \/>\n<meta property=\"og:description\" content=\"Secretaria Nacional do Movimento dos Trabalhadores Rurais Sem Terra Bastou realizarmos mais uma jornada de lutas &#8211; cobrando o cumprimento de uma pauta de reivindica\u00e7\u00f5es apresentada ao governo Lula ainda em 2005 \u2013 e exigirmos a atualiza\u00e7\u00e3o dos \u00edndices de produtividade agr\u00edcola, como estabelece a Constitui\u00e7\u00e3o Federal para que viesse a rea\u00e7\u00e3o. Os setores mais [&hellip;]\" \/>\n<meta property=\"og:url\" content=\"https:\/\/www.oarcanjo.net\/site\/manifesto-em-defesa-da-democracia-e-do-mst\/\" \/>\n<meta property=\"og:site_name\" content=\"O Arcanjo no ar\" \/>\n<meta property=\"article:publisher\" content=\"https:\/\/www.facebook.com\/OArcanjoNoAr\/\" \/>\n<meta property=\"article:published_time\" content=\"2009-09-22T13:02:35+00:00\" \/>\n<meta property=\"article:modified_time\" content=\"2009-09-22T14:17:02+00:00\" \/>\n<meta property=\"og:image\" content=\"https:\/\/www.oarcanjo.net\/site\/wp-content\/uploads\/logo-o-arcanjo-no-ar-facebook.png\" \/>\n\t<meta property=\"og:image:width\" content=\"300\" \/>\n\t<meta property=\"og:image:height\" content=\"300\" \/>\n\t<meta property=\"og:image:type\" content=\"image\/png\" \/>\n<meta name=\"author\" content=\"editor\" \/>\n<meta name=\"twitter:card\" content=\"summary_large_image\" \/>\n<meta name=\"twitter:label1\" content=\"Escrito por\" \/>\n\t<meta name=\"twitter:data1\" content=\"editor\" \/>\n\t<meta name=\"twitter:label2\" content=\"Est. tempo de leitura\" \/>\n\t<meta name=\"twitter:data2\" content=\"3 minutos\" \/>\n<script type=\"application\/ld+json\" class=\"yoast-schema-graph\">{\"@context\":\"https:\/\/schema.org\",\"@graph\":[{\"@type\":\"Article\",\"@id\":\"https:\/\/www.oarcanjo.net\/site\/manifesto-em-defesa-da-democracia-e-do-mst\/#article\",\"isPartOf\":{\"@id\":\"https:\/\/www.oarcanjo.net\/site\/manifesto-em-defesa-da-democracia-e-do-mst\/\"},\"author\":{\"name\":\"editor\",\"@id\":\"https:\/\/www.oarcanjo.net\/site\/#\/schema\/person\/f7024d007863202483a31326673a0838\"},\"headline\":\"Manifesto em defesa do MST\",\"datePublished\":\"2009-09-22T13:02:35+00:00\",\"dateModified\":\"2009-09-22T14:17:02+00:00\",\"mainEntityOfPage\":{\"@id\":\"https:\/\/www.oarcanjo.net\/site\/manifesto-em-defesa-da-democracia-e-do-mst\/\"},\"wordCount\":692,\"commentCount\":0,\"publisher\":{\"@id\":\"https:\/\/www.oarcanjo.net\/site\/#organization\"},\"keywords\":[\"Democracia\",\"mobiliza\u00e7\u00e3o\",\"movimento social\",\"MST\",\"Reforma agr\u00e1ria\",\"rep\u00fablica\",\"sem terra\",\"solidariedade\"],\"articleSection\":[\"Not\u00edcias\"],\"inLanguage\":\"pt-BR\",\"potentialAction\":[{\"@type\":\"CommentAction\",\"name\":\"Comment\",\"target\":[\"https:\/\/www.oarcanjo.net\/site\/manifesto-em-defesa-da-democracia-e-do-mst\/#respond\"]}]},{\"@type\":\"WebPage\",\"@id\":\"https:\/\/www.oarcanjo.net\/site\/manifesto-em-defesa-da-democracia-e-do-mst\/\",\"url\":\"https:\/\/www.oarcanjo.net\/site\/manifesto-em-defesa-da-democracia-e-do-mst\/\",\"name\":\"Manifesto em defesa do MST - O Arcanjo no ar\",\"isPartOf\":{\"@id\":\"https:\/\/www.oarcanjo.net\/site\/#website\"},\"datePublished\":\"2009-09-22T13:02:35+00:00\",\"dateModified\":\"2009-09-22T14:17:02+00:00\",\"breadcrumb\":{\"@id\":\"https:\/\/www.oarcanjo.net\/site\/manifesto-em-defesa-da-democracia-e-do-mst\/#breadcrumb\"},\"inLanguage\":\"pt-BR\",\"potentialAction\":[{\"@type\":\"ReadAction\",\"target\":[\"https:\/\/www.oarcanjo.net\/site\/manifesto-em-defesa-da-democracia-e-do-mst\/\"]}]},{\"@type\":\"BreadcrumbList\",\"@id\":\"https:\/\/www.oarcanjo.net\/site\/manifesto-em-defesa-da-democracia-e-do-mst\/#breadcrumb\",\"itemListElement\":[{\"@type\":\"ListItem\",\"position\":1,\"name\":\"In\u00edcio\",\"item\":\"https:\/\/www.oarcanjo.net\/site\/\"},{\"@type\":\"ListItem\",\"position\":2,\"name\":\"Manifesto em defesa do MST\"}]},{\"@type\":\"WebSite\",\"@id\":\"https:\/\/www.oarcanjo.net\/site\/#website\",\"url\":\"https:\/\/www.oarcanjo.net\/site\/\",\"name\":\"O Arcanjo no ar\",\"description\":\"Site da Par\u00f3quia S\u00e3o Miguel Arcanjo (Arquidiocese de SP)\",\"publisher\":{\"@id\":\"https:\/\/www.oarcanjo.net\/site\/#organization\"},\"potentialAction\":[{\"@type\":\"SearchAction\",\"target\":{\"@type\":\"EntryPoint\",\"urlTemplate\":\"https:\/\/www.oarcanjo.net\/site\/?s={search_term_string}\"},\"query-input\":{\"@type\":\"PropertyValueSpecification\",\"valueRequired\":true,\"valueName\":\"search_term_string\"}}],\"inLanguage\":\"pt-BR\"},{\"@type\":\"Organization\",\"@id\":\"https:\/\/www.oarcanjo.net\/site\/#organization\",\"name\":\"Par\u00f3quia S\u00e3o Miguel Arcanjo\",\"url\":\"https:\/\/www.oarcanjo.net\/site\/\",\"logo\":{\"@type\":\"ImageObject\",\"inLanguage\":\"pt-BR\",\"@id\":\"https:\/\/www.oarcanjo.net\/site\/#\/schema\/logo\/image\/\",\"url\":\"https:\/\/www.oarcanjo.net\/site\/wp-content\/uploads\/LogoOArcanjo.png\",\"contentUrl\":\"https:\/\/www.oarcanjo.net\/site\/wp-content\/uploads\/LogoOArcanjo.png\",\"width\":319,\"height\":99,\"caption\":\"Par\u00f3quia S\u00e3o Miguel Arcanjo\"},\"image\":{\"@id\":\"https:\/\/www.oarcanjo.net\/site\/#\/schema\/logo\/image\/\"},\"sameAs\":[\"https:\/\/www.facebook.com\/OArcanjoNoAr\/\"]},{\"@type\":\"Person\",\"@id\":\"https:\/\/www.oarcanjo.net\/site\/#\/schema\/person\/f7024d007863202483a31326673a0838\",\"name\":\"editor\",\"sameAs\":[\"http:\/\/www.oarcanjo.net\"]}]}<\/script>\n<!-- \/ Yoast SEO plugin. -->","yoast_head_json":{"title":"Manifesto em defesa do MST - O Arcanjo no ar","robots":{"index":"index","follow":"follow","max-snippet":"max-snippet:-1","max-image-preview":"max-image-preview:large","max-video-preview":"max-video-preview:-1"},"canonical":"https:\/\/www.oarcanjo.net\/site\/manifesto-em-defesa-da-democracia-e-do-mst\/","og_locale":"pt_BR","og_type":"article","og_title":"Manifesto em defesa do MST - O Arcanjo no ar","og_description":"Secretaria Nacional do Movimento dos Trabalhadores Rurais Sem Terra Bastou realizarmos mais uma jornada de lutas &#8211; cobrando o cumprimento de uma pauta de reivindica\u00e7\u00f5es apresentada ao governo Lula ainda em 2005 \u2013 e exigirmos a atualiza\u00e7\u00e3o dos \u00edndices de produtividade agr\u00edcola, como estabelece a Constitui\u00e7\u00e3o Federal para que viesse a rea\u00e7\u00e3o. Os setores mais [&hellip;]","og_url":"https:\/\/www.oarcanjo.net\/site\/manifesto-em-defesa-da-democracia-e-do-mst\/","og_site_name":"O Arcanjo no ar","article_publisher":"https:\/\/www.facebook.com\/OArcanjoNoAr\/","article_published_time":"2009-09-22T13:02:35+00:00","article_modified_time":"2009-09-22T14:17:02+00:00","og_image":[{"width":300,"height":300,"url":"https:\/\/www.oarcanjo.net\/site\/wp-content\/uploads\/logo-o-arcanjo-no-ar-facebook.png","type":"image\/png"}],"author":"editor","twitter_card":"summary_large_image","twitter_misc":{"Escrito por":"editor","Est. tempo de leitura":"3 minutos"},"schema":{"@context":"https:\/\/schema.org","@graph":[{"@type":"Article","@id":"https:\/\/www.oarcanjo.net\/site\/manifesto-em-defesa-da-democracia-e-do-mst\/#article","isPartOf":{"@id":"https:\/\/www.oarcanjo.net\/site\/manifesto-em-defesa-da-democracia-e-do-mst\/"},"author":{"name":"editor","@id":"https:\/\/www.oarcanjo.net\/site\/#\/schema\/person\/f7024d007863202483a31326673a0838"},"headline":"Manifesto em defesa do MST","datePublished":"2009-09-22T13:02:35+00:00","dateModified":"2009-09-22T14:17:02+00:00","mainEntityOfPage":{"@id":"https:\/\/www.oarcanjo.net\/site\/manifesto-em-defesa-da-democracia-e-do-mst\/"},"wordCount":692,"commentCount":0,"publisher":{"@id":"https:\/\/www.oarcanjo.net\/site\/#organization"},"keywords":["Democracia","mobiliza\u00e7\u00e3o","movimento social","MST","Reforma agr\u00e1ria","rep\u00fablica","sem terra","solidariedade"],"articleSection":["Not\u00edcias"],"inLanguage":"pt-BR","potentialAction":[{"@type":"CommentAction","name":"Comment","target":["https:\/\/www.oarcanjo.net\/site\/manifesto-em-defesa-da-democracia-e-do-mst\/#respond"]}]},{"@type":"WebPage","@id":"https:\/\/www.oarcanjo.net\/site\/manifesto-em-defesa-da-democracia-e-do-mst\/","url":"https:\/\/www.oarcanjo.net\/site\/manifesto-em-defesa-da-democracia-e-do-mst\/","name":"Manifesto em defesa do MST - O Arcanjo no ar","isPartOf":{"@id":"https:\/\/www.oarcanjo.net\/site\/#website"},"datePublished":"2009-09-22T13:02:35+00:00","dateModified":"2009-09-22T14:17:02+00:00","breadcrumb":{"@id":"https:\/\/www.oarcanjo.net\/site\/manifesto-em-defesa-da-democracia-e-do-mst\/#breadcrumb"},"inLanguage":"pt-BR","potentialAction":[{"@type":"ReadAction","target":["https:\/\/www.oarcanjo.net\/site\/manifesto-em-defesa-da-democracia-e-do-mst\/"]}]},{"@type":"BreadcrumbList","@id":"https:\/\/www.oarcanjo.net\/site\/manifesto-em-defesa-da-democracia-e-do-mst\/#breadcrumb","itemListElement":[{"@type":"ListItem","position":1,"name":"In\u00edcio","item":"https:\/\/www.oarcanjo.net\/site\/"},{"@type":"ListItem","position":2,"name":"Manifesto em defesa do MST"}]},{"@type":"WebSite","@id":"https:\/\/www.oarcanjo.net\/site\/#website","url":"https:\/\/www.oarcanjo.net\/site\/","name":"O Arcanjo no ar","description":"Site da Par\u00f3quia S\u00e3o Miguel Arcanjo (Arquidiocese de SP)","publisher":{"@id":"https:\/\/www.oarcanjo.net\/site\/#organization"},"potentialAction":[{"@type":"SearchAction","target":{"@type":"EntryPoint","urlTemplate":"https:\/\/www.oarcanjo.net\/site\/?s={search_term_string}"},"query-input":{"@type":"PropertyValueSpecification","valueRequired":true,"valueName":"search_term_string"}}],"inLanguage":"pt-BR"},{"@type":"Organization","@id":"https:\/\/www.oarcanjo.net\/site\/#organization","name":"Par\u00f3quia S\u00e3o Miguel Arcanjo","url":"https:\/\/www.oarcanjo.net\/site\/","logo":{"@type":"ImageObject","inLanguage":"pt-BR","@id":"https:\/\/www.oarcanjo.net\/site\/#\/schema\/logo\/image\/","url":"https:\/\/www.oarcanjo.net\/site\/wp-content\/uploads\/LogoOArcanjo.png","contentUrl":"https:\/\/www.oarcanjo.net\/site\/wp-content\/uploads\/LogoOArcanjo.png","width":319,"height":99,"caption":"Par\u00f3quia S\u00e3o Miguel Arcanjo"},"image":{"@id":"https:\/\/www.oarcanjo.net\/site\/#\/schema\/logo\/image\/"},"sameAs":["https:\/\/www.facebook.com\/OArcanjoNoAr\/"]},{"@type":"Person","@id":"https:\/\/www.oarcanjo.net\/site\/#\/schema\/person\/f7024d007863202483a31326673a0838","name":"editor","sameAs":["http:\/\/www.oarcanjo.net"]}]}},"publishpress_future_action":{"enabled":false,"date":"2026-05-09 06:19:33","action":"category","newStatus":"draft","terms":[],"taxonomy":"category"},"publishpress_future_workflow_manual_trigger":{"enabledWorkflows":[]},"_links":{"self":[{"href":"https:\/\/www.oarcanjo.net\/site\/wp-json\/wp\/v2\/posts\/5283"}],"collection":[{"href":"https:\/\/www.oarcanjo.net\/site\/wp-json\/wp\/v2\/posts"}],"about":[{"href":"https:\/\/www.oarcanjo.net\/site\/wp-json\/wp\/v2\/types\/post"}],"author":[{"embeddable":true,"href":"https:\/\/www.oarcanjo.net\/site\/wp-json\/wp\/v2\/users\/5"}],"replies":[{"embeddable":true,"href":"https:\/\/www.oarcanjo.net\/site\/wp-json\/wp\/v2\/comments?post=5283"}],"version-history":[{"count":0,"href":"https:\/\/www.oarcanjo.net\/site\/wp-json\/wp\/v2\/posts\/5283\/revisions"}],"wp:attachment":[{"href":"https:\/\/www.oarcanjo.net\/site\/wp-json\/wp\/v2\/media?parent=5283"}],"wp:term":[{"taxonomy":"category","embeddable":true,"href":"https:\/\/www.oarcanjo.net\/site\/wp-json\/wp\/v2\/categories?post=5283"},{"taxonomy":"post_tag","embeddable":true,"href":"https:\/\/www.oarcanjo.net\/site\/wp-json\/wp\/v2\/tags?post=5283"}],"curies":[{"name":"wp","href":"https:\/\/api.w.org\/{rel}","templated":true}]}}