
{"id":5298,"date":"2009-09-22T21:47:01","date_gmt":"2009-09-23T00:47:01","guid":{"rendered":"http:\/\/www.oarcanjo.net\/site\/?p=5298"},"modified":"2009-09-29T02:21:28","modified_gmt":"2009-09-29T05:21:28","slug":"23-de-setembro-sao-pio-de-pietrelcina","status":"publish","type":"post","link":"https:\/\/www.oarcanjo.net\/site\/23-de-setembro-sao-pio-de-pietrelcina\/","title":{"rendered":"23 de setembro, S\u00e3o Pio de Pietrelcina!"},"content":{"rendered":"<p>Hoje a Igreja celebra um santo dos nossos tempos S\u00e3o Pio de Pietrelcina, falecido em 23 de setembro de 1968.<\/p>\n<p>Frade franciscano, estigmatizado, isto \u00e9, marcado com as chagas de JESUS, por meio s\u00e9culo, homem de ora\u00e7\u00e3o e extrema caridade para com os doentes e todos que atormentados por males o procuravam em busca de sa\u00fade e paz interior.<\/p>\n<p>A sua vida foi marcada por imensos desfios, n\u00e3o foram poucas as dificuldades que enfrentou, nunca afastando-se da CRUZ, que carregava em seu corpo.<\/p>\n<p>Desde crian\u00e7a ouvia falar do Pe. Pio, minha fam\u00edlia tinha por ele enorme carinho e admira\u00e7\u00e3o, em 1958, minha tia av\u00f3, Alexandrina, foi a It\u00e1lia para conhec\u00ea-lo, voltando muito edificada e marcada pela sua misteriosa presen\u00e7a e pela profundidade de suas palavras, nesta \u00e9poca o povo j\u00e1 o considerava santo!<\/p>\n<p>Pe. Pio est\u00e1 muito presente na vida da Igreja pelo seu servi\u00e7o aos doentes, sendo o hospital que fundou um dos mais modernos e de excel\u00eancia de toda a It\u00e1lia. Os grupos de ora\u00e7\u00e3o at\u00e9 hoje s\u00e3o numerosos segundo o seu desejo.<\/p>\n<p>Celebrando sua mem\u00f3ria contemplemos\u00a0 como ele a Paix\u00e3o Redentora\u00a0 de Jesus e sua Ressurrei\u00e7\u00e3o Gloriosa!<\/p>\n<p>O seu corpo foi exumado em 2008 e encontrado incorrupto !<\/p>\n<p>Sinal de que a VIDA \u00e9 mais Forte que a Morte!<\/p>\n<p><object classid=\"clsid:d27cdb6e-ae6d-11cf-96b8-444553540000\" width=\"480\" height=\"385\" codebase=\"http:\/\/download.macromedia.com\/pub\/shockwave\/cabs\/flash\/swflash.cab#version=6,0,40,0\"><param name=\"allowFullScreen\" value=\"true\" \/><param name=\"allowscriptaccess\" value=\"always\" \/><param name=\"src\" value=\"http:\/\/www.youtube.com\/v\/s2-muCCz3Sw&amp;hl=pt-br&amp;fs=1&amp;rel=0&amp;color1=0xe1600f&amp;color2=0xfebd01\" \/><param name=\"allowfullscreen\" value=\"true\" \/><embed type=\"application\/x-shockwave-flash\" width=\"480\" height=\"385\" src=\"http:\/\/www.youtube.com\/v\/s2-muCCz3Sw&amp;hl=pt-br&amp;fs=1&amp;rel=0&amp;color1=0xe1600f&amp;color2=0xfebd01\" allowfullscreen=\"true\" allowscriptaccess=\"always\"><\/embed><\/object><\/p>\n<div id=\"themify_builder_content-5298\" data-postid=\"5298\" class=\"themify_builder_content themify_builder_content-5298 themify_builder themify_builder_front\">\n\t<\/div>\n<!-- \/themify_builder_content -->","protected":false},"excerpt":{"rendered":"<p>Hoje a Igreja celebra um santo dos nossos tempos S\u00e3o Pio de Pietrelcina, falecido em 23 de setembro de 1968. Frade franciscano, estigmatizado, isto \u00e9, marcado com as chagas de JESUS, por meio s\u00e9culo, homem de ora\u00e7\u00e3o e extrema caridade para com os doentes e todos que atormentados por males o procuravam em busca de [&hellip;]<\/p>\n","protected":false},"author":4,"featured_media":0,"comment_status":"open","ping_status":"open","sticky":false,"template":"","format":"standard","meta":{"ngg_post_thumbnail":0,"footnotes":""},"categories":[4],"tags":[913,1082,1083,88],"yoast_head":"<!-- This site is optimized with the Yoast SEO plugin v23.5 - https:\/\/yoast.com\/wordpress\/plugins\/seo\/ -->\n<title>23 de setembro, S\u00e3o Pio de Pietrelcina! - O Arcanjo no ar<\/title>\n<meta name=\"robots\" content=\"index, follow, max-snippet:-1, max-image-preview:large, max-video-preview:-1\" \/>\n<link rel=\"canonical\" href=\"https:\/\/www.oarcanjo.net\/site\/23-de-setembro-sao-pio-de-pietrelcina\/\" \/>\n<meta property=\"og:locale\" content=\"pt_BR\" \/>\n<meta property=\"og:type\" content=\"article\" \/>\n<meta property=\"og:title\" content=\"23 de setembro, S\u00e3o Pio de Pietrelcina! - O Arcanjo no ar\" \/>\n<meta property=\"og:description\" content=\"Hoje a Igreja celebra um santo dos nossos tempos S\u00e3o Pio de Pietrelcina, falecido em 23 de setembro de 1968. Frade franciscano, estigmatizado, isto \u00e9, marcado com as chagas de JESUS, por meio s\u00e9culo, homem de ora\u00e7\u00e3o e extrema caridade para com os doentes e todos que atormentados por males o procuravam em busca de [&hellip;]\" \/>\n<meta property=\"og:url\" content=\"https:\/\/www.oarcanjo.net\/site\/23-de-setembro-sao-pio-de-pietrelcina\/\" \/>\n<meta property=\"og:site_name\" content=\"O Arcanjo no ar\" \/>\n<meta property=\"article:publisher\" content=\"https:\/\/www.facebook.com\/OArcanjoNoAr\/\" \/>\n<meta property=\"article:published_time\" content=\"2009-09-23T00:47:01+00:00\" \/>\n<meta property=\"article:modified_time\" content=\"2009-09-29T05:21:28+00:00\" \/>\n<meta property=\"og:image\" content=\"https:\/\/www.oarcanjo.net\/site\/wp-content\/uploads\/logo-o-arcanjo-no-ar-facebook.png\" \/>\n\t<meta property=\"og:image:width\" content=\"300\" \/>\n\t<meta property=\"og:image:height\" content=\"300\" \/>\n\t<meta property=\"og:image:type\" content=\"image\/png\" \/>\n<meta name=\"author\" content=\"julio\" \/>\n<meta name=\"twitter:card\" content=\"summary_large_image\" \/>\n<meta name=\"twitter:label1\" content=\"Escrito por\" \/>\n\t<meta name=\"twitter:data1\" content=\"julio\" \/>\n\t<meta name=\"twitter:label2\" content=\"Est. tempo de leitura\" \/>\n\t<meta name=\"twitter:data2\" content=\"1 minuto\" \/>\n<script type=\"application\/ld+json\" class=\"yoast-schema-graph\">{\"@context\":\"https:\/\/schema.org\",\"@graph\":[{\"@type\":\"Article\",\"@id\":\"https:\/\/www.oarcanjo.net\/site\/23-de-setembro-sao-pio-de-pietrelcina\/#article\",\"isPartOf\":{\"@id\":\"https:\/\/www.oarcanjo.net\/site\/23-de-setembro-sao-pio-de-pietrelcina\/\"},\"author\":{\"name\":\"julio\",\"@id\":\"https:\/\/www.oarcanjo.net\/site\/#\/schema\/person\/d78ea01c648c91e29c364b516767079e\"},\"headline\":\"23 de setembro, S\u00e3o Pio de Pietrelcina!\",\"datePublished\":\"2009-09-23T00:47:01+00:00\",\"dateModified\":\"2009-09-29T05:21:28+00:00\",\"mainEntityOfPage\":{\"@id\":\"https:\/\/www.oarcanjo.net\/site\/23-de-setembro-sao-pio-de-pietrelcina\/\"},\"wordCount\":231,\"commentCount\":7,\"publisher\":{\"@id\":\"https:\/\/www.oarcanjo.net\/site\/#organization\"},\"keywords\":[\"franciscano\",\"Pe Pio\",\"S\u00e3o Pio de Pietrelcina\",\"solidariedade\"],\"articleSection\":[\"Blog\"],\"inLanguage\":\"pt-BR\",\"potentialAction\":[{\"@type\":\"CommentAction\",\"name\":\"Comment\",\"target\":[\"https:\/\/www.oarcanjo.net\/site\/23-de-setembro-sao-pio-de-pietrelcina\/#respond\"]}]},{\"@type\":\"WebPage\",\"@id\":\"https:\/\/www.oarcanjo.net\/site\/23-de-setembro-sao-pio-de-pietrelcina\/\",\"url\":\"https:\/\/www.oarcanjo.net\/site\/23-de-setembro-sao-pio-de-pietrelcina\/\",\"name\":\"23 de setembro, S\u00e3o Pio de Pietrelcina! - O Arcanjo no ar\",\"isPartOf\":{\"@id\":\"https:\/\/www.oarcanjo.net\/site\/#website\"},\"datePublished\":\"2009-09-23T00:47:01+00:00\",\"dateModified\":\"2009-09-29T05:21:28+00:00\",\"breadcrumb\":{\"@id\":\"https:\/\/www.oarcanjo.net\/site\/23-de-setembro-sao-pio-de-pietrelcina\/#breadcrumb\"},\"inLanguage\":\"pt-BR\",\"potentialAction\":[{\"@type\":\"ReadAction\",\"target\":[\"https:\/\/www.oarcanjo.net\/site\/23-de-setembro-sao-pio-de-pietrelcina\/\"]}]},{\"@type\":\"BreadcrumbList\",\"@id\":\"https:\/\/www.oarcanjo.net\/site\/23-de-setembro-sao-pio-de-pietrelcina\/#breadcrumb\",\"itemListElement\":[{\"@type\":\"ListItem\",\"position\":1,\"name\":\"In\u00edcio\",\"item\":\"https:\/\/www.oarcanjo.net\/site\/\"},{\"@type\":\"ListItem\",\"position\":2,\"name\":\"23 de setembro, S\u00e3o Pio de Pietrelcina!\"}]},{\"@type\":\"WebSite\",\"@id\":\"https:\/\/www.oarcanjo.net\/site\/#website\",\"url\":\"https:\/\/www.oarcanjo.net\/site\/\",\"name\":\"O Arcanjo no ar\",\"description\":\"Site da Par\u00f3quia S\u00e3o Miguel Arcanjo (Arquidiocese de SP)\",\"publisher\":{\"@id\":\"https:\/\/www.oarcanjo.net\/site\/#organization\"},\"potentialAction\":[{\"@type\":\"SearchAction\",\"target\":{\"@type\":\"EntryPoint\",\"urlTemplate\":\"https:\/\/www.oarcanjo.net\/site\/?s={search_term_string}\"},\"query-input\":{\"@type\":\"PropertyValueSpecification\",\"valueRequired\":true,\"valueName\":\"search_term_string\"}}],\"inLanguage\":\"pt-BR\"},{\"@type\":\"Organization\",\"@id\":\"https:\/\/www.oarcanjo.net\/site\/#organization\",\"name\":\"Par\u00f3quia S\u00e3o Miguel Arcanjo\",\"url\":\"https:\/\/www.oarcanjo.net\/site\/\",\"logo\":{\"@type\":\"ImageObject\",\"inLanguage\":\"pt-BR\",\"@id\":\"https:\/\/www.oarcanjo.net\/site\/#\/schema\/logo\/image\/\",\"url\":\"https:\/\/www.oarcanjo.net\/site\/wp-content\/uploads\/LogoOArcanjo.png\",\"contentUrl\":\"https:\/\/www.oarcanjo.net\/site\/wp-content\/uploads\/LogoOArcanjo.png\",\"width\":319,\"height\":99,\"caption\":\"Par\u00f3quia S\u00e3o Miguel Arcanjo\"},\"image\":{\"@id\":\"https:\/\/www.oarcanjo.net\/site\/#\/schema\/logo\/image\/\"},\"sameAs\":[\"https:\/\/www.facebook.com\/OArcanjoNoAr\/\"]},{\"@type\":\"Person\",\"@id\":\"https:\/\/www.oarcanjo.net\/site\/#\/schema\/person\/d78ea01c648c91e29c364b516767079e\",\"name\":\"julio\",\"sameAs\":[\"http:\/\/www.oarcanjo.net\"]}]}<\/script>\n<!-- \/ Yoast SEO plugin. -->","yoast_head_json":{"title":"23 de setembro, S\u00e3o Pio de Pietrelcina! - O Arcanjo no ar","robots":{"index":"index","follow":"follow","max-snippet":"max-snippet:-1","max-image-preview":"max-image-preview:large","max-video-preview":"max-video-preview:-1"},"canonical":"https:\/\/www.oarcanjo.net\/site\/23-de-setembro-sao-pio-de-pietrelcina\/","og_locale":"pt_BR","og_type":"article","og_title":"23 de setembro, S\u00e3o Pio de Pietrelcina! - O Arcanjo no ar","og_description":"Hoje a Igreja celebra um santo dos nossos tempos S\u00e3o Pio de Pietrelcina, falecido em 23 de setembro de 1968. Frade franciscano, estigmatizado, isto \u00e9, marcado com as chagas de JESUS, por meio s\u00e9culo, homem de ora\u00e7\u00e3o e extrema caridade para com os doentes e todos que atormentados por males o procuravam em busca de [&hellip;]","og_url":"https:\/\/www.oarcanjo.net\/site\/23-de-setembro-sao-pio-de-pietrelcina\/","og_site_name":"O Arcanjo no ar","article_publisher":"https:\/\/www.facebook.com\/OArcanjoNoAr\/","article_published_time":"2009-09-23T00:47:01+00:00","article_modified_time":"2009-09-29T05:21:28+00:00","og_image":[{"width":300,"height":300,"url":"https:\/\/www.oarcanjo.net\/site\/wp-content\/uploads\/logo-o-arcanjo-no-ar-facebook.png","type":"image\/png"}],"author":"julio","twitter_card":"summary_large_image","twitter_misc":{"Escrito por":"julio","Est. tempo de leitura":"1 minuto"},"schema":{"@context":"https:\/\/schema.org","@graph":[{"@type":"Article","@id":"https:\/\/www.oarcanjo.net\/site\/23-de-setembro-sao-pio-de-pietrelcina\/#article","isPartOf":{"@id":"https:\/\/www.oarcanjo.net\/site\/23-de-setembro-sao-pio-de-pietrelcina\/"},"author":{"name":"julio","@id":"https:\/\/www.oarcanjo.net\/site\/#\/schema\/person\/d78ea01c648c91e29c364b516767079e"},"headline":"23 de setembro, S\u00e3o Pio de Pietrelcina!","datePublished":"2009-09-23T00:47:01+00:00","dateModified":"2009-09-29T05:21:28+00:00","mainEntityOfPage":{"@id":"https:\/\/www.oarcanjo.net\/site\/23-de-setembro-sao-pio-de-pietrelcina\/"},"wordCount":231,"commentCount":7,"publisher":{"@id":"https:\/\/www.oarcanjo.net\/site\/#organization"},"keywords":["franciscano","Pe Pio","S\u00e3o Pio de Pietrelcina","solidariedade"],"articleSection":["Blog"],"inLanguage":"pt-BR","potentialAction":[{"@type":"CommentAction","name":"Comment","target":["https:\/\/www.oarcanjo.net\/site\/23-de-setembro-sao-pio-de-pietrelcina\/#respond"]}]},{"@type":"WebPage","@id":"https:\/\/www.oarcanjo.net\/site\/23-de-setembro-sao-pio-de-pietrelcina\/","url":"https:\/\/www.oarcanjo.net\/site\/23-de-setembro-sao-pio-de-pietrelcina\/","name":"23 de setembro, S\u00e3o Pio de Pietrelcina! - O Arcanjo no ar","isPartOf":{"@id":"https:\/\/www.oarcanjo.net\/site\/#website"},"datePublished":"2009-09-23T00:47:01+00:00","dateModified":"2009-09-29T05:21:28+00:00","breadcrumb":{"@id":"https:\/\/www.oarcanjo.net\/site\/23-de-setembro-sao-pio-de-pietrelcina\/#breadcrumb"},"inLanguage":"pt-BR","potentialAction":[{"@type":"ReadAction","target":["https:\/\/www.oarcanjo.net\/site\/23-de-setembro-sao-pio-de-pietrelcina\/"]}]},{"@type":"BreadcrumbList","@id":"https:\/\/www.oarcanjo.net\/site\/23-de-setembro-sao-pio-de-pietrelcina\/#breadcrumb","itemListElement":[{"@type":"ListItem","position":1,"name":"In\u00edcio","item":"https:\/\/www.oarcanjo.net\/site\/"},{"@type":"ListItem","position":2,"name":"23 de setembro, S\u00e3o Pio de Pietrelcina!"}]},{"@type":"WebSite","@id":"https:\/\/www.oarcanjo.net\/site\/#website","url":"https:\/\/www.oarcanjo.net\/site\/","name":"O Arcanjo no ar","description":"Site da Par\u00f3quia S\u00e3o Miguel Arcanjo (Arquidiocese de SP)","publisher":{"@id":"https:\/\/www.oarcanjo.net\/site\/#organization"},"potentialAction":[{"@type":"SearchAction","target":{"@type":"EntryPoint","urlTemplate":"https:\/\/www.oarcanjo.net\/site\/?s={search_term_string}"},"query-input":{"@type":"PropertyValueSpecification","valueRequired":true,"valueName":"search_term_string"}}],"inLanguage":"pt-BR"},{"@type":"Organization","@id":"https:\/\/www.oarcanjo.net\/site\/#organization","name":"Par\u00f3quia S\u00e3o Miguel Arcanjo","url":"https:\/\/www.oarcanjo.net\/site\/","logo":{"@type":"ImageObject","inLanguage":"pt-BR","@id":"https:\/\/www.oarcanjo.net\/site\/#\/schema\/logo\/image\/","url":"https:\/\/www.oarcanjo.net\/site\/wp-content\/uploads\/LogoOArcanjo.png","contentUrl":"https:\/\/www.oarcanjo.net\/site\/wp-content\/uploads\/LogoOArcanjo.png","width":319,"height":99,"caption":"Par\u00f3quia S\u00e3o Miguel Arcanjo"},"image":{"@id":"https:\/\/www.oarcanjo.net\/site\/#\/schema\/logo\/image\/"},"sameAs":["https:\/\/www.facebook.com\/OArcanjoNoAr\/"]},{"@type":"Person","@id":"https:\/\/www.oarcanjo.net\/site\/#\/schema\/person\/d78ea01c648c91e29c364b516767079e","name":"julio","sameAs":["http:\/\/www.oarcanjo.net"]}]}},"publishpress_future_action":{"enabled":false,"date":"2026-05-09 04:22:45","action":"category","newStatus":"draft","terms":[],"taxonomy":"category"},"publishpress_future_workflow_manual_trigger":{"enabledWorkflows":[]},"_links":{"self":[{"href":"https:\/\/www.oarcanjo.net\/site\/wp-json\/wp\/v2\/posts\/5298"}],"collection":[{"href":"https:\/\/www.oarcanjo.net\/site\/wp-json\/wp\/v2\/posts"}],"about":[{"href":"https:\/\/www.oarcanjo.net\/site\/wp-json\/wp\/v2\/types\/post"}],"author":[{"embeddable":true,"href":"https:\/\/www.oarcanjo.net\/site\/wp-json\/wp\/v2\/users\/4"}],"replies":[{"embeddable":true,"href":"https:\/\/www.oarcanjo.net\/site\/wp-json\/wp\/v2\/comments?post=5298"}],"version-history":[{"count":0,"href":"https:\/\/www.oarcanjo.net\/site\/wp-json\/wp\/v2\/posts\/5298\/revisions"}],"wp:attachment":[{"href":"https:\/\/www.oarcanjo.net\/site\/wp-json\/wp\/v2\/media?parent=5298"}],"wp:term":[{"taxonomy":"category","embeddable":true,"href":"https:\/\/www.oarcanjo.net\/site\/wp-json\/wp\/v2\/categories?post=5298"},{"taxonomy":"post_tag","embeddable":true,"href":"https:\/\/www.oarcanjo.net\/site\/wp-json\/wp\/v2\/tags?post=5298"}],"curies":[{"name":"wp","href":"https:\/\/api.w.org\/{rel}","templated":true}]}}