
{"id":5317,"date":"2009-09-23T14:36:02","date_gmt":"2009-09-23T17:36:02","guid":{"rendered":"http:\/\/www.oarcanjo.net\/site\/?p=5317"},"modified":"2009-09-23T14:36:02","modified_gmt":"2009-09-23T17:36:02","slug":"papa-condena-assassinato-de-padre-na-amazonia","status":"publish","type":"post","link":"https:\/\/www.oarcanjo.net\/site\/papa-condena-assassinato-de-padre-na-amazonia\/","title":{"rendered":"Papa condena assassinato de padre na Amaz\u00f4nia"},"content":{"rendered":"<p><em>Sacerdote italiano foi atingido a tiro dentro da sua resid\u00eancia<\/em><\/p>\n<p>Bento XVI lamentou a morte do padre Rugerro Ruvolletto, de 52 anos, um sacerdote italiano assassinado na cidade brasileira de Manaus, este S\u00e1bado. Em apenas um m\u00eas foram registados cinco assaltos a par\u00f3quias na capital desta regi\u00e3o da Amaz\u00f3nia.<\/p>\n<p>O Pe. Ruvolletto estava em Manaus h\u00e1 quase dois anos e era p\u00e1roco em v\u00e1rias igrejas. Foi encontrado morto, de joelhos, ao lado da cama, com um tiro na cabe\u00e7a.<\/p>\n<p>A Arquidiocese de Manaus publicou um comunicado no qual expressa a sua \u201cindigna\u00e7\u00e3o\u201d em rela\u00e7\u00e3o \u00e0 morte do sacerdote. O texto \u00e9 assinado pelo arcebispo de Manaus, D. Luis Soares Vieira, e pelos bispos auxiliares, D. M\u00e1rio Pasqualotto e D. Sebasti\u00e3o Bandeira.<\/p>\n<p>Os respons\u00e1veis pela arquidiocese sublinham que \u201ca viol\u00eancia tem v\u00e1rias causas\u201d e que \u201cn\u00e3o podemos ser simplistas nos nossos julgamentos\u201d.<\/p>\n<p>Tamb\u00e9m a Diocese de Pesqueira manifestou o seu rep\u00fadio perante \u201ceste triste e lament\u00e1vel facto\u201d.<\/p>\n<p>fonte: CNBB<\/p>\n<div id=\"themify_builder_content-5317\" data-postid=\"5317\" class=\"themify_builder_content themify_builder_content-5317 themify_builder themify_builder_front\">\n\t<\/div>\n<!-- \/themify_builder_content -->","protected":false},"excerpt":{"rendered":"<p>Sacerdote italiano foi atingido a tiro dentro da sua resid\u00eancia Bento XVI lamentou a morte do padre Rugerro Ruvolletto, de 52 anos, um sacerdote italiano assassinado na cidade brasileira de Manaus, este S\u00e1bado. Em apenas um m\u00eas foram registados cinco assaltos a par\u00f3quias na capital desta regi\u00e3o da Amaz\u00f3nia. O Pe. Ruvolletto estava em Manaus [&hellip;]<\/p>\n","protected":false},"author":5,"featured_media":0,"comment_status":"open","ping_status":"open","sticky":false,"template":"","format":"standard","meta":{"ngg_post_thumbnail":0,"footnotes":""},"categories":[8],"tags":[1091,1092,20],"yoast_head":"<!-- This site is optimized with the Yoast SEO plugin v23.5 - https:\/\/yoast.com\/wordpress\/plugins\/seo\/ -->\n<title>Papa condena assassinato de padre na Amaz\u00f4nia - O Arcanjo no ar<\/title>\n<meta name=\"robots\" content=\"index, follow, max-snippet:-1, max-image-preview:large, max-video-preview:-1\" \/>\n<link rel=\"canonical\" href=\"https:\/\/www.oarcanjo.net\/site\/papa-condena-assassinato-de-padre-na-amazonia\/\" \/>\n<meta property=\"og:locale\" content=\"pt_BR\" \/>\n<meta property=\"og:type\" content=\"article\" \/>\n<meta property=\"og:title\" content=\"Papa condena assassinato de padre na Amaz\u00f4nia - O Arcanjo no ar\" \/>\n<meta property=\"og:description\" content=\"Sacerdote italiano foi atingido a tiro dentro da sua resid\u00eancia Bento XVI lamentou a morte do padre Rugerro Ruvolletto, de 52 anos, um sacerdote italiano assassinado na cidade brasileira de Manaus, este S\u00e1bado. Em apenas um m\u00eas foram registados cinco assaltos a par\u00f3quias na capital desta regi\u00e3o da Amaz\u00f3nia. O Pe. Ruvolletto estava em Manaus [&hellip;]\" \/>\n<meta property=\"og:url\" content=\"https:\/\/www.oarcanjo.net\/site\/papa-condena-assassinato-de-padre-na-amazonia\/\" \/>\n<meta property=\"og:site_name\" content=\"O Arcanjo no ar\" \/>\n<meta property=\"article:publisher\" content=\"https:\/\/www.facebook.com\/OArcanjoNoAr\/\" \/>\n<meta property=\"article:published_time\" content=\"2009-09-23T17:36:02+00:00\" \/>\n<meta property=\"og:image\" content=\"https:\/\/www.oarcanjo.net\/site\/wp-content\/uploads\/logo-o-arcanjo-no-ar-facebook.png\" \/>\n\t<meta property=\"og:image:width\" content=\"300\" \/>\n\t<meta property=\"og:image:height\" content=\"300\" \/>\n\t<meta property=\"og:image:type\" content=\"image\/png\" \/>\n<meta name=\"author\" content=\"editor\" \/>\n<meta name=\"twitter:card\" content=\"summary_large_image\" \/>\n<meta name=\"twitter:label1\" content=\"Escrito por\" \/>\n\t<meta name=\"twitter:data1\" content=\"editor\" \/>\n\t<meta name=\"twitter:label2\" content=\"Est. tempo de leitura\" \/>\n\t<meta name=\"twitter:data2\" content=\"1 minuto\" \/>\n<script type=\"application\/ld+json\" class=\"yoast-schema-graph\">{\"@context\":\"https:\/\/schema.org\",\"@graph\":[{\"@type\":\"Article\",\"@id\":\"https:\/\/www.oarcanjo.net\/site\/papa-condena-assassinato-de-padre-na-amazonia\/#article\",\"isPartOf\":{\"@id\":\"https:\/\/www.oarcanjo.net\/site\/papa-condena-assassinato-de-padre-na-amazonia\/\"},\"author\":{\"name\":\"editor\",\"@id\":\"https:\/\/www.oarcanjo.net\/site\/#\/schema\/person\/f7024d007863202483a31326673a0838\"},\"headline\":\"Papa condena assassinato de padre na Amaz\u00f4nia\",\"datePublished\":\"2009-09-23T17:36:02+00:00\",\"dateModified\":\"2009-09-23T17:36:02+00:00\",\"mainEntityOfPage\":{\"@id\":\"https:\/\/www.oarcanjo.net\/site\/papa-condena-assassinato-de-padre-na-amazonia\/\"},\"wordCount\":183,\"commentCount\":0,\"publisher\":{\"@id\":\"https:\/\/www.oarcanjo.net\/site\/#organization\"},\"keywords\":[\"Padre Rugerro Ruvoletto\",\"tr\u00e1fico\",\"viol\u00eancia\"],\"articleSection\":[\"Not\u00edcias\"],\"inLanguage\":\"pt-BR\",\"potentialAction\":[{\"@type\":\"CommentAction\",\"name\":\"Comment\",\"target\":[\"https:\/\/www.oarcanjo.net\/site\/papa-condena-assassinato-de-padre-na-amazonia\/#respond\"]}]},{\"@type\":\"WebPage\",\"@id\":\"https:\/\/www.oarcanjo.net\/site\/papa-condena-assassinato-de-padre-na-amazonia\/\",\"url\":\"https:\/\/www.oarcanjo.net\/site\/papa-condena-assassinato-de-padre-na-amazonia\/\",\"name\":\"Papa condena assassinato de padre na Amaz\u00f4nia - O Arcanjo no ar\",\"isPartOf\":{\"@id\":\"https:\/\/www.oarcanjo.net\/site\/#website\"},\"datePublished\":\"2009-09-23T17:36:02+00:00\",\"dateModified\":\"2009-09-23T17:36:02+00:00\",\"breadcrumb\":{\"@id\":\"https:\/\/www.oarcanjo.net\/site\/papa-condena-assassinato-de-padre-na-amazonia\/#breadcrumb\"},\"inLanguage\":\"pt-BR\",\"potentialAction\":[{\"@type\":\"ReadAction\",\"target\":[\"https:\/\/www.oarcanjo.net\/site\/papa-condena-assassinato-de-padre-na-amazonia\/\"]}]},{\"@type\":\"BreadcrumbList\",\"@id\":\"https:\/\/www.oarcanjo.net\/site\/papa-condena-assassinato-de-padre-na-amazonia\/#breadcrumb\",\"itemListElement\":[{\"@type\":\"ListItem\",\"position\":1,\"name\":\"In\u00edcio\",\"item\":\"https:\/\/www.oarcanjo.net\/site\/\"},{\"@type\":\"ListItem\",\"position\":2,\"name\":\"Papa condena assassinato de padre na Amaz\u00f4nia\"}]},{\"@type\":\"WebSite\",\"@id\":\"https:\/\/www.oarcanjo.net\/site\/#website\",\"url\":\"https:\/\/www.oarcanjo.net\/site\/\",\"name\":\"O Arcanjo no ar\",\"description\":\"Site da Par\u00f3quia S\u00e3o Miguel Arcanjo (Arquidiocese de SP)\",\"publisher\":{\"@id\":\"https:\/\/www.oarcanjo.net\/site\/#organization\"},\"potentialAction\":[{\"@type\":\"SearchAction\",\"target\":{\"@type\":\"EntryPoint\",\"urlTemplate\":\"https:\/\/www.oarcanjo.net\/site\/?s={search_term_string}\"},\"query-input\":{\"@type\":\"PropertyValueSpecification\",\"valueRequired\":true,\"valueName\":\"search_term_string\"}}],\"inLanguage\":\"pt-BR\"},{\"@type\":\"Organization\",\"@id\":\"https:\/\/www.oarcanjo.net\/site\/#organization\",\"name\":\"Par\u00f3quia S\u00e3o Miguel Arcanjo\",\"url\":\"https:\/\/www.oarcanjo.net\/site\/\",\"logo\":{\"@type\":\"ImageObject\",\"inLanguage\":\"pt-BR\",\"@id\":\"https:\/\/www.oarcanjo.net\/site\/#\/schema\/logo\/image\/\",\"url\":\"https:\/\/www.oarcanjo.net\/site\/wp-content\/uploads\/LogoOArcanjo.png\",\"contentUrl\":\"https:\/\/www.oarcanjo.net\/site\/wp-content\/uploads\/LogoOArcanjo.png\",\"width\":319,\"height\":99,\"caption\":\"Par\u00f3quia S\u00e3o Miguel Arcanjo\"},\"image\":{\"@id\":\"https:\/\/www.oarcanjo.net\/site\/#\/schema\/logo\/image\/\"},\"sameAs\":[\"https:\/\/www.facebook.com\/OArcanjoNoAr\/\"]},{\"@type\":\"Person\",\"@id\":\"https:\/\/www.oarcanjo.net\/site\/#\/schema\/person\/f7024d007863202483a31326673a0838\",\"name\":\"editor\",\"sameAs\":[\"http:\/\/www.oarcanjo.net\"]}]}<\/script>\n<!-- \/ Yoast SEO plugin. -->","yoast_head_json":{"title":"Papa condena assassinato de padre na Amaz\u00f4nia - O Arcanjo no ar","robots":{"index":"index","follow":"follow","max-snippet":"max-snippet:-1","max-image-preview":"max-image-preview:large","max-video-preview":"max-video-preview:-1"},"canonical":"https:\/\/www.oarcanjo.net\/site\/papa-condena-assassinato-de-padre-na-amazonia\/","og_locale":"pt_BR","og_type":"article","og_title":"Papa condena assassinato de padre na Amaz\u00f4nia - O Arcanjo no ar","og_description":"Sacerdote italiano foi atingido a tiro dentro da sua resid\u00eancia Bento XVI lamentou a morte do padre Rugerro Ruvolletto, de 52 anos, um sacerdote italiano assassinado na cidade brasileira de Manaus, este S\u00e1bado. Em apenas um m\u00eas foram registados cinco assaltos a par\u00f3quias na capital desta regi\u00e3o da Amaz\u00f3nia. O Pe. Ruvolletto estava em Manaus [&hellip;]","og_url":"https:\/\/www.oarcanjo.net\/site\/papa-condena-assassinato-de-padre-na-amazonia\/","og_site_name":"O Arcanjo no ar","article_publisher":"https:\/\/www.facebook.com\/OArcanjoNoAr\/","article_published_time":"2009-09-23T17:36:02+00:00","og_image":[{"width":300,"height":300,"url":"https:\/\/www.oarcanjo.net\/site\/wp-content\/uploads\/logo-o-arcanjo-no-ar-facebook.png","type":"image\/png"}],"author":"editor","twitter_card":"summary_large_image","twitter_misc":{"Escrito por":"editor","Est. tempo de leitura":"1 minuto"},"schema":{"@context":"https:\/\/schema.org","@graph":[{"@type":"Article","@id":"https:\/\/www.oarcanjo.net\/site\/papa-condena-assassinato-de-padre-na-amazonia\/#article","isPartOf":{"@id":"https:\/\/www.oarcanjo.net\/site\/papa-condena-assassinato-de-padre-na-amazonia\/"},"author":{"name":"editor","@id":"https:\/\/www.oarcanjo.net\/site\/#\/schema\/person\/f7024d007863202483a31326673a0838"},"headline":"Papa condena assassinato de padre na Amaz\u00f4nia","datePublished":"2009-09-23T17:36:02+00:00","dateModified":"2009-09-23T17:36:02+00:00","mainEntityOfPage":{"@id":"https:\/\/www.oarcanjo.net\/site\/papa-condena-assassinato-de-padre-na-amazonia\/"},"wordCount":183,"commentCount":0,"publisher":{"@id":"https:\/\/www.oarcanjo.net\/site\/#organization"},"keywords":["Padre Rugerro Ruvoletto","tr\u00e1fico","viol\u00eancia"],"articleSection":["Not\u00edcias"],"inLanguage":"pt-BR","potentialAction":[{"@type":"CommentAction","name":"Comment","target":["https:\/\/www.oarcanjo.net\/site\/papa-condena-assassinato-de-padre-na-amazonia\/#respond"]}]},{"@type":"WebPage","@id":"https:\/\/www.oarcanjo.net\/site\/papa-condena-assassinato-de-padre-na-amazonia\/","url":"https:\/\/www.oarcanjo.net\/site\/papa-condena-assassinato-de-padre-na-amazonia\/","name":"Papa condena assassinato de padre na Amaz\u00f4nia - O Arcanjo no ar","isPartOf":{"@id":"https:\/\/www.oarcanjo.net\/site\/#website"},"datePublished":"2009-09-23T17:36:02+00:00","dateModified":"2009-09-23T17:36:02+00:00","breadcrumb":{"@id":"https:\/\/www.oarcanjo.net\/site\/papa-condena-assassinato-de-padre-na-amazonia\/#breadcrumb"},"inLanguage":"pt-BR","potentialAction":[{"@type":"ReadAction","target":["https:\/\/www.oarcanjo.net\/site\/papa-condena-assassinato-de-padre-na-amazonia\/"]}]},{"@type":"BreadcrumbList","@id":"https:\/\/www.oarcanjo.net\/site\/papa-condena-assassinato-de-padre-na-amazonia\/#breadcrumb","itemListElement":[{"@type":"ListItem","position":1,"name":"In\u00edcio","item":"https:\/\/www.oarcanjo.net\/site\/"},{"@type":"ListItem","position":2,"name":"Papa condena assassinato de padre na Amaz\u00f4nia"}]},{"@type":"WebSite","@id":"https:\/\/www.oarcanjo.net\/site\/#website","url":"https:\/\/www.oarcanjo.net\/site\/","name":"O Arcanjo no ar","description":"Site da Par\u00f3quia S\u00e3o Miguel Arcanjo (Arquidiocese de SP)","publisher":{"@id":"https:\/\/www.oarcanjo.net\/site\/#organization"},"potentialAction":[{"@type":"SearchAction","target":{"@type":"EntryPoint","urlTemplate":"https:\/\/www.oarcanjo.net\/site\/?s={search_term_string}"},"query-input":{"@type":"PropertyValueSpecification","valueRequired":true,"valueName":"search_term_string"}}],"inLanguage":"pt-BR"},{"@type":"Organization","@id":"https:\/\/www.oarcanjo.net\/site\/#organization","name":"Par\u00f3quia S\u00e3o Miguel Arcanjo","url":"https:\/\/www.oarcanjo.net\/site\/","logo":{"@type":"ImageObject","inLanguage":"pt-BR","@id":"https:\/\/www.oarcanjo.net\/site\/#\/schema\/logo\/image\/","url":"https:\/\/www.oarcanjo.net\/site\/wp-content\/uploads\/LogoOArcanjo.png","contentUrl":"https:\/\/www.oarcanjo.net\/site\/wp-content\/uploads\/LogoOArcanjo.png","width":319,"height":99,"caption":"Par\u00f3quia S\u00e3o Miguel Arcanjo"},"image":{"@id":"https:\/\/www.oarcanjo.net\/site\/#\/schema\/logo\/image\/"},"sameAs":["https:\/\/www.facebook.com\/OArcanjoNoAr\/"]},{"@type":"Person","@id":"https:\/\/www.oarcanjo.net\/site\/#\/schema\/person\/f7024d007863202483a31326673a0838","name":"editor","sameAs":["http:\/\/www.oarcanjo.net"]}]}},"publishpress_future_action":{"enabled":false,"date":"2026-05-09 06:54:42","action":"category","newStatus":"draft","terms":[],"taxonomy":"category"},"publishpress_future_workflow_manual_trigger":{"enabledWorkflows":[]},"_links":{"self":[{"href":"https:\/\/www.oarcanjo.net\/site\/wp-json\/wp\/v2\/posts\/5317"}],"collection":[{"href":"https:\/\/www.oarcanjo.net\/site\/wp-json\/wp\/v2\/posts"}],"about":[{"href":"https:\/\/www.oarcanjo.net\/site\/wp-json\/wp\/v2\/types\/post"}],"author":[{"embeddable":true,"href":"https:\/\/www.oarcanjo.net\/site\/wp-json\/wp\/v2\/users\/5"}],"replies":[{"embeddable":true,"href":"https:\/\/www.oarcanjo.net\/site\/wp-json\/wp\/v2\/comments?post=5317"}],"version-history":[{"count":0,"href":"https:\/\/www.oarcanjo.net\/site\/wp-json\/wp\/v2\/posts\/5317\/revisions"}],"wp:attachment":[{"href":"https:\/\/www.oarcanjo.net\/site\/wp-json\/wp\/v2\/media?parent=5317"}],"wp:term":[{"taxonomy":"category","embeddable":true,"href":"https:\/\/www.oarcanjo.net\/site\/wp-json\/wp\/v2\/categories?post=5317"},{"taxonomy":"post_tag","embeddable":true,"href":"https:\/\/www.oarcanjo.net\/site\/wp-json\/wp\/v2\/tags?post=5317"}],"curies":[{"name":"wp","href":"https:\/\/api.w.org\/{rel}","templated":true}]}}